{"id":36767,"date":"2015-01-27T16:07:04","date_gmt":"2015-01-27T15:07:04","guid":{"rendered":"http:\/\/semmelweis.hu\/hirek\/?p=36767"},"modified":"2019-04-08T15:40:54","modified_gmt":"2019-04-08T13:40:54","slug":"az-egyetemi-kozbeszerzeseket-egyszerusito-javaslatcsomagot-keszitett-dr-szasz-karoly-kancellar","status":"publish","type":"post","link":"https:\/\/semmelweis.hu\/hirek\/2015\/01\/27\/az-egyetemi-kozbeszerzeseket-egyszerusito-javaslatcsomagot-keszitett-dr-szasz-karoly-kancellar\/","title":{"rendered":"Az egyetemi k\u00f6zbeszerz\u00e9seket egyszer\u0171s\u00edt\u0151 javaslatcsomagot k\u00e9sz\u00edtett dr. Sz\u00e1sz K\u00e1roly kancell\u00e1r"},"content":{"rendered":"<p><a href=\"https:\/\/semmelweis.hu\/hirek\/files\/2014\/11\/RS24623_KA-20141111-IMG_5254-szasz-karoly-scr.jpg\"><img loading=\"lazy\" decoding=\"async\" class=\"alignright size-medium wp-image-34585\" src=\"https:\/\/semmelweis.hu\/hirek\/files\/2014\/11\/RS24623_KA-20141111-IMG_5254-szasz-karoly-scr-200x300.jpg\" alt=\"RS24623_KA-20141111-IMG_5254-szasz-karoly-scr\" width=\"200\" height=\"300\" srcset=\"https:\/\/semmelweis.hu\/hirek\/files\/2014\/11\/RS24623_KA-20141111-IMG_5254-szasz-karoly-scr-200x300.jpg 200w, https:\/\/semmelweis.hu\/hirek\/files\/2014\/11\/RS24623_KA-20141111-IMG_5254-szasz-karoly-scr-266x400.jpg 266w, https:\/\/semmelweis.hu\/hirek\/files\/2014\/11\/RS24623_KA-20141111-IMG_5254-szasz-karoly-scr.jpg 500w\" sizes=\"auto, (max-width: 200px) 100vw, 200px\" \/><\/a>Javaslatcsomagot terjesztett be a Minisztereln\u00f6ks\u00e9gre dr. Sz\u00e1sz K\u00e1roly az egyetemet \u00e9rint\u0151 k\u00f6zbeszerz\u00e9si szab\u00e1lyok egyszer\u0171s\u00edt\u00e9se, egyetemi saj\u00e1toss\u00e1gokhoz igaz\u00edt\u00e1sa \u00e9rdek\u00e9ben. A Semmelweis Egyetem kancell\u00e1rja elmondta: az elm\u00falt hetekben munkat\u00e1rsai seg\u00edts\u00e9g\u00e9vel \u00f6sszegy\u0171jt\u00f6tte a sok esetben az oktat\u00f3, kutat\u00f3 \u00e9s gy\u00f3gy\u00edt\u00f3 munk\u00e1t is nehez\u00edt\u0151, egyetemi k\u00f6zbeszerz\u00e9sekkel \u00f6sszef\u00fcgg\u0151 probl\u00e9m\u00e1kat, anom\u00e1li\u00e1kat, \u00e9s ez alapj\u00e1n \u00e1ll\u00edtotta \u00f6ssze a n\u00e9gy pontos javaslatcsomagot. Mint hangs\u00falyozta, kancell\u00e1rk\u00e9nt nemcsak az a feladata, hogy az \u00e1llami \u00e9rdeket k\u00e9pviselje \u00e9s \u00e9rv\u00e9nyes\u00edtse az egyetem m\u0171k\u00f6d\u00e9s\u00e9ben, hanem az is, hogy az egyetemi probl\u00e9m\u00e1kat k\u00f6zvet\u00edtse az \u00e1llam fel\u00e9, \u00e9s a sz\u00fcks\u00e9ges szab\u00e1lyoz\u00e1si k\u00f6rnyezetet \u00fagy pr\u00f3b\u00e1lja v\u00e1ltoztatni, hogy az az egyetem m\u0171k\u00f6d\u00e9se szempontj\u00e1b\u00f3l is kedvez\u0151 legyen.<\/p>\n<p>\u201eA Semmelweis Egyetemen fenn\u00e1ll\u00f3 k\u00f6zbeszerz\u00e9sekkel kapcsolatos probl\u00e9m\u00e1k\u201d c\u00edm\u0171, megold\u00e1si javaslatokat is tartalmaz\u00f3 dokumentumot ismertette a\u00a0Fels\u0151oktat\u00e1s\u00e9rt Felel\u0151s \u00c1llamtitk\u00e1rs\u00e1g \u00e1ltal szervezett m\u00falt heti kancell\u00e1ri \u00e9rtekezleten is, ahol \u2013 mint fogalmazott \u2013 t\u00e1mogatt\u00e1k a felvet\u00e9seket \u00e9s azok Minisztereln\u00f6ks\u00e9gnek val\u00f3 beterjeszt\u00e9s\u00e9t.<\/p>\n<p>Az els\u0151 pont a kutat\u00e1sokhoz kapcsol\u00f3d\u00f3 k\u00f6zbeszerz\u00e9sek neh\u00e9zs\u00e9geivel foglalkozik. A k\u00fcl\u00f6nb\u00f6z\u0151 anyagok, reagensek k\u00f6zbeszerz\u00e9si elj\u00e1r\u00e1sba \u201ek\u00e9nyszer\u00edt\u00e9se\u201d szemben \u00e1ll a kutat\u00e1shoz elengedhetetlen rugalmass\u00e1ggal, hiszen sokszor nem lehet el\u0151re tudni, milyen anyagra milyen m\u00e9rt\u00e9kben lesz sz\u00fcks\u00e9g. A kancell\u00e1ri javaslat a k\u00f6zbeszerz\u00e9sekr\u0151l sz\u00f3l\u00f3 2011. \u00e9vi CVIII. t\u00f6rv\u00e9ny m\u00f3dos\u00edt\u00e1s\u00e1val az uni\u00f3s \u00e9rt\u00e9khat\u00e1rt el nem \u00e9r\u0151 nemzeti elj\u00e1r\u00e1srendben, kiv\u00e9teli k\u00f6rbe helyezn\u00e9 a kutat\u00e1sokhoz kapcsol\u00f3d\u00f3 \u00e1rubeszerz\u00e9st.<\/p>\n<p>A m\u00e1sodik javaslat kivenn\u00e9 a k\u00f6zpontos\u00edtott k\u00f6zbeszerz\u00e9si rendszer szem\u00e9lyi hat\u00e1lya al\u00f3l a fels\u0151oktat\u00e1si int\u00e9zm\u00e9nyeket. A rendszerrel kapcsolatos eddigi egyetemi tapasztalatok negat\u00edvak, nem val\u00f3sul meg val\u00f3di, \u00e1rakat cs\u00f6kkent\u0151 verseny, az elj\u00e1r\u00e1s k\u00f6r\u00fclm\u00e9nyes, hosszadalmas. A k\u00f6zpontos\u00edtott k\u00f6zbeszerz\u00e9si rendszer els\u0151 k\u00f6r\u00e9ben neves\u00edtett besz\u00e1ll\u00edt\u00f3k k\u00f6z\u00f6tt az egyes beszerz\u00e9sek eset\u00e9n \u00fajra kell nyitni a versenyt, ennek sor\u00e1n azonban vagy kevesen tesznek aj\u00e1nlatot, vagy magas aj\u00e1nlati \u00e1rak \u00e9rkeznek. A beszerz\u00e9sek meghi\u00fasul\u00e1sa, illetve az elj\u00e1r\u00e1sok elh\u00faz\u00f3d\u00e1sa vesz\u00e9lyezteti az int\u00e9zm\u00e9ny m\u0171k\u00f6d\u00e9s\u00e9t, projektek megval\u00f3sul\u00e1s\u00e1t.<\/p>\n<p>A javaslatok k\u00f6z\u00f6tt szerepel az orvostechnikai eszk\u00f6z\u00f6k rendk\u00edv\u00fcli s\u00fcrg\u0151s beszerz\u00e9se eset\u00e9n alkalmazand\u00f3 elj\u00e1r\u00e1srend m\u00f3dos\u00edt\u00e1sa; a vonatkoz\u00f3 korm\u00e1nyrendeletben foglalt t\u00f6bbletigazol\u00e1si k\u00f6telezetts\u00e9g t\u00f6rl\u00e9se, \u00e9s egy olyan igazol\u00e1si k\u00f6r meghat\u00e1roz\u00e1sa, mely \u00e1ltal kiadott dokumentumot a K\u00f6zbeszerz\u00e9si D\u00f6nt\u0151bizotts\u00e1g k\u00f6teles elfogadni orvosszakmai indokl\u00e1sk\u00e9nt. \u00c9ppen a rendk\u00edv\u00fcli s\u00fcrg\u0151ss\u00e9g, az ell\u00e1t\u00e1s adott esetben \u00e9letment\u0151 jellege miatt sz\u00fcks\u00e9ges egy olyan igazol\u00e1si rend kialak\u00edt\u00e1sa, mely a K\u00f6zbeszerz\u00e9si D\u00f6nt\u0151bizotts\u00e1g ellen\u0151rz\u00e9si k\u00f6telezetts\u00e9g\u00e9t e szakmai k\u00e9rd\u00e9s tekintet\u00e9ben megk\u00f6nny\u00edti \u2013 \u00e9rvel az anyag.<\/p>\n<p>Emellett a javaslatcsomag annak pontos\u00edt\u00e1s\u00e1t is javasolja, hogy a fels\u0151oktat\u00e1si int\u00e9zm\u00e9nyek a korm\u00e1nyzati kommunik\u00e1ci\u00f3s beszerz\u00e9sek k\u00f6zpontos\u00edtott k\u00f6zbeszerz\u00e9si rendszer\u00e9r\u0151l sz\u00f3l\u00f3 rendelet hat\u00e1lya al\u00e1 tartoznak-e. A jogszab\u00e1ly alanyi hat\u00e1ly\u00e1nak meghat\u00e1roz\u00e1sa annyira \u00e1ltal\u00e1nos, hogy szinte minden korm\u00e1nyzati szervhez kapcsol\u00f3d\u00f3 k\u00f6lts\u00e9gvet\u00e9si int\u00e9zm\u00e9nyt mag\u00e1ban foglal, azonban felmer\u00fcl a k\u00e9rd\u00e9s, hogy a korm\u00e1nyzat jogszab\u00e1ly alkot\u00e1si sz\u00e1nd\u00e9ka val\u00f3ban ilyen t\u00e1g k\u00f6rre vonatkozott-e. \u00a0<\/p>\n<p>Dobozi P\u00e1lma<br \/>Fot\u00f3: Kov\u00e1cs Attila &#8211; Semmelweis Egyetem<\/p>\n","protected":false},"excerpt":{"rendered":"<p><a href=\"https:\/\/semmelweis.hu\/hirek\/files\/2014\/11\/RS24623_KA-20141111-IMG_5254-szasz-karoly-scr.jpg\"><\/a> Javaslatcsomagot terjesztett be a Minisztereln\u00f6ks\u00e9gre dr. Sz\u00e1sz K\u00e1roly az egyetemet \u00e9rint\u0151 k\u00f6zbeszerz\u00e9si szab\u00e1lyok egyszer\u0171s\u00edt\u00e9se, egyetemi saj\u00e1toss\u00e1gokhoz igaz\u00edt\u00e1sa \u00e9rdek\u00e9ben. A Semmelweis Egyetem kancell\u00e1rja elmondta: az elm\u00falt hetekben munkat\u00e1rsai seg\u00edts\u00e9g\u00e9vel \u00f6sszegy\u0171jt\u00f6tte a sok esetben az oktat\u00f3, kutat\u00f3 \u00e9s gy\u00f3gy\u00edt\u00f3 munk\u00e1t is nehez\u00edt\u0151, egyetemi k\u00f6zbeszerz\u00e9sekkel \u00f6sszef\u00fcgg\u0151 probl\u00e9m\u00e1kat, anom\u00e1li\u00e1kat, \u00e9s ez alapj\u00e1n \u00e1ll\u00edtotta \u00f6ssze a n\u00e9gy pontos javaslatcsomagot. Mint &hellip;<\/p>\n","protected":false},"author":13,"featured_media":34584,"comment_status":"closed","ping_status":"closed","sticky":false,"template":"","format":"standard","meta":{"_acf_changed":false,"footnotes":""},"categories":[157,168],"tags":[4234,345,3365],"class_list":["post-36767","post","type-post","status-publish","format-standard","has-post-thumbnail","hentry","category-semmelweis-vilag","category-kiemelt","tag-aktualitasok","tag-esemenyek-es-beszamolok","tag-kancellar-hirei"],"acf":[],"_links":{"self":[{"href":"https:\/\/semmelweis.hu\/hirek\/wp-json\/wp\/v2\/posts\/36767","targetHints":{"allow":["GET"]}}],"collection":[{"href":"https:\/\/semmelweis.hu\/hirek\/wp-json\/wp\/v2\/posts"}],"about":[{"href":"https:\/\/semmelweis.hu\/hirek\/wp-json\/wp\/v2\/types\/post"}],"author":[{"embeddable":true,"href":"https:\/\/semmelweis.hu\/hirek\/wp-json\/wp\/v2\/users\/13"}],"replies":[{"embeddable":true,"href":"https:\/\/semmelweis.hu\/hirek\/wp-json\/wp\/v2\/comments?post=36767"}],"version-history":[{"count":4,"href":"https:\/\/semmelweis.hu\/hirek\/wp-json\/wp\/v2\/posts\/36767\/revisions"}],"predecessor-version":[{"id":36789,"href":"https:\/\/semmelweis.hu\/hirek\/wp-json\/wp\/v2\/posts\/36767\/revisions\/36789"}],"wp:featuredmedia":[{"embeddable":true,"href":"https:\/\/semmelweis.hu\/hirek\/wp-json\/wp\/v2\/media\/34584"}],"wp:attachment":[{"href":"https:\/\/semmelweis.hu\/hirek\/wp-json\/wp\/v2\/media?parent=36767"}],"wp:term":[{"taxonomy":"category","embeddable":true,"href":"https:\/\/semmelweis.hu\/hirek\/wp-json\/wp\/v2\/categories?post=36767"},{"taxonomy":"post_tag","embeddable":true,"href":"https:\/\/semmelweis.hu\/hirek\/wp-json\/wp\/v2\/tags?post=36767"}],"curies":[{"name":"wp","href":"https:\/\/api.w.org\/{rel}","templated":true}]}}