{"id":35798,"date":"2014-12-11T12:06:51","date_gmt":"2014-12-11T11:06:51","guid":{"rendered":"http:\/\/semmelweis.hu\/hirek\/?p=35798"},"modified":"2014-12-11T12:06:51","modified_gmt":"2014-12-11T11:06:51","slug":"otven-eves-a-magyar-gyogyszerkutatas-egyik-sikertortenetenek-szamito-deprenyl","status":"publish","type":"post","link":"https:\/\/semmelweis.hu\/hirek\/2014\/12\/11\/otven-eves-a-magyar-gyogyszerkutatas-egyik-sikertortenetenek-szamito-deprenyl\/","title":{"rendered":"\u00d6tven \u00e9ves a magyar gy\u00f3gyszerkutat\u00e1s egyik sikert\u00f6rt\u00e9net\u00e9nek sz\u00e1m\u00edt\u00f3 deprenyl"},"content":{"rendered":"<p><a href=\"https:\/\/semmelweis.hu\/hirek\/files\/2014\/12\/pic1375.jpg\"><img loading=\"lazy\" decoding=\"async\" class=\"alignleft size-medium wp-image-35799\" src=\"https:\/\/semmelweis.hu\/hirek\/files\/2014\/12\/pic1375-212x300.jpg\" alt=\"pic1375\" width=\"212\" height=\"300\" srcset=\"https:\/\/semmelweis.hu\/hirek\/files\/2014\/12\/pic1375-212x300.jpg 212w, https:\/\/semmelweis.hu\/hirek\/files\/2014\/12\/pic1375-282x400.jpg 282w, https:\/\/semmelweis.hu\/hirek\/files\/2014\/12\/pic1375-600x849.jpg 600w, https:\/\/semmelweis.hu\/hirek\/files\/2014\/12\/pic1375.jpg 1224w\" sizes=\"auto, (max-width: 212px) 100vw, 212px\" \/><\/a>Id\u00e9n \u00f6tven \u00e9ves a Farmakol\u00f3giai \u00e9s Farmakoter\u00e1pi\u00e1s Int\u00e9zet emeritus professzora, dr. Knoll J\u00f3zsef vezet\u00e9s\u00e9vel kifejlesztett deprenyl nev\u0171 gy\u00f3gyszerhat\u00f3anyag, mely m\u00e1ra a vil\u00e1g t\u00f6bb mint 60 orsz\u00e1g\u00e1ban forgalomban van. A deprenyl a Parkinson-k\u00f3rban \u00e9s depresszi\u00f3ban szenved\u0151 betegek milli\u00f3inak tette \u00e9s teszi k\u00f6nnyebb\u00e9 \u00e9let\u00e9t. Az elm\u00falt f\u00e9l \u00e9vsz\u00e1zadban emellett bizony\u00edtott\u00e1k azt is, hogy egyebek mellett energetiz\u00e1l\u00f3 hat\u00e1sa van az agyra, jav\u00edtja a fizikai \u00e9s a kognit\u00edv k\u00e9pess\u00e9geket.<\/p>\n<p>Dr. Knoll J\u00f3zsef 1949 \u00f3ta dolgozik a Semmelweis Egyetem Gy\u00f3gyszertani (ma Farma\u00adkol\u00f3giai \u00e9s Farmakoter\u00e1pi\u00e1s) Int\u00e9zet\u00e9ben, melynek 1962-t\u0151l 1992-ig tansz\u00e9kvezet\u0151je volt, jelenleg profes\u00adsor eme\u00adritusa.\u00a0<\/p>\n<p>A deprenyl sz\u00fclet\u00e9snapj\u00e1t vil\u00e1gszerte \u00fcnnepli a tudom\u00e1nyos \u00e9let \u00e9s a gy\u00f3gyszeripar.<\/p>\n<p>Farmakol\u00f3giai \u00e9s Farmakoter\u00e1pi\u00e1s Int\u00e9zet\u00a0<\/p>\n","protected":false},"excerpt":{"rendered":"<p><a href=\"https:\/\/semmelweis.hu\/hirek\/files\/2014\/12\/pic1375.jpg\"><\/a> Id\u00e9n \u00f6tven \u00e9ves a Farmakol\u00f3giai \u00e9s Farmakoter\u00e1pi\u00e1s Int\u00e9zet emeritus professzora, dr. Knoll J\u00f3zsef vezet\u00e9s\u00e9vel kifejlesztett deprenyl nev\u0171 gy\u00f3gyszerhat\u00f3anyag, mely m\u00e1ra a vil\u00e1g t\u00f6bb mint 60 orsz\u00e1g\u00e1ban forgalomban van. A deprenyl a Parkinson-k\u00f3rban \u00e9s depresszi\u00f3ban szenved\u0151 betegek milli\u00f3inak tette \u00e9s teszi k\u00f6nnyebb\u00e9 \u00e9let\u00e9t. Az elm\u00falt f\u00e9l \u00e9vsz\u00e1zadban emellett bizony\u00edtott\u00e1k azt is, hogy egyebek mellett energetiz\u00e1l\u00f3 hat\u00e1sa &hellip;<\/p>\n","protected":false},"author":13,"featured_media":35799,"comment_status":"closed","ping_status":"closed","sticky":false,"template":"","format":"standard","meta":{"_acf_changed":false,"footnotes":""},"categories":[154],"tags":[156],"class_list":["post-35798","post","type-post","status-publish","format-standard","has-post-thumbnail","hentry","category-egeszseg","tag-gyogyitas"],"acf":[],"_links":{"self":[{"href":"https:\/\/semmelweis.hu\/hirek\/wp-json\/wp\/v2\/posts\/35798","targetHints":{"allow":["GET"]}}],"collection":[{"href":"https:\/\/semmelweis.hu\/hirek\/wp-json\/wp\/v2\/posts"}],"about":[{"href":"https:\/\/semmelweis.hu\/hirek\/wp-json\/wp\/v2\/types\/post"}],"author":[{"embeddable":true,"href":"https:\/\/semmelweis.hu\/hirek\/wp-json\/wp\/v2\/users\/13"}],"replies":[{"embeddable":true,"href":"https:\/\/semmelweis.hu\/hirek\/wp-json\/wp\/v2\/comments?post=35798"}],"version-history":[{"count":2,"href":"https:\/\/semmelweis.hu\/hirek\/wp-json\/wp\/v2\/posts\/35798\/revisions"}],"predecessor-version":[{"id":35801,"href":"https:\/\/semmelweis.hu\/hirek\/wp-json\/wp\/v2\/posts\/35798\/revisions\/35801"}],"wp:featuredmedia":[{"embeddable":true,"href":"https:\/\/semmelweis.hu\/hirek\/wp-json\/wp\/v2\/media\/35799"}],"wp:attachment":[{"href":"https:\/\/semmelweis.hu\/hirek\/wp-json\/wp\/v2\/media?parent=35798"}],"wp:term":[{"taxonomy":"category","embeddable":true,"href":"https:\/\/semmelweis.hu\/hirek\/wp-json\/wp\/v2\/categories?post=35798"},{"taxonomy":"post_tag","embeddable":true,"href":"https:\/\/semmelweis.hu\/hirek\/wp-json\/wp\/v2\/tags?post=35798"}],"curies":[{"name":"wp","href":"https:\/\/api.w.org\/{rel}","templated":true}]}}