{"id":35282,"date":"2014-11-26T16:32:45","date_gmt":"2014-11-26T15:32:45","guid":{"rendered":"http:\/\/semmelweis.hu\/hirek\/?p=35282"},"modified":"2018-02-06T13:29:03","modified_gmt":"2018-02-06T12:29:03","slug":"karacsony-hose-mikulas-csomag-gyujtes-a-raszorulo-gyerekeknek","status":"publish","type":"post","link":"https:\/\/semmelweis.hu\/hirek\/2014\/11\/26\/karacsony-hose-mikulas-csomag-gyujtes-a-raszorulo-gyerekeknek\/","title":{"rendered":"Kar\u00e1csony H\u0151se &#8211; Mikul\u00e1s csomag-gy\u0171jt\u00e9s a r\u00e1szorul\u00f3 gyerekeknek"},"content":{"rendered":"<p>R\u00e1szorul\u00f3 gyermekeken seg\u00edt az ELTE Hallgat\u00f3i \u00d6nkorm\u00e1nyzat\u00e1nak az a kezdem\u00e9nyez\u00e9se, melyhez id\u00e9n a Semmelweis Egyetem is csatlakozott. Az akci\u00f3 keret\u00e9ben december elsej\u00e9ig \u00f6sszegy\u0171jt\u00f6tt Mikul\u00e1s csomagok a Cseppk\u0151 Gyermekotthon k\u00e9tsz\u00e1z lak\u00f3ja sz\u00e1m\u00e1ra teszik boldogabb\u00e1 a kar\u00e1csonyt.<\/p>\n<p>Aki szeretne seg\u00edteni, kis m\u00e9ret\u0171 csomagot \u00e1ll\u00edtson \u00f6ssze j\u00e1t\u00e9kkal, \u00edr\u00f3szerrel vagy \u00e9dess\u00e9ggel, \u00e1m fontos, hogy romland\u00f3 ne ker\u00fclj\u00f6n bele. A sz\u00e1ll\u00edt\u00e1s megk\u00f6nny\u00edt\u00e9s\u00e9re nem dobozokban, hanem zacsk\u00f3kban v\u00e1rj\u00e1k az aj\u00e1nd\u00e9kokat a szervez\u0151k, akik tavaly 700 csomagot gy\u0171jt\u00f6ttek \u00f6ssze, \u00e1m rem\u00e9lik, hogy az \u00f6sszefog\u00e1snak k\u00f6sz\u00f6nhet\u0151en id\u00e9n m\u00e9g t\u00f6bbel seg\u00edthetnek.<\/p>\n<p><strong>A csomagokat ide v\u00e1rj\u00e1k:<\/strong><\/p>\n<p>Semmelweis Egyetem Hallgat\u00f3i Centrum \u2013 Nagyv\u00e1rad T\u00e9ri Elm\u00e9leti T\u00f6mb (Nagyv\u00e1rad t\u00e9r 4.)<\/p>\n<p>Eg\u00e9szs\u00e9gtudom\u00e1nyi Kar H\u00d6K iroda (Vas utca 17. Alagsor, 005.)<\/p>\n<p><strong>Lead\u00e1si hat\u00e1rid\u0151:<\/strong><\/p>\n<p>december 1. 20.00 \u2013 NET<\/p>\n<p>december 1. 16.00 \u2013 ETK<\/p>\n<p>Tov\u00e1bbi inform\u00e1ci\u00f3k <a href=\"https:\/\/semmelweis.hu\/hirek\/2014\/11\/26\/a-karacsony-hosei-lehetnek-a-semmelweis-egyetem-hallgatoi\/\" target=\"_blank\">erre a linkre<\/a> kattintva \u00e9rhet\u0151k el.<\/p>\n","protected":false},"excerpt":{"rendered":"<p>R\u00e1szorul\u00f3 gyermekeken seg\u00edt az ELTE Hallgat\u00f3i \u00d6nkorm\u00e1nyzat\u00e1nak az a kezdem\u00e9nyez\u00e9se, melyhez id\u00e9n a Semmelweis Egyetem is csatlakozott. Az akci\u00f3 keret\u00e9ben december elsej\u00e9ig \u00f6sszegy\u0171jt\u00f6tt Mikul\u00e1s csomagok a Cseppk\u0151 Gyermekotthon k\u00e9tsz\u00e1z lak\u00f3ja sz\u00e1m\u00e1ra teszik boldogabb\u00e1 a kar\u00e1csonyt. Aki szeretne seg\u00edteni, kis m\u00e9ret\u0171 csomagot \u00e1ll\u00edtson \u00f6ssze j\u00e1t\u00e9kkal, \u00edr\u00f3szerrel vagy \u00e9dess\u00e9ggel, \u00e1m fontos, hogy romland\u00f3 ne ker\u00fclj\u00f6n bele. A &hellip;<\/p>\n","protected":false},"author":280,"featured_media":35283,"comment_status":"closed","ping_status":"closed","sticky":false,"template":"","format":"standard","meta":{"_acf_changed":false,"footnotes":""},"categories":[157],"tags":[1971,345,3895],"class_list":["post-35282","post","type-post","status-publish","format-standard","has-post-thumbnail","hentry","category-semmelweis-vilag","tag-adomany","tag-esemenyek-es-beszamolok","tag-jotekonysag"],"acf":[],"_links":{"self":[{"href":"https:\/\/semmelweis.hu\/hirek\/wp-json\/wp\/v2\/posts\/35282","targetHints":{"allow":["GET"]}}],"collection":[{"href":"https:\/\/semmelweis.hu\/hirek\/wp-json\/wp\/v2\/posts"}],"about":[{"href":"https:\/\/semmelweis.hu\/hirek\/wp-json\/wp\/v2\/types\/post"}],"author":[{"embeddable":true,"href":"https:\/\/semmelweis.hu\/hirek\/wp-json\/wp\/v2\/users\/280"}],"replies":[{"embeddable":true,"href":"https:\/\/semmelweis.hu\/hirek\/wp-json\/wp\/v2\/comments?post=35282"}],"version-history":[{"count":6,"href":"https:\/\/semmelweis.hu\/hirek\/wp-json\/wp\/v2\/posts\/35282\/revisions"}],"predecessor-version":[{"id":35482,"href":"https:\/\/semmelweis.hu\/hirek\/wp-json\/wp\/v2\/posts\/35282\/revisions\/35482"}],"wp:featuredmedia":[{"embeddable":true,"href":"https:\/\/semmelweis.hu\/hirek\/wp-json\/wp\/v2\/media\/35283"}],"wp:attachment":[{"href":"https:\/\/semmelweis.hu\/hirek\/wp-json\/wp\/v2\/media?parent=35282"}],"wp:term":[{"taxonomy":"category","embeddable":true,"href":"https:\/\/semmelweis.hu\/hirek\/wp-json\/wp\/v2\/categories?post=35282"},{"taxonomy":"post_tag","embeddable":true,"href":"https:\/\/semmelweis.hu\/hirek\/wp-json\/wp\/v2\/tags?post=35282"}],"curies":[{"name":"wp","href":"https:\/\/api.w.org\/{rel}","templated":true}]}}