{"id":34298,"date":"2014-11-04T11:01:15","date_gmt":"2014-11-04T10:01:15","guid":{"rendered":"http:\/\/semmelweis.hu\/hirek\/?p=34298"},"modified":"2018-05-07T14:25:18","modified_gmt":"2018-05-07T12:25:18","slug":"november-5-a-patologia-napja-vilagszerte","status":"publish","type":"post","link":"https:\/\/semmelweis.hu\/hirek\/2014\/11\/04\/november-5-a-patologia-napja-vilagszerte\/","title":{"rendered":"November 5. a patol\u00f3gia napja vil\u00e1gszerte"},"content":{"rendered":"<p>A patol\u00f3gus szerepe egyre meghat\u00e1roz\u00f3bb a gy\u00f3gy\u00edt\u00f3 ter\u00e1pia kiv\u00e1laszt\u00e1s\u00e1ban is, f\u0151leg a daganatos megbeteged\u00e9sek eset\u00e9n. A sz\u00f6vettani\/citol\u00f3giai diagn\u00f3zis nemcsak alapvet\u0151en meghat\u00e1rozza a betegs\u00e9g gy\u00f3gy\u00edt\u00e1s\u00e1nak mik\u00e9ntj\u00e9t, hanem a patol\u00f3gus a betegs\u00e9g kimenetel\u00e9t is megbecs\u00fcli, ma m\u00e1r a ter\u00e1pi\u00e1t tervez\u0151 orvoscsoport meghat\u00e1roz\u00f3 tagja. Sajnos azonban minden harmadik k\u00f3rh\u00e1zban mind\u00f6ssze egy patol\u00f3gus dolgozik &#8211; erre h\u00edvja fel a figyelmet a Semmelweis Egyetem k\u00f6z\u00f6sen\u00a0a Szegedi Tudom\u00e1nyegyetemmel, a Debreceni Egyetemmel \u00e9s a P\u00e9csi Tudom\u00e1nyegyetemmel\u00a0a patol\u00f3gia nemzetk\u00f6zi napja alkalm\u00e1b\u00f3l, melyet el\u0151sz\u00f6r tartanak meg vil\u00e1gszerte.\u00a0<\/p>\n<p><img loading=\"lazy\" decoding=\"async\" class=\"alignleft size-medium wp-image-48945\" src=\"https:\/\/semmelweis.hu\/mediasarok\/files\/2014\/11\/RS24255_KA-20120110-IMG_5827-scr1-300x199.jpg\" alt=\"II.sz\u00e1m\u00fa Pathol\u00f3giai int\u00e9zet\" width=\"300\" height=\"199\" \/>Haz\u00e1nkban ezt a szakm\u00e1t mintegy 250 szakorvos m\u0171veli, pedig a betegell\u00e1t\u00e1s ennek k\u00e9tszeres\u00e9t ig\u00e9nyeln\u00e9. Ezen a helyzeten csak \u00fagy lehet v\u00e1ltoztatni, ha a megl\u00e9v\u0151 emberi er\u0151forr\u00e1sokat a legkorszer\u0171bb informatikai fejleszt\u00e9sekkel seg\u00edtj\u00fck \u00e9s egy\u00fattal jelent\u0151s er\u0151fesz\u00edt\u00e9seket tesz\u00fcnk a szakemberk\u00e9pz\u00e9sben. Mindez jelent\u0151s pozit\u00edv hat\u00e1ssal lehet a betegell\u00e1t\u00f3 tev\u00e9kenys\u00e9g eg\u00e9sz folyamat\u00e1ra.<\/p>\n<p>Az elm\u00falt 20 \u00e9vben hatalmas v\u00e1ltoz\u00e1sokon ment kereszt\u00fcl a k\u00f3rsz\u00f6vettani vagy patol\u00f3giai diagnosztika, aminek alapja r\u00e9szben a technol\u00f3gia korszer\u0171s\u00f6d\u00e9se, az informatika eredm\u00e9nyeinek be\u00e9p\u00fcl\u00e9se, m\u00e1sr\u00e9szt \u00e9s d\u00f6nt\u0151en a molekul\u00e1ris medicina kifejl\u0151d\u00e9se. A patol\u00f3gia a diagnosztikus k\u00f3rsz\u00f6vettanon t\u00fal m\u00e1ra tov\u00e1bbi \u00e1gakkal gyarapodott, mint a betegs\u00e9gek kimenetel\u00e9t megbecsl\u0151 \u00e9s a ter\u00e1pi\u00e1s c\u00e9lpontokat azonos\u00edt\u00f3 patol\u00f3gia. \u00cdgy a patol\u00f3gus m\u00e1r egy\u00e1ltal\u00e1n nem csak a halottak k\u00f3rboncol\u00e1s\u00e1ban \u00e9rintett, egyre ink\u00e1bb a korszer\u0171 betegell\u00e1t\u00f3 tev\u00e9kenys\u00e9g meghat\u00e1roz\u00f3 szerepl\u0151je a betegs\u00e9g diagn\u00f3zis\u00e1nak fel\u00e1ll\u00edt\u00e1s\u00e1t\u00f3l annak kezel\u00e9s\u00e9n \u00e1t.<\/p>\n<p>Fot\u00f3: Kov\u00e1cs Attila, Semmelweis Egyetem<\/p>\n","protected":false},"excerpt":{"rendered":"<p>A patol\u00f3gus szerepe egyre meghat\u00e1roz\u00f3bb a gy\u00f3gy\u00edt\u00f3 ter\u00e1pia kiv\u00e1laszt\u00e1s\u00e1ban is, f\u0151leg a daganatos megbeteged\u00e9sek eset\u00e9n. A sz\u00f6vettani\/citol\u00f3giai diagn\u00f3zis nemcsak alapvet\u0151en meghat\u00e1rozza a betegs\u00e9g gy\u00f3gy\u00edt\u00e1s\u00e1nak mik\u00e9ntj\u00e9t, hanem a patol\u00f3gus a betegs\u00e9g kimenetel\u00e9t is megbecs\u00fcli, ma m\u00e1r a ter\u00e1pi\u00e1t tervez\u0151 orvoscsoport meghat\u00e1roz\u00f3 tagja. Sajnos azonban minden harmadik k\u00f3rh\u00e1zban mind\u00f6ssze egy patol\u00f3gus dolgozik &#8211; erre h\u00edvja fel a &hellip;<\/p>\n","protected":false},"author":132,"featured_media":34299,"comment_status":"closed","ping_status":"closed","sticky":false,"template":"","format":"standard","meta":{"_acf_changed":false,"footnotes":""},"categories":[154,168],"tags":[156,4121],"class_list":["post-34298","post","type-post","status-publish","format-standard","has-post-thumbnail","hentry","category-egeszseg","category-kiemelt","tag-gyogyitas","tag-temaajanlo"],"acf":[],"_links":{"self":[{"href":"https:\/\/semmelweis.hu\/hirek\/wp-json\/wp\/v2\/posts\/34298","targetHints":{"allow":["GET"]}}],"collection":[{"href":"https:\/\/semmelweis.hu\/hirek\/wp-json\/wp\/v2\/posts"}],"about":[{"href":"https:\/\/semmelweis.hu\/hirek\/wp-json\/wp\/v2\/types\/post"}],"author":[{"embeddable":true,"href":"https:\/\/semmelweis.hu\/hirek\/wp-json\/wp\/v2\/users\/132"}],"replies":[{"embeddable":true,"href":"https:\/\/semmelweis.hu\/hirek\/wp-json\/wp\/v2\/comments?post=34298"}],"version-history":[{"count":6,"href":"https:\/\/semmelweis.hu\/hirek\/wp-json\/wp\/v2\/posts\/34298\/revisions"}],"predecessor-version":[{"id":34307,"href":"https:\/\/semmelweis.hu\/hirek\/wp-json\/wp\/v2\/posts\/34298\/revisions\/34307"}],"wp:featuredmedia":[{"embeddable":true,"href":"https:\/\/semmelweis.hu\/hirek\/wp-json\/wp\/v2\/media\/34299"}],"wp:attachment":[{"href":"https:\/\/semmelweis.hu\/hirek\/wp-json\/wp\/v2\/media?parent=34298"}],"wp:term":[{"taxonomy":"category","embeddable":true,"href":"https:\/\/semmelweis.hu\/hirek\/wp-json\/wp\/v2\/categories?post=34298"},{"taxonomy":"post_tag","embeddable":true,"href":"https:\/\/semmelweis.hu\/hirek\/wp-json\/wp\/v2\/tags?post=34298"}],"curies":[{"name":"wp","href":"https:\/\/api.w.org\/{rel}","templated":true}]}}