{"id":33940,"date":"2014-10-21T16:34:35","date_gmt":"2014-10-21T14:34:35","guid":{"rendered":"http:\/\/semmelweis.hu\/hirek\/?p=33940"},"modified":"2017-08-29T11:07:04","modified_gmt":"2017-08-29T09:07:04","slug":"1956-a-nevtelen-orvoshosokre-is-emlekezunk","status":"publish","type":"post","link":"https:\/\/semmelweis.hu\/hirek\/2014\/10\/21\/1956-a-nevtelen-orvoshosokre-is-emlekezunk\/","title":{"rendered":"1956: a n\u00e9vtelen orvosh\u0151s\u00f6kre is eml\u00e9kez\u00fcnk"},"content":{"rendered":"<p><a href=\"https:\/\/semmelweis.hu\/hirek\/files\/2014\/10\/RS23933_KA-20141021-IMG_9640-56os-rendezveny-scr.jpg\"><img loading=\"lazy\" decoding=\"async\" class=\"alignright size-medium wp-image-33945\" src=\"https:\/\/semmelweis.hu\/hirek\/files\/2014\/10\/RS23933_KA-20141021-IMG_9640-56os-rendezveny-scr-300x199.jpg\" alt=\"RS23933_KA-20141021-IMG_9640-56os-rendezveny-scr\" width=\"300\" height=\"199\" srcset=\"https:\/\/semmelweis.hu\/hirek\/files\/2014\/10\/RS23933_KA-20141021-IMG_9640-56os-rendezveny-scr-300x199.jpg 300w, https:\/\/semmelweis.hu\/hirek\/files\/2014\/10\/RS23933_KA-20141021-IMG_9640-56os-rendezveny-scr-600x400.jpg 600w, https:\/\/semmelweis.hu\/hirek\/files\/2014\/10\/RS23933_KA-20141021-IMG_9640-56os-rendezveny-scr-450x300.jpg 450w, https:\/\/semmelweis.hu\/hirek\/files\/2014\/10\/RS23933_KA-20141021-IMG_9640-56os-rendezveny-scr.jpg 950w\" sizes=\"auto, (max-width: 300px) 100vw, 300px\" \/><\/a>Az 1956-os forradalom \u00e9s szabads\u00e1gharc \u00e9vfordul\u00f3j\u00e1n az orsz\u00e1g k\u00f6zv\u00e9lem\u00e9nye \u00e1ltal kev\u00e9ss\u00e9 ismert, n\u00e9vtelen orvosh\u0151s\u00f6kre is eml\u00e9kez\u00fcnk &#8211; mondta \u00fcnnepi besz\u00e9d\u00e9ben dr. Ga\u00e1l P\u00e9ter. Az Eg\u00e9szs\u00e9g\u00fcgyi K\u00f6zszolg\u00e1lati Kar d\u00e9k\u00e1nja hangs\u00falyozta: fontosnak tartj\u00e1k az ilyen t\u00f6rt\u00e9netek dokument\u00e1l\u00e1s\u00e1t, ez\u00e9rt Orvossorsok c\u00edmmel, \u00f6n\u00e1ll\u00f3 kiadv\u00e1ny megjelentet\u00e9s\u00e9t tervezik.<\/p>\n<p>A d\u00e9k\u00e1n p\u00e9ldak\u00e9nt a dr. Kov\u00e1cs Andr\u00e1s egri k\u00f6rzeti orvos sors\u00e1t eleven\u00edtette fel. &#8222;Kov\u00e1cs doktor esete egy h\u00e9tk\u00f6znapi h\u0151s\u00e9, aki tette a dolg\u00e1t, nem adta fel elveit, \u00e9s t\u00fal\u00e9lte az \u0151t megt\u00f6rni akar\u00f3 diktat\u00far\u00e1t&#8221; &#8211; fogalmazott. V\u00e9lem\u00e9nye szerint ezek a sorsok megr\u00e1z\u00f3an mutatj\u00e1k be a hatalom perverzi\u00f3j\u00e1t, a csal\u00e1di, szerelmi kapcsolatok beh\u00e1l\u00f3z\u00e1s\u00e1t, a t\u00e1rsadalmi ellent\u00e9tek kihaszn\u00e1l\u00e1s\u00e1t, az emberi sorsok sz\u00e9tt\u00f6r\u00e9s\u00e9t, de a politikai karrierist\u00e1k magasba \u00edvel\u00e9s\u00e9t is. Seg\u00edtenek meg\u00e9rteni, mi t\u00f6rt\u00e9nt vel\u00fcnk a 40 \u00e9v alatt \u00e9s betekint\u00e9st engednek abba is, hogy mi mi\u00e9rt t\u00f6rt\u00e9nt azut\u00e1n &#8211; f\u0171zte hozz\u00e1. Mint mondta, a kutat\u00f3munk\u00e1t dr. Sz\u00f3cska Mikl\u00f3s, az Eg\u00e9szs\u00e9g\u00fcgyi Menedzserk\u00e9pz\u0151 K\u00f6zpont igazgat\u00f3ja m\u00e9g \u00e1llamtitk\u00e1rk\u00e9nt ind\u00edtotta el, amelynek eredm\u00e9nyek\u00e9nt tucatnyi orvoskoll\u00e9ga t\u00f6rt\u00e9nete k\u00e9sz\u00fclt el.<\/p>\n<p><a href=\"https:\/\/semmelweis.hu\/hirek\/files\/2014\/10\/RS23934_KA-20141021-IMG_9637-56os-rendezveny-scr.jpg\"><img loading=\"lazy\" decoding=\"async\" class=\"alignleft size-medium wp-image-33946\" src=\"https:\/\/semmelweis.hu\/hirek\/files\/2014\/10\/RS23934_KA-20141021-IMG_9637-56os-rendezveny-scr-300x199.jpg\" alt=\"RS23934_KA-20141021-IMG_9637-56os-rendezveny-scr\" width=\"300\" height=\"199\" srcset=\"https:\/\/semmelweis.hu\/hirek\/files\/2014\/10\/RS23934_KA-20141021-IMG_9637-56os-rendezveny-scr-300x199.jpg 300w, https:\/\/semmelweis.hu\/hirek\/files\/2014\/10\/RS23934_KA-20141021-IMG_9637-56os-rendezveny-scr-600x400.jpg 600w, https:\/\/semmelweis.hu\/hirek\/files\/2014\/10\/RS23934_KA-20141021-IMG_9637-56os-rendezveny-scr-450x300.jpg 450w, https:\/\/semmelweis.hu\/hirek\/files\/2014\/10\/RS23934_KA-20141021-IMG_9637-56os-rendezveny-scr.jpg 950w\" sizes=\"auto, (max-width: 300px) 100vw, 300px\" \/><\/a>Dr. Ga\u00e1l P\u00e9ter arr\u00f3l is besz\u00e9lt, hogy saj\u00e1t \u00e9let\u00e9t is ezer sz\u00e1llal hat\u00e1rozta meg 1956, annak ellen\u00e9re, hogy 13 \u00e9vvel k\u00e9s\u0151bb sz\u00fcletett. T\u00f6bb csal\u00e1dtagja sors\u00e1t is befoly\u00e1solta, hogy a r\u00e9szt vettek a forradalmi esem\u00e9nyekben, volt aki emiatt b\u00f6rt\u00f6nbe ker\u00fclt, m\u00e1sok pedig emigr\u00e1ltak. \u00dagy fogalmazott: az els\u0151 \u00e9lm\u00e9nye a hallgat\u00e1s volt, sok\u00e1ig nem tudhatta meg mi t\u00f6rt\u00e9nt, mert mindez b\u0171nnek sz\u00e1m\u00edtott a kommunista rezsim szem\u00e9ben. A titkos kiadv\u00e1nyokkal a gimn\u00e1ziumban tal\u00e1lkozott, k\u00e9s\u0151bb pedig egy londoni utaz\u00e1sr\u00f3l m\u00e1r \u0151 is hozott Magyarorsz\u00e1gra szamizdatot. Felid\u00e9zte: a rendszerv\u00e1lt\u00e1s m\u00e1r a Semmelweis Egyetemen \u00e9rte, ahol fiatal orvostanhallgat\u00f3k\u00e9nt nagy lelkesed\u00e9ssel vetett\u00e9k bele magukat a r\u00e9gi rendszer lebont\u00e1s\u00e1ba, \u00e9s egy \u00faj, szabad, demokratikus k\u00f6z\u00e9let megteremt\u00e9s\u00e9be. &#8222;T\u00f6bb mint 25 \u00e9v t\u00e1vlat\u00e1b\u00f3l visszatekintve h\u00e1l\u00e1sak lehet\u00fcnk az\u00e9rt, hogy v\u00e9r\u00e1ldozat n\u00e9lk\u00fcl val\u00f3s\u00edthattuk meg azt, amit 1956-ban az akkori egyetemi ifj\u00fas\u00e1g akart&#8221; &#8211; hangs\u00falyozta.<\/p>\n<p>A d\u00e9k\u00e1n \u00fagy l\u00e1tja: az id\u0151 m\u00fal\u00e1s\u00e1val hajlamosak vagyunk term\u00e9szetesnek venni azt, aminek fel\u00e9p\u00edt\u00e9s\u00e9hez t\u00f6bb gener\u00e1ci\u00f3 \u00f6nfel\u00e1ldoz\u00e1s\u00e1ra \u00e9s harcos szabads\u00e1gszeretet\u00e9re volt sz\u00fcks\u00e9g. &#8222;Hajlamosak lehet\u00fcnk felejteni \u00e9s azt gondolni, hogy az er\u0151teljes hatalomkoncentr\u00e1ci\u00f3ra \u00e9p\u00fcl\u0151 diktat\u00f3rikus rendszerekkel tulajdonk\u00e9ppen csak az volt a baj, hogy nem j\u00f3 emberek m\u0171k\u00f6dtett\u00e9k.<\/p>\n<p><a href=\"https:\/\/semmelweis.hu\/hirek\/files\/2014\/10\/RS23923_KA-20141021-IMG_9686-56os-rendezveny-scr.jpg\"><img loading=\"lazy\" decoding=\"async\" class=\"aligncenter wp-image-33941 size-large\" src=\"https:\/\/semmelweis.hu\/hirek\/files\/2014\/10\/RS23923_KA-20141021-IMG_9686-56os-rendezveny-scr-600x400.jpg\" alt=\"RS23923_KA-20141021-IMG_9686-56os-rendezveny-scr\" width=\"600\" height=\"400\" srcset=\"https:\/\/semmelweis.hu\/hirek\/files\/2014\/10\/RS23923_KA-20141021-IMG_9686-56os-rendezveny-scr-600x400.jpg 600w, https:\/\/semmelweis.hu\/hirek\/files\/2014\/10\/RS23923_KA-20141021-IMG_9686-56os-rendezveny-scr-300x199.jpg 300w, https:\/\/semmelweis.hu\/hirek\/files\/2014\/10\/RS23923_KA-20141021-IMG_9686-56os-rendezveny-scr-450x300.jpg 450w, https:\/\/semmelweis.hu\/hirek\/files\/2014\/10\/RS23923_KA-20141021-IMG_9686-56os-rendezveny-scr.jpg 950w\" sizes=\"auto, (max-width: 600px) 100vw, 600px\" \/><\/a>Az 1956-os forradalom \u00e9s szabads\u00e1gharc m\u00e1nak sz\u00f3l\u00f3 \u00fczenete \u00e9ppen az, hogy a t\u00falcentraliz\u00e1lt rendszerek hossz\u00fat\u00e1von nem m\u0171k\u00f6d\u0151k\u00e9pesek, f\u00fcggetlen\u00fcl att\u00f3l, hogy ki ir\u00e1ny\u00edtja azokat&#8221; &#8211; v\u00e9lekedett, hozz\u00e1t\u00e9ve: nem m\u0171k\u00f6d\u0151k\u00e9pesek, mert a v\u00e9lem\u00e9nyek soksz\u00edn\u0171s\u00e9g\u00e9nek elnyom\u00e1sa, kiiktat\u00e1sa \u00e9s likvid\u00e1l\u00e1sa a modern t\u00e1rsadalmak komplex probl\u00e9m\u00e1inak megold\u00e1s\u00e1hoz sz\u00fcks\u00e9ges egyik legfontosabb er\u0151forr\u00e1st\u00f3l fosztja\u00a0meg az adott k\u00f6z\u00f6ss\u00e9get, mert az ilyen rendszerek elnyomj\u00e1k az egy\u00e9ni kezdem\u00e9nyez\u0151k\u00e9pess\u00e9get, valamint alulbecs\u00fclik a helyismeretb\u0151l ad\u00f3d\u00f3 inform\u00e1ci\u00f3s el\u0151ny\u00f6k t\u00e1rsadalomevol\u00faci\u00f3s jelent\u0151s\u00e9g\u00e9t. Szavai szerint nem m\u0171k\u00f6d\u0151k\u00e9pesek az\u00e9rt sem, mert az \u00f6n\u00e1ll\u00f3s\u00e1gra \u00f6szt\u00f6nz\u00e9s helyett f\u00fcgg\u0151s\u00e9gbe tasz\u00edtanak, ellenkeznek az emberi term\u00e9szetbe oltott szabads\u00e1gv\u00e1ggyal \u00e9s ez a szabads\u00e1gv\u00e1gy v\u00e9gs\u0151 soron nem v\u00e1s\u00e1rolhat\u00f3 meg. B\u00e1r a k\u00e1d\u00e1ri guly\u00e1skommunizmus hosszabb ideig tudta meg\u0151rizni er\u0151szakkal szerzett hatalm\u00e1t, a puha diktat\u00fara \u00e9pp\u00fagy \u00f6sszed\u0151lt, mint a szt\u00e1linista kem\u00e9ny &#8211; eml\u00e9keztetett.<\/p>\n<p><a href=\"https:\/\/semmelweis.hu\/hirek\/files\/2014\/10\/RS23930_KA-20141021-IMG_9648-56os-rendezveny-scr.jpg\"><img loading=\"lazy\" decoding=\"async\" class=\"alignright size-medium wp-image-33944\" src=\"https:\/\/semmelweis.hu\/hirek\/files\/2014\/10\/RS23930_KA-20141021-IMG_9648-56os-rendezveny-scr-300x199.jpg\" alt=\"RS23930_KA-20141021-IMG_9648-56os-rendezveny-scr\" width=\"300\" height=\"199\" srcset=\"https:\/\/semmelweis.hu\/hirek\/files\/2014\/10\/RS23930_KA-20141021-IMG_9648-56os-rendezveny-scr-300x199.jpg 300w, https:\/\/semmelweis.hu\/hirek\/files\/2014\/10\/RS23930_KA-20141021-IMG_9648-56os-rendezveny-scr-600x400.jpg 600w, https:\/\/semmelweis.hu\/hirek\/files\/2014\/10\/RS23930_KA-20141021-IMG_9648-56os-rendezveny-scr-450x300.jpg 450w, https:\/\/semmelweis.hu\/hirek\/files\/2014\/10\/RS23930_KA-20141021-IMG_9648-56os-rendezveny-scr.jpg 950w\" sizes=\"auto, (max-width: 300px) 100vw, 300px\" \/><\/a>Dr. Ga\u00e1l P\u00e9ter kiemelte: az egyetemeknek, k\u00f6zt\u00fck a Semmelweis Egyetemnek mindig is kiemelt feladata volt ennek a tud\u00e1snak \u00e9s ezeknek az \u00e9rt\u00e9keknek a meg\u0151rz\u00e9se, k\u00f6zvet\u00edt\u00e9se. Ennek kapcs\u00e1n sz\u00f3lt a Marketing \u00e9s Kommunik\u00e1ci\u00f3s Igazgat\u00f3s\u00e1g \u00e1ltal elind\u00edtott <a href=\"https:\/\/semmelweis.hu\/hirek\/rolunk-mondtak\/\">kisfilmsorozatr\u00f3l<\/a>, melynek egyik r\u00e9sz\u00e9ben Perner Ferenc professzor, egy m\u00e1sikban pedig Vizi E. Szilveszter, az MTA kor\u00e1bbi eln\u00f6ke besz\u00e9l 1956-os \u00e9lm\u00e9nyeir\u0151l.<\/p>\n<p>Az \u00fcnnepi besz\u00e9d ut\u00e1n dr. T\u00edm\u00e1r J\u00f3zsef \u00e1ltal\u00e1nos \u00e9s oktat\u00e1si rektorhelyettes az 1956-os forradalom \u00e9s szabads\u00e1gharc \u00e1ldozatainak eml\u00e9k\u00e9re gyerty\u00e1t gy\u00fajtott, majd az \u00fcnneps\u00e9g r\u00e9sztvev\u0151i vir\u00e1got helyeztek el eml\u00e9kez\u00e9s\u00fck jel\u00e9\u00fcl.<\/p>\n<p>T\u00f3th-Szab\u00f3 Szilvia<br \/>\nFot\u00f3: Kov\u00e1cs Attila &#8211; Semmelweis Egyetem<\/p>\n\r\n        [slb_exclude]\r\n        <div class=\"row galeria-wrapper mx-0 h-auto\">\r\n            <div class=\"col-9 pl-0 pr-2\">\r\n            <span class=\"gallery-item frame\">\r\n\t\t\t\t<div class=\"galeria-left-img\"><a href=\"https:\/\/semmelweis.hu\/hirek\/files\/2014\/10\/RS23929_KA-20141021-IMG_9654-56os-rendezveny-scr.jpg\"><img src=https:\/\/semmelweis.hu\/hirek\/files\/2014\/10\/RS23929_KA-20141021-IMG_9654-56os-rendezveny-scr.jpg  \r\n                            alt=\"\" \r\n                            class=\"attachment-sote-gallery-big size-sote-gallery-big\" \r\n                            srcset=\"https:\/\/semmelweis.hu\/hirek\/files\/2014\/10\/RS23929_KA-20141021-IMG_9654-56os-rendezveny-scr-300x199.jpg 300w, https:\/\/semmelweis.hu\/hirek\/files\/2014\/10\/RS23929_KA-20141021-IMG_9654-56os-rendezveny-scr-600x400.jpg 600w, https:\/\/semmelweis.hu\/hirek\/files\/2014\/10\/RS23929_KA-20141021-IMG_9654-56os-rendezveny-scr-450x300.jpg 450w, https:\/\/semmelweis.hu\/hirek\/files\/2014\/10\/RS23929_KA-20141021-IMG_9654-56os-rendezveny-scr.jpg 950w\" ><\/a><\/div>\r\n            <\/span>\r\n\r\n            <\/div>\r\n\r\n\t\t\t<div class=\"col-3 pl-0 pr-0\">\r\n\t\t\t\t<div class=\"galeria-right-img d-flex justify-content-between flex-column h-100 w-100 px-0 mx-0 \">\r\n                <div class=\"galeria-box\">\r\n\t\t\t\t\t<h3 class=\"galeria-title\">Gal\u00e9ria<\/h3>\r\n\t\t\t\t\t<div class=\"galeria-subtitle\">\r\n\r\n\t\t\t\t\t\t<div class=\"galeria-page-counter\"><span>8<\/span>k\u00e9p<\/div>\r\n                    <\/div> <\/div>\r\n                    <span class=\"gallery-item frame d-none d-md-flex\">\r\n\t\t\t\t\t<div class=\"galeria-small-img mt-0\"><a href=\"https:\/\/semmelweis.hu\/hirek\/files\/2014\/10\/RS23928_KA-20141021-IMG_9661-56os-rendezveny-scr.jpg\"><img src=https:\/\/semmelweis.hu\/hirek\/files\/2014\/10\/RS23928_KA-20141021-IMG_9661-56os-rendezveny-scr.jpg \r\n                                alt=\"\"  \r\n                                class=\"attachment-sote-gallery-small size-sote-gallery-small\" \r\n                                srcset=\"https:\/\/semmelweis.hu\/hirek\/files\/2014\/10\/RS23928_KA-20141021-IMG_9661-56os-rendezveny-scr-300x199.jpg 300w, https:\/\/semmelweis.hu\/hirek\/files\/2014\/10\/RS23928_KA-20141021-IMG_9661-56os-rendezveny-scr-600x400.jpg 600w, https:\/\/semmelweis.hu\/hirek\/files\/2014\/10\/RS23928_KA-20141021-IMG_9661-56os-rendezveny-scr-450x300.jpg 450w, https:\/\/semmelweis.hu\/hirek\/files\/2014\/10\/RS23928_KA-20141021-IMG_9661-56os-rendezveny-scr.jpg 950w\" ><\/a><\/div>\r\n                    <\/span>\r\n                    <span class=\"gallery-item frame d-none d-md-flex\">\r\n\t\t\t\t\t<div class=\"galeria-small-img mt-0\"><a href=\"https:\/\/semmelweis.hu\/hirek\/files\/2014\/10\/RS23923_KA-20141021-IMG_9686-56os-rendezveny-scr.jpg\"><img src=https:\/\/semmelweis.hu\/hirek\/files\/2014\/10\/RS23923_KA-20141021-IMG_9686-56os-rendezveny-scr.jpg \r\n                                alt=\"\" \r\n                                class=\"attachment-sote-gallery-small size-sote-gallery-small\" \r\n                                srcset=\"https:\/\/semmelweis.hu\/hirek\/files\/2014\/10\/RS23923_KA-20141021-IMG_9686-56os-rendezveny-scr-300x199.jpg 300w, https:\/\/semmelweis.hu\/hirek\/files\/2014\/10\/RS23923_KA-20141021-IMG_9686-56os-rendezveny-scr-600x400.jpg 600w, https:\/\/semmelweis.hu\/hirek\/files\/2014\/10\/RS23923_KA-20141021-IMG_9686-56os-rendezveny-scr-450x300.jpg 450w, https:\/\/semmelweis.hu\/hirek\/files\/2014\/10\/RS23923_KA-20141021-IMG_9686-56os-rendezveny-scr.jpg 950w\" ><\/a><\/div>\r\n                    <\/span>\r\n\r\n                <\/div>\r\n\r\n            <\/div>\r\n\r\n            <span class=\"gallery-item\"><div class=\"hidden\"><a href=\"https:\/\/semmelweis.hu\/hirek\/files\/2014\/10\/RS23934_KA-20141021-IMG_9637-56os-rendezveny-scr.jpg\">\r\n        <img src=https:\/\/semmelweis.hu\/hirek\/files\/2014\/10\/RS23934_KA-20141021-IMG_9637-56os-rendezveny-scr.jpg alt=\"\" class=\"attachment-sote-gallery-big size-sote-gallery-big\" srcset=\"https:\/\/semmelweis.hu\/hirek\/files\/2014\/10\/RS23934_KA-20141021-IMG_9637-56os-rendezveny-scr-300x199.jpg 300w, https:\/\/semmelweis.hu\/hirek\/files\/2014\/10\/RS23934_KA-20141021-IMG_9637-56os-rendezveny-scr-600x400.jpg 600w, https:\/\/semmelweis.hu\/hirek\/files\/2014\/10\/RS23934_KA-20141021-IMG_9637-56os-rendezveny-scr-450x300.jpg 450w, https:\/\/semmelweis.hu\/hirek\/files\/2014\/10\/RS23934_KA-20141021-IMG_9637-56os-rendezveny-scr.jpg 950w\" >\r\n        <\/a><\/div><\/span><span class=\"gallery-item\"><div class=\"hidden\"><a href=\"https:\/\/semmelweis.hu\/hirek\/files\/2014\/10\/RS23933_KA-20141021-IMG_9640-56os-rendezveny-scr.jpg\">\r\n        <img src=https:\/\/semmelweis.hu\/hirek\/files\/2014\/10\/RS23933_KA-20141021-IMG_9640-56os-rendezveny-scr.jpg alt=\"\" class=\"attachment-sote-gallery-big size-sote-gallery-big\" srcset=\"https:\/\/semmelweis.hu\/hirek\/files\/2014\/10\/RS23933_KA-20141021-IMG_9640-56os-rendezveny-scr-300x199.jpg 300w, https:\/\/semmelweis.hu\/hirek\/files\/2014\/10\/RS23933_KA-20141021-IMG_9640-56os-rendezveny-scr-600x400.jpg 600w, https:\/\/semmelweis.hu\/hirek\/files\/2014\/10\/RS23933_KA-20141021-IMG_9640-56os-rendezveny-scr-450x300.jpg 450w, https:\/\/semmelweis.hu\/hirek\/files\/2014\/10\/RS23933_KA-20141021-IMG_9640-56os-rendezveny-scr.jpg 950w\" >\r\n        <\/a><\/div><\/span><span class=\"gallery-item\"><div class=\"hidden\"><a href=\"https:\/\/semmelweis.hu\/hirek\/files\/2014\/10\/RS23930_KA-20141021-IMG_9648-56os-rendezveny-scr.jpg\">\r\n        <img src=https:\/\/semmelweis.hu\/hirek\/files\/2014\/10\/RS23930_KA-20141021-IMG_9648-56os-rendezveny-scr.jpg alt=\"\" class=\"attachment-sote-gallery-big size-sote-gallery-big\" srcset=\"https:\/\/semmelweis.hu\/hirek\/files\/2014\/10\/RS23930_KA-20141021-IMG_9648-56os-rendezveny-scr-300x199.jpg 300w, https:\/\/semmelweis.hu\/hirek\/files\/2014\/10\/RS23930_KA-20141021-IMG_9648-56os-rendezveny-scr-600x400.jpg 600w, https:\/\/semmelweis.hu\/hirek\/files\/2014\/10\/RS23930_KA-20141021-IMG_9648-56os-rendezveny-scr-450x300.jpg 450w, https:\/\/semmelweis.hu\/hirek\/files\/2014\/10\/RS23930_KA-20141021-IMG_9648-56os-rendezveny-scr.jpg 950w\" >\r\n        <\/a><\/div><\/span><span class=\"gallery-item\"><div class=\"hidden\"><a href=\"https:\/\/semmelweis.hu\/hirek\/files\/2014\/10\/RS23924_KA-20141021-IMG_9682-56os-rendezveny-scr.jpg\">\r\n        <img src=https:\/\/semmelweis.hu\/hirek\/files\/2014\/10\/RS23924_KA-20141021-IMG_9682-56os-rendezveny-scr.jpg alt=\"\" class=\"attachment-sote-gallery-big size-sote-gallery-big\" srcset=\"https:\/\/semmelweis.hu\/hirek\/files\/2014\/10\/RS23924_KA-20141021-IMG_9682-56os-rendezveny-scr-300x199.jpg 300w, https:\/\/semmelweis.hu\/hirek\/files\/2014\/10\/RS23924_KA-20141021-IMG_9682-56os-rendezveny-scr-600x400.jpg 600w, https:\/\/semmelweis.hu\/hirek\/files\/2014\/10\/RS23924_KA-20141021-IMG_9682-56os-rendezveny-scr-450x300.jpg 450w, https:\/\/semmelweis.hu\/hirek\/files\/2014\/10\/RS23924_KA-20141021-IMG_9682-56os-rendezveny-scr.jpg 950w\" >\r\n        <\/a><\/div><\/span><span class=\"gallery-item\"><div class=\"hidden\"><a href=\"https:\/\/semmelweis.hu\/hirek\/files\/2014\/10\/RS23927_KA-20141021-IMG_9675-56os-rendezveny-scr.jpg\">\r\n        <img src=https:\/\/semmelweis.hu\/hirek\/files\/2014\/10\/RS23927_KA-20141021-IMG_9675-56os-rendezveny-scr.jpg alt=\"\" class=\"attachment-sote-gallery-big size-sote-gallery-big\" srcset=\"https:\/\/semmelweis.hu\/hirek\/files\/2014\/10\/RS23927_KA-20141021-IMG_9675-56os-rendezveny-scr-300x199.jpg 300w, https:\/\/semmelweis.hu\/hirek\/files\/2014\/10\/RS23927_KA-20141021-IMG_9675-56os-rendezveny-scr-600x400.jpg 600w, https:\/\/semmelweis.hu\/hirek\/files\/2014\/10\/RS23927_KA-20141021-IMG_9675-56os-rendezveny-scr-450x300.jpg 450w, https:\/\/semmelweis.hu\/hirek\/files\/2014\/10\/RS23927_KA-20141021-IMG_9675-56os-rendezveny-scr.jpg 950w\" >\r\n        <\/a><\/div><\/span>\r\n            <\/div>\r\n\r\n            [\/slb_exclude]\r\n\t\n","protected":false},"excerpt":{"rendered":"<p>Az 1956-os forradalom \u00e9s szabads\u00e1gharc \u00e9vfordul\u00f3j\u00e1n az orsz\u00e1g k\u00f6zv\u00e9lem\u00e9nye \u00e1ltal kev\u00e9ss\u00e9 ismert, n\u00e9vtelen orvosh\u0151s\u00f6kre is eml\u00e9kez\u00fcnk &#8211; mondta \u00fcnnepi besz\u00e9d\u00e9ben Dr. Ga\u00e1l P\u00e9ter. Az Eg\u00e9szs\u00e9g\u00fcgyi K\u00f6zszolg\u00e1lati Kar d\u00e9k\u00e1nja hangs\u00falyozta: fontosnak tartj\u00e1k az ilyen t\u00f6rt\u00e9netek dokument\u00e1l\u00e1s\u00e1t, ez\u00e9rt Orvossorsok c\u00edmmel, \u00f6n\u00e1ll\u00f3 kiadv\u00e1ny megjelentet\u00e9s\u00e9t tervezik. Az \u00fcnnepi besz\u00e9d ut\u00e1n Dr. T\u00edm\u00e1r J\u00f3zsef \u00e1ltal\u00e1nos \u00e9s oktat\u00e1si rektorhelyettes az 1956-os forradalom \u00e9s szabads\u00e1gharc \u00e1ldozatainak eml\u00e9k\u00e9re gyerty\u00e1t gy\u00fajtott, majd az \u00fcnneps\u00e9g r\u00e9sztvev\u0151i vir\u00e1got helyeztek el eml\u00e9kez\u00e9s\u00fck jel\u00e9\u00fcl.<\/p>\n","protected":false},"author":11,"featured_media":33948,"comment_status":"closed","ping_status":"closed","sticky":false,"template":"","format":"standard","meta":{"_acf_changed":false,"footnotes":""},"categories":[157,168],"tags":[4092,345,2135],"class_list":["post-33940","post","type-post","status-publish","format-standard","has-post-thumbnail","hentry","category-semmelweis-vilag","category-kiemelt","tag-1956-os-forradalom-es-szabadsagharc","tag-esemenyek-es-beszamolok","tag-megemlekezes"],"acf":[],"_links":{"self":[{"href":"https:\/\/semmelweis.hu\/hirek\/wp-json\/wp\/v2\/posts\/33940","targetHints":{"allow":["GET"]}}],"collection":[{"href":"https:\/\/semmelweis.hu\/hirek\/wp-json\/wp\/v2\/posts"}],"about":[{"href":"https:\/\/semmelweis.hu\/hirek\/wp-json\/wp\/v2\/types\/post"}],"author":[{"embeddable":true,"href":"https:\/\/semmelweis.hu\/hirek\/wp-json\/wp\/v2\/users\/11"}],"replies":[{"embeddable":true,"href":"https:\/\/semmelweis.hu\/hirek\/wp-json\/wp\/v2\/comments?post=33940"}],"version-history":[{"count":8,"href":"https:\/\/semmelweis.hu\/hirek\/wp-json\/wp\/v2\/posts\/33940\/revisions"}],"predecessor-version":[{"id":62887,"href":"https:\/\/semmelweis.hu\/hirek\/wp-json\/wp\/v2\/posts\/33940\/revisions\/62887"}],"wp:featuredmedia":[{"embeddable":true,"href":"https:\/\/semmelweis.hu\/hirek\/wp-json\/wp\/v2\/media\/33948"}],"wp:attachment":[{"href":"https:\/\/semmelweis.hu\/hirek\/wp-json\/wp\/v2\/media?parent=33940"}],"wp:term":[{"taxonomy":"category","embeddable":true,"href":"https:\/\/semmelweis.hu\/hirek\/wp-json\/wp\/v2\/categories?post=33940"},{"taxonomy":"post_tag","embeddable":true,"href":"https:\/\/semmelweis.hu\/hirek\/wp-json\/wp\/v2\/tags?post=33940"}],"curies":[{"name":"wp","href":"https:\/\/api.w.org\/{rel}","templated":true}]}}