{"id":33667,"date":"2014-10-16T14:25:13","date_gmt":"2014-10-16T12:25:13","guid":{"rendered":"http:\/\/semmelweis.hu\/hirek\/?p=33667"},"modified":"2017-08-29T13:41:12","modified_gmt":"2017-08-29T11:41:12","slug":"tudas-utja-haromezer-futot-varnak","status":"publish","type":"post","link":"https:\/\/semmelweis.hu\/hirek\/2014\/10\/16\/tudas-utja-haromezer-futot-varnak\/","title":{"rendered":"Tud\u00e1s \u00datja \u2013 h\u00e1romezer fut\u00f3t v\u00e1rnak"},"content":{"rendered":"<p>14. alkalommal nevezhetnek hallgat\u00f3k, oktat\u00f3k \u00e9s k\u00f6z\u00e9piskol\u00e1k v\u00e9gz\u0151s di\u00e1kjai a Tud\u00e1s \u00datja fut\u00f3versenyre, ami id\u00e9n is a Semmelweis Egyetem Nagyv\u00e1rad t\u00e9ri Elm\u00e9leti T\u00f6mbj\u00e9t\u0151l rajtol november 9-\u00e9n 11 \u00f3rakor. A szervez\u0151k az esem\u00e9nnyel a mozg\u00e1s \u00f6r\u00f6m\u00e9t, az eg\u00e9szs\u00e9ges \u00e9letm\u00f3dot szeretn\u00e9k n\u00e9pszer\u0171s\u00edteni.<\/p>\n<p><a href=\"https:\/\/semmelweis.hu\/hirek\/files\/2014\/10\/RS8009__ZZS3426-scr.jpg\"><img loading=\"lazy\" decoding=\"async\" class=\"alignright size-medium wp-image-33698\" src=\"https:\/\/semmelweis.hu\/hirek\/files\/2014\/10\/RS8009__ZZS3426-scr-300x199.jpg\" alt=\"Tud\u00e1s \u00datja fut\u00e1s\" width=\"300\" height=\"199\" srcset=\"https:\/\/semmelweis.hu\/hirek\/files\/2014\/10\/RS8009__ZZS3426-scr-300x199.jpg 300w, https:\/\/semmelweis.hu\/hirek\/files\/2014\/10\/RS8009__ZZS3426-scr-600x400.jpg 600w, https:\/\/semmelweis.hu\/hirek\/files\/2014\/10\/RS8009__ZZS3426-scr-450x300.jpg 450w, https:\/\/semmelweis.hu\/hirek\/files\/2014\/10\/RS8009__ZZS3426-scr.jpg 950w\" sizes=\"auto, (max-width: 300px) 100vw, 300px\" \/><\/a>Felm\u00e9r\u00e9sek alapj\u00e1n a magyar fiatalok keveset sportolnak, mi pedig ezen szeretn\u00e9nk v\u00e1ltoztatni \u2013 hangs\u00falyozta honlapunknak dr. M\u00e9sz\u00e1ros Gy\u00f6rgy, az Elm\u00e9leti Orvostudom\u00e1nyi K\u00f6zpont f\u0151igazgat\u00f3ja. Az esem\u00e9ny f\u0151szervez\u0151je arr\u00f3l is besz\u00e1molt, hogy tavaly k\u00f6zel h\u00e9tsz\u00e1zan vettek r\u00e9szt, 2014-ben azonban m\u00e1r h\u00e1romezer nevez\u00e9sre sz\u00e1m\u00edtanak, az\u00f3ta ugyanis sz\u00e1mos k\u00fclf\u00f6ldi egyetemmel \u00e9s t\u00e1rsint\u00e9zm\u00e9nnyel felvett\u00e9k a kapcsolatot. \u201eEz kit\u0171n\u0151 alkalom lesz arra, hogy a k\u00fcl\u00f6nb\u00f6z\u0151 orsz\u00e1gok egyetemeinek hallgat\u00f3i ne csup\u00e1n megm\u00e9rk\u0151zzenek egym\u00e1ssal, de \u00f6szt\u00f6n\u00f6zz\u00e9k is egym\u00e1st \u00e9s tapasztalatot cser\u00e9ljenek\u201d \u2013 fejtette ki dr. M\u00e9sz\u00e1ros Gy\u00f6rgy.<\/p>\n<p><a href=\"https:\/\/semmelweis.hu\/hirek\/files\/2014\/10\/RS4867_20121111-IMG_7891-attekovacscom-scr-1.jpg\"><img loading=\"lazy\" decoding=\"async\" class=\"alignleft size-medium wp-image-33670\" src=\"https:\/\/semmelweis.hu\/hirek\/files\/2014\/10\/RS4867_20121111-IMG_7891-attekovacscom-scr-1-300x199.jpg\" alt=\"RS4867_20121111-IMG_7891-attekovacscom-scr (1)\" width=\"300\" height=\"199\" srcset=\"https:\/\/semmelweis.hu\/hirek\/files\/2014\/10\/RS4867_20121111-IMG_7891-attekovacscom-scr-1-300x199.jpg 300w, https:\/\/semmelweis.hu\/hirek\/files\/2014\/10\/RS4867_20121111-IMG_7891-attekovacscom-scr-1-600x400.jpg 600w, https:\/\/semmelweis.hu\/hirek\/files\/2014\/10\/RS4867_20121111-IMG_7891-attekovacscom-scr-1-450x300.jpg 450w, https:\/\/semmelweis.hu\/hirek\/files\/2014\/10\/RS4867_20121111-IMG_7891-attekovacscom-scr-1.jpg 950w\" sizes=\"auto, (max-width: 300px) 100vw, 300px\" \/><\/a>A fut\u00f3k \u00e9rintik a belv\u00e1rosi egyetemeket \u00e9s a Magyar Tudom\u00e1nyos Akad\u00e9mi\u00e1t is, \u00edgy sz\u00f3 szerint is a Tud\u00e1s \u00fatj\u00e1n haladnak. Az \u201eAkad\u00e9miai 6-os\u201d t\u00e1v c\u00e9lja az MTA el\u0151tti parkol\u00f3, m\u00edg a f\u00e9lmaraton a pesti als\u00f3 rakparton, majd k\u00e9t h\u00eddon \u00e1thaladva, 21,1 kilom\u00e9ter ut\u00e1n a start helysz\u00edn\u00e9n, a Nagyv\u00e1rad t\u00e9ren \u00e9r v\u00e9get.\u00a0Az esem\u00e9nyen r\u00e9szt vesz t\u00f6bbek k\u00f6z\u00f6tt Gyenesei Leila t\u00f6bbsz\u00f6r\u00f6s olimpikon, vil\u00e1gbajnok \u00f6ttus\u00e1z\u00f3, valamint az \u00fajraindult \u201eJ\u00e1t\u00e9k hat\u00e1rok n\u00e9lk\u00fcl\u201d sorozat magyar csapat\u00e1nak profi \u00f6k\u00f6lv\u00edv\u00f3, kaszkad\u0151r \u00e9s l\u00e9gtorn\u00e1sz tagjai is.<\/p>\n<p>A verseny \u00e9vr\u0151l \u00e9vre n\u00e9pszer\u0171bb, tavaly v\u00e1rakoz\u00e1son fel\u00fcli volt az \u00e9rdekl\u0151d\u00e9s, rekordsz\u00e1m\u00fa versenyz\u0151 indult: 32 hazai \u00e9s \u00f6t orsz\u00e1g k\u00fclf\u00f6ldi fels\u0151oktat\u00e1si int\u00e9zm\u00e9ny\u00e9b\u0151l 655-en futottak f\u00e9lmaratont vagy 6 kilom\u00e9tert. Az idei Tud\u00e1s \u00datj\u00e1ra m\u00e1r most v\u00e1rj\u00e1k a jelentkez\u0151ket, akik nem csak egy\u00e9nileg, hanem csapatban is indulhatnak, a legnagyobb, illetve a gy\u0151ztes csapat pedig k\u00fcl\u00f6nd\u00edjat is kap. A rendezv\u00e9nyhez kapcsol\u00f3d\u00f3 programok a testmozg\u00e1st ment\u00e1lis tr\u00e9ninggel eg\u00e9sz\u00edtik ki, \u00edgy a r\u00e9sztvev\u0151k hasznos inform\u00e1ci\u00f3kat kaphatnak az eg\u00e9szs\u00e9ges \u00e9letm\u00f3dr\u00f3l \u00e9s a fut\u00e1sra val\u00f3 felk\u00e9sz\u00fcl\u00e9sr\u0151l.<\/p>\n<p><a href=\"https:\/\/semmelweis.hu\/hirek\/files\/2014\/10\/RS4855_20121111-IMG_7856-attekovacscom-scr-1.jpg\"><img loading=\"lazy\" decoding=\"async\" class=\"alignright size-medium wp-image-33671\" src=\"https:\/\/semmelweis.hu\/hirek\/files\/2014\/10\/RS4855_20121111-IMG_7856-attekovacscom-scr-1-300x199.jpg\" alt=\"RS4855_20121111-IMG_7856-attekovacscom-scr (1)\" width=\"300\" height=\"199\" srcset=\"https:\/\/semmelweis.hu\/hirek\/files\/2014\/10\/RS4855_20121111-IMG_7856-attekovacscom-scr-1-300x199.jpg 300w, https:\/\/semmelweis.hu\/hirek\/files\/2014\/10\/RS4855_20121111-IMG_7856-attekovacscom-scr-1-600x400.jpg 600w, https:\/\/semmelweis.hu\/hirek\/files\/2014\/10\/RS4855_20121111-IMG_7856-attekovacscom-scr-1-450x300.jpg 450w, https:\/\/semmelweis.hu\/hirek\/files\/2014\/10\/RS4855_20121111-IMG_7856-attekovacscom-scr-1.jpg 950w\" sizes=\"auto, (max-width: 300px) 100vw, 300px\" \/><\/a>A versenyt a Semmelweis Egyetem, a <a href=\"https:\/\/semmelweis.hu\/hirek\/2014\/08\/28\/egyesulet-jon-letre-a-semmelweis-egyetem-hallgatoi-sporteletenek-fejlesztesere\/\" target=\"_blank\">H<\/a><span style=\"color: #333333\"><a href=\"https:\/\/semmelweis.hu\/hirek\/2014\/08\/28\/egyesulet-jon-letre-a-semmelweis-egyetem-hallgatoi-sporteletenek-fejlesztesere\/\" target=\"_blank\">allgat\u00f3i K\u00f6z\u00f6ss\u00e9gi \u00e9s Sport Egyes\u00fclet<\/a> (HKSE)\u00a0<\/span>\u00e9s a Magyar Egyetemi-F\u0151iskolai Sportsz\u00f6vets\u00e9g (MEFS) szervezi a Budapesti Orvostanhallgat\u00f3k Egyes\u00fclete (BOE) r\u00e9szv\u00e9tel\u00e9vel. A Tud\u00e1s \u00datja a Magyar Egyetemi-F\u0151iskolai Orsz\u00e1gos Bajnoks\u00e1g (MEFOB), f\u00e9lmaratoni Budapest Bajnoks\u00e1g \u00e9s ny\u00edlt egyetemi-f\u0151iskolai Eur\u00f3pa-kupa is egyben, ahol az egyetemek-f\u0151iskol\u00e1k csapatai m\u00e9rk\u0151znek meg egym\u00e1ssal.<\/p>\n<p><a href=\"https:\/\/semmelweis.hu\/hirek\/files\/2014\/10\/RS23908_KA-20141020-IMG_9511-tudas-utja-sajtotajekoztato-scr.jpg\"><img loading=\"lazy\" decoding=\"async\" class=\"alignleft size-medium wp-image-33914\" src=\"https:\/\/semmelweis.hu\/hirek\/files\/2014\/10\/RS23908_KA-20141020-IMG_9511-tudas-utja-sajtotajekoztato-scr-300x199.jpg\" alt=\"RS23908_KA-20141020-IMG_9511-tudas-utja-sajtotajekoztato-scr\" width=\"300\" height=\"199\" srcset=\"https:\/\/semmelweis.hu\/hirek\/files\/2014\/10\/RS23908_KA-20141020-IMG_9511-tudas-utja-sajtotajekoztato-scr-300x199.jpg 300w, https:\/\/semmelweis.hu\/hirek\/files\/2014\/10\/RS23908_KA-20141020-IMG_9511-tudas-utja-sajtotajekoztato-scr-600x400.jpg 600w, https:\/\/semmelweis.hu\/hirek\/files\/2014\/10\/RS23908_KA-20141020-IMG_9511-tudas-utja-sajtotajekoztato-scr-450x300.jpg 450w, https:\/\/semmelweis.hu\/hirek\/files\/2014\/10\/RS23908_KA-20141020-IMG_9511-tudas-utja-sajtotajekoztato-scr.jpg 950w\" sizes=\"auto, (max-width: 300px) 100vw, 300px\" \/><\/a>A programr\u00f3l tartott, okt\u00f3ber 20-i sajt\u00f3t\u00e1j\u00e9koztat\u00f3n dr. M\u00e9sz\u00e1ros Gy\u00f6rgy mellett r\u00e9szt vett t\u00f6bbek k\u00f6z\u00f6tt dr. Kiss \u00c1d\u00e1m, a Magyar Egyetemi-F\u0151iskolai Sportsz\u00f6vets\u00e9g (MEFS) eln\u00f6ke, aki kiemelte, hogy az Eur\u00f3pai Egyetemi Sportsz\u00f6vets\u00e9g (EUSA) \u00e9gisze alatt rendezik meg a fut\u00f3versenyt, ami komoly erk\u00f6lcsi t\u00e1mogat\u00e1st jelent.<\/p>\n<p>A sajt\u00f3t\u00e1j\u00e9koztat\u00f3n jelen volt Gyenesei Leila olimpikon, vil\u00e1gbajnok \u00f6ttus\u00e1z\u00f3n\u0151 \u00e9s B\u00e1rdosi S\u00e1ndor olimpiai ez\u00fcst\u00e9rmes birk\u00f3z\u00f3. Mindketten kiemelt\u00e9k, mennyire fontos, hogy a hallgat\u00f3kkal megismertess\u00e9k a sport \u00f6r\u00f6m\u00e9t. \u00a0<\/p>\n<p>Az el\u0151zetes, egy\u00e9ni \u00e9s csapatos\u00a0<a href=\"http:\/\/tudasutja.hu\/index.php\/online-nevezes\" target=\"_blank\">online nevez\u00e9s<\/a>\u00a0hat\u00e1rideje november elseje, aki err\u0151l lemarad, a helysz\u00ednen is nevezhet. A nevez\u00e9si d\u00edjakr\u00f3l, kateg\u00f3ri\u00e1kr\u00f3l \u00e9s a regisztr\u00e1ci\u00f3 felt\u00e9teleir\u0151l\u00a0<a href=\"http:\/\/tudasutja.hu\/index.php\/versenykiiras\" target=\"_blank\">itt<\/a>\u00a0olvashat\u00f3 tov\u00e1bbi inform\u00e1ci\u00f3.<\/p>\n<p>Mozer M\u00e1ria<br \/> Fot\u00f3: Kov\u00e1cs Attila &#8211; Semmelweis Egyetem<\/p>\n","protected":false},"excerpt":{"rendered":"<p>14. alkalommal nevezhetnek hallgat\u00f3k, oktat\u00f3k \u00e9s k\u00f6z\u00e9piskol\u00e1k v\u00e9gz\u0151s di\u00e1kjai a Tud\u00e1s \u00datja fut\u00f3versenyre, ami id\u00e9n is a Semmelweis Egyetem Nagyv\u00e1rad t\u00e9ri Elm\u00e9leti T\u00f6mbj\u00e9t\u0151l rajtol november 9-\u00e9n 11 \u00f3rakor. A szervez\u0151k az esem\u00e9nnyel a mozg\u00e1s \u00f6r\u00f6m\u00e9t, az eg\u00e9szs\u00e9ges \u00e9letm\u00f3dot szeretn\u00e9k n\u00e9pszer\u0171s\u00edteni. <a href=\"https:\/\/semmelweis.hu\/hirek\/files\/2014\/10\/RS8009__ZZS3426-scr.jpg\"><\/a> Felm\u00e9r\u00e9sek alapj\u00e1n a magyar fiatalok keveset sportolnak, mi pedig ezen szeretn\u00e9nk v\u00e1ltoztatni \u2013 hangs\u00falyozta honlapunknak &hellip;<\/p>\n","protected":false},"author":280,"featured_media":33670,"comment_status":"closed","ping_status":"closed","sticky":false,"template":"","format":"standard","meta":{"_acf_changed":false,"footnotes":""},"categories":[157,168],"tags":[3729,345,234],"class_list":["post-33667","post","type-post","status-publish","format-standard","has-post-thumbnail","hentry","category-semmelweis-vilag","category-kiemelt","tag-boe","tag-esemenyek-es-beszamolok","tag-net"],"acf":[],"_links":{"self":[{"href":"https:\/\/semmelweis.hu\/hirek\/wp-json\/wp\/v2\/posts\/33667","targetHints":{"allow":["GET"]}}],"collection":[{"href":"https:\/\/semmelweis.hu\/hirek\/wp-json\/wp\/v2\/posts"}],"about":[{"href":"https:\/\/semmelweis.hu\/hirek\/wp-json\/wp\/v2\/types\/post"}],"author":[{"embeddable":true,"href":"https:\/\/semmelweis.hu\/hirek\/wp-json\/wp\/v2\/users\/280"}],"replies":[{"embeddable":true,"href":"https:\/\/semmelweis.hu\/hirek\/wp-json\/wp\/v2\/comments?post=33667"}],"version-history":[{"count":10,"href":"https:\/\/semmelweis.hu\/hirek\/wp-json\/wp\/v2\/posts\/33667\/revisions"}],"predecessor-version":[{"id":33915,"href":"https:\/\/semmelweis.hu\/hirek\/wp-json\/wp\/v2\/posts\/33667\/revisions\/33915"}],"wp:featuredmedia":[{"embeddable":true,"href":"https:\/\/semmelweis.hu\/hirek\/wp-json\/wp\/v2\/media\/33670"}],"wp:attachment":[{"href":"https:\/\/semmelweis.hu\/hirek\/wp-json\/wp\/v2\/media?parent=33667"}],"wp:term":[{"taxonomy":"category","embeddable":true,"href":"https:\/\/semmelweis.hu\/hirek\/wp-json\/wp\/v2\/categories?post=33667"},{"taxonomy":"post_tag","embeddable":true,"href":"https:\/\/semmelweis.hu\/hirek\/wp-json\/wp\/v2\/tags?post=33667"}],"curies":[{"name":"wp","href":"https:\/\/api.w.org\/{rel}","templated":true}]}}