{"id":33110,"date":"2014-09-29T11:39:40","date_gmt":"2014-09-29T09:39:40","guid":{"rendered":"http:\/\/semmelweis.hu\/hirek\/?p=33110"},"modified":"2015-05-08T11:41:39","modified_gmt":"2015-05-08T09:41:39","slug":"az-informacios-technologia-strategiai-jelentosegu-konferencia-a-kozponti-konyvtar-szervezeseben","status":"publish","type":"post","link":"https:\/\/semmelweis.hu\/hirek\/2014\/09\/29\/az-informacios-technologia-strategiai-jelentosegu-konferencia-a-kozponti-konyvtar-szervezeseben\/","title":{"rendered":"\u201eAz inform\u00e1ci\u00f3s technol\u00f3gia strat\u00e9giai jelent\u0151s\u00e9g\u0171\u201d \u2013 konferencia a K\u00f6zponti K\u00f6nyvt\u00e1r szervez\u00e9s\u00e9ben"},"content":{"rendered":"<p>Paradigmav\u00e1lt\u00e1s t\u00f6rt\u00e9nt az elm\u00falt \u00e9vtizedekben a tudom\u00e1nyos inform\u00e1ci\u00f3k ter\u00e9n, hiszen m\u00edg kor\u00e1bban mindent a k\u00f6nyvekb\u0151l tudhattunk meg, m\u00e1ra a leg\u00fajabb felfedez\u00e9sekr\u0151l ak\u00e1r n\u00e9h\u00e1ny \u00f3r\u00e1n bel\u00fcl a vil\u00e1g b\u00e1rmely pontj\u00e1n tudom\u00e1st szerezhet\u00fcnk \u2013 mutatott r\u00e1 az Informatio Scientifica &#8211; Informatio Medicata megnyit\u00f3j\u00e1n dr. Sz\u00e9l \u00c1goston, a Semmelweis Egyetem rektora. A rendezv\u00e9nyt 11. alkalommal rendezte meg a Semmelweis Egyetem K\u00f6zponti K\u00f6nyvt\u00e1ra, az Egyetemi K\u00f6nyvt\u00e1rigazgat\u00f3k Koll\u00e9giuma \u00e9s a Magyar Orvosi K\u00f6nyvt\u00e1rak Sz\u00f6vets\u00e9ge.\u00a0A h\u00e1romnapos konferenci\u00e1n dr. Vasas L\u00edvia, a Semmelweis Egyetem K\u00f6zponti K\u00f6nyvt\u00e1r\u00e1nak kor\u00e1bbi igazgat\u00f3ja, a Magyar Orvosi K\u00f6nyvt\u00e1rak Sz\u00f6vets\u00e9g\u00e9nek eln\u00f6ke k\u00f6sz\u00f6nt\u00f6tte a r\u00e9sztvev\u0151ket.\u00a0<\/p>\n<p><a href=\"https:\/\/semmelweis.hu\/hirek\/files\/2014\/09\/RS22930_KA-20140925-IMG_0544-informatio-medicata-konferencia-scr.jpg\"><img loading=\"lazy\" decoding=\"async\" class=\"alignleft size-medium wp-image-33114\" src=\"https:\/\/semmelweis.hu\/hirek\/files\/2014\/09\/RS22930_KA-20140925-IMG_0544-informatio-medicata-konferencia-scr-300x199.jpg\" alt=\"RS22930_KA-20140925-IMG_0544-informatio-medicata-konferencia-scr\" width=\"300\" height=\"199\" srcset=\"https:\/\/semmelweis.hu\/hirek\/files\/2014\/09\/RS22930_KA-20140925-IMG_0544-informatio-medicata-konferencia-scr-300x199.jpg 300w, https:\/\/semmelweis.hu\/hirek\/files\/2014\/09\/RS22930_KA-20140925-IMG_0544-informatio-medicata-konferencia-scr-600x400.jpg 600w, https:\/\/semmelweis.hu\/hirek\/files\/2014\/09\/RS22930_KA-20140925-IMG_0544-informatio-medicata-konferencia-scr-450x300.jpg 450w, https:\/\/semmelweis.hu\/hirek\/files\/2014\/09\/RS22930_KA-20140925-IMG_0544-informatio-medicata-konferencia-scr.jpg 950w\" sizes=\"auto, (max-width: 300px) 100vw, 300px\" \/><\/a>A k\u00f6nyv ma egyre kev\u00e9sb\u00e9 inform\u00e1ci\u00f3forr\u00e1s, sokkal ink\u00e1bb a sz\u00f3rakoz\u00e1s eszk\u00f6ze &#8211; mondta dr. Sz\u00e9l \u00c1goston, hozz\u00e1t\u00e9ve, hogy a tudom\u00e1nyos inform\u00e1ci\u00f3k v\u00e1ltoz\u00e9konys\u00e1ga nem is mindig teszi lehet\u0151v\u00e9, hogy egy k\u00f6nyv megjelen\u00e9s\u00e9t meg lehessen v\u00e1rni. A rektor \u00fagy fogalmazott, a k\u00f6nyv ir\u00e1nti tisztelet\u00e9t Leonardo da Vinci szavaival lehetne legink\u00e1bb kifejezni: \u201ecsak eszednek \u00e9s lelkednek olvas\u00e1s \u00fatj\u00e1n nyert kincse jelenti az igazi gazdags\u00e1got, mert ez nem v\u00e9sz el \u00e9s nem hagy el soha.\u201d<\/p>\n<p>Dr. Csermely P\u00e9ter, az Orvosi Vegytani, Molekul\u00e1ris Biol\u00f3giai \u00e9s Patobiok\u00e9miai Int\u00e9zet egyetemi tan\u00e1ra nyit\u00f3 el\u0151ad\u00e1s\u00e1ban a h\u00e1l\u00f3zatok dinamik\u00e1j\u00e1t mutatta be, valamint azt a k\u00e9rd\u00e9st j\u00e1rta k\u00f6r\u00fcl, hogy a h\u00e1l\u00f3zatok mik\u00e9nt alkalmazkodnak a megv\u00e1ltozott k\u00f6r\u00fclm\u00e9nyekhez. Munkacsoportj\u00e1val egyebek mellett arra volt k\u00edv\u00e1ncsi, mit tesznek a h\u00e1l\u00f3zatok egy felmer\u00fcl\u0151 v\u00e1ls\u00e1g eset\u00e9n. P\u00e9ldak\u00e9nt eml\u00edtette, hogy az \u00e9leszt\u0151 sejt feh\u00e9rje-feh\u00e9rje k\u00f6lcs\u00f6nhat\u00e1si h\u00e1l\u00f3zatait vizsg\u00e1lva kimutatt\u00e1k: amikor az \u00e9leszt\u0151 sejt stresszt \u00e9l \u00e1t, a feh\u00e9rj\u00e9k egym\u00e1ssal jobban \u00f6sszetart\u00f3 csoportokat, feh\u00e9rjekomplexeket fejlesztenek ki. Mint kifejtette, sok olyan feh\u00e9rje van, ami stresszhelyzetben a k\u00fcl\u00f6nb\u00f6z\u0151 csoportok k\u00f6z\u00f6tt \u00faj hidakat is kialak\u00edt, ez pedig olyan tanuls\u00e1g, amit mi emberek is megsz\u00edvlelhetn\u00e9nk. \u201eAmikor ugyanis bajba ker\u00fcl\u00fcnk, nem begub\u00f3zni kell, hanem kit\u00e1g\u00edtani a l\u00e1t\u00f3k\u00f6r\u00fcnket \u00e9s kapcsolatokat keresni azokkal az emberekkel, akikkel addig soha nem \u00e9rintkezt\u00fcnk. T\u0151l\u00fck j\u00f6het ugyanis \u00faj inform\u00e1ci\u00f3, \u00e9rdekes megold\u00e1s a felmer\u00fclt probl\u00e9m\u00e1ra\u201d \u2013 hangs\u00falyozta a kutat\u00f3.<\/p>\n<p><a href=\"https:\/\/semmelweis.hu\/hirek\/files\/2014\/09\/RS22934_KA-20140925-IMG_0564-informatio-medicata-konferencia-scr.jpg\"><img loading=\"lazy\" decoding=\"async\" class=\"alignright size-medium wp-image-33113\" src=\"https:\/\/semmelweis.hu\/hirek\/files\/2014\/09\/RS22934_KA-20140925-IMG_0564-informatio-medicata-konferencia-scr-300x199.jpg\" alt=\"RS22934_KA-20140925-IMG_0564-informatio-medicata-konferencia-scr\" width=\"300\" height=\"199\" srcset=\"https:\/\/semmelweis.hu\/hirek\/files\/2014\/09\/RS22934_KA-20140925-IMG_0564-informatio-medicata-konferencia-scr-300x199.jpg 300w, https:\/\/semmelweis.hu\/hirek\/files\/2014\/09\/RS22934_KA-20140925-IMG_0564-informatio-medicata-konferencia-scr-600x400.jpg 600w, https:\/\/semmelweis.hu\/hirek\/files\/2014\/09\/RS22934_KA-20140925-IMG_0564-informatio-medicata-konferencia-scr-450x300.jpg 450w, https:\/\/semmelweis.hu\/hirek\/files\/2014\/09\/RS22934_KA-20140925-IMG_0564-informatio-medicata-konferencia-scr.jpg 950w\" sizes=\"auto, (max-width: 300px) 100vw, 300px\" \/><\/a>Dr. Csermely P\u00e9ter arra is felh\u00edvta a figyelmet, hogy a sz\u00e9les k\u00f6r\u0171 kapcsolatrendszer ki\u00e9p\u00edt\u00e9s\u00e9hez a pozit\u00edv \u00f6n\u00e9rt\u00e9kel\u00e9s elengedhetetlen, hiszen hidakat csak pozit\u00edv \u00fczenetek terjeszt\u00e9s\u00e9vel lehet k\u00e9pezni. \u201eJ\u00f3 h\u00edr viszont, hogy ez egy \u00f6ner\u0151s\u00edt\u0151 folyamat, hiszen ha pozit\u00edv \u00fczeneteket terjeszt\u00fcnk, fel\u00e9nk is azok \u00e9rkeznek, ennek k\u00f6sz\u00f6nhet\u0151en pedig n\u0151 a pozit\u00edv \u00f6n\u00e9rt\u00e9kel\u00e9s\u00fcnk\u201d \u2013 mondta. Az el\u0151ad\u00e1sb\u00f3l kider\u00fclt: a h\u00e1l\u00f3zat\u00e9p\u00edt\u00e9s egyik legfontosabb strat\u00e9gi\u00e1ja az \u00fajdons\u00e1gkeres\u00e9s, a nyitotts\u00e1g, ez ugyanis a d\u00f6nt\u00e9sek meghozatal\u00e1ban is seg\u00edt. Dr. Csermely P\u00e9ter a h\u00e1l\u00f3zat\u00e9p\u00edt\u00e9s m\u00e1sik strat\u00e9gi\u00e1j\u00e1r\u00f3l, a biztons\u00e1gkeres\u00e9sr\u0151l is sz\u00f3lt, aminek sor\u00e1n egy sz\u0171k, z\u00e1rt k\u00f6rt \u00e9p\u00edt\u00fcnk fel a megl\u00e9v\u0151 kapcsolatainkb\u00f3l. A megv\u00e1ltozott helyzethez val\u00f3 alkalmazkod\u00e1s titka a k\u00e9t strat\u00e9gia egy\u00fcttes haszn\u00e1lata \u2013 \u00f6sszegzett az el\u0151ad\u00f3.<\/p>\n<p><a href=\"https:\/\/semmelweis.hu\/hirek\/files\/2014\/09\/RS22943_KA-20140926-IMG_2101-informatio-medicata-kongresszus-scr.jpg\"><img loading=\"lazy\" decoding=\"async\" class=\"alignleft size-medium wp-image-33112\" src=\"https:\/\/semmelweis.hu\/hirek\/files\/2014\/09\/RS22943_KA-20140926-IMG_2101-informatio-medicata-kongresszus-scr-200x300.jpg\" alt=\"RS22943_KA-20140926-IMG_2101-informatio-medicata-kongresszus-scr\" width=\"200\" height=\"300\" srcset=\"https:\/\/semmelweis.hu\/hirek\/files\/2014\/09\/RS22943_KA-20140926-IMG_2101-informatio-medicata-kongresszus-scr-200x300.jpg 200w, https:\/\/semmelweis.hu\/hirek\/files\/2014\/09\/RS22943_KA-20140926-IMG_2101-informatio-medicata-kongresszus-scr-266x400.jpg 266w, https:\/\/semmelweis.hu\/hirek\/files\/2014\/09\/RS22943_KA-20140926-IMG_2101-informatio-medicata-kongresszus-scr.jpg 500w\" sizes=\"auto, (max-width: 200px) 100vw, 200px\" \/><\/a>A konferencia m\u00e1sodik napj\u00e1t dr. Moln\u00e1r M\u00e1ria Judit tudom\u00e1nyos\u00a0rektorhelyettes nyitotta meg, aki k\u00f6sz\u00f6nt\u0151j\u00e9ben kiemelte, hogy az inform\u00e1ci\u00f3s technol\u00f3gia egyre nagyobb szerepet j\u00e1tszik a fels\u0151oktat\u00e1sban \u00e9s az orvosl\u00e1sban. \u201eEz egy rendk\u00edv\u00fcl aktu\u00e1lis t\u00e9ma, hiszen l\u00e9p\u00e9st kell tartani a vil\u00e1ggal, l\u00e1ttatni kell a kutat\u00f3ink publik\u00e1ci\u00f3it, c\u00e9l pedig, hogy eredm\u00e9nyeik min\u00e9l t\u00f6bb helyre eljussanak\u201d \u2013 fogalmazott a rektorhelyettes. Hozz\u00e1tette: az inform\u00e1ci\u00f3s technol\u00f3gia az egyetemek sz\u00e1m\u00e1ra rendk\u00edv\u00fcl fontos, strat\u00e9giai jelent\u0151s\u00e9g\u0171 eszk\u00f6z, amely az int\u00e9zm\u00e9nyek tudom\u00e1nyos tev\u00e9kenys\u00e9g\u00e9nek nemzetk\u00f6zi meg\u00edt\u00e9l\u00e9s\u00e9t is pozit\u00edvan befoly\u00e1solja. Dr. Moln\u00e1r M\u00e1ria Judit eredm\u00e9nyk\u00e9nt \u00e9rt\u00e9kelte, hogy a hazai nagy egyetemek ugyanazt az \u2013 egyre t\u00f6bb kutat\u00f3 adatait tartalmaz\u00f3 \u2013 adatb\u00e1zist haszn\u00e1lj\u00e1k.<\/p>\n<p>Mint arra Szluka P\u00e9ter, a Semmelweis Egyetem K\u00f6zponti K\u00f6nyvt\u00e1r f\u0151igazgat\u00f3ja a Informatio Scientifica \u2013 Informatio Medicata h\u00e1romnapos rendezv\u00e9ny\u00a0<a href=\"http:\/\/lib.semmelweis.hu\/app\/getFile&amp;id=2165\" target=\"_blank\">programf\u00fczet\u00e9ben<\/a> r\u00e1mutatott, id\u00e9n az\u00a0Open Access-Open Science volt a f\u0151 t\u00e9mak\u00f6r, melyet a kiad\u00f3k, a szolg\u00e1ltat\u00f3k,\u00a0a k\u00f6nyvt\u00e1rosok \u00e9s a felhaszn\u00e1l\u00f3k szemsz\u00f6g\u00e9b\u0151l mutattak be a Balassi Int\u00e9zetben. A szakmai el\u0151ad\u00e1sokon \u00e9s a workshopokon t\u00f6bb mint n\u00e9gysz\u00e1zan vettek r\u00e9szt, akik a ki\u00e1ll\u00edt\u00e1sokon szem\u00e9lyesen is tal\u00e1lkozhattak a hazai \u00e9s k\u00fclf\u00f6ldi kiad\u00f3k, illetve tartalomszolg\u00e1ltat\u00f3k k\u00e9pvisel\u0151ivel. A konferencia c\u00e9lja, hogy lehet\u0151s\u00e9get biztos\u00edtson a fels\u0151oktat\u00e1sban dolgoz\u00f3 egyetemi k\u00f6nyvt\u00e1rosoknak, kutat\u00f3munk\u00e1t v\u00e9gz\u0151knek a k\u00f6nyvt\u00e1ri, kutat\u00f3i k\u00e9rd\u00e9sek megvitat\u00e1s\u00e1ra, k\u00fcl\u00f6nb\u00f6z\u0151 innov\u00e1ci\u00f3k megismer\u00e9s\u00e9re \u00e9s a szakmai tapasztalatcser\u00e9re.\u00a0<\/p>\n<p>Mozer M\u00e1ria<\/p>\n<p>Fot\u00f3: Kov\u00e1cs Attila &#8211; Semmelweis Egyetem<\/p>\n","protected":false},"excerpt":{"rendered":"<p>Paradigmav\u00e1lt\u00e1s t\u00f6rt\u00e9nt az elm\u00falt \u00e9vtizedekben a tudom\u00e1nyos inform\u00e1ci\u00f3k ter\u00e9n, hiszen m\u00edg kor\u00e1bban mindent a k\u00f6nyvekb\u0151l tudhattunk meg, m\u00e1ra a leg\u00fajabb felfedez\u00e9sekr\u0151l ak\u00e1r n\u00e9h\u00e1ny \u00f3r\u00e1n bel\u00fcl a vil\u00e1g b\u00e1rmely pontj\u00e1n tudom\u00e1st szerezhet\u00fcnk \u2013 mutatott r\u00e1 az Informatio Scientifica &#8211; Informatio Medicata megnyit\u00f3j\u00e1n dr. Sz\u00e9l \u00c1goston, a Semmelweis Egyetem rektora. A rendezv\u00e9nyt 11. alkalommal rendezte meg a &hellip;<\/p>\n","protected":false},"author":280,"featured_media":33117,"comment_status":"closed","ping_status":"closed","sticky":false,"template":"","format":"standard","meta":{"_acf_changed":false,"footnotes":""},"categories":[161,168],"tags":[188],"class_list":["post-33110","post","type-post","status-publish","format-standard","has-post-thumbnail","hentry","category-tudomany","category-kiemelt","tag-tudomanyos-hirek-rendezvenyek"],"acf":[],"_links":{"self":[{"href":"https:\/\/semmelweis.hu\/hirek\/wp-json\/wp\/v2\/posts\/33110","targetHints":{"allow":["GET"]}}],"collection":[{"href":"https:\/\/semmelweis.hu\/hirek\/wp-json\/wp\/v2\/posts"}],"about":[{"href":"https:\/\/semmelweis.hu\/hirek\/wp-json\/wp\/v2\/types\/post"}],"author":[{"embeddable":true,"href":"https:\/\/semmelweis.hu\/hirek\/wp-json\/wp\/v2\/users\/280"}],"replies":[{"embeddable":true,"href":"https:\/\/semmelweis.hu\/hirek\/wp-json\/wp\/v2\/comments?post=33110"}],"version-history":[{"count":6,"href":"https:\/\/semmelweis.hu\/hirek\/wp-json\/wp\/v2\/posts\/33110\/revisions"}],"predecessor-version":[{"id":33121,"href":"https:\/\/semmelweis.hu\/hirek\/wp-json\/wp\/v2\/posts\/33110\/revisions\/33121"}],"wp:featuredmedia":[{"embeddable":true,"href":"https:\/\/semmelweis.hu\/hirek\/wp-json\/wp\/v2\/media\/33117"}],"wp:attachment":[{"href":"https:\/\/semmelweis.hu\/hirek\/wp-json\/wp\/v2\/media?parent=33110"}],"wp:term":[{"taxonomy":"category","embeddable":true,"href":"https:\/\/semmelweis.hu\/hirek\/wp-json\/wp\/v2\/categories?post=33110"},{"taxonomy":"post_tag","embeddable":true,"href":"https:\/\/semmelweis.hu\/hirek\/wp-json\/wp\/v2\/tags?post=33110"}],"curies":[{"name":"wp","href":"https:\/\/api.w.org\/{rel}","templated":true}]}}