{"id":31907,"date":"2014-08-07T12:18:22","date_gmt":"2014-08-07T10:18:22","guid":{"rendered":"http:\/\/semmelweis.hu\/hirek\/?p=31907"},"modified":"2018-07-17T14:06:18","modified_gmt":"2018-07-17T12:06:18","slug":"a-kutatoi-kapacitas-novelese-elengedhetetlen-dr-szabo-dora-az-orvosi-mikrobiologiai-intezet-uj-igazgatoja","status":"publish","type":"post","link":"https:\/\/semmelweis.hu\/hirek\/2014\/08\/07\/a-kutatoi-kapacitas-novelese-elengedhetetlen-dr-szabo-dora-az-orvosi-mikrobiologiai-intezet-uj-igazgatoja\/","title":{"rendered":"A kutat\u00f3i kapacit\u00e1s n\u00f6vel\u00e9se elengedhetetlen \u2013 dr. Szab\u00f3 D\u00f3ra, az Orvosi Mikrobiol\u00f3giai Int\u00e9zet \u00faj igazgat\u00f3ja"},"content":{"rendered":"<p>Az egyetemek rangsoraiban el\u00e9rt helyez\u00e9shez jelent\u0151sen hozz\u00e1j\u00e1rul, hogy az egyes int\u00e9zetek kutat\u00f3i milyen eredm\u00e9nyeket tudnak felmutatni, ez\u00e9rt a hazai \u00e9s nemzetk\u00f6zi kapcsolatok er\u0151s\u00edt\u00e9s\u00e9vel nek\u00fcnk is a tudom\u00e1nyos munka \u00e9l\u00e9nk\u00edt\u00e9s\u00e9re kell t\u00f6rekedn\u00fcnk \u2013 mondja az Orvosi Mikrobiol\u00f3giai Int\u00e9zet \u00fajonnan kinevezett igazgat\u00f3ja. Dr. Szab\u00f3 D\u00f3ra emellett az orvosi mikrobiol\u00f3gia t\u00e1rgy klinikai szeml\u00e9let\u0171 oktat\u00e1s\u00e1t is szeretn\u00e9 el\u0151t\u00e9rbe helyezni.<\/p>\n<p><a href=\"https:\/\/semmelweis.hu\/hirek\/files\/2014\/08\/RS21287_KA-20140718-IMG_7274-szabo-dora-scr.jpg\"><img loading=\"lazy\" decoding=\"async\" class=\"alignleft size-medium wp-image-31912\" src=\"https:\/\/semmelweis.hu\/hirek\/files\/2014\/08\/RS21287_KA-20140718-IMG_7274-szabo-dora-scr-200x300.jpg\" alt=\"RS21287_KA-20140718-IMG_7274-szabo-dora-scr\" width=\"200\" height=\"300\" srcset=\"https:\/\/semmelweis.hu\/hirek\/files\/2014\/08\/RS21287_KA-20140718-IMG_7274-szabo-dora-scr-200x300.jpg 200w, https:\/\/semmelweis.hu\/hirek\/files\/2014\/08\/RS21287_KA-20140718-IMG_7274-szabo-dora-scr-266x400.jpg 266w, https:\/\/semmelweis.hu\/hirek\/files\/2014\/08\/RS21287_KA-20140718-IMG_7274-szabo-dora-scr.jpg 500w\" sizes=\"auto, (max-width: 200px) 100vw, 200px\" \/><\/a>A Semmelweis Egyetem kutat\u00f3-elitegyetem, ez\u00e9rt int\u00e9zet\u00fcnkben is er\u0151s\u00edteni kell a tudom\u00e1nyos \u00e9letet a kutat\u00f3k \u00e9s a projektek sz\u00e1m\u00e1nak n\u00f6vel\u00e9s\u00e9vel \u2013 mutat r\u00e1 dr. Szab\u00f3 D\u00f3ra, aki k\u00f6zel h\u00fasz \u00e9ve vesz r\u00e9szt az int\u00e9zet \u00e9let\u00e9ben. \u201eAz int\u00e9zetek meg\u00edt\u00e9l\u00e9s\u00e9ben az impakt faktoroknak \u00f3ri\u00e1si szerep\u00fck van. Az egyetem akkor tudja fenntartani j\u00f3 h\u00edrnev\u00e9t, illetve vonzani a tehets\u00e9ges hazai \u00e9s k\u00fclf\u00f6ldi hallgat\u00f3kat, ha meg\u0151rzi kutat\u00f3-elitegyetem poz\u00edci\u00f3j\u00e1t, ehhez pedig minden int\u00e9zetnek hozz\u00e1 kell tennie\u201d \u2013 v\u00e9lekedik az \u00faj igazgat\u00f3, aki elismeri, ez hosszadalmas folyamat \u00e9s sok finansz\u00edroz\u00e1si k\u00e9rd\u00e9st is felvet. Dr. Szab\u00f3 D\u00f3ra c\u00e9lja a tudom\u00e1nyos egy\u00fcttm\u0171k\u00f6d\u00e9sek er\u0151s\u00edt\u00e9se egyetemen bel\u00fcl \u00e9s k\u00edv\u00fcl, bele\u00e9rtve a nemzetk\u00f6zi kooper\u00e1ci\u00f3kat is. Szerinte az eredm\u00e9nyess\u00e9ghez sz\u00fcks\u00e9ges az is, hogy az int\u00e9zet min\u00e9l t\u00f6bb oktat\u00f3ja \u00e9s kutat\u00f3ja rendelkezzen tudom\u00e1nyos fokozattal.<\/p>\n<p><a href=\"https:\/\/semmelweis.hu\/hirek\/files\/2014\/08\/RS21422_IMG_4486-scr.jpg\"><img loading=\"lazy\" decoding=\"async\" class=\"alignright size-medium wp-image-31914\" src=\"https:\/\/semmelweis.hu\/hirek\/files\/2014\/08\/RS21422_IMG_4486-scr-300x199.jpg\" alt=\"RS21422_IMG_4486-scr\" width=\"300\" height=\"199\" srcset=\"https:\/\/semmelweis.hu\/hirek\/files\/2014\/08\/RS21422_IMG_4486-scr-300x199.jpg 300w, https:\/\/semmelweis.hu\/hirek\/files\/2014\/08\/RS21422_IMG_4486-scr-600x400.jpg 600w, https:\/\/semmelweis.hu\/hirek\/files\/2014\/08\/RS21422_IMG_4486-scr-450x300.jpg 450w, https:\/\/semmelweis.hu\/hirek\/files\/2014\/08\/RS21422_IMG_4486-scr.jpg 950w\" sizes=\"auto, (max-width: 300px) 100vw, 300px\" \/><\/a>Az \u00faj k\u00f3rokoz\u00f3k, illetve a k\u00fcl\u00f6nb\u00f6z\u0151 antibiotikumokra ellen\u00e1ll\u00f3v\u00e1 v\u00e1l\u00f3 bakt\u00e9riumok megjelen\u00e9se is mutatja, hogy a mikrobiol\u00f3gia napjainkban is egy rendk\u00edv\u00fcl fontos \u00e9s folyamatosan fejl\u0151d\u0151 tudom\u00e1ny\u00e1g \u2013 mutat r\u00e1 az igazgat\u00f3, akinek kutat\u00e1si ter\u00fclete is ezzel f\u00fcgg \u00f6ssze. Eddigi eredm\u00e9nyei \u00faj, a hagyom\u00e1nyos gy\u00f3gyszerekkel szemben rezisztenss\u00e9 v\u00e1lt bakt\u00e9riumok ellen is hat\u00e9kony antibiotikumok kifejleszt\u00e9s\u00e9hez j\u00e1rulhatnak hozz\u00e1 a j\u00f6v\u0151ben. Munkacsoportj\u00e1val arra keresi a magyar\u00e1zatot, hogy mik\u00e9nt v\u00e1lik az antibiotikumokkal szemben ellen\u00e1ll\u00f3v\u00e1 egy k\u00f3rokoz\u00f3. Terve ezen k\u00edv\u00fcl a b\u00e9lfl\u00f3ra szerep\u00e9nek vizsg\u00e1lata, hiszen ebben a t\u00e9m\u00e1ban \u2013 mint fogalmaz \u2013 m\u00e9g rengeteg a fel nem der\u00edtett ter\u00fclet.<\/p>\n<p><a href=\"https:\/\/semmelweis.hu\/hirek\/files\/2014\/08\/RS21282_KA-20140718-IMG_7339-szabo-dora-scr.jpg\"><img loading=\"lazy\" decoding=\"async\" class=\"alignleft wp-image-31911 size-medium\" src=\"https:\/\/semmelweis.hu\/hirek\/files\/2014\/08\/RS21282_KA-20140718-IMG_7339-szabo-dora-scr-200x300.jpg\" alt=\"RS21282_KA-20140718-IMG_7339-szabo-dora-scr\" width=\"200\" height=\"300\" srcset=\"https:\/\/semmelweis.hu\/hirek\/files\/2014\/08\/RS21282_KA-20140718-IMG_7339-szabo-dora-scr-200x300.jpg 200w, https:\/\/semmelweis.hu\/hirek\/files\/2014\/08\/RS21282_KA-20140718-IMG_7339-szabo-dora-scr-266x400.jpg 266w, https:\/\/semmelweis.hu\/hirek\/files\/2014\/08\/RS21282_KA-20140718-IMG_7339-szabo-dora-scr.jpg 500w\" sizes=\"auto, (max-width: 200px) 100vw, 200px\" \/><\/a>Az orvosi mikrobiol\u00f3gia mindh\u00e1rom karon harmad\u00e9ves tant\u00e1rgy, melyet magyar, n\u00e9met \u00e9s angol nyelven is oktatunk. Tervem ez\u00e9rt \u00faj munkat\u00e1rsak bevon\u00e1sa \u00fagy a kutat\u00f3, mint az oktat\u00f3 munk\u00e1ba \u2013 sz\u00e1mol be dr. Szab\u00f3 D\u00f3ra. Szerinte a mikrobiol\u00f3giai tananyag elsaj\u00e1t\u00edt\u00e1sa nem k\u00f6nny\u0171, ez\u00e9rt is szeretn\u00e9 bevezetni a klinikai szeml\u00e9let\u0171 oktat\u00e1st, melynek sor\u00e1n azt is megismerhetik a hallgat\u00f3k, hogy mik\u00e9nt kapcsol\u00f3dik a mikrobiol\u00f3gia a val\u00f3 \u00e9lethez. \u00cdgy \u2013 mint mondja \u2013 az egyetem elv\u00e9gz\u00e9se ut\u00e1n mind a betegell\u00e1t\u00e1sban, mind a kutat\u00e1sban jobban tudj\u00e1k majd hasznos\u00edtani a megszerzett tud\u00e1sukat. \u201eAz oktat\u00e1st konkr\u00e9t esetek bemutat\u00e1s\u00e1val a jelenlegin\u00e9l k\u00f6zelebb kell hozni a klinikai szeml\u00e9lethez, az esetismertet\u00e9sek \u00e9s azok megvitat\u00e1sa ugyanis t\u00falmutat a laborat\u00f3rium falain\u201d \u2013 fogalmaz, hozz\u00e1t\u00e9ve, hogy az\u00e9rt is sz\u00fcks\u00e9ges a mikrobiol\u00f3gia gyakorlati haszn\u00e1t megvil\u00e1g\u00edtani, mert az minden orvosi szakter\u00fclethez kapcsol\u00f3dik.<\/p>\n<p>Dr. Szab\u00f3 D\u00f3ra \u00faj\u00edt\u00f3 tervei mellett a t\u00f6bb mint 65 \u00e9ve \u00f6n\u00e1ll\u00f3 int\u00e9zet hagyom\u00e1nyaival kapcsolatban rem\u00e9ny\u00e9t fejezte ki, hogy a nagy el\u0151d\u00f6k munk\u00e1j\u00e1nak meg\u0151rz\u00e9s\u00e9hez \u0151 is hozz\u00e1j\u00e1rulhat.<\/p>\n<p>Mozer M\u00e1ria<\/p>\n<p>Fot\u00f3: Kov\u00e1cs Attila, K<span style=\"color: #3c3c3c\">iss<\/span>\u00a0Bal\u00e1zs &#8211; Semmelweis Egyetem<\/p>\n","protected":false},"excerpt":{"rendered":"<p>Az egyetemek rangsoraiban el\u00e9rt helyez\u00e9shez jelent\u0151sen hozz\u00e1j\u00e1rul, hogy az egyes int\u00e9zetek kutat\u00f3i milyen eredm\u00e9nyeket tudnak felmutatni, ez\u00e9rt a hazai \u00e9s nemzetk\u00f6zi kapcsolatok er\u0151s\u00edt\u00e9s\u00e9vel nek\u00fcnk is a tudom\u00e1nyos munka \u00e9l\u00e9nk\u00edt\u00e9s\u00e9re kell t\u00f6rekedn\u00fcnk \u2013 mondja az Orvosi Mikrobiol\u00f3giai Int\u00e9zet \u00fajonnan kinevezett igazgat\u00f3ja. Dr. Szab\u00f3 D\u00f3ra emellett az orvosi mikrobiol\u00f3gia t\u00e1rgy klinikai szeml\u00e9let\u0171 oktat\u00e1s\u00e1t is szeretn\u00e9 el\u0151t\u00e9rbe helyezni. &hellip;<\/p>\n","protected":false},"author":280,"featured_media":31910,"comment_status":"closed","ping_status":"closed","sticky":false,"template":"","format":"standard","meta":{"_acf_changed":false,"footnotes":""},"categories":[157,168],"tags":[3996],"class_list":["post-31907","post","type-post","status-publish","format-standard","has-post-thumbnail","hentry","category-semmelweis-vilag","category-kiemelt","tag-interju"],"acf":[],"_links":{"self":[{"href":"https:\/\/semmelweis.hu\/hirek\/wp-json\/wp\/v2\/posts\/31907","targetHints":{"allow":["GET"]}}],"collection":[{"href":"https:\/\/semmelweis.hu\/hirek\/wp-json\/wp\/v2\/posts"}],"about":[{"href":"https:\/\/semmelweis.hu\/hirek\/wp-json\/wp\/v2\/types\/post"}],"author":[{"embeddable":true,"href":"https:\/\/semmelweis.hu\/hirek\/wp-json\/wp\/v2\/users\/280"}],"replies":[{"embeddable":true,"href":"https:\/\/semmelweis.hu\/hirek\/wp-json\/wp\/v2\/comments?post=31907"}],"version-history":[{"count":6,"href":"https:\/\/semmelweis.hu\/hirek\/wp-json\/wp\/v2\/posts\/31907\/revisions"}],"predecessor-version":[{"id":76532,"href":"https:\/\/semmelweis.hu\/hirek\/wp-json\/wp\/v2\/posts\/31907\/revisions\/76532"}],"wp:featuredmedia":[{"embeddable":true,"href":"https:\/\/semmelweis.hu\/hirek\/wp-json\/wp\/v2\/media\/31910"}],"wp:attachment":[{"href":"https:\/\/semmelweis.hu\/hirek\/wp-json\/wp\/v2\/media?parent=31907"}],"wp:term":[{"taxonomy":"category","embeddable":true,"href":"https:\/\/semmelweis.hu\/hirek\/wp-json\/wp\/v2\/categories?post=31907"},{"taxonomy":"post_tag","embeddable":true,"href":"https:\/\/semmelweis.hu\/hirek\/wp-json\/wp\/v2\/tags?post=31907"}],"curies":[{"name":"wp","href":"https:\/\/api.w.org\/{rel}","templated":true}]}}