{"id":31758,"date":"2014-07-30T11:42:32","date_gmt":"2014-07-30T09:42:32","guid":{"rendered":"http:\/\/semmelweis.hu\/hirek\/?p=31758"},"modified":"2018-02-20T16:27:05","modified_gmt":"2018-02-20T15:27:05","slug":"dr-gal-janos-meghatarozo-ev-elott-allunk","status":"publish","type":"post","link":"https:\/\/semmelweis.hu\/hirek\/2014\/07\/30\/dr-gal-janos-meghatarozo-ev-elott-allunk\/","title":{"rendered":"Dr. G\u00e1l J\u00e1nos: &#8222;Meghat\u00e1roz\u00f3 \u00e9v el\u0151tt \u00e1llunk&#8221;"},"content":{"rendered":"<p>Meghat\u00e1roz\u00f3 \u00e9v el\u0151tt \u00e1ll a Semmelweis Egyetem &#8211; v\u00e9lekedett dr. G\u00e1l J\u00e1nos, aki &#8211; megn\u00f6vekedett feladatai miatt &#8211; j\u00falius elej\u00e9t\u0151l \u00e1tadta \u00e1ltal\u00e1nos rektorhelyettesi teend\u0151it dr. T\u00edm\u00e1r J\u00f3zsefnek. Klinikai rektorhelyettesk\u00e9nt a k\u00f6vetkez\u0151 id\u0151szak legfontosabb feladat\u00e1nak a Kor\u00e1nyi Projekt sikeres befejez\u00e9s\u00e9t tartja.<\/p>\n<p><a href=\"https:\/\/semmelweis.hu\/hirek\/files\/2014\/07\/RS10214_20130909-IMG_7695-gal-janos-scr.jpg\"><img loading=\"lazy\" decoding=\"async\" class=\"alignleft size-medium wp-image-31762\" src=\"https:\/\/semmelweis.hu\/hirek\/files\/2014\/07\/RS10214_20130909-IMG_7695-gal-janos-scr-200x300.jpg\" alt=\"RS10214_20130909-IMG_7695-gal-janos-scr\" width=\"200\" height=\"300\" srcset=\"https:\/\/semmelweis.hu\/hirek\/files\/2014\/07\/RS10214_20130909-IMG_7695-gal-janos-scr-200x300.jpg 200w, https:\/\/semmelweis.hu\/hirek\/files\/2014\/07\/RS10214_20130909-IMG_7695-gal-janos-scr-266x400.jpg 266w, https:\/\/semmelweis.hu\/hirek\/files\/2014\/07\/RS10214_20130909-IMG_7695-gal-janos-scr.jpg 500w\" sizes=\"auto, (max-width: 200px) 100vw, 200px\" \/><\/a>Dr. G\u00e1l J\u00e1nos v\u00e9lem\u00e9nye szerint az elm\u00falt k\u00e9t \u00e9vben, mi\u00f3ta az \u00faj vezet\u00e9s megkezdte a munk\u00e1t, a Semmelweis Egyetem k\u00fcls\u0151 meg\u00edt\u00e9l\u00e9se javult, stabilit\u00e1sa er\u0151s\u00f6d\u00f6tt. Az int\u00e9zm\u00e9ny egy\u00fcttm\u0171k\u00f6d\u0151 k\u00e9pess\u00e9ge, nyitotts\u00e1ga \u00e9s rugalmass\u00e1ga egy\u00e9rtelm\u0171en jobb lett &#8211; sz\u00f6gezte le. Mint mondta, ezt bizony\u00edtj\u00e1k egyebek mellett az elm\u00falt h\u00f3napokban k\u00f6t\u00f6tt nemzetk\u00f6zi \u00e9s hazai egy\u00fcttm\u0171k\u00f6d\u00e9si meg\u00e1llapod\u00e1sok is. Szavai szerint az \u00faj ir\u00e1nyvonal fontos eleme proaktivit\u00e1s, ami legmark\u00e1nsabban a Kor\u00e1nyi Projektben mutatkozik meg. &#8222;A projekt a neh\u00e9z gazdas\u00e1gi helyzetben is halad el\u0151re. Az egyetem megmutatta, hogy &#8211; az alapkoncepci\u00f3t megtartva &#8211; k\u00e9pes a rugalmas v\u00e1ltoztat\u00e1sokra, \u00fajabb \u00e9s \u00fajabb szakmai alternat\u00edv\u00e1kat felk\u00edn\u00e1lva. Ez bizony\u00edtja a felk\u00e9sz\u00fclts\u00e9g\u00fcnket, valamint mutatja a kompromisszumk\u00e9szs\u00e9g\u00fcnket is. Mindez k\u00f6sz\u00f6nhet\u0151 a projektben r\u00e9szt vev\u0151k mindegyik\u00e9nek a klinikaigazgat\u00f3kt\u00f3l a rektorig&#8221; &#8211; hangs\u00falyozta.<\/p>\n<p>A klinikum \u00e9s az oktat\u00e1s szempontj\u00e1b\u00f3l az elm\u00falt \u00e9v fontos esem\u00e9nyei k\u00f6zt eml\u00edtette a t\u00f6bbi k\u00f6zt a Mellkasseb\u00e9szeti Klinika megalakul\u00e1s\u00e1t, az Uzsoki oktat\u00f3k\u00f3rh\u00e1zz\u00e1 min\u0151s\u00edt\u00e9s\u00e9t, valamint az egy\u00fcttm\u0171k\u00f6d\u00e9s kib\u0151v\u00edt\u00e9s\u00e9t a Honv\u00e9dk\u00f3rh\u00e1zzal. Az egy\u00fcttm\u0171k\u00f6d\u00e9sek l\u00e9nyeges eleme, hogy k\u00f6zben mi is fejl\u0151d\u00fcnk &#8211; jelezte. Dr. G\u00e1l J\u00e1nos kiemelte: b\u00fcszke arra, hogy az egyetemen magas szint\u0171 a betegell\u00e1t\u00e1s, \u00e9s az int\u00e9zm\u00e9ny minden esetlegesen felmer\u00fcl\u0151 probl\u00e9m\u00e1t tud menedzselni, annak ellen\u00e9re, hogy ezen a ter\u00fcleten egyre nehezebb k\u00f6r\u00fclm\u00e9nyek k\u00f6z\u00f6tt dolgoznak \u00e9s egyre nagyobbak az elv\u00e1r\u00e1sok.<\/p>\n<p><a href=\"https:\/\/semmelweis.hu\/hirek\/files\/2014\/07\/RS10213_20130909-IMG_7702-gal-janos-scr.jpg\"><img loading=\"lazy\" decoding=\"async\" class=\"size-medium wp-image-31761 alignright\" src=\"https:\/\/semmelweis.hu\/hirek\/files\/2014\/07\/RS10213_20130909-IMG_7702-gal-janos-scr-300x199.jpg\" alt=\"RS10213_20130909-IMG_7702-gal-janos-scr\" width=\"300\" height=\"199\" srcset=\"https:\/\/semmelweis.hu\/hirek\/files\/2014\/07\/RS10213_20130909-IMG_7702-gal-janos-scr-300x199.jpg 300w, https:\/\/semmelweis.hu\/hirek\/files\/2014\/07\/RS10213_20130909-IMG_7702-gal-janos-scr-600x400.jpg 600w, https:\/\/semmelweis.hu\/hirek\/files\/2014\/07\/RS10213_20130909-IMG_7702-gal-janos-scr-450x300.jpg 450w, https:\/\/semmelweis.hu\/hirek\/files\/2014\/07\/RS10213_20130909-IMG_7702-gal-janos-scr.jpg 950w\" sizes=\"auto, (max-width: 300px) 100vw, 300px\" \/><\/a>Javaslat\u00e1ra a klinikumban id\u00e9n megjelent egy \u00faj vezet\u0151i szint, az orvos-f\u0151igazgat\u00f3\u00e9. Poz\u00edci\u00f3ban \u00e9s rangban a klinikai k\u00e9pviseltnek meg kell er\u0151s\u00f6dnie az egyetemen bel\u00fcl, ennek &#8222;kifel\u00e9&#8221; is nagy jelent\u0151s\u00e9ge van &#8211; k\u00f6z\u00f6lte. Dr. Hermann Csab\u00e1t &#8211; akivel kor\u00e1bban is dolgozott m\u00e1r egy\u00fctt &#8211; kiv\u00e1l\u00f3 \u00e9s tapasztalt szakembernek tartja. &#8222;Munk\u00e1ja sor\u00e1n az \u00f6sszegyetemi \u00e9rdeket kell n\u00e9znie, fel\u00fclemelkedve a klinikai \u00e9rdekeken. Vezet\u0151k\u00e9nt sokszor ker\u00fcltem \u00e9n is ilyen helyzetbe, hogy az Aneszteziol\u00f3giai \u00e9s Intenz\u00edv Ter\u00e1pi\u00e1s Klinik\u00e1val szemben kellett d\u00f6nt\u00e9seket hoznom. Ez neh\u00e9z feladat, de tudom, hogy megoldja&#8221; &#8211; fogalmazott. Kit\u00e9rt arra: az \u00e1talak\u00edt\u00e1s m\u00e9g nem z\u00e1rult le a klinikum ter\u00fclet\u00e9n. A Klinikai K\u00f6zpont alapstrukt\u00far\u00e1ja elmond\u00e1sa szerint biztosan nem v\u00e1ltozik, de az operat\u00edv m\u0171k\u00f6dtet\u00e9sben sz\u00fcks\u00e9g van \u00e1talak\u00edt\u00e1sra, annak \u00e9rdek\u00e9ben, hogy gyorsabban reag\u00e1ljanak a v\u00e1ltoz\u00e1sokra. Megjegyezte azt is, hogy a klinikai vezet\u0151i csapat nagyon konstrukt\u00edv \u00e9s egy\u00fcttm\u0171k\u00f6d\u0151.<\/p>\n<p>Dr. G\u00e1l J\u00e1nos az elm\u00falt egy \u00e9vben nemcsak klinikai rektorhelyettes volt, hanem az \u00e1ltal\u00e1nos rektorhelyettesi teend\u0151ket is ell\u00e1tta. Megsokszoroz\u00f3dott feladatai miatt azonban azt k\u00e9rte dr. Sz\u00e9l \u00c1gostont\u00f3l, hogy ossz\u00e1k \u00fajra a munk\u00e1t a rektorhelyettesek k\u00f6z\u00f6tt \u00e9s ezt vel\u00fck is egyeztetette. V\u00e9g\u00fcl dr. T\u00edm\u00e1r J\u00f3zsef aj\u00e1nlotta fel a seg\u00edts\u00e9g\u00e9t \u00e9s vette \u00e1t az \u00e1ltal\u00e1nos rektorhelyettesi teend\u0151ket. A szem\u00e9ly\u00e9hez k\u00f6t\u0151d\u0151 pluszfeladatok k\u00f6z\u00f6tt eml\u00edtette a Kor\u00e1nyi Projekt fel\u00fcgyelet\u00e9t, a Semmelweis \u00e9s a K\u00f6zszolg\u00e1lati Egyetem egy\u00fcttm\u0171k\u00f6d\u00e9s\u00e9nek ir\u00e1ny\u00edt\u00e1s\u00e1t, a kapcsolattart\u00e1st a tov\u00e1bbi egy\u00fcttm\u0171k\u00f6d\u00e9s koordin\u00e1l\u00e1s\u00e1t a NATO-val, az egyetem k\u00e9pviselet\u00e9t a Hungarikum Sz\u00f6vets\u00e9gben, a megb\u00edzott vezet\u0151k\u00e9nt Honv\u00e9d-, Katasztr\u00f3fa- \u00e9s Rendv\u00e9delem Orvostan Tansz\u00e9k ki\u00e9p\u00edt\u00e9s\u00e9t, a Magyar K\u00f3rh\u00e1zsz\u00f6vets\u00e9gben kapott szakmai feladatokat, a s\u00fcrg\u0151ss\u00e9gi ell\u00e1t\u00e1s rendszer\u00e9nek kialak\u00edt\u00e1s\u00e1t, valamint az ezen a ter\u00fcleten l\u00e9trej\u00f6tt hazai \u00e9s nemzetk\u00f6zi kapcsolatok tov\u00e1bb\u00e9p\u00edt\u00e9s\u00e9t.<\/p>\n<p>Dr. G\u00e1l J\u00e1nos a k\u00f6zelj\u00f6v\u0151 legfontosabb feladat\u00e1nak a Kor\u00e1nyi Projekt sikeres befejez\u00e9s\u00e9t tekinti. Felh\u00edvta a figyelmet arra, hogy a k\u00f6vetkez\u0151 n\u00e9h\u00e1ny h\u00f3napban d\u0151l el, hogyan fog m\u0171k\u00f6dni a s\u00fcrg\u0151ss\u00e9gi k\u00f6zpont. &#8222;Az \u00e9p\u00fclet m\u00e1r \u00e1ll, most t\u00f6ltj\u00fck meg tartalommal. Ez \u00f3ri\u00e1si kih\u00edv\u00e1s tele buktat\u00f3kkal, neh\u00e9zs\u00e9gekkel. Nagy sz\u00fcks\u00e9g lesz az \u00f6sszefog\u00e1sra, hogy olyan \u00faj egys\u00e9g j\u00f6jj\u00f6n l\u00e9tre, amely a betegek sz\u00e1m\u00e1ra legmagasabb szint\u0171 ell\u00e1t\u00e1s\u00e1t tudja majd biztos\u00edtani&#8221; &#8211; v\u00e9lekedett. Sorsford\u00edt\u00f3nak nevezte az egyetem sz\u00e1m\u00e1ra a k\u00f6vetkez\u0151 id\u0151szakot az\u00e9rt is, mert kancell\u00e1r \u00e9rkezik az int\u00e9zm\u00e9nybe.<\/p>\n<p>\u00c1ll\u00e1spontja szerint kulcsfontoss\u00e1g\u00fa sz\u00e1mukra \u00e9s az egyetem j\u00f6v\u0151je tekintet\u00e9ben is a korrekt \u00e9s szoros egy\u00fcttm\u0171k\u00f6d\u00e9s az \u00faj vezet\u0151vel. &#8222;A j\u00f6v\u0151 szempontj\u00e1b\u00f3l meghat\u00e1roz\u00f3 \u00e9v el\u0151tt \u00e1llunk, amelynek tudat\u00e1ban van az egyetem vezet\u00e9se is. Az elm\u00falt k\u00e9t \u00e9v alapj\u00e1n imm\u00e1r rendelkez\u00fcnk a sz\u00fcks\u00e9ges tapasztalattal a v\u00e1ltoz\u00e1sok, kih\u00edv\u00e1sok menedzsel\u00e9se tekintet\u00e9ben. \u00dagy gondolom, ezekre most nagy sz\u00fcks\u00e9g lesz&#8221; &#8211; \u00f6sszegezte a rektorhelyettes.<\/p>\n<p>T\u00f3th-Szab\u00f3 Szilvia<br \/>\nFot\u00f3: Kov\u00e1cs Attila &#8211; Semmelweis Egyetem<\/p>\n<p>Sorozatunkban kor\u00e1bban megjelent a <a href=\"https:\/\/semmelweis.hu\/hirek\/2014\/07\/23\/dr-molnar-maria-judit-az-innovacio-es-a-vallalkozoi-szellem-serkentese-a-cel\/\">Dr. Moln\u00e1r M\u00e1ria Judittal<\/a>, illetve a <a href=\"https:\/\/semmelweis.hu\/hirek\/2014\/07\/16\/az-oktatas-kutatas-gyogyitas-harmasa-napi-szinten-is-szoros-kapcsolatban-van-egymassal\/\">Dr. T\u00edm\u00e1r J\u00f3zseffel<\/a> k\u00e9sz\u00fclt interj\u00fa.<\/p>\n","protected":false},"excerpt":{"rendered":"<p>Meghat\u00e1roz\u00f3 \u00e9v el\u0151tt \u00e1ll a Semmelweis Egyetem &#8211; v\u00e9lekedett dr. G\u00e1l J\u00e1nos, aki &#8211; megn\u00f6vekedett feladatai miatt &#8211; j\u00falius elej\u00e9t\u0151l \u00e1tadta \u00e1ltal\u00e1nos rektorhelyettesi teend\u0151it dr. T\u00edm\u00e1r J\u00f3zsefnek. Klinikai rektorhelyettesk\u00e9nt a k\u00f6vetkez\u0151 id\u0151szak legfontosabb feladat\u00e1nak a Kor\u00e1nyi Projekt sikeres befejez\u00e9s\u00e9t tartja. <a href=\"https:\/\/semmelweis.hu\/hirek\/files\/2014\/07\/RS10214_20130909-IMG_7695-gal-janos-scr.jpg\"><\/a> Dr. G\u00e1l J\u00e1nos v\u00e9lem\u00e9nye szerint az elm\u00falt k\u00e9t \u00e9vben, mi\u00f3ta az \u00faj vezet\u00e9s megkezdte a &hellip;<\/p>\n","protected":false},"author":11,"featured_media":31761,"comment_status":"closed","ping_status":"closed","sticky":false,"template":"","format":"standard","meta":{"_acf_changed":false,"footnotes":""},"categories":[157,168],"tags":[345,3996],"class_list":["post-31758","post","type-post","status-publish","format-standard","has-post-thumbnail","hentry","category-semmelweis-vilag","category-kiemelt","tag-esemenyek-es-beszamolok","tag-interju"],"acf":[],"_links":{"self":[{"href":"https:\/\/semmelweis.hu\/hirek\/wp-json\/wp\/v2\/posts\/31758","targetHints":{"allow":["GET"]}}],"collection":[{"href":"https:\/\/semmelweis.hu\/hirek\/wp-json\/wp\/v2\/posts"}],"about":[{"href":"https:\/\/semmelweis.hu\/hirek\/wp-json\/wp\/v2\/types\/post"}],"author":[{"embeddable":true,"href":"https:\/\/semmelweis.hu\/hirek\/wp-json\/wp\/v2\/users\/11"}],"replies":[{"embeddable":true,"href":"https:\/\/semmelweis.hu\/hirek\/wp-json\/wp\/v2\/comments?post=31758"}],"version-history":[{"count":2,"href":"https:\/\/semmelweis.hu\/hirek\/wp-json\/wp\/v2\/posts\/31758\/revisions"}],"predecessor-version":[{"id":71445,"href":"https:\/\/semmelweis.hu\/hirek\/wp-json\/wp\/v2\/posts\/31758\/revisions\/71445"}],"wp:featuredmedia":[{"embeddable":true,"href":"https:\/\/semmelweis.hu\/hirek\/wp-json\/wp\/v2\/media\/31761"}],"wp:attachment":[{"href":"https:\/\/semmelweis.hu\/hirek\/wp-json\/wp\/v2\/media?parent=31758"}],"wp:term":[{"taxonomy":"category","embeddable":true,"href":"https:\/\/semmelweis.hu\/hirek\/wp-json\/wp\/v2\/categories?post=31758"},{"taxonomy":"post_tag","embeddable":true,"href":"https:\/\/semmelweis.hu\/hirek\/wp-json\/wp\/v2\/tags?post=31758"}],"curies":[{"name":"wp","href":"https:\/\/api.w.org\/{rel}","templated":true}]}}