{"id":31310,"date":"2014-07-15T07:58:16","date_gmt":"2014-07-15T05:58:16","guid":{"rendered":"http:\/\/semmelweis.hu\/hirek\/?p=31310"},"modified":"2026-03-24T08:33:36","modified_gmt":"2026-03-24T07:33:36","slug":"szemelyes-requiem-egy-barat-halalara","status":"publish","type":"post","link":"https:\/\/semmelweis.hu\/hirek\/2014\/07\/15\/szemelyes-requiem-egy-barat-halalara\/","title":{"rendered":"Szem\u00e9lyes requiem egy bar\u00e1t hal\u00e1l\u00e1ra &#8211; Elhunyt de Ch\u00e2tel Rudolf"},"content":{"rendered":"<p>Elhunyt de Ch\u00e2tel Rudolf. A f\u00e9rj, az apa, a testv\u00e9r, a neves belgy\u00f3gy\u00e1sz professzor \u00e9s a bar\u00e1t. P\u00f3tolhatatlan vesztes\u00e9g mind a csal\u00e1dj\u00e1nak, mind a betegeknek, mind a munkat\u00e1rsaknak, mind pedig a Semmelweis Egyetemnek \u00e9s a t\u00e1rsadalomnak. Elhunyt, sz\u00e1munkra nincs t\u00f6bb\u00e9 szeretetre m\u00e9lt\u00f3, komoly, nagy tud\u00e1s\u00fa \u00e9s mindenki \u00e1ltal becs\u00fclt \u00e9s szeretett szem\u00e9lye. Hal\u00e1l\u00e1val egy orvos t\u00e1vozott. Mind kutat\u00f3 munk\u00e1j\u00e1t, mind orvosi t\u00e9nyked\u00e9s\u00e9t a legmagasabb szinten m\u0171velte Kor\u00e1nyi h\u00edres klinik\u00e1j\u00e1nak k\u00e9s\u0151i ut\u00f3dprofesszora.<\/p>\n<p>Egy olyan nemzed\u00e9k \u00e9s koroszt\u00e1ly megtestes\u00edt\u0151je volt, aki az 1956-os forradalom idej\u00e9n m\u00e1r egyetemista volt, \u00e9s b\u00e1r orvos csal\u00e1d tagja, v\u00e9gigszenvedte a h\u00e1bor\u00fa el\u0151tt sz\u00fcletett gyermekek n\u00e9lk\u00fcl\u00f6z\u00e9seit, \u00e9s az \u00faj minden j\u00f3t \u00edg\u00e9r\u0151 kommunista rendszer vissz\u00e1ss\u00e1gait, a k\u00f6telez\u0151 ambivalenci\u00e1ra k\u00e1rhoztatott kett\u0151s viselked\u00e9s \u00e9veit, de mindig h\u0171 maradt hit\u00e9hez, neveltet\u00e9s\u00e9hez, csal\u00e1di hagyom\u00e1nyaihoz. Az \u00e9vfolyamunkon mindenki szerette szer\u00e9ny magabiztoss\u00e1g\u00e1t, intelligenci\u00e1j\u00e1t, rendk\u00edv\u00fcli kedvess\u00e9g\u00e9t \u00e9s szer\u00e9nys\u00e9g\u00e9t, nagy olvasotts\u00e1ggal p\u00e1rosul\u00f3 m\u0171velts\u00e9g\u00e9t \u00e9s nem kev\u00e9sb\u00e9 decens megjelen\u00e9s\u00e9t. Az aranydiploma \u00e1tv\u00e9telekor \u0151 mondta az \u00fcnnepi besz\u00e9det.<\/p>\n<p>Nagy\u00edv\u0171 \u00e9letp\u00e1ly\u00e1t futott be. Egyetemi vezet\u0151i szerepet csak a rendszerv\u00e1lt\u00e1s ut\u00e1n v\u00e1llalt, egyetem\u00fcnk kit\u0171n\u0151, hat\u00e1rozott \u00e9s innovat\u00edv d\u00e9k\u00e1nja volt ebben a felem\u00e1s \u00e9s akad\u00e1lyokkal teli \u00e9vekben.<\/p>\n<p>K\u00e9pzetts\u00e9ge \u00e9s tud\u00e1sa hazai \u00e9s nemzetk\u00f6zi szinten is a legmagasabb ismerts\u00e9ggel \u00e9s elismerts\u00e9ggel p\u00e1rosult. Igazi \u201emindent tud\u00f3\u201d belgy\u00f3gy\u00e1sz volt. Az maradt a sz\u00e1mos specializ\u00e1ci\u00f3 \u00fatveszt\u0151iben is, de annak sz\u00e1mos r\u00e9sz\u00e9t hivat\u00e1sos specialistak\u00e9nt m\u0171velte.<\/p>\n<p>Gener\u00e1ci\u00f3nk k\u00e9pvisel\u0151jek\u00e9nt az utols\u00f3k k\u00f6z\u00f6tt van, aki az orvosi tud\u00e1s\u00e1n k\u00edv\u00fcl a klasszikus hum\u00e1nummal fordult mind a betegek, mind a koll\u00e9g\u00e1k fel\u00e9. Az eg\u00e9sz beteggel, mint integr\u00e1lt szem\u00e9lyis\u00e9ggel foglalkozott, olyan emp\u00e1ti\u00e1val \u00e9s odaad\u00e1ssal, ami oktat\u00f3k\u00e9nt p\u00e9ld\u00e1ul szolg\u00e1lt mind oktat\u00f3 t\u00e1rsainak, mind pedig az orvostanhallgat\u00f3knak Sz\u00e1mos s\u00falyos beteget volt m\u00f3dom seb\u00e9szk\u00e9nt kezelni \u00e9s meggy\u00f3gy\u00edtani. Szem\u00e9lyes \u00e9s elviselhetetlen kudarck\u00e9nt \u00e9lem meg, hogy rajta m\u00e1r csak \u00e9letmeghosszabb\u00edt\u00f3 m\u0171t\u00e9tet v\u00e9gezhettem. Betegs\u00e9g\u00e9r\u0151l mindent tudott. Hihetetlen emberi m\u00e9lt\u00f3s\u00e1ggal viselte betegs\u00e9g\u00e9t, nem l\u00e1zadt, belenyugodott a megv\u00e1ltozhatatlanba. De nem adta fel! A sokszor k\u00ednos \u00e9s nehezen elviselhet\u0151 gy\u00f3gyszer mell\u00e9khat\u00e1sokat is elfogadta, hogy im\u00e1dott feles\u00e9g\u00e9vel \u00e9s le\u00e1ny\u00e1val t\u00f6lthesse a meghosszabb\u00edtani rem\u00e9lt id\u0151t.<\/p>\n<p>Emberi nagys\u00e1g\u00e1t jellemzi, hogy 3 h\u00e9ttel hal\u00e1la el\u0151tt m\u00e9g r\u00e9gi betegeit ell\u00e1tta \u00e9s el is b\u00facs\u00fazott t\u0151l\u00fck.<\/p>\n<p>Az utols\u00f3 l\u00e1togat\u00e1somkor, amikor m\u00e1r \u00e9rezte, hogy nincs tov\u00e1bb, azt mondta, \u201eszeretn\u00e9k m\u00e9g egy kicsit olvasni \u00e9s zen\u00e9t hallgatni\u201d. Ma m\u00e1r nyugodt sz\u00edvvel hallgatja a szf\u00e9r\u00e1k zen\u00e9j\u00e9t\u2026<\/p>\n<p>Elment. Neki m\u00e1r j\u00f3, t\u00f6bb\u00e9 nem szenved.<\/p>\n<p>A h\u00e1tramaradottak, a csal\u00e1d, koll\u00e9g\u00e1k \u00e9s bar\u00e1tok nehezen viselik az \u0171rt, az \u00fcress\u00e9get, amit h\u00e1trahagyott. \u0150 p\u00f3tolhatatlan a csal\u00e1dnak \u00e9s a szakm\u00e1nak is.<\/p>\n<p>Emberi \u00e9rt\u00e9keit, szellemis\u00e9g\u00e9t, szeretet\u00e9t a csal\u00e1d \u00e9s a bar\u00e1tok \u0151rzik eml\u00e9kezet\u00fckben, a szakmai \u00e9rt\u00e9kel\u00e9s az ut\u00f3kor sz\u00e1m\u00e1ra munkat\u00e1rsai feladata.<\/p>\n<p>Rudik\u00e1m! Pihenj b\u00e9k\u00e9ben. Tal\u00e1lkozunk!\u00a0<\/p>\n<p>Perner Ferenc, seb\u00e9sz, professzor emeritus, \u00f6r\u00f6k bar\u00e1tod.<\/p>\n","protected":false},"excerpt":{"rendered":"<p>Elhunyt de Ch\u00e2tel Rudolf. A f\u00e9rj, az apa, a testv\u00e9r, a neves belgy\u00f3gy\u00e1sz professzor \u00e9s a bar\u00e1t. P\u00f3tolhatatlan vesztes\u00e9g mind a csal\u00e1dj\u00e1nak, mind a betegeknek, mind a munkat\u00e1rsaknak, mind pedig a Semmelweis Egyetemnek \u00e9s a t\u00e1rsadalomnak. Elhunyt, sz\u00e1munkra nincs t\u00f6bb\u00e9 szeretetre m\u00e9lt\u00f3, komoly, nagy tud\u00e1s\u00fa \u00e9s mindenki \u00e1ltal becs\u00fclt \u00e9s szeretett szem\u00e9lye. Hal\u00e1l\u00e1val egy orvos &hellip;<\/p>\n","protected":false},"author":13,"featured_media":31311,"comment_status":"closed","ping_status":"closed","sticky":false,"template":"","format":"standard","meta":{"_acf_changed":false,"footnotes":""},"categories":[157],"tags":[345,4108],"class_list":["post-31310","post","type-post","status-publish","format-standard","has-post-thumbnail","hentry","category-semmelweis-vilag","tag-esemenyek-es-beszamolok","tag-gyaszhir"],"acf":[],"_links":{"self":[{"href":"https:\/\/semmelweis.hu\/hirek\/wp-json\/wp\/v2\/posts\/31310","targetHints":{"allow":["GET"]}}],"collection":[{"href":"https:\/\/semmelweis.hu\/hirek\/wp-json\/wp\/v2\/posts"}],"about":[{"href":"https:\/\/semmelweis.hu\/hirek\/wp-json\/wp\/v2\/types\/post"}],"author":[{"embeddable":true,"href":"https:\/\/semmelweis.hu\/hirek\/wp-json\/wp\/v2\/users\/13"}],"replies":[{"embeddable":true,"href":"https:\/\/semmelweis.hu\/hirek\/wp-json\/wp\/v2\/comments?post=31310"}],"version-history":[{"count":2,"href":"https:\/\/semmelweis.hu\/hirek\/wp-json\/wp\/v2\/posts\/31310\/revisions"}],"predecessor-version":[{"id":156849,"href":"https:\/\/semmelweis.hu\/hirek\/wp-json\/wp\/v2\/posts\/31310\/revisions\/156849"}],"wp:featuredmedia":[{"embeddable":true,"href":"https:\/\/semmelweis.hu\/hirek\/wp-json\/wp\/v2\/media\/31311"}],"wp:attachment":[{"href":"https:\/\/semmelweis.hu\/hirek\/wp-json\/wp\/v2\/media?parent=31310"}],"wp:term":[{"taxonomy":"category","embeddable":true,"href":"https:\/\/semmelweis.hu\/hirek\/wp-json\/wp\/v2\/categories?post=31310"},{"taxonomy":"post_tag","embeddable":true,"href":"https:\/\/semmelweis.hu\/hirek\/wp-json\/wp\/v2\/tags?post=31310"}],"curies":[{"name":"wp","href":"https:\/\/api.w.org\/{rel}","templated":true}]}}