{"id":30539,"date":"2014-06-27T11:31:09","date_gmt":"2014-06-27T09:31:09","guid":{"rendered":"http:\/\/semmelweis.hu\/hirek\/?p=30539"},"modified":"2018-07-25T14:07:44","modified_gmt":"2018-07-25T12:07:44","slug":"nyolc-semmelweises-hallgato-is-indul-a-birkozo-egyetemi-vilagbajnoksagon","status":"publish","type":"post","link":"https:\/\/semmelweis.hu\/hirek\/2014\/06\/27\/nyolc-semmelweises-hallgato-is-indul-a-birkozo-egyetemi-vilagbajnoksagon\/","title":{"rendered":"Nyolc Semmelweises hallgat\u00f3 is indul a Birk\u00f3z\u00f3 Egyetemi Vil\u00e1gbajnoks\u00e1gon"},"content":{"rendered":"<p>Harminc orsz\u00e1g t\u00f6bb mint h\u00e1romsz\u00e1z egyetemi hallgat\u00f3ja m\u00e9ri \u00f6ssze erej\u00e9t a 11. Birk\u00f3z\u00f3 Egyetemi Vil\u00e1gbajnoks\u00e1gon j\u00falius 8 \u00e9s 12 k\u00f6z\u00f6tt P\u00e9csett. A viadalon 15 tag\u00fa csapat k\u00e9pviseli Magyarorsz\u00e1got, k\u00f6zt\u00fck a Semmelweis Egyetem hallgat\u00f3i is.<\/p>\n<p>Szabadfog\u00e1sban a magyarok r\u00e9sz\u00e9r\u0151l kilencen indulnak, k\u00f6zt\u00fck B\u00e1bszky Gerg\u0151 (65 kg), Guly\u00e1s Zsombor (70 kg), T\u0151zs\u00e9r S\u00e1ndor (86 kg) \u00e9s Csercsi Rich\u00e1rd (125 kg), a Semmelweis Egyetem di\u00e1kjai is. K\u00f6t\u00f6ttfog\u00e1s versenysz\u00e1mban az SE-r\u0151l L\u0151rincz Tam\u00e1s (71 kg) \u00e9s K\u00e9ri Zolt\u00e1n (80 kg) versenyez majd. A vil\u00e1gbajnoks\u00e1gon n\u0151i birk\u00f3z\u00f3k is indulnak, egyebek mellett a Semmelweises K\u0151r\u00f6si \u00c9va (55 kg) \u00e9s Barka Emese (58 kg) is.<\/p>\n<p><a href=\"https:\/\/semmelweis.hu\/hirek\/files\/2014\/06\/forras_tf.hu_.jpg\"><img loading=\"lazy\" decoding=\"async\" class=\"alignright wp-image-30545 size-medium\" src=\"https:\/\/semmelweis.hu\/hirek\/files\/2014\/06\/forras_tf.hu_-300x187.jpg\" alt=\"forras_tf.hu\" width=\"300\" height=\"187\" srcset=\"https:\/\/semmelweis.hu\/hirek\/files\/2014\/06\/forras_tf.hu_-300x187.jpg 300w, https:\/\/semmelweis.hu\/hirek\/files\/2014\/06\/forras_tf.hu_-600x375.jpg 600w, https:\/\/semmelweis.hu\/hirek\/files\/2014\/06\/forras_tf.hu_-478x300.jpg 478w, https:\/\/semmelweis.hu\/hirek\/files\/2014\/06\/forras_tf.hu_.jpg 1049w\" sizes=\"auto, (max-width: 300px) 100vw, 300px\" \/><\/a>Az el\u0151zetes es\u00e9lyek latolgat\u00e1s\u00e1t megnehez\u00edti, hogy k\u00fclf\u00f6ldr\u0151l sz\u00e1mtalan \u00faj versenyz\u0151 \u00e9rkezik, akiknek teljes\u00edtm\u00e9nye egyel\u0151re nem ismert. Ennek ellen\u00e9re a kapit\u00e1nyok arra t\u00f6rekednek, hogy a maximumot tudj\u00e1k kihozni saj\u00e1t birk\u00f3z\u00f3ikb\u00f3l, \u00edgy a vb-ig h\u00e1tral\u00e9v\u0151 id\u0151szak nagy r\u00e9sz\u00e9t mindh\u00e1rom szak\u00e1g edz\u0151t\u00e1borban t\u00f6lti.<\/p>\n<p>Mozer M\u00e1ria<\/p>\n<p>Fot\u00f3: tf.hu<\/p>\n","protected":false},"excerpt":{"rendered":"<p>Harminc orsz\u00e1g t\u00f6bb mint h\u00e1romsz\u00e1z egyetemi hallgat\u00f3ja m\u00e9ri \u00f6ssze erej\u00e9t a 11. Birk\u00f3z\u00f3 Egyetemi Vil\u00e1gbajnoks\u00e1gon j\u00falius 8 \u00e9s 12 k\u00f6z\u00f6tt P\u00e9csett. A viadalon 15 tag\u00fa csapat k\u00e9pviseli Magyarorsz\u00e1got, k\u00f6zt\u00fck a Semmelweis Egyetem hallgat\u00f3i is. Szabadfog\u00e1sban a magyarok r\u00e9sz\u00e9r\u0151l kilencen indulnak, k\u00f6zt\u00fck B\u00e1bszky Gerg\u0151 (65 kg), Guly\u00e1s Zsombor (70 kg), T\u0151zs\u00e9r S\u00e1ndor (86 kg) \u00e9s Csercsi &hellip;<\/p>\n","protected":false},"author":280,"featured_media":30545,"comment_status":"closed","ping_status":"closed","sticky":false,"template":"","format":"standard","meta":{"_acf_changed":false,"footnotes":""},"categories":[154],"tags":[155],"class_list":["post-30539","post","type-post","status-publish","format-standard","has-post-thumbnail","hentry","category-egeszseg","tag-sport"],"acf":[],"_links":{"self":[{"href":"https:\/\/semmelweis.hu\/hirek\/wp-json\/wp\/v2\/posts\/30539","targetHints":{"allow":["GET"]}}],"collection":[{"href":"https:\/\/semmelweis.hu\/hirek\/wp-json\/wp\/v2\/posts"}],"about":[{"href":"https:\/\/semmelweis.hu\/hirek\/wp-json\/wp\/v2\/types\/post"}],"author":[{"embeddable":true,"href":"https:\/\/semmelweis.hu\/hirek\/wp-json\/wp\/v2\/users\/280"}],"replies":[{"embeddable":true,"href":"https:\/\/semmelweis.hu\/hirek\/wp-json\/wp\/v2\/comments?post=30539"}],"version-history":[{"count":10,"href":"https:\/\/semmelweis.hu\/hirek\/wp-json\/wp\/v2\/posts\/30539\/revisions"}],"predecessor-version":[{"id":30555,"href":"https:\/\/semmelweis.hu\/hirek\/wp-json\/wp\/v2\/posts\/30539\/revisions\/30555"}],"wp:featuredmedia":[{"embeddable":true,"href":"https:\/\/semmelweis.hu\/hirek\/wp-json\/wp\/v2\/media\/30545"}],"wp:attachment":[{"href":"https:\/\/semmelweis.hu\/hirek\/wp-json\/wp\/v2\/media?parent=30539"}],"wp:term":[{"taxonomy":"category","embeddable":true,"href":"https:\/\/semmelweis.hu\/hirek\/wp-json\/wp\/v2\/categories?post=30539"},{"taxonomy":"post_tag","embeddable":true,"href":"https:\/\/semmelweis.hu\/hirek\/wp-json\/wp\/v2\/tags?post=30539"}],"curies":[{"name":"wp","href":"https:\/\/api.w.org\/{rel}","templated":true}]}}