{"id":299,"date":"2004-05-13T12:00:16","date_gmt":"2004-05-13T11:00:16","guid":{"rendered":"http:\/\/semmelweis.hu\/?p=299"},"modified":"2025-10-17T15:41:43","modified_gmt":"2025-10-17T13:41:43","slug":"sikeresen-szerepelt-egyetemunk-a-reha-2004-szakkiallitason","status":"publish","type":"post","link":"https:\/\/semmelweis.hu\/hirek\/2004\/05\/13\/sikeresen-szerepelt-egyetemunk-a-reha-2004-szakkiallitason\/","title":{"rendered":"Sikeresen szerepelt Egyetem\u00fcnk a REHA 2004 szakki\u00e1ll\u00edt\u00e1son"},"content":{"rendered":"<p>Sikeresen szerepelt Egyetem\u00fcnk az idei rehabilit\u00e1ci\u00f3s szakki\u00e1ll\u00edt\u00e1son.\u00a0<\/p>\n<p align=\"left\">Az id\u00e9n els\u0151 alkalommal Egyetem\u00fcnk \u00f6n\u00e1ll\u00f3 standdal k\u00e9pviseltette mag\u00e1t\u00a0a REHA Hungary szakki\u00e1ll\u00edt\u00e1son \u00e9s konferenci\u00e1n. A K\u00fatv\u00f6lgyi Klinikai T\u00f6mb illetve a Magatart\u00e1studom\u00e1nyi Int\u00e9zet munkat\u00e1rsai, m\u00e1jus 9-\u00e9n vas\u00e1rnap el\u0151ad\u00e1sokkal \u00e9s tan\u00e1csad\u00e1ssal v\u00e1rt\u00e1k a r\u00e9sztvev\u0151ket.<\/p>\n<p style=\"text-align: left;\" align=\"center\">Szer\u00e9nytelens\u00e9g n\u00e9lk\u00fcl \u00e1ll\u00edthatjuk, hogy a\u00a0Semmelweis Egyetem standja egyike volt a szakmai t\u00e1j\u00e9koztat\u00f3 anyagokkal leggazdagabban ell\u00e1tott ki\u00e1ll\u00edt\u00f3 helyeknek. A vas\u00e1rnapi\u00a0szakmai program napon pedig a meghirdetett tizenegy el\u0151ad\u00e1s k\u00f6z\u00fcl hetet\u00a0munkat\u00e1rsaink\u00a0tartottak.<\/p>\n<p align=\"left\">Honlapunkr\u00f3l\u00a0 r\u00f6videsen let\u00f6lthet\u0151ek lesznek az elhangzott szakmai el\u0151ad\u00e1sok.<\/p>\n<p>K\u00fcl\u00f6n k\u00f6sz\u00f6netet szeretn\u00e9nk mondani a Magyar R\u00e1kellenes Liga, a K\u00fatv\u00f6lgyi Klinikai T\u00f6mb illetve a Magatart\u00e1studom\u00e1nyi Int\u00e9zet munkat\u00e1rsainak \u00f6nzetlen seg\u00edts\u00e9g\u00fck\u00e9rt \u00e9s a sz\u00ednvonalas szakmai munk\u00e1\u00e9rt.<\/p>\n<p>A szervez\u0151k nev\u00e9ben:<\/p>\n<p>L\u00e9der L\u00e1szl\u00f3<\/p>\n","protected":false},"excerpt":{"rendered":"<p>Sikeresen szerepelt Egyetem\u00fcnk az idei rehabilit\u00e1ci\u00f3s szakki\u00e1ll\u00edt\u00e1son.\u00a0 Az id\u00e9n els\u0151 alkalommal Egyetem\u00fcnk \u00f6n\u00e1ll\u00f3 standdal k\u00e9pviseltette mag\u00e1t\u00a0a REHA Hungary szakki\u00e1ll\u00edt\u00e1son \u00e9s konferenci\u00e1n. A K\u00fatv\u00f6lgyi Klinikai T\u00f6mb illetve a Magatart\u00e1studom\u00e1nyi Int\u00e9zet munkat\u00e1rsai, m\u00e1jus 9-\u00e9n vas\u00e1rnap el\u0151ad\u00e1sokkal \u00e9s tan\u00e1csad\u00e1ssal v\u00e1rt\u00e1k a r\u00e9sztvev\u0151ket. Szer\u00e9nytelens\u00e9g n\u00e9lk\u00fcl \u00e1ll\u00edthatjuk, hogy a\u00a0Semmelweis Egyetem standja egyike volt a szakmai t\u00e1j\u00e9koztat\u00f3 anyagokkal leggazdagabban ell\u00e1tott ki\u00e1ll\u00edt\u00f3 &hellip;<\/p>\n","protected":false},"author":12,"featured_media":0,"comment_status":"closed","ping_status":"closed","sticky":false,"template":"","format":"standard","meta":{"_acf_changed":false,"footnotes":""},"categories":[157],"tags":[345],"class_list":["post-299","post","type-post","status-publish","format-standard","hentry","category-semmelweis-vilag","tag-esemenyek-es-beszamolok"],"acf":[],"_links":{"self":[{"href":"https:\/\/semmelweis.hu\/hirek\/wp-json\/wp\/v2\/posts\/299","targetHints":{"allow":["GET"]}}],"collection":[{"href":"https:\/\/semmelweis.hu\/hirek\/wp-json\/wp\/v2\/posts"}],"about":[{"href":"https:\/\/semmelweis.hu\/hirek\/wp-json\/wp\/v2\/types\/post"}],"author":[{"embeddable":true,"href":"https:\/\/semmelweis.hu\/hirek\/wp-json\/wp\/v2\/users\/12"}],"replies":[{"embeddable":true,"href":"https:\/\/semmelweis.hu\/hirek\/wp-json\/wp\/v2\/comments?post=299"}],"version-history":[{"count":3,"href":"https:\/\/semmelweis.hu\/hirek\/wp-json\/wp\/v2\/posts\/299\/revisions"}],"predecessor-version":[{"id":65689,"href":"https:\/\/semmelweis.hu\/hirek\/wp-json\/wp\/v2\/posts\/299\/revisions\/65689"}],"wp:attachment":[{"href":"https:\/\/semmelweis.hu\/hirek\/wp-json\/wp\/v2\/media?parent=299"}],"wp:term":[{"taxonomy":"category","embeddable":true,"href":"https:\/\/semmelweis.hu\/hirek\/wp-json\/wp\/v2\/categories?post=299"},{"taxonomy":"post_tag","embeddable":true,"href":"https:\/\/semmelweis.hu\/hirek\/wp-json\/wp\/v2\/tags?post=299"}],"curies":[{"name":"wp","href":"https:\/\/api.w.org\/{rel}","templated":true}]}}