{"id":289,"date":"2004-04-29T11:33:22","date_gmt":"2004-04-29T10:33:22","guid":{"rendered":"http:\/\/semmelweis.hu\/?p=289"},"modified":"2025-10-17T15:41:44","modified_gmt":"2025-10-17T13:41:44","slug":"a-szakmai-web-kirakat-tanulmanyi-verseny-eredmenyhirdetese","status":"publish","type":"post","link":"https:\/\/semmelweis.hu\/hirek\/2004\/04\/29\/a-szakmai-web-kirakat-tanulmanyi-verseny-eredmenyhirdetese\/","title":{"rendered":"A Szakmai WEB-Kirakat tanulm\u00e1nyi verseny eredm\u00e9nyhirdet\u00e9se"},"content":{"rendered":"<p>Dr\u00f3t n\u00e9lk\u00fcl hozott Internet \u00f6sszek\u00f6ttet\u00e9st az Egyetemi Tan\u00e1csterembe az a 40 p\u00e1ly\u00e1z\u00f3, aki szakmai internetes tartalom aj\u00e1nl\u00e1s\u00e1val r\u00e9szt vett az \u00faj Semmelweis Honlap beind\u00edt\u00e1sa kapcs\u00e1n rendezett tanulm\u00e1nyi versenyen. A d\u00edj\u00e1tad\u00e1s alkalm\u00e1val a p\u00e1ly\u00e1nmarad\u00e1s gondolat\u00e1t hozt\u00e1k sz\u00f3ba a szervez\u0151k: a mostoha hazai k\u00f6r\u00fclm\u00e9nyek miatt kiemelten kell foglalkozni azokkal a fejleszt\u00e9sekkel, melyek a dolgoz\u00f3k munkak\u00f6r\u00fclm\u00e9nyeit \u00e9s lehet\u0151s\u00e9geit jav\u00edthatj\u00e1k.<\/p>\n<p>Dr. Sz\u00f3cska G\u00e1bor a tanulm\u00e1nyi verseny m\u00f3dszertani elemeire tekintettel gratul\u00e1lt a r\u00e9sztvev\u0151knek, mert a forr\u00e1skritika \u00e9s a csoportmunk\u00e1t c\u00e9lz\u00f3 szakmai kommunik\u00e1ci\u00f3 eddig nem szerepel a Semmelweis Egyetem tantervi elemei k\u00f6z\u00f6tt, ennek ellen\u00e9re minden r\u00e9sztvev\u0151 ragyog\u00f3an oldotta meg a feladatot.<\/p>\n<p>Dr. Palicz Tam\u00e1s strat\u00e9giai \u00e9s m\u00dak\u00f6d\u00e9sfejleszt\u00e9si f\u0151igazgat\u00f3-helyettes a hallgat\u00f3i levelez\u0151 rendszer csoportmunk\u00e1t lehet\u0151v\u00e9 tev\u0151 szoftveres szolg\u00e1ltat\u00e1s\u00e1ra h\u00edvta fel a r\u00e9sztvev\u0151k figyelm\u00e9t.<\/p>\n<p>Dr. Stubnya Guszt\u00e1v ismertette az Egyetem k\u00f6zelj\u00f6v\u0151ben megval\u00f3s\u00edtand\u00f3 fejleszt\u00e9seit: a Honlapon kereszt\u00fcl gy\u00f3gyszerinform\u00e1ci\u00f3s rendszer lesz el\u00e9rhet\u0151 a munkat\u00e1rsak sz\u00e1m\u00e1ra, mobiltelefon szolg\u00e1ltat\u00e1s t\u00e1rgy\u00e1ban rendk\u00edv\u00fcl kedvezm\u00e9nyes szerz\u0151d\u00e9shez juthatnak a dolgoz\u00f3k \u00e9s a hallgat\u00f3k a k\u00f6vetkez\u0151 h\u00f3napokt\u00f3l, \u00e9s folyamatban van a k\u00f3rh\u00e1zi informatikai rendszer beszerz\u00e9se. Mindez az egyetemi polg\u00e1rok p\u00e1ly\u00e1nmarad\u00e1s\u00e1t seg\u00edti majd.<\/p>\n<p align=\"left\">prof. dr. Fej\u00e9rdy P\u00e1l oktat\u00e1si \u00e9s informatikai rektorhelyettes m\u00e9ltatta a p\u00e1ly\u00e1zatot \u00e9s a p\u00e1ly\u00e1z\u00f3kat. Nosztalgi\u00e1val eml\u00edtette hajdani eml\u00e9k\u00e9t, amikor munkahelye megkapta az els\u0151 Commodore 64-es szem\u00e9lyi sz\u00e1m\u00edt\u00f3g\u00e9pet.<\/p>\n<p>Dr. Sz\u00f3cska Mikl\u00f3s r\u00f6viden id\u00e9zett az Eg\u00e9szs\u00e9g\u00fcgyi Menedzserk\u00e9z\u0151 migr\u00e1ci\u00f3s kutat\u00e1s\u00e1nak eredm\u00e9ny\u00e9b\u0151l, jelezve, hogy a p\u00e1lya- ill. az orsz\u00e1gelhagy\u00e1s rendk\u00edv\u00fcl kedvez\u0151tlen tendenci\u00e1t vet\u00edt el\u0151re a magyar eg\u00e9szs\u00e9g\u00fcgyben.<\/p>\n<p align=\"left\"><strong>A zs\u0171riben r\u00e9sztvev\u0151 koll\u00e9g\u00e1k nagy elismer\u00e9ssel sz\u00f3ltak a beadott p\u00e1lyamunk\u00e1kr\u00f3l:<\/strong><\/p>\n<p>7 els\u0151, 10 m\u00e1sodik \u00e9s 12 harmadik d\u00edj sz\u00fcletett. A d\u00edjazottak k\u00e9tnyelv\u00da oklevelet kaptak, amit ak\u00e1r k\u00fclf\u00f6ldi \u00e1ll\u00e1sp\u00e1ly\u00e1zatn\u00e1l is tudnak majd haszn\u00e1lni. A m\u00e1sf\u00e9l \u00f3r\u00e1sra ny\u00falt rendezv\u00e9ny sava bors\u00e1t k\u00e9ts\u00e9gk\u00edv\u00fcl a m\u00e1ig p\u00e1ratlan nagys\u00e1grend\u00da t\u00e1rgyi d\u00edjak jelentett\u00e9k:<\/p>\n<p>\u00d6ten \u00e9rtek el 134 pontot, ketten 131 pontot. \u0151 k\u00f6z\u00f6tt\u00fck lettek kisorsolva a t\u00e1rgyi jutalmak.<\/p>\n<p><strong>1 darab IBM ThinkPad R40e, Felaj\u00e1nl\u00f3 szponzor: IBM \u00e9s partnere: ISH Kft.<\/strong><\/p>\n<p align=\"left\"><strong>Decker Andr\u00e1snak sokat kellett v\u00e1rnia, m\u00edg megismerhette a boldog d\u00edjazottat.<\/strong><\/p>\n<p><strong>A Semmelweis Egyetem t\u00f6rt\u00e9net\u00e9nek eddig legnagyobb d\u00edjaz\u00e1s\u00fa tanulm\u00e1nyi verseny\u00e9n, a f\u0151d\u00edjat Valk\u00f3 Luca orvostanhallgat\u00f3 nyerte.<\/strong><\/p>\n<p align=\"left\"><strong>3 darab <\/strong><a href=\"http:\/\/www.pannongsm.hu\/keszulekek\/nokia6310i.php\"><strong>Nokia 6310i<\/strong><\/a><strong>*\u00a0 \u00a0k\u00e9sz\u00fcl\u00e9k Pannon Praktikum csomaggal. Felaj\u00e1nl\u00f3 szponzor: Pannon GSM<\/strong><\/p>\n<p><strong>Vad\u00e1sz Csaba szint\u00e9n osztozott a d\u00edjazottak \u00f6r\u00f6m\u00e9ben.<\/strong><\/p>\n<p><strong>Gy\u00f6ngy\u00f6ssy Bal\u00e1zs, Sepr\u0151di Bence, \u00e9s B\u00e9res Bern\u00e1t J\u00e1nos kapott egy-egy\u00a0 mobiltelefont.<\/strong><\/p>\n<p><strong>R\u00e9szv\u00e9tel 2 f\u0151re HOUG Konferencia, 2004. j\u00fanius 2-4., Danubius Spa &amp; Conference Hotel****, 2025 Visegr\u00e1d-Lepencev\u00f6lg. Felaj\u00e1nl\u00f3 szponzor: Oracle Hungary Kft.<\/strong><\/p>\n<p><strong>T\u00f3th Csaba adta \u00e1t a d\u00edjat. <\/strong><\/p>\n<p><strong>T\u00edm\u00e1r Orsolya \u00e9s Kaszap Bal\u00e1zs nyert\u00e9k a konferencia-r\u00e9szv\u00e9telt. T\u00edm\u00e1r Orsolya k\u00e9pvisel\u0151je \u00fatj\u00e1n vette \u00e1t, Kaszap Bal\u00e1zsr\u00f3l a forgatagban nem k\u00e9sz\u00fclt f\u00e9nyk\u00e9p. V\u00e1rjuk k\u00e9pes besz\u00e1mol\u00f3jukat a visegr\u00e1di konferenci\u00e1r\u00f3l.<\/strong><\/p>\n<p><strong>A Magyar Rezidens Sz\u00f6vets\u00e9g k\u00fcl\u00f6nd\u00edja: 60\u00a0000 Ft-os v\u00e1s\u00e1rl\u00e1si utalv\u00e1ny, <\/strong><strong>Felaj\u00e1nl\u00f3: INTERWARE Kft.<\/strong><\/p>\n<p><strong>Ez a d\u00edj a Magyar Rezidens Sz\u00f6vets\u00e9g k\u00fcl\u00f6n \u00e9rt\u00e9kel\u00e9se szerint ker\u00fclt oda\u00edt\u00e9l\u00e9sre, de az MRSZ sem tudott d\u00f6nteni, ez\u00e9rt a legjobbakb\u00f3l dr. Barta P\u00e9ter a helysz\u00ednen sorsolta ki a d\u00edjazottat: <\/strong><strong>T\u00edm\u00e1r Orsoly\u00e1nak jutalm\u00e1t a vakszerencse ez\u00fattal tov\u00e1bb n\u00f6velte.<\/strong><\/p>\n<p><strong>A Hallgat\u00f3i \u00d6nkorm\u00e1nyzat k\u00fcl\u00f6nd\u00edja: 10\u00a0000 Ft-os k\u00f6nyvutalv\u00e1ny,\u00a0a<\/strong><strong> H\u00d6K k\u00f6lts\u00e9gvet\u00e9s\u00e9b\u0151l felaj\u00e1nlva! <\/strong><strong>Az egyik legnagyobb erk\u00f6lcsi \u00e9rt\u00e9kkel b\u00edr\u00f3 d\u00edj jutalmazottja Sepr\u0151di Bence lett.<\/strong><\/p>\n<p><strong>A Testnevel\u00e9si \u00e9s Sporttudom\u00e1nyi Kar k\u00fcl\u00f6nd\u00edja: \u00a0Flash Drive adathordoz\u00f3. A felaj\u00e1nl\u00f3:\u00a0 Topolay Elek, a Sziltop KHT igazgat\u00f3ja, a kar T\u00e1rsadalmi Tan\u00e1cs\u00e1nak Tagja<\/strong><\/p>\n<p><strong>A Testnevel\u00e9si \u00e9s Sporttudom\u00e1nyi Kar Menedzsmentszakos hallgat\u00f3ja nyerte a 102-es sz\u00e1m\u00fa p\u00e1ly\u00e1zattal. Azonban a rendez\u0151k a rendezv\u00e9ny hev\u00e9ben elfelejtett\u00e9k fel\u00edrni a val\u00f3di nev\u00e9t, mivel anonim m\u00f3don p\u00e1ly\u00e1zott.<\/strong><\/p>\n<p>A Semmelweis Honlap Szerkeszt\u0151s\u00e9ge osztozott a d\u00edjazott hallgat\u00f3k \u00f6r\u00f6m\u00e9ben. Rem\u00e9lj\u00fck siker\u00fcl majd, ami Magyarorsz\u00e1gon nem szokott: \u201elesz m\u00e9g Bud\u00e1n kutyav\u00e1s\u00e1r!\u201d<\/p>\n<p>A r\u00e9sztvev\u0151knek \u00e9s a d\u00edjazottaknak egyar\u00e1nt gratul\u00e1lunk. A p\u00e1lyamunk\u00e1k a Semmelweis Honlap szakmai \u00e9s k\u00f6z\u00e9rdekl\u0151d\u00e9si magazinr\u00e9sz\u00e9n, az AKS On-Line linkaj\u00e1nl\u00f3j\u00e1n kereszt\u00fcl a magyar nyelven dolgoz\u00f3 munkat\u00e1rsak szakmai t\u00e1j\u00e9koz\u00f3d\u00e1s\u00e1t szolg\u00e1lj\u00e1k &#8211; rem\u00e9lj\u00fck hossz\u00fa \u00e9vekig.<\/p>\n<p><a href=\"http:\/\/aks.semmelweis.hu\/modules.php?name=Web_Links\">A linkaj\u00e1nl\u00f3k ide kattintva megtekinthet\u0151k.<\/a><\/p>\n<p><a href=\"http:\/\/aks.semmelweis.hu\/article.php?sid=246\">Amit pedig elfelejtett\u00fcnk mondani, itt olvashat\u00f3.<\/a><\/p>\n<p><a href=\"http:\/\/www.weborvos.hu\/cikk.php?id=96&amp;cid=45355\">Amit a szakmai sajt\u00f3 eml\u00edt az \u00fcnneps\u00e9gr\u0151l.<\/a> Korrekci\u00f3: mi a\u00a0&#8222;P\u00e1ly\u00e1nmarad\u00e1s napja&#8221; alkalm\u00e1b\u00f3l a Semmelweis Egyetem mind azt \u00f6t kar\u00e1t egy\u00fctt kezelt\u00fck. Minden szakm\u00e1t egyar\u00e1nt \u00e9rint az elv\u00e1ndorl\u00e1s probl\u00e9mak\u00f6re. Az orvosi elv\u00e1ndorl\u00e1sr\u00f3l puszt\u00e1n egy aktu\u00e1lis kutat\u00e1s kapcs\u00e1n esett t\u00f6bb sz\u00f3. <a href=\"http:\/\/www.mok.hu\/?todo=mokhirek&amp;ddatum=2004-05-03%2011:06:36\">A MOK is csak orvosi p\u00e1ly\u00e1nmarad\u00e1st eml\u00edt.<\/a> A gondolatok viszont \u00fclnek.<\/p>\n<p><strong>Mindenkinek aj\u00e1nljuk!<\/strong><\/p>\n<p align=\"left\"><a title=\"WEB-kirakat eredm\u00e9nylista\" href=\"http:\/\/aks.semmelweis.hu\/article.php?sid=251\">Id\u0151k\u00f6zben k\u00f6zz\u00e9tett\u00fck a r\u00e9szletes eredm\u00e9nylist\u00e1t.<\/a><\/p>\n","protected":false},"excerpt":{"rendered":"<p>Dr\u00f3t n\u00e9lk\u00fcl hozott Internet \u00f6sszek\u00f6ttet\u00e9st az Egyetemi Tan\u00e1csterembe az a 40 p\u00e1ly\u00e1z\u00f3, aki szakmai internetes tartalom aj\u00e1nl\u00e1s\u00e1val r\u00e9szt vett az \u00faj Semmelweis Honlap beind\u00edt\u00e1sa kapcs\u00e1n rendezett tanulm\u00e1nyi versenyen. A d\u00edj\u00e1tad\u00e1s alkalm\u00e1val a p\u00e1ly\u00e1nmarad\u00e1s gondolat\u00e1t hozt\u00e1k sz\u00f3ba a szervez\u0151k: a mostoha hazai k\u00f6r\u00fclm\u00e9nyek miatt kiemelten kell foglalkozni azokkal a fejleszt\u00e9sekkel, melyek a dolgoz\u00f3k munkak\u00f6r\u00fclm\u00e9nyeit \u00e9s lehet\u0151s\u00e9geit &hellip;<\/p>\n","protected":false},"author":12,"featured_media":0,"comment_status":"open","ping_status":"open","sticky":false,"template":"","format":"standard","meta":{"_acf_changed":false,"footnotes":""},"categories":[157],"tags":[345],"class_list":["post-289","post","type-post","status-publish","format-standard","hentry","category-semmelweis-vilag","tag-esemenyek-es-beszamolok"],"acf":[],"_links":{"self":[{"href":"https:\/\/semmelweis.hu\/hirek\/wp-json\/wp\/v2\/posts\/289","targetHints":{"allow":["GET"]}}],"collection":[{"href":"https:\/\/semmelweis.hu\/hirek\/wp-json\/wp\/v2\/posts"}],"about":[{"href":"https:\/\/semmelweis.hu\/hirek\/wp-json\/wp\/v2\/types\/post"}],"author":[{"embeddable":true,"href":"https:\/\/semmelweis.hu\/hirek\/wp-json\/wp\/v2\/users\/12"}],"replies":[{"embeddable":true,"href":"https:\/\/semmelweis.hu\/hirek\/wp-json\/wp\/v2\/comments?post=289"}],"version-history":[{"count":3,"href":"https:\/\/semmelweis.hu\/hirek\/wp-json\/wp\/v2\/posts\/289\/revisions"}],"predecessor-version":[{"id":95677,"href":"https:\/\/semmelweis.hu\/hirek\/wp-json\/wp\/v2\/posts\/289\/revisions\/95677"}],"wp:attachment":[{"href":"https:\/\/semmelweis.hu\/hirek\/wp-json\/wp\/v2\/media?parent=289"}],"wp:term":[{"taxonomy":"category","embeddable":true,"href":"https:\/\/semmelweis.hu\/hirek\/wp-json\/wp\/v2\/categories?post=289"},{"taxonomy":"post_tag","embeddable":true,"href":"https:\/\/semmelweis.hu\/hirek\/wp-json\/wp\/v2\/tags?post=289"}],"curies":[{"name":"wp","href":"https:\/\/api.w.org\/{rel}","templated":true}]}}