{"id":28890,"date":"2014-04-30T08:52:01","date_gmt":"2014-04-30T07:52:01","guid":{"rendered":"http:\/\/semmelweis.hu\/hirek\/?p=28890"},"modified":"2018-02-20T15:32:22","modified_gmt":"2018-02-20T14:32:22","slug":"dr-schaff-zsuzsa-a-szechenyi-dij-palyam-csucsa","status":"publish","type":"post","link":"https:\/\/semmelweis.hu\/hirek\/2014\/04\/30\/dr-schaff-zsuzsa-a-szechenyi-dij-palyam-csucsa\/","title":{"rendered":"Dr. Schaff Zsuzsa: a Sz\u00e9chenyi-d\u00edj p\u00e1ly\u00e1m cs\u00facsa"},"content":{"rendered":"<p>A m\u00e1jgyullad\u00e1st okoz\u00f3 v\u00edrusok m\u00e1jk\u00e1ros\u00edt\u00f3 hat\u00e1s\u00e1nak felismer\u00e9s\u00e9t eredm\u00e9nyez\u0151 vizsg\u00e1latai, valamint a v\u00f6r\u00f6siszap-katasztr\u00f3f\u00e1val kapcsolatos eg\u00e9szs\u00e9g\u00fcgyi kutat\u00e1sok szervez\u00e9se \u00e9s koordin\u00e1l\u00e1sa ter\u00e9n v\u00e9gzett tev\u00e9kenys\u00e9ge elismer\u00e9sek\u00e9nt kapott dr. Schaff Zsuzsa m\u00e1rcius 15-\u00e9n Sz\u00e9chenyi-d\u00edjat. A II. Sz. Patol\u00f3giai Int\u00e9zet volt igazgat\u00f3ja \u00fagy fogalmazott: ez p\u00e1ly\u00e1ja cs\u00facsa, amire nagyon b\u00fcszke.<\/p>\n<p><a href=\"https:\/\/semmelweis.hu\/hirek\/files\/2014\/04\/RS14707_KA-20140324-IMG_3310-schaff-zsuzsa-interju-scr.jpg\"><img loading=\"lazy\" decoding=\"async\" class=\"aligncenter size-large wp-image-28891\" src=\"https:\/\/semmelweis.hu\/hirek\/files\/2014\/04\/RS14707_KA-20140324-IMG_3310-schaff-zsuzsa-interju-scr-600x400.jpg\" alt=\"RS14707_KA-20140324-IMG_3310-schaff-zsuzsa-interju-scr\" width=\"600\" height=\"400\" srcset=\"https:\/\/semmelweis.hu\/hirek\/files\/2014\/04\/RS14707_KA-20140324-IMG_3310-schaff-zsuzsa-interju-scr-600x400.jpg 600w, https:\/\/semmelweis.hu\/hirek\/files\/2014\/04\/RS14707_KA-20140324-IMG_3310-schaff-zsuzsa-interju-scr-300x199.jpg 300w, https:\/\/semmelweis.hu\/hirek\/files\/2014\/04\/RS14707_KA-20140324-IMG_3310-schaff-zsuzsa-interju-scr-450x300.jpg 450w, https:\/\/semmelweis.hu\/hirek\/files\/2014\/04\/RS14707_KA-20140324-IMG_3310-schaff-zsuzsa-interju-scr.jpg 950w\" sizes=\"auto, (max-width: 600px) 100vw, 600px\" \/><\/a>Dr. Schaff Zsuzsa harminc \u00e9vig dolgozott az I. sz. Patol\u00f3giai \u00e9s R\u00e1kkutat\u00f3 Int\u00e9zetben, majd a II. Sz. Patol\u00f3giai Int\u00e9zetet vezette, k\u00f6zben t\u00f6bbsz\u00f6r is hosszabb id\u0151t k\u00fclf\u00f6ld\u00f6n t\u00f6lt\u00f6tt: Franciaorsz\u00e1gban \u00e9s az Egyes\u00fclt \u00c1llamokban. Felid\u00e9zte: kora ifj\u00fas\u00e1g\u00e1t\u00f3l m\u00e1jkutat\u00e1ssal foglalkozik, azon bel\u00fcl els\u0151sorban a kr\u00f3nikus m\u00e1jbetegs\u00e9get okoz\u00f3 v\u00edrusok hat\u00e1s\u00e1t kutatja. Engem mindig az \u00e9rdekelt, hogy a v\u00edrusok milyen mechanizmussal hozz\u00e1k l\u00e9tre a m\u00e1jk\u00e1rosod\u00e1st, illetve milyen anyagcsere v\u00e1ltoz\u00e1sokat hoznak l\u00e9tre a sejtben \u2013 tette hozz\u00e1.<br \/>\n Mint mondta, a Hepatitis v\u00edrusok \u00e9s a m\u00e1jbetegs\u00e9gek kapcsolat\u00e1nak vizsg\u00e1lata egy rendk\u00edv\u00fcl gyorsan, dinamikusan v\u00e1ltoz\u00f3 ter\u00fclet, fontos, hogy mindig nyitottak legy\u00fcnk az \u00faj inform\u00e1ci\u00f3kra. P\u00e9ldak\u00e9nt eml\u00edtette, hogy n\u00e9h\u00e1ny \u00e9vvel ezel\u0151tt m\u00e9g szinte megbuktatt\u00e1k az\u00e9rt a hallhat\u00f3kat, ha a vizsg\u00e1n azt mondt\u00e1k: a Hepatitis E v\u00edrus nem csak akut, hanem kr\u00f3nikus megbeteged\u00e9st is okozhat, nemr\u00e9g azonban kutat\u00f3k bebizony\u00edtott\u00e1k, hogy ez is lehets\u00e9ges immunszuppressz\u00e1lt betegekben.<br \/>\n Kiemelte: a Semmelweis Egyetemen a m\u00e1jbetegs\u00e9gek igen intenz\u00edv kutat\u00e1sa folyik, \u00edgy kiemelten a k\u00e9t patol\u00f3giai int\u00e9zetben. Olyan, mintha egy csapat lenne \u2013 fogalmazott. Az I. Sz. Patol\u00f3giai Int\u00e9zetb\u0151l Kovalszky Ilona \u00e9s Nagy P\u00e9ter professzorok, a II. Sz. Patol\u00f3giai Int\u00e9zetb\u0151l dr. Kiss Andr\u00e1s docens \u00e9s sz\u00e1mos fiatal foglalkozik m\u00e1jkutat\u00e1ssal, klinikusokkal, \u00edgy az I. \u00e9s II.sz. Belgy\u00f3gy\u00e1szati Klinika, az I.sz. Seb\u00e9szeti Klinika, valamint a Transzplant\u00e1ci\u00f3s Klinika munkat\u00e1rsaival egy\u00fcttm\u0171k\u00f6dve.<br \/>\n <a href=\"https:\/\/semmelweis.hu\/hirek\/files\/2014\/04\/RS15106_KA-20140314-IMG_1633-scr1.jpg\"><img loading=\"lazy\" decoding=\"async\" class=\"alignleft size-large wp-image-28892\" src=\"https:\/\/semmelweis.hu\/hirek\/files\/2014\/04\/RS15106_KA-20140314-IMG_1633-scr1-300x400.jpg\" alt=\"RS15106_KA-20140314-IMG_1633-scr(1)\" width=\"300\" height=\"400\" srcset=\"https:\/\/semmelweis.hu\/hirek\/files\/2014\/04\/RS15106_KA-20140314-IMG_1633-scr1-300x400.jpg 300w, https:\/\/semmelweis.hu\/hirek\/files\/2014\/04\/RS15106_KA-20140314-IMG_1633-scr1-225x300.jpg 225w, https:\/\/semmelweis.hu\/hirek\/files\/2014\/04\/RS15106_KA-20140314-IMG_1633-scr1.jpg 563w\" sizes=\"auto, (max-width: 300px) 100vw, 300px\" \/><\/a>Dr. Schaff Zsuzsa akad\u00e9mikus els\u0151sorban a m\u00e1jkutat\u00e1si tev\u00e9kenys\u00e9g\u00e9\u00e9rt vehette \u00e1t a Sz\u00e9chenyi-d\u00edjat. &#8222;\u00dagy \u00e9rzem, ez a p\u00e1ly\u00e1m cs\u00facsa, hiszen a Sz\u00e9chenyi-d\u00edj a Magyarorsz\u00e1gon adhat\u00f3 legmagasabb tudom\u00e1nyos elismer\u00e9s. Nagyon b\u00fcszke vagyok arra, hogy ezt a tudom\u00e1nyos munka elismer\u00e9sek\u00e9nt, az MTA felterjeszt\u00e9se alapj\u00e1n vehettem \u00e1t&#8221; &#8211; mondta. V\u00e9lem\u00e9nye szerint az elismer\u00e9s nemcsak a szem\u00e9ly\u00e9nek, hanem a Semmelweis Egyetemnek \u00e9s a patol\u00f3gi\u00e1nak is sz\u00f3l, valamint a Lapis professzor nev\u00e9hez k\u00f6t\u0151d\u0151 iskol\u00e1nak. Kiemelte: a Semmelweis Egyetemr\u0151l dr. Mandl J\u00f3zsef, az Orvosi Vegytani, Molekul\u00e1ris Biol\u00f3giai \u00e9s Patok\u00e9miai Int\u00e9zet egyetemi tan\u00e1ra is Sz\u00e9chenyi-d\u00edjban r\u00e9szes\u00fclt, akivel t\u00f6bb \u00e9vtizedes munkakapcsolat \u00e9s szem\u00e9lyes bar\u00e1ts\u00e1g k\u00f6ti \u00f6ssze. Kiv\u00e9telesen ritka, hogy egy egyetem k\u00e9t tan\u00e1ra is ilyen magas kit\u00fcntet\u00e9sben r\u00e9szes\u00fcl, ami a Semmelweis Egyetem elismerts\u00e9g\u00e9nek is jelz\u0151je &#8211; hangs\u00falyozta.<br \/>\n dr. Schaff Zsuzsa saj\u00e1t bevall\u00e1sa szerint nem szereti az \u00fcnnepl\u00e9st, a 70. sz\u00fclet\u00e9snapj\u00e1n sem tartottak sz\u00e9lesk\u00f6r\u0171 \u00fcnnepl\u00e9st, hanem a tisztelet\u00e9re f\u00e1t \u00fcltettek a koll\u00e9g\u00e1i. A parlamenti \u00fcnneps\u00e9gen azonban m\u00e9gis meghat\u00f3dott.\u00a0 &#8222;Az \u00e9p\u00fclet, a t\u00f6rt\u00e9nelmi z\u00e1szl\u00f3k \u00e9s a magyar korona jelenl\u00e9te \u00e9s k\u00f6zels\u00e9ge nagyon megind\u00edt\u00f3 volt. Sz\u00e9p volt az eg\u00e9sz cerem\u00f3nia, \u00e9s a k\u00fcl\u00f6n \u00f6r\u00f6m volt, hogy a csal\u00e1dom is ott lehetett velem&#8221; &#8211; id\u00e9zte fel.<br \/>\n Az elismer\u00e9s \u2013 mint mondta \u2013 nem v\u00e1ltoztatja meg a mindennapokat.\u00a0 &#8222;Az \u00e9let megy tov\u00e1bb. Akik ismernek, tudj\u00e1k, hogy sz\u00e1momra a munka a minden. Nem tudok a mikroszk\u00f3pom n\u00e9lk\u00fcl meglenni. K\u00e9t nagy tudom\u00e1nyos kutat\u00e1si projekt vezet\u0151je is vagyok, nagyon szeretek oktatni, \u00f6r\u00fcl\u00f6k, ha \u00e1tadhatok a fiatalabbaknak valamit a tud\u00e1somb\u00f3l&#8221; \u2013 sorolta, hozz\u00e1t\u00e9ve: akt\u00edvan r\u00e9szt vesz a tudom\u00e1nyszervez\u00e9sben is, t\u00f6bb test\u00fclet vezet\u0151je, bizotts\u00e1gok tagja, mindegyiket sz\u00edvesen csin\u00e1lja.<br \/>\n Kit\u00e9rt arra: a munkahely\u00e9n is j\u00f3 k\u00f6z\u00f6ss\u00e9g van. &#8222;Mindig a Semmelweis Egyetemhez k\u00f6t\u0151dtem \u2013 annak ellen\u00e9re, hogy gyakran voltam k\u00fclf\u00f6ld\u00f6n \u2013 itt \u00e9reztem magam itthon&#8221; \u2013 jelentette ki.<br \/>\n Az egyetemi tan\u00e1r a k\u00f6zelm\u00faltban vette \u00e1t a MOTESZ d\u00edszoklevel\u00e9t is. Ezzel \u00f6sszef\u00fcgg\u00e9sben elmes\u00e9lte, bar\u00e1ti t\u00e1rsas\u00e1gban azzal viccel\u0151d\u00f6tt, hogy olyan volt ez sz\u00e1m\u00e1ra, mint a Golden Globe elnyer\u00e9se, az Oscar el\u0151tt, amit azt\u00e1n szint\u00e9n megkapott.<\/p>\n<p>T\u00f3th-Szab\u00f3 Szilvia<\/p>\n<p>A cikk a Semmelweis Egyetem \u00dajs\u00e1g \u00e1prilisi sz\u00e1m\u00e1ban jelent meg.<\/p>\n","protected":false},"excerpt":{"rendered":"<p>A m\u00e1jgyullad\u00e1st okoz\u00f3 v\u00edrusok m\u00e1jk\u00e1ros\u00edt\u00f3 hat\u00e1s\u00e1nak felismer\u00e9s\u00e9t eredm\u00e9nyez\u0151 vizsg\u00e1latai, valamint a v\u00f6r\u00f6siszap-katasztr\u00f3f\u00e1val kapcsolatos eg\u00e9szs\u00e9g\u00fcgyi kutat\u00e1sok szervez\u00e9se \u00e9s koordin\u00e1l\u00e1sa ter\u00e9n v\u00e9gzett tev\u00e9kenys\u00e9ge elismer\u00e9sek\u00e9nt kapott dr. Schaff Zsuzsa m\u00e1rcius 15-\u00e9n Sz\u00e9chenyi-d\u00edjat. A II. Sz. Patol\u00f3giai Int\u00e9zet volt igazgat\u00f3ja \u00fagy fogalmazott: ez p\u00e1ly\u00e1ja cs\u00facsa, amire nagyon b\u00fcszke. <a href=\"https:\/\/semmelweis.hu\/hirek\/files\/2014\/04\/RS14707_KA-20140324-IMG_3310-schaff-zsuzsa-interju-scr.jpg\"><\/a> Dr. Schaff Zsuzsa harminc \u00e9vig dolgozott az I. sz. Patol\u00f3giai \u00e9s &hellip;<\/p>\n","protected":false},"author":11,"featured_media":28891,"comment_status":"closed","ping_status":"closed","sticky":false,"template":"","format":"standard","meta":{"_acf_changed":false,"footnotes":""},"categories":[157,168],"tags":[4070,3996,158],"class_list":["post-28890","post","type-post","status-publish","format-standard","has-post-thumbnail","hentry","category-semmelweis-vilag","category-kiemelt","tag-allami-kituntetes","tag-interju","tag-dijak-kituntetesek"],"acf":[],"_links":{"self":[{"href":"https:\/\/semmelweis.hu\/hirek\/wp-json\/wp\/v2\/posts\/28890","targetHints":{"allow":["GET"]}}],"collection":[{"href":"https:\/\/semmelweis.hu\/hirek\/wp-json\/wp\/v2\/posts"}],"about":[{"href":"https:\/\/semmelweis.hu\/hirek\/wp-json\/wp\/v2\/types\/post"}],"author":[{"embeddable":true,"href":"https:\/\/semmelweis.hu\/hirek\/wp-json\/wp\/v2\/users\/11"}],"replies":[{"embeddable":true,"href":"https:\/\/semmelweis.hu\/hirek\/wp-json\/wp\/v2\/comments?post=28890"}],"version-history":[{"count":3,"href":"https:\/\/semmelweis.hu\/hirek\/wp-json\/wp\/v2\/posts\/28890\/revisions"}],"predecessor-version":[{"id":71424,"href":"https:\/\/semmelweis.hu\/hirek\/wp-json\/wp\/v2\/posts\/28890\/revisions\/71424"}],"wp:featuredmedia":[{"embeddable":true,"href":"https:\/\/semmelweis.hu\/hirek\/wp-json\/wp\/v2\/media\/28891"}],"wp:attachment":[{"href":"https:\/\/semmelweis.hu\/hirek\/wp-json\/wp\/v2\/media?parent=28890"}],"wp:term":[{"taxonomy":"category","embeddable":true,"href":"https:\/\/semmelweis.hu\/hirek\/wp-json\/wp\/v2\/categories?post=28890"},{"taxonomy":"post_tag","embeddable":true,"href":"https:\/\/semmelweis.hu\/hirek\/wp-json\/wp\/v2\/tags?post=28890"}],"curies":[{"name":"wp","href":"https:\/\/api.w.org\/{rel}","templated":true}]}}