{"id":27919,"date":"2014-03-26T12:33:19","date_gmt":"2014-03-26T11:33:19","guid":{"rendered":"http:\/\/semmelweis.hu\/hirek\/?p=27919"},"modified":"2018-01-25T14:02:28","modified_gmt":"2018-01-25T13:02:28","slug":"erosodo-gyakorlati-oktatas-lezarult-a-semmelweis-skill-centrum-palyazat","status":"publish","type":"post","link":"https:\/\/semmelweis.hu\/hirek\/2014\/03\/26\/erosodo-gyakorlati-oktatas-lezarult-a-semmelweis-skill-centrum-palyazat\/","title":{"rendered":"Er\u0151s\u00f6d\u0151 gyakorlati oktat\u00e1s &#8211; lez\u00e1rult a Semmelweis Skill Centrum p\u00e1ly\u00e1zat \/VIDE\u00d3\/"},"content":{"rendered":"<p>\u201eKomoly, sikeres projektnek vagyunk a v\u00e9g\u00e9n, mellyel a Semmelweis Egyetem \u00faj ir\u00e1nyzatot vezetett be a hazai orvosk\u00e9pz\u00e9sbe\u201d \u2013 fogalmazott dr. Sz\u00e9l \u00c1goston rektor a \u201eSemmelweis Skill Centrum \u2013 infrastrukt\u00farafejleszt\u00e9s a gyakorlati k\u00e9pz\u00e9s sz\u00ednvonal\u00e1nak emel\u00e9se \u00e9rdek\u00e9ben\u201d c\u00edm\u0171 uni\u00f3s projekt (KMOP-4.2.1\/B-10-2011-0010) z\u00e1r\u00f3rendezv\u00e9ny\u00e9n.<\/p>\n<p><a href=\"https:\/\/semmelweis.hu\/hirek\/files\/2014\/03\/RS14289_KA-20140325-IMG_3476-skill-zarorendezveny-scr.jpg\"><img loading=\"lazy\" decoding=\"async\" class=\"alignleft size-medium wp-image-27920\" alt=\"RS14289_KA-20140325-IMG_3476-skill-zarorendezveny-scr\" src=\"https:\/\/semmelweis.hu\/hirek\/files\/2014\/03\/RS14289_KA-20140325-IMG_3476-skill-zarorendezveny-scr-300x199.jpg\" width=\"300\" height=\"199\" srcset=\"https:\/\/semmelweis.hu\/hirek\/files\/2014\/03\/RS14289_KA-20140325-IMG_3476-skill-zarorendezveny-scr-300x199.jpg 300w, https:\/\/semmelweis.hu\/hirek\/files\/2014\/03\/RS14289_KA-20140325-IMG_3476-skill-zarorendezveny-scr-600x400.jpg 600w, https:\/\/semmelweis.hu\/hirek\/files\/2014\/03\/RS14289_KA-20140325-IMG_3476-skill-zarorendezveny-scr-450x300.jpg 450w, https:\/\/semmelweis.hu\/hirek\/files\/2014\/03\/RS14289_KA-20140325-IMG_3476-skill-zarorendezveny-scr.jpg 950w\" sizes=\"auto, (max-width: 300px) 100vw, 300px\" \/><\/a>A rektor hangs\u00falyozta: a megfelel\u0151 gyakorlati k\u00e9szs\u00e9gek, \u201eszkillek\u201d megszerz\u00e9se az orvosk\u00e9pz\u00e9s elengedhetetlen r\u00e9sze kell, hogy legyen. Rendk\u00edv\u00fcl fontos, hogy az els\u0151 gyakorlati tapasztalatokat szimul\u00e1ci\u00f3s b\u00e1bun szerezze meg az orvostanhallgat\u00f3, hogy mire a beteghez ker\u00fcl, m\u00e1r a kell\u0151 rutinnak k\u00f6sz\u00f6nhet\u0151en biztons\u00e1g\u00e9rz\u00e9ssel v\u00e9gezze el az adott beavatkoz\u00e1st \u2013 mondta dr. Sz\u00e9l \u00c1goston, hozz\u00e1t\u00e9ve, hogy a z\u00e1r\u00f3rendezv\u00e9ny ellen\u00e9re nem d\u0151lhet\u00fcnk h\u00e1tra, tov\u00e1bbi fejl\u0151d\u00e9s sz\u00fcks\u00e9ges ezen a ter\u00fcleten, els\u0151sorban mennyis\u00e9gi szempontb\u00f3l.<\/p>\n<p><a href=\"https:\/\/semmelweis.hu\/hirek\/files\/2014\/03\/RS14292_KA-20140325-IMG_3487-skill-zarorendezveny-scr.jpg\"><img loading=\"lazy\" decoding=\"async\" class=\"alignright size-medium wp-image-27922\" alt=\"RS14292_KA-20140325-IMG_3487-skill-zarorendezveny-scr\" src=\"https:\/\/semmelweis.hu\/hirek\/files\/2014\/03\/RS14292_KA-20140325-IMG_3487-skill-zarorendezveny-scr-300x199.jpg\" width=\"300\" height=\"199\" srcset=\"https:\/\/semmelweis.hu\/hirek\/files\/2014\/03\/RS14292_KA-20140325-IMG_3487-skill-zarorendezveny-scr-300x199.jpg 300w, https:\/\/semmelweis.hu\/hirek\/files\/2014\/03\/RS14292_KA-20140325-IMG_3487-skill-zarorendezveny-scr-600x400.jpg 600w, https:\/\/semmelweis.hu\/hirek\/files\/2014\/03\/RS14292_KA-20140325-IMG_3487-skill-zarorendezveny-scr-450x300.jpg 450w, https:\/\/semmelweis.hu\/hirek\/files\/2014\/03\/RS14292_KA-20140325-IMG_3487-skill-zarorendezveny-scr.jpg 950w\" sizes=\"auto, (max-width: 300px) 100vw, 300px\" \/><\/a>Dr. G\u00e1l J\u00e1nos \u00e1ltal\u00e1nos \u00e9s klinikai rektorhelyettes besz\u00e9d\u00e9ben a szimul\u00e1ci\u00f3s oktat\u00e1s el\u0151zm\u00e9nyeire visszaeml\u00e9kezve elmondta: a Semmelweis Egyetemen, az akkori Aneszteziol\u00f3giai \u00e9s Intenz\u00edv Ter\u00e1pi\u00e1s Tansz\u00e9ken 1995-ben hirdettek el\u0151sz\u00f6r \u00fajra\u00e9leszt\u00e9si szimul\u00e1ci\u00f3s kurzusokat. 2007-ben a s\u00fcrg\u0151ss\u00e9gi orvostan keret\u00e9ben m\u00e1r k\u00f6telez\u0151v\u00e9 v\u00e1ltak az alapszint\u0171 \u00e9s emelt szint\u0171 \u00fajra\u00e9leszt\u00e9si szimul\u00e1ci\u00f3s gyakorlatok, 2009-re pedig megjelent a k\u00e9pz\u00e9sben a \u201emagas h\u0171s\u00e9g\u0171\u201d szimul\u00e1ci\u00f3. Mint azt dr. G\u00e1l J\u00e1nos kiemelte: a szimul\u00e1ci\u00f3s gyakorlati oktat\u00e1s er\u0151s\u00edt\u00e9se egyr\u00e9szt egy medikusok \u00e1ltal megfogalmazott ig\u00e9ny volt, m\u00e1sr\u00e9szr\u0151l igen fontos a betegbiztons\u00e1g fokoz\u00e1sa szempontj\u00e1b\u00f3l is.<\/p>\n<p>A Skill Centrum p\u00e1ly\u00e1zatot 2011-ben nyerte el a Semmelweis Egyetem, \u00e9s a megval\u00f3s\u00edt\u00e1s egyik cs\u00facspontja az Ern\u0151 utcai Semmelweis Szimul\u00e1ci\u00f3s K\u00f6zpont \u00e1tad\u00e1sa volt, melynek \u00e1t\u00e9p\u00edt\u00e9si k\u00f6lts\u00e9geit az egyetem f\u0151k\u00e9nt saj\u00e1t forr\u00e1sb\u00f3l biztos\u00edtotta. A k\u00f6zpont eszk\u00f6zparkj\u00e1nak l\u00e9trehoz\u00e1sa ugyanakkor csak a fel\u00e9t tette ki a 400 milli\u00f3 forint \u00f6sszk\u00f6lts\u00e9gvet\u00e9s\u0171 projektnek, melynek keret\u00e9ben emellett az egyetem 16 m\u00e1sik szervezeti egys\u00e9g\u00e9ben (10 klinik\u00e1n, 4 int\u00e9zetben \u00e9s 2 tansz\u00e9ken) 200 milli\u00f3 forint \u00e9rt\u00e9kben val\u00f3sultak meg a gyakorlati k\u00e9pz\u00e9ssel, a manu\u00e1lis k\u00e9szs\u00e9gek er\u0151s\u00edt\u00e9s\u00e9vel \u00f6sszef\u00fcgg\u0151 fejleszt\u00e9sek.<\/p>\n<p><iframe loading=\"lazy\" width=\"753\" height=\"424\" src=\"https:\/\/www.youtube.com\/embed\/lkLX_0oy37M?feature=oembed\" frameborder=\"0\" allow=\"autoplay; encrypted-media\" allowfullscreen><\/iframe><\/p>\n<p>A projektnek k\u00f6sz\u00f6nhet\u0151en orsz\u00e1gos szinten \u00e9len j\u00e1r a Semmelweis Egyetem a gyakorlati oktat\u00e1s fejleszt\u00e9se ter\u00e9n &#8211; emelte ki a rektorhelyettes.<\/p>\n<p><a href=\"https:\/\/semmelweis.hu\/hirek\/files\/2014\/03\/RS14294_KA-20140325-IMG_3496-skill-zarorendezveny-scr.jpg\"><img loading=\"lazy\" decoding=\"async\" class=\"alignright size-medium wp-image-27923\" alt=\"RS14294_KA-20140325-IMG_3496-skill-zarorendezveny-scr\" src=\"https:\/\/semmelweis.hu\/hirek\/files\/2014\/03\/RS14294_KA-20140325-IMG_3496-skill-zarorendezveny-scr-300x199.jpg\" width=\"300\" height=\"199\" srcset=\"https:\/\/semmelweis.hu\/hirek\/files\/2014\/03\/RS14294_KA-20140325-IMG_3496-skill-zarorendezveny-scr-300x199.jpg 300w, https:\/\/semmelweis.hu\/hirek\/files\/2014\/03\/RS14294_KA-20140325-IMG_3496-skill-zarorendezveny-scr-600x400.jpg 600w, https:\/\/semmelweis.hu\/hirek\/files\/2014\/03\/RS14294_KA-20140325-IMG_3496-skill-zarorendezveny-scr-450x300.jpg 450w, https:\/\/semmelweis.hu\/hirek\/files\/2014\/03\/RS14294_KA-20140325-IMG_3496-skill-zarorendezveny-scr.jpg 950w\" sizes=\"auto, (max-width: 300px) 100vw, 300px\" \/><\/a>\u201eEgy h\u00e1rom \u00e9s f\u00e9l \u00e9ves sikert\u00f6rt\u00e9net v\u00e9g\u00e9re \u00e9rt\u00fcnk\u201d \u2013 fogalmazott dr. Kellermayer Mikl\u00f3s, a projekt szakmai vezet\u0151je, az \u00c1ltal\u00e1nos Orvostudom\u00e1nyi Kar d\u00e9k\u00e1nhelyettese. Kit\u00e9rt arra is: a gradu\u00e1lis orvosk\u00e9pz\u00e9s mind a 12 f\u00e9l\u00e9v\u00e9ben megjelenik majd valamilyen szkill- vagy szimul\u00e1ci\u00f3s k\u00e9pz\u00e9si elem, a megl\u00e9v\u0151 t\u00e1rgyak tematik\u00e1j\u00e1ba \u00e9p\u00edtve. A p\u00e1ly\u00e1zat klinik\u00e1kon, int\u00e9zetekben megval\u00f3sul\u00f3 r\u00e9sz\u00e9nek c\u00e9lja pedig egyebek mellett az volt, hogy ne csak az alapk\u00e9pz\u00e9sben, hanem k\u00e9s\u0151bb a posztgradu\u00e1lis- \u00e9s szakorvosk\u00e9pz\u00e9sben is hasznos\u00edthat\u00f3ak legyenek a gyakorlatorient\u00e1lt fejleszt\u00e9sek. \u201eA projekt nyom\u00e1n Magyarorsz\u00e1gon el\u0151sz\u00f6r a Semmelweis Egyetemen sz\u00fcletett egys\u00e9ges koncepci\u00f3 alapj\u00e1n egy ilyen fejleszt\u00e9s, mely \u00e1t\u00edvel a hat\u00e9ves alapk\u00e9pz\u00e9sen, illetve tovany\u00falik a szakorvosk\u00e9pz\u00e9sig\u201d \u2013 fogalmazott dr. Kellermayer Mikl\u00f3s.<\/p>\n<p><a href=\"https:\/\/semmelweis.hu\/hirek\/files\/2014\/03\/RS14306_KA-20140325-IMG_3547-skill-zarorendezveny-scr.jpg\"><img loading=\"lazy\" decoding=\"async\" class=\"alignleft size-medium wp-image-27925\" alt=\"RS14306_KA-20140325-IMG_3547-skill-zarorendezveny-scr\" src=\"https:\/\/semmelweis.hu\/hirek\/files\/2014\/03\/RS14306_KA-20140325-IMG_3547-skill-zarorendezveny-scr-300x199.jpg\" width=\"300\" height=\"199\" srcset=\"https:\/\/semmelweis.hu\/hirek\/files\/2014\/03\/RS14306_KA-20140325-IMG_3547-skill-zarorendezveny-scr-300x199.jpg 300w, https:\/\/semmelweis.hu\/hirek\/files\/2014\/03\/RS14306_KA-20140325-IMG_3547-skill-zarorendezveny-scr-600x400.jpg 600w, https:\/\/semmelweis.hu\/hirek\/files\/2014\/03\/RS14306_KA-20140325-IMG_3547-skill-zarorendezveny-scr-450x300.jpg 450w, https:\/\/semmelweis.hu\/hirek\/files\/2014\/03\/RS14306_KA-20140325-IMG_3547-skill-zarorendezveny-scr.jpg 950w\" sizes=\"auto, (max-width: 300px) 100vw, 300px\" \/><\/a>Dr. Frit\u00faz G\u00e1bor projektmenedzser, az Aneszteziol\u00f3giai \u00e9s Intenz\u00edv Ter\u00e1pi\u00e1s Klinika tan\u00e1rseg\u00e9de r\u00e9szletesen bemutatta a p\u00e1ly\u00e1zatb\u00f3l megval\u00f3sult fejleszt\u00e9seket. Mint elmondta, 2013-ra v\u00e1lt rendszerszint\u0171v\u00e9 a Semmelweis Egyetemen a szkill- \u00e9s szimul\u00e1ci\u00f3s k\u00e9pz\u00e9s. A Fogorvostudom\u00e1nyi Karon l\u00e9trej\u00f6tt a Propedeutika Tansz\u00e9k, amely tov\u00e1bbi k\u00e9szs\u00e9gfejleszt\u00e9si elemekkel gazdag\u00edtotta a k\u00e9pz\u00e9st. Az \u00c1ltal\u00e1nos Orvostudom\u00e1nyi Karon az els\u0151 \u00e9vfolyamosok r\u00e9szes\u00fcltek el\u0151sz\u00f6r szkill-k\u00e9pz\u00e9sben, tavaly fakultat\u00edv, id\u00e9n m\u00e1r k\u00f6telez\u0151 jelleggel a &#8222;Bevezet\u00e9s a klinikumba&#8221; t\u00e1rgy keret\u00e9ben. Eset\u00fckben az a c\u00e9l, hogy a ny\u00e1ri \u00e1pol\u00e1si gyakorlatra felk\u00e9sz\u00fclten \u00e9rkezzenek a hallgat\u00f3k. Elindult a szkill-jelleg\u0171 k\u00e9pz\u00e9s az 5. szemeszterben is, a &#8222;Belgy\u00f3gy\u00e1szati propedeutika II.&#8221; t\u00e1rgy keret\u00e9ben. A 7-8. szemeszterben a &#8222;Radiol\u00f3gia&#8221; t\u00e1rgy r\u00e9szek\u00e9nt indul majd be ez a k\u00e9pz\u00e9s, m\u00edg a 9-10. f\u00e9l\u00e9vben egyebek mellett az &#8222;Intenz\u00edv ter\u00e1pia \u00e9s aneszteziol\u00f3gia&#8221;, a &#8222;S\u00fcrg\u0151ss\u00e9gi orvostan &#8211; oxiol\u00f3gia&#8221; \u00e9s a &#8222;Gyermekgy\u00f3gy\u00e1szat&#8221; t\u00e1rgyak keret\u00e9ben tal\u00e1lkozhatnak a hallgat\u00f3k a korszer\u0171 szimul\u00e1ci\u00f3s lehet\u0151s\u00e9gekkel. Az utols\u00f3 k\u00e9t szemeszterben az lesz a c\u00e9l, hogy integrat\u00edv szeml\u00e9lettel ker\u00fclj\u00f6n be a k\u00e9pz\u00e9sbe minden kor\u00e1bban megtanult szkill- \u00e9s szimul\u00e1ci\u00f3s elem, melyeket m\u00e1r klinikai tapasztalattal tudnak \u00f6tv\u00f6zni a hallgat\u00f3k.<\/p>\n<p><a href=\"https:\/\/semmelweis.hu\/hirek\/files\/2014\/03\/RS14305_KA-20140325-IMG_3543-skill-zarorendezveny-scr.jpg\"><img loading=\"lazy\" decoding=\"async\" class=\"alignleft size-medium wp-image-27929\" alt=\"RS14305_KA-20140325-IMG_3543-skill-zarorendezveny-scr\" src=\"https:\/\/semmelweis.hu\/hirek\/files\/2014\/03\/RS14305_KA-20140325-IMG_3543-skill-zarorendezveny-scr-300x199.jpg\" width=\"300\" height=\"199\" srcset=\"https:\/\/semmelweis.hu\/hirek\/files\/2014\/03\/RS14305_KA-20140325-IMG_3543-skill-zarorendezveny-scr-300x199.jpg 300w, https:\/\/semmelweis.hu\/hirek\/files\/2014\/03\/RS14305_KA-20140325-IMG_3543-skill-zarorendezveny-scr-600x400.jpg 600w, https:\/\/semmelweis.hu\/hirek\/files\/2014\/03\/RS14305_KA-20140325-IMG_3543-skill-zarorendezveny-scr-450x300.jpg 450w, https:\/\/semmelweis.hu\/hirek\/files\/2014\/03\/RS14305_KA-20140325-IMG_3543-skill-zarorendezveny-scr.jpg 950w\" sizes=\"auto, (max-width: 300px) 100vw, 300px\" \/><\/a>A projekt keret\u00e9ben 417 eszk\u00f6zt szereztek be. Sok helyen audiovizu\u00e1lis fejleszt\u00e9s t\u00f6rt\u00e9nt, mely els\u0151sorban a vizsg\u00e1l\u00f3k vagy a m\u0171t\u0151k el\u0151ad\u00f3teremmel val\u00f3 \u00f6sszek\u00f6ttet\u00e9s\u00e9nek kialak\u00edt\u00e1s\u00e1t jelentette. (Audiovizu\u00e1lis fejleszt\u00e9s t\u00f6rt\u00e9nt pl. az I. Sz. Belgy\u00f3gy\u00e1szi Klinik\u00e1n, az I. Sz. Patol\u00f3giai \u00e9s K\u00eds\u00e9rleti R\u00e1kkutat\u00f3 Int\u00e9zetben, a Sz\u00edv- \u00e9s \u00c9rgy\u00f3gy\u00e1szati Klinik\u00e1n, az Urol\u00f3giai Klinik\u00e1n.) Vannak int\u00e9zetek, ahol a laparoszk\u00f3pos m\u0171t\u00e9ttechnika fejleszt\u00e9se volt a f\u00f3kuszban (pl. K\u00eds\u00e9rletes \u00e9s Seb\u00e9szeti M\u0171t\u00e9ttani Int\u00e9zet, I. \u00e9s II. Sz\u00fcl\u00e9szeti \u00e9s N\u0151gy\u00f3gy\u00e1szati Klinika, Urol\u00f3giai Klinika). T\u00f6rt\u00e9nt az elm\u00e9leti tud\u00e1s gyakorlatiasabb\u00e1 v\u00e1l\u00e1s\u00e1t el\u0151seg\u00edt\u0151 fejleszt\u00e9s is (pl. Anat\u00f3miai, Sz\u00f6vet- \u00e9s Fejl\u0151d\u00e9stani Int\u00e9zet, FOK Propedeutika Tansz\u00e9k, I. Sz. Belgy\u00f3gy\u00e1szati Klinika, I. Sz. Patol\u00f3gia, Pszichi\u00e1triai \u00e9s Pszichoter\u00e1pi\u00e1s Klinika).<\/p>\n<p><a href=\"https:\/\/semmelweis.hu\/hirek\/files\/2014\/03\/RS14308_KA-20140325-IMG_3560-skill-zarorendezveny-scr.jpg\"><img loading=\"lazy\" decoding=\"async\" class=\"alignright size-medium wp-image-27927\" alt=\"RS14308_KA-20140325-IMG_3560-skill-zarorendezveny-scr\" src=\"https:\/\/semmelweis.hu\/hirek\/files\/2014\/03\/RS14308_KA-20140325-IMG_3560-skill-zarorendezveny-scr-300x199.jpg\" width=\"300\" height=\"199\" srcset=\"https:\/\/semmelweis.hu\/hirek\/files\/2014\/03\/RS14308_KA-20140325-IMG_3560-skill-zarorendezveny-scr-300x199.jpg 300w, https:\/\/semmelweis.hu\/hirek\/files\/2014\/03\/RS14308_KA-20140325-IMG_3560-skill-zarorendezveny-scr-600x400.jpg 600w, https:\/\/semmelweis.hu\/hirek\/files\/2014\/03\/RS14308_KA-20140325-IMG_3560-skill-zarorendezveny-scr-450x300.jpg 450w, https:\/\/semmelweis.hu\/hirek\/files\/2014\/03\/RS14308_KA-20140325-IMG_3560-skill-zarorendezveny-scr.jpg 950w\" sizes=\"auto, (max-width: 300px) 100vw, 300px\" \/><\/a>A z\u00e1r\u00f3rendezv\u00e9nyen bemutatt\u00e1k a Pszichi\u00e1triai \u00e9s Pszichoter\u00e1pi\u00e1s Klinik\u00e1n alkalmaz\u00e1sra ker\u00fcl\u0151 virtu\u00e1lis val\u00f3s\u00e1g sisakot is, ami p\u00e9ld\u00e1ul megmutatja az orvostanhallgat\u00f3nak, hogy mik\u00e9nt l\u00e1tja a vil\u00e1got egy adott szembetegs\u00e9ggel rendelkez\u0151 ember, ez\u00e1ltal fejlesztve a hallgat\u00f3 emp\u00e1ti\u00e1s k\u00e9szs\u00e9g\u00e9t is (\u201eemp\u00e1tialabor\u201d).<\/p>\n<p>Dr. Frit\u00faz G\u00e1bor hangs\u00falyozta: a Semmelweis Skill Centrum projekt t\u00f6bb volt, mint eszk\u00f6zbeszerz\u00e9s; az\u00e1ltal, hogy a megval\u00f3sult fejleszt\u00e9sek be\u00e9p\u00fcltek a k\u00e9pz\u00e9sbe, szorosabb lett a t\u00e1rsszakm\u00e1k egy\u00fcttm\u0171k\u00f6d\u00e9se.<\/p>\n<p>A programon a r\u00e9sztvev\u0151k a hallgat\u00f3k, illetve a fiatal felhaszn\u00e1l\u00f3k szemsz\u00f6g\u00e9b\u0151l is megismerhett\u00e9k a szimul\u00e1ci\u00f3s k\u00e9pz\u00e9s el\u0151nyeit. Dr. Gy\u00f6rgyi Zolt\u00e1n a II. Sz. Gyermekgy\u00f3gy\u00e1szati Klinika rezidense oktat\u00f3k\u00e9nt vesz r\u00e9szt a k\u00e9pz\u00e9seken. \u00dagy fogalmazott: a helynek nem m\u00fal\u00f3 var\u00e1zsa van, mindenki saj\u00e1t b\u0151r\u00e9n \u00e9rezheti, hogy a k\u00f6zpont kifejezetten az oktat\u00e1s\u00e9rt j\u00f6tt l\u00e9tre, \u00e9s a felszerelts\u00e9g\u00e9t tekintve mindenb\u0151l a legkorszer\u0171bb, a leg\u00fajabb tal\u00e1lhat\u00f3 meg itt. \u201e\u00c9letszer\u0171, konkr\u00e9t gyakorlati szitu\u00e1ci\u00f3kkal haszn\u00e1lhat\u00f3 tud\u00e1st tudunk itt adni a hallgat\u00f3knak\u201d \u2013 mondta.<\/p>\n<p>Szarvas G\u00e1bor, az \u00c1OK VI. \u00e9ves hallgat\u00f3jak\u00e9nt seg\u00edti itt a gyakorlatvezet\u0151k munk\u00e1j\u00e1t. \u0150 azt tapasztalja, hogy minden hallgat\u00f3 boldog d\u00f6bbenettel az arc\u00e1n l\u00e9p be ide el\u0151sz\u00f6r, hogy ilyen helyen tanulhat, \u00e9s hogy a Semmelweis Egyetem egy \u00fajabb szelete z\u00e1rk\u00f3zott fel a h\u0151n \u00e1h\u00edtott nyugati egyetemek szintj\u00e9re. A hallgat\u00f3kat itt motiv\u00e1lt, nyugodt, felk\u00e9sz\u00fclt oktat\u00f3k v\u00e1rjak, akik csak erre a tev\u00e9kenys\u00e9gre tudnak koncentr\u00e1lni, profi eszk\u00f6z\u00f6k seg\u00edts\u00e9g\u00e9vel &#8211; tette hozz\u00e1.<\/p>\n<p>\u00d6sszegz\u00e9sk\u00e9nt dr. Frit\u00faz G\u00e1bor kiemelte: a megfelel\u0151 elm\u00e9leti alapoz\u00e1s, a megfelel\u0151 szimul\u00e1ci\u00f3s el\u0151k\u00e9sz\u00edt\u00e9s \u00e9s a megfelel\u0151 klinikai tapasztalat egy\u00fctt sz\u00fcks\u00e9ges ahhoz, hogy felk\u00e9sz\u00fclt orvosok ker\u00fcljenek ki az egyetemr\u0151l.<\/p>\n<p>Dr. Hunyady L\u00e1szl\u00f3, az \u00c1ltal\u00e1nos Orvostudom\u00e1nyi Kar d\u00e9k\u00e1nja z\u00e1rsz\u00f3k\u00e9nt azt hangs\u00falyozta: sz\u00e1m\u00e1ra az elhangzottak azt mutatj\u00e1k, hogyha az egyetem \u00e9s a kar vezet\u00e9se, a hallgat\u00f3k k\u00f6z\u00f6sen akarnak valamit, akkor nagyon l\u00e1tv\u00e1nyos eredm\u00e9nyeket lehet el\u00e9rni. A c\u00e9l pedig az, hogy az \u00faj \u00e9s nagyon fontos m\u00f3dszerek mindegyike eljusson a hallgat\u00f3k min\u00e9l sz\u00e9lesebb k\u00f6reihez.<\/p>\n<p>Dobozi P\u00e1lma<br \/>\nFot\u00f3: Kov\u00e1cs Attila &#8211; Semmelweis Egyetem<\/p>\n<p><a href=\"https:\/\/semmelweis.hu\/hirek\/files\/2013\/12\/SKILL_banner.jpg\"><img loading=\"lazy\" decoding=\"async\" class=\"aligncenter size-large wp-image-26509\" alt=\"USZT_logo_big\" src=\"https:\/\/semmelweis.hu\/hirek\/files\/2013\/12\/SKILL_banner-571x400.jpg\" width=\"571\" height=\"400\" srcset=\"https:\/\/semmelweis.hu\/hirek\/files\/2013\/12\/SKILL_banner-571x400.jpg 571w, https:\/\/semmelweis.hu\/hirek\/files\/2013\/12\/SKILL_banner-300x210.jpg 300w, https:\/\/semmelweis.hu\/hirek\/files\/2013\/12\/SKILL_banner-428x300.jpg 428w, https:\/\/semmelweis.hu\/hirek\/files\/2013\/12\/SKILL_banner-600x420.jpg 600w, https:\/\/semmelweis.hu\/hirek\/files\/2013\/12\/SKILL_banner.jpg 601w\" sizes=\"auto, (max-width: 571px) 100vw, 571px\" \/><\/a><\/p>\n<p>&nbsp;<\/p>\n","protected":false},"excerpt":{"rendered":"<p>\u201eKomoly, sikeres projektnek vagyunk a v\u00e9g\u00e9n, mellyel a Semmelweis Egyetem \u00faj ir\u00e1nyzatot vezetett be a hazai orvosk\u00e9pz\u00e9sbe\u201d \u2013 fogalmazott dr. Sz\u00e9l \u00c1goston rektor a \u201eSemmelweis Skill Centrum \u2013 infrastrukt\u00farafejleszt\u00e9s a gyakorlati k\u00e9pz\u00e9s sz\u00ednvonal\u00e1nak emel\u00e9se \u00e9rdek\u00e9ben\u201d c\u00edm\u0171 uni\u00f3s projekt (KMOP-4.2.1\/B-10-2011-0010) z\u00e1r\u00f3rendezv\u00e9ny\u00e9n. <a href=\"https:\/\/semmelweis.hu\/hirek\/files\/2014\/03\/RS14289_KA-20140325-IMG_3476-skill-zarorendezveny-scr.jpg\"><\/a> A rektor hangs\u00falyozta: a megfelel\u0151 gyakorlati k\u00e9szs\u00e9gek, \u201eszkillek\u201d megszerz\u00e9se az orvosk\u00e9pz\u00e9s elengedhetetlen r\u00e9sze kell, hogy &hellip;<\/p>\n","protected":false},"author":13,"featured_media":27927,"comment_status":"closed","ping_status":"closed","sticky":false,"template":"","format":"standard","meta":{"_acf_changed":false,"footnotes":""},"categories":[3533,168],"tags":[3444,2386],"class_list":["post-27919","post","type-post","status-publish","format-standard","has-post-thumbnail","hentry","category-hallgatok-oktatas","category-kiemelt","tag-oktatas","tag-szkill-labor"],"acf":[],"_links":{"self":[{"href":"https:\/\/semmelweis.hu\/hirek\/wp-json\/wp\/v2\/posts\/27919","targetHints":{"allow":["GET"]}}],"collection":[{"href":"https:\/\/semmelweis.hu\/hirek\/wp-json\/wp\/v2\/posts"}],"about":[{"href":"https:\/\/semmelweis.hu\/hirek\/wp-json\/wp\/v2\/types\/post"}],"author":[{"embeddable":true,"href":"https:\/\/semmelweis.hu\/hirek\/wp-json\/wp\/v2\/users\/13"}],"replies":[{"embeddable":true,"href":"https:\/\/semmelweis.hu\/hirek\/wp-json\/wp\/v2\/comments?post=27919"}],"version-history":[{"count":10,"href":"https:\/\/semmelweis.hu\/hirek\/wp-json\/wp\/v2\/posts\/27919\/revisions"}],"predecessor-version":[{"id":28006,"href":"https:\/\/semmelweis.hu\/hirek\/wp-json\/wp\/v2\/posts\/27919\/revisions\/28006"}],"wp:featuredmedia":[{"embeddable":true,"href":"https:\/\/semmelweis.hu\/hirek\/wp-json\/wp\/v2\/media\/27927"}],"wp:attachment":[{"href":"https:\/\/semmelweis.hu\/hirek\/wp-json\/wp\/v2\/media?parent=27919"}],"wp:term":[{"taxonomy":"category","embeddable":true,"href":"https:\/\/semmelweis.hu\/hirek\/wp-json\/wp\/v2\/categories?post=27919"},{"taxonomy":"post_tag","embeddable":true,"href":"https:\/\/semmelweis.hu\/hirek\/wp-json\/wp\/v2\/tags?post=27919"}],"curies":[{"name":"wp","href":"https:\/\/api.w.org\/{rel}","templated":true}]}}