{"id":277,"date":"2004-04-01T11:18:23","date_gmt":"2004-04-01T10:18:23","guid":{"rendered":"http:\/\/semmelweis.hu\/?p=277"},"modified":"2025-10-17T15:41:45","modified_gmt":"2025-10-17T13:41:45","slug":"megnyitotta-kapuit-a-semmelweis-egyetem-kulturalis-kavezoja","status":"publish","type":"post","link":"https:\/\/semmelweis.hu\/hirek\/2004\/04\/01\/megnyitotta-kapuit-a-semmelweis-egyetem-kulturalis-kavezoja\/","title":{"rendered":"Megnyitotta kapuit a Semmelweis Egyetem kultur\u00e1lis k\u00e1v\u00e9z\u00f3ja"},"content":{"rendered":"<p><strong>Interj\u00fa az Egyetemi Kultur\u00e1lis K\u00e1v\u00e9h\u00e1zl\u00e1nc alap\u00edt\u00f3ival<\/strong><\/p>\n<p>Az Egyetemi Kultur\u00e1lis K\u00e1v\u00e9h\u00e1zl\u00e1nc alap\u00edt\u00f3ival, Gyarmati D\u00f3r\u00e1val \u00e9s M\u00e1zl\u00f3 Imr\u00e9vel besz\u00e9lgetett a Semmelweis Egyetem PR \u00e9s marketing munkacsoportj\u00e1nak munkat\u00e1rsa.<\/p>\n<p>M\u0171v\u00e9szeti torn\u00e1val \u00e9s balettel foglalkoztam sok\u00e1ig, mes\u00e9li D\u00f3ra. Mindig a m\u0171v\u00e9szet \u00e9s kult\u00fara elk\u00f6telezett h\u00edve voltam. Jelenleg rendezv\u00e9nyszervez\u00e9ssel foglalkozom \u00e9s jogi p\u00e1ly\u00e1ra k\u00e9sz\u00fcl\u00f6k, \u0151szt\u0151l a P\u00e9csi Tudom\u00e1nyegyetem hallgat\u00f3ja leszek, 21 \u00e9ves vagyok. Imr\u00e9vel \u00e9vek \u00f3ta szervez\u00fcnk k\u00f6z\u00f6s programokat, a kult\u00fara \u00e9s m\u0171v\u00e9szet ter\u00fclet\u00e9n szinte kiz\u00e1r\u00f3lag t\u00e1rsadalmi munk\u00e1r\u00f3l besz\u00e9lhetek, sokszor mi magunk finansz\u00edrozunk olyan programokat amikre sehonnan sem kapunk t\u00e1mogat\u00e1st.<\/p>\n<p>\u00c9n 2001-ig az Egyes\u00fclt \u00c1llamokban \u00e9ltem, Texasban, Dallasban dolgoztam- folytatja Imre. Az \u201eEagle Radio Station\u201d zenei szerkeszt\u0151je voltam, itthon is ezen a ter\u00fcleten helyezkedtem el,\u00a0 2004 janu\u00e1rj\u00e1ig voltam a \u201eM\u00e1sik R\u00e1di\u00f3\u201d szerkeszt\u0151 m\u0171sorvezet\u0151je. \u00c9vekkel ezel\u0151tt l\u00e9trehoztam egy saj\u00e1t produceri irod\u00e1t most is ennek a folyamatos fejleszt\u00e9s\u00e9n \u00e9s m\u0171k\u00f6dtet\u00e9s\u00e9n dolgozom. F\u0151leg \u00fati-filmekkel, rekl\u00e1m \u00e9s referencia filmek elk\u00e9sz\u00edt\u00e9s\u00e9vel foglalkozunk. A m\u0171v\u00e9szeti \u00e9s kultur\u00e1lis szervez\u00e9s az \u00e9n sz\u00e1momra is ink\u00e1bb elk\u00f6telezetts\u00e9g, \u00f6r\u00f6mforr\u00e1s, non-profit t\u00e1rsadalmi munka.<\/p>\n<p><strong><em>Hogyan sz\u00fcletett meg a k\u00e1v\u00e9z\u00f3l\u00e1nc \u00f6tlete?<\/em><\/strong><\/p>\n<p>K\u00e9t \u00e9vvel ezel\u0151tt sz\u00fcletett meg az \u00f6tlet, abb\u00f3l az alapvet\u0151 tapasztalatunkb\u00f3l indultunk ki, hogy ma Magyarorsz\u00e1gon egy \u00e1tlagos ki\u00e1ll\u00edt\u00e1s megtekint\u00e9s\u00e9hez \u00e1ltal\u00e1ban jegyet kell v\u00e1ltani, amit a legnehezebben \u00e9ppen a legfog\u00e9konyabbak, a fiatalok f\u0151leg a tanul\u00f3 fiatalok tehetnek meg. A m\u00e1sik kiindul\u00f3 gondolatunk pedig az volt, hogy azoknak az\u00a0 egyetemista \u00e9s f\u0151iskol\u00e1s fiataloknak, akik valamilyen m\u0171v\u00e9szettel foglalkoznak szinte egy\u00e1ltal\u00e1n nincs megjelen\u00e9si lehet\u0151s\u00e9g\u00fck.<\/p>\n<p><strong><em>Hogyan pr\u00f3b\u00e1ltok ezen v\u00e1ltoztatni?<\/em><\/strong><\/p>\n<p>A c\u00e9lunk, hogy az egyetemi \u00e9s f\u0151iskolai hallgat\u00f3knak, \u00e9s nagyon fontos, hogy nem csak nekik, hanem a fels\u0151oktat\u00e1sban dolgoz\u00f3knak is lehet\u0151s\u00e9get teremts\u00fcnk m\u0171veik ki\u00e1ll\u00edt\u00e1s\u00e1ra. Az \u00e9rdekl\u0151d\u0151knek pedig m\u00f3dot nyitunk arra, hogy bel\u00e9p\u0151jegy n\u00e9lk\u00fcl, kult\u00far\u00e1lt k\u00f6rnyezetben tal\u00e1lkozhassanak a ki\u00e1ll\u00edtott m\u0171vekkel.\u00a0 A k\u00e1v\u00e9z\u00f3 koncepci\u00f3ja, hogy \u00e1rainkat alacsonyan tartsuk, bev\u00e9tel\u00fcnket pedig a ki\u00e1ll\u00edt\u00e1sok \u00e9s m\u0171v\u00e9szeti tal\u00e1lkoz\u00f3k szervez\u00e9s\u00e9re forgatjuk vissza.<\/p>\n<p><strong><em>Milyen m\u0171v\u00e9szeti tal\u00e1lkoz\u00f3kra gondoltok ?<\/em><\/strong><strong><em>\u00a0<\/em><\/strong><\/p>\n<p>Kiemelt c\u00e9lunk az is, hogy a ki\u00e1ll\u00edt\u00e1sok mellett m\u0171v\u00e9szekkel, \u00edr\u00f3kkal \u00e9s k\u00f6z\u00e9leti szem\u00e9lyis\u00e9gekkel k\u00f6z\u00f6s tal\u00e1lkoz\u00e1sokat szervezz\u00fcnk az egyetemek \u00e9s f\u0151iskol\u00e1k r\u00e9sz\u00e9re.<\/p>\n<p><strong><em>Hogyan esett a v\u00e1laszt\u00e1s a Semmelweis Egyetemre?<\/em><\/strong><\/p>\n<p>T\u00f6bb int\u00e9zm\u00e9nyt is megkerest\u00fcnk, de a leggyorsabb \u00e9s legpozit\u00edvabb reakci\u00f3t a Semmelweis Egyetem adta. Az\u00f3ta\u00a0 m\u00e1r \u00fajabb 5-6 fels\u0151oktat\u00e1si int\u00e9zm\u00e9nnyel kezdt\u00fck meg a t\u00e1rgyal\u00e1sokat, de az els\u0151 \u201e Egyetem\u00fcnk\u201d k\u00e9ts\u00e9gtelen\u00fcl a Semmelweis Egyetem. Itt hadd ragadjuk meg az alkalmat, hogy k\u00f6sz\u00f6net\u00fcnket fejezz\u00fck ki Magyar K\u00e1lm\u00e1n professzor \u00farnak illetve Ternyilla M\u00f3nik\u00e1nak a kedves \u00e9s hat\u00e9kony k\u00f6zrem\u0171k\u00f6d\u00e9s\u00e9rt. Nagyon sokat seg\u00edtettek nek\u00fcnk.<\/p>\n<p><strong><em>Milyen terveitek vannak az elk\u00f6vetkez\u0151 egy \u00e9vben?<\/em><\/strong><\/p>\n<p>Terveink szerint az id\u00e9n \u00fajabb 5 k\u00e1v\u00e9z\u00f3t fogunk megnyitni, az orsz\u00e1g k\u00fcl\u00f6nb\u00f6z\u0151 v\u00e1rosaiban, j\u00f6v\u0151re pedig 8-10 k\u00e1v\u00e9z\u00f3 megnyit\u00e1sa v\u00e1rhat\u00f3. Itt a Semmelweis Egyetemen m\u00e1ris egy fot\u00f3ki\u00e1ll\u00edt\u00e1s bemutat\u00e1s\u00e1val nyitunk, a ki\u00e1ll\u00edt\u00e1sok minden esetben hat h\u00e9tig lesznek l\u00e1that\u00f3ak. Tervezz\u00fck a Semmelweis Egyetem m\u0171v\u00e9szeinek ki\u00e1ll\u00edt\u00e1sait, \u00e9ppen tegnap jelentkezett n\u00e1lunk egy itt dolgoz\u00f3 fiatalember, aki komoly m\u0171v\u00e9szeti tev\u00e9kenys\u00e9get folytat, emellett iparm\u0171v\u00e9szek m\u0171veinek ki\u00e1ll\u00edt\u00e1s\u00e1ra ker\u00fcl r\u00f6videsen sor \u00e9s szeretn\u00e9nk az \u0151szi szemesztert egy komoly \u00e9s nagy meglepet\u00e9ssel kezdeni. M\u00e1sik fontos terv\u00fcnk, hogy az \u0151sz folyam\u00e1n a Semmelweis Egyetemmel egy\u00fctt megszervezz\u00fck az els\u0151 Semmelweis j\u00f3t\u00e9konys\u00e1gi m\u0171v\u00e9szeti aukci\u00f3i, itt a NET \u00e9p\u00fclet\u00e9ben.<\/p>\n<p><strong><em>Mit \u00fczentek a Semmelweis Egyetem hallgat\u00f3inak \u00e9s munkat\u00e1rsainak?<\/em><\/strong><\/p>\n<p>Szeretettel invit\u00e1ljuk mindannyiukat a k\u00e1v\u00e9z\u00f3nkba \u00e9s a ki\u00e1ll\u00edt\u00e1sunkra. K\u00e9r\u00fcnk mindenkit, hogy keressenek benn\u00fcnket \u00f6tleteikkel \u00e9s javaslataikkal. \u00d6r\u00f6mmel fogadjuk majd \u0150ket.<\/p>\n<p><strong>K\u00f6sz\u00f6nj\u00fck\u00a0 a besz\u00e9lget\u00e9st \u00e9s sok sikert k\u00edv\u00e1nunk!<\/strong><\/p>\n","protected":false},"excerpt":{"rendered":"<p>Interj\u00fa az Egyetemi Kultur\u00e1lis K\u00e1v\u00e9h\u00e1zl\u00e1nc alap\u00edt\u00f3ival Az Egyetemi Kultur\u00e1lis K\u00e1v\u00e9h\u00e1zl\u00e1nc alap\u00edt\u00f3ival, Gyarmati D\u00f3r\u00e1val \u00e9s M\u00e1zl\u00f3 Imr\u00e9vel besz\u00e9lgetett a Semmelweis Egyetem PR \u00e9s marketing munkacsoportj\u00e1nak munkat\u00e1rsa. M\u0171v\u00e9szeti torn\u00e1val \u00e9s balettel foglalkoztam sok\u00e1ig, mes\u00e9li D\u00f3ra. Mindig a m\u0171v\u00e9szet \u00e9s kult\u00fara elk\u00f6telezett h\u00edve voltam. Jelenleg rendezv\u00e9nyszervez\u00e9ssel foglalkozom \u00e9s jogi p\u00e1ly\u00e1ra k\u00e9sz\u00fcl\u00f6k, \u0151szt\u0151l a P\u00e9csi Tudom\u00e1nyegyetem hallgat\u00f3ja leszek, 21 &hellip;<\/p>\n","protected":false},"author":12,"featured_media":0,"comment_status":"closed","ping_status":"closed","sticky":false,"template":"","format":"standard","meta":{"_acf_changed":false,"footnotes":""},"categories":[157],"tags":[345],"class_list":["post-277","post","type-post","status-publish","format-standard","hentry","category-semmelweis-vilag","tag-esemenyek-es-beszamolok"],"acf":[],"_links":{"self":[{"href":"https:\/\/semmelweis.hu\/hirek\/wp-json\/wp\/v2\/posts\/277","targetHints":{"allow":["GET"]}}],"collection":[{"href":"https:\/\/semmelweis.hu\/hirek\/wp-json\/wp\/v2\/posts"}],"about":[{"href":"https:\/\/semmelweis.hu\/hirek\/wp-json\/wp\/v2\/types\/post"}],"author":[{"embeddable":true,"href":"https:\/\/semmelweis.hu\/hirek\/wp-json\/wp\/v2\/users\/12"}],"replies":[{"embeddable":true,"href":"https:\/\/semmelweis.hu\/hirek\/wp-json\/wp\/v2\/comments?post=277"}],"version-history":[{"count":2,"href":"https:\/\/semmelweis.hu\/hirek\/wp-json\/wp\/v2\/posts\/277\/revisions"}],"predecessor-version":[{"id":74702,"href":"https:\/\/semmelweis.hu\/hirek\/wp-json\/wp\/v2\/posts\/277\/revisions\/74702"}],"wp:attachment":[{"href":"https:\/\/semmelweis.hu\/hirek\/wp-json\/wp\/v2\/media?parent=277"}],"wp:term":[{"taxonomy":"category","embeddable":true,"href":"https:\/\/semmelweis.hu\/hirek\/wp-json\/wp\/v2\/categories?post=277"},{"taxonomy":"post_tag","embeddable":true,"href":"https:\/\/semmelweis.hu\/hirek\/wp-json\/wp\/v2\/tags?post=277"}],"curies":[{"name":"wp","href":"https:\/\/api.w.org\/{rel}","templated":true}]}}