{"id":24831,"date":"2013-12-09T12:26:25","date_gmt":"2013-12-09T11:26:25","guid":{"rendered":"http:\/\/semmelweis.hu\/hirek\/?p=24831"},"modified":"2015-03-05T14:38:25","modified_gmt":"2015-03-05T13:38:25","slug":"a-semmelweis-egyetem-elsoeves-orvostanhallgatoja-lett-a-legintelligensebb-diak","status":"publish","type":"post","link":"https:\/\/semmelweis.hu\/hirek\/2013\/12\/09\/a-semmelweis-egyetem-elsoeves-orvostanhallgatoja-lett-a-legintelligensebb-diak\/","title":{"rendered":"A Semmelweis Egyetem els\u0151\u00e9ves orvostanhallgat\u00f3ja lett a legintelligensebb di\u00e1k"},"content":{"rendered":"<p>Magyarorsz\u00e1g els\u0151 di\u00e1k intelligenciaszint-m\u00e9r\u00e9se, a Nagy Di\u00e1k IQ-teszt szeptember k\u00f6zep\u00e9n indult, a vet\u00e9lked\u0151t a 17-24 \u00e9v k\u00f6z\u00f6tti fiataloknak hirdett\u00e9k meg. A Di\u00e1khitel K\u00f6zpont \u00e9s a DUE M\u00e9diah\u00e1l\u00f3zat \u00e1ltal szervezett h\u00e1romfordul\u00f3s, orsz\u00e1gos versenyen t\u00f6bb mint 15 ezren vettek r\u00e9szt. A l\u00e1nyok k\u00f6z\u00f6tt a 18 \u00e9ves T\u00f3th Emese, a Semmelweis Egyetem els\u0151\u00e9ves orvostanhallgat\u00f3ja lett a legintelligensebb di\u00e1k<\/p>\n<p><a href=\"https:\/\/semmelweis.hu\/hirek\/files\/2013\/12\/Nagy-Diak-IQ-teszt_nyertesek.jpg\"><img loading=\"lazy\" decoding=\"async\" class=\"size-large wp-image-24832 alignnone\" alt=\"Nagy Diak IQ-teszt_nyertesek\" src=\"https:\/\/semmelweis.hu\/hirek\/files\/2013\/12\/Nagy-Diak-IQ-teszt_nyertesek-600x398.jpg\" width=\"600\" height=\"398\" srcset=\"https:\/\/semmelweis.hu\/hirek\/files\/2013\/12\/Nagy-Diak-IQ-teszt_nyertesek-600x398.jpg 600w, https:\/\/semmelweis.hu\/hirek\/files\/2013\/12\/Nagy-Diak-IQ-teszt_nyertesek-300x199.jpg 300w, https:\/\/semmelweis.hu\/hirek\/files\/2013\/12\/Nagy-Diak-IQ-teszt_nyertesek-451x300.jpg 451w\" sizes=\"auto, (max-width: 600px) 100vw, 600px\" \/><\/a><\/p>\n<p>Az els\u0151 fordul\u00f3ban egy t\u00f6bb \u00e9ves fejleszt\u00e9ssel k\u00e9sz\u00fclt, betanulhatatlan, adapt\u00edv IQ-tesztet lehetett ingyen kit\u00f6lteni az interneten. Az online fordul\u00f3ban 15 ezern\u00e9l is t\u00f6bben tett\u00e9k pr\u00f3b\u00e1ra tud\u00e1sukat. A december 5-i d\u00f6nt\u0151be 249-en jutottak be, ahol a di\u00e1kok egy k\u00fcl\u00f6nleges, t\u00f6bb r\u00e9szb\u0151l \u00e1ll\u00f3, izgalmas, \u00e9l\u0151 show keret\u00e9ben, k\u00f6z\u00f6ns\u00e9g el\u0151tt versenyeztek. A fiataloknak nemcsak a helyes megold\u00e1sokra, hanem a gyorsas\u00e1gra is koncentr\u00e1lniuk kellett. A feladv\u00e1nyokat a Mensa HungarIQa \u00e9s a Rejtv\u00e9nyfejt\u0151k Orsz\u00e1gos Sz\u00f6vets\u00e9ge k\u00f6z\u00f6sen \u00e1ll\u00edtotta \u00f6ssze a legut\u00f3bbi, pekingi vil\u00e1gbajnoks\u00e1gon haszn\u00e1lt feladatt\u00edpusok alapj\u00e1n.<\/p>\n<p>A l\u00e1nyok k\u00f6z\u00f6tt a 18 \u00e9ves T\u00f3th Emese, a Semmelweis Egyetem els\u0151\u00e9ves orvostanhallgat\u00f3ja lett a legintelligensebb di\u00e1k, aki v\u00e9gig magabiztosan teljes\u00edtett. Elmond\u00e1sa szerint nem k\u00e9sz\u00fclt k\u00fcl\u00f6n a versenyre, szerinte b\u0151ven el\u00e9g volt, hogy matematika tagozatos oszt\u00e1lyba j\u00e1rt a gimn\u00e1ziumban, \u00e9s sz\u00edvesen old meg logikai feladv\u00e1nyokat. Szabadidej\u00e9ben h\u00e1rom hangszeren, heged\u0171n, furuly\u00e1n \u00e9s git\u00e1ron j\u00e1tszik, n\u00e9pt\u00e1ncol \u00e9s t\u00e1rsast\u00e1ncol, valamint \u00f6nk\u00e9ntes munk\u00e1t is v\u00e9gez.<\/p>\n<p>A Nagy Di\u00e1k IQ-teszt legintelligensebb fi\u00fa versenyz\u0151je c\u00edmet a soproni K\u00f3cz\u00e1n Gergely nyerte el, aki a Budapesti M\u0171szaki Egyetem harmad\u00e9ves \u00e9p\u00edt\u00e9szm\u00e9rn\u00f6k hallgat\u00f3ja.<\/p>\n<p>Kiss-B\u00f3di Bernadett<\/p>\n","protected":false},"excerpt":{"rendered":"<p>Magyarorsz\u00e1g els\u0151 di\u00e1k intelligenciaszint-m\u00e9r\u00e9se, a Nagy Di\u00e1k IQ-teszt szeptember k\u00f6zep\u00e9n indult, a vet\u00e9lked\u0151t a 17-24 \u00e9v k\u00f6z\u00f6tti fiataloknak hirdett\u00e9k meg. A Di\u00e1khitel K\u00f6zpont \u00e9s a DUE M\u00e9diah\u00e1l\u00f3zat \u00e1ltal szervezett h\u00e1romfordul\u00f3s, orsz\u00e1gos versenyen t\u00f6bb mint 15 ezren vettek r\u00e9szt. A l\u00e1nyok k\u00f6z\u00f6tt a 18 \u00e9ves T\u00f3th Emese, a Semmelweis Egyetem els\u0151\u00e9ves orvostanhallgat\u00f3ja lett a legintelligensebb di\u00e1k &hellip;<\/p>\n","protected":false},"author":155,"featured_media":24832,"comment_status":"closed","ping_status":"closed","sticky":false,"template":"","format":"standard","meta":{"_acf_changed":false,"footnotes":""},"categories":[3533,168],"tags":[3445],"class_list":["post-24831","post","type-post","status-publish","format-standard","has-post-thumbnail","hentry","category-hallgatok-oktatas","category-kiemelt","tag-tehetseg"],"acf":[],"_links":{"self":[{"href":"https:\/\/semmelweis.hu\/hirek\/wp-json\/wp\/v2\/posts\/24831","targetHints":{"allow":["GET"]}}],"collection":[{"href":"https:\/\/semmelweis.hu\/hirek\/wp-json\/wp\/v2\/posts"}],"about":[{"href":"https:\/\/semmelweis.hu\/hirek\/wp-json\/wp\/v2\/types\/post"}],"author":[{"embeddable":true,"href":"https:\/\/semmelweis.hu\/hirek\/wp-json\/wp\/v2\/users\/155"}],"replies":[{"embeddable":true,"href":"https:\/\/semmelweis.hu\/hirek\/wp-json\/wp\/v2\/comments?post=24831"}],"version-history":[{"count":3,"href":"https:\/\/semmelweis.hu\/hirek\/wp-json\/wp\/v2\/posts\/24831\/revisions"}],"predecessor-version":[{"id":24891,"href":"https:\/\/semmelweis.hu\/hirek\/wp-json\/wp\/v2\/posts\/24831\/revisions\/24891"}],"wp:featuredmedia":[{"embeddable":true,"href":"https:\/\/semmelweis.hu\/hirek\/wp-json\/wp\/v2\/media\/24832"}],"wp:attachment":[{"href":"https:\/\/semmelweis.hu\/hirek\/wp-json\/wp\/v2\/media?parent=24831"}],"wp:term":[{"taxonomy":"category","embeddable":true,"href":"https:\/\/semmelweis.hu\/hirek\/wp-json\/wp\/v2\/categories?post=24831"},{"taxonomy":"post_tag","embeddable":true,"href":"https:\/\/semmelweis.hu\/hirek\/wp-json\/wp\/v2\/tags?post=24831"}],"curies":[{"name":"wp","href":"https:\/\/api.w.org\/{rel}","templated":true}]}}