{"id":24365,"date":"2013-11-27T08:34:16","date_gmt":"2013-11-27T07:34:16","guid":{"rendered":"http:\/\/semmelweis.hu\/hirek\/?p=24365"},"modified":"2018-05-07T14:25:21","modified_gmt":"2018-05-07T12:25:21","slug":"tudotranszplantacio-elott-es-utan","status":"publish","type":"post","link":"https:\/\/semmelweis.hu\/hirek\/2013\/11\/27\/tudotranszplantacio-elott-es-utan\/","title":{"rendered":"T\u00fcd\u0151transzplant\u00e1ci\u00f3 el\u0151tt \u00e9s ut\u00e1n"},"content":{"rendered":"<p>A t\u00fcd\u0151\u00e1t\u00fcltetett betegek el\u0151- \u00e9s ut\u00f3gondoz\u00e1s\u00e1t 5 \u00e9ve l\u00e1tja el a Semmelweis Egyetem Pulmonl\u00f3giai Klinik\u00e1ja. \u00d6sszesen 47 betegn\u00e9l t\u00f6rt\u00e9nt sikeres t\u00fcd\u0151transzplant\u00e1ci\u00f3 ez id\u0151 alatt, mely az \u00f6sszes t\u00fcd\u0151\u00e1t\u00fcltetettnek t\u00f6bb mint a fele. Ezek a betegek \u00e9let\u00fck v\u00e9g\u00e9ig kiemelt pulmonol\u00f3giai ellen\u0151rz\u00e9sre szorulnak.<\/p>\n<p><a href=\"https:\/\/semmelweis.hu\/mediasarok\/files\/2013\/11\/RS7173_20110718-IMG_4729-scr.jpg\"><img loading=\"lazy\" decoding=\"async\" class=\"alignleft size-medium wp-image-35592\" title=\"Fot\u00f3: Kov\u00e1cs Attila - Semmelweis Egyetem\" alt=\"RS7173_20110718-IMG_4729-scr\" src=\"https:\/\/semmelweis.hu\/mediasarok\/files\/2013\/11\/RS7173_20110718-IMG_4729-scr-300x199.jpg\" width=\"300\" height=\"199\" \/><\/a>A k\u00e9t leggyakoribb t\u00fcd\u0151betegs\u00e9g &#8211; az asztma \u00e9s a kr\u00f3nikus obstrukt\u00edv t\u00fcd\u0151betegs\u00e9g (COPD) \u2013 legal\u00e1bb f\u00e9l milli\u00f3 magyart \u00e9rint. Eur\u00f3p\u00e1ban a lakoss\u00e1g sz\u00e1m\u00e1hoz viszony\u00edtva Magyarorsz\u00e1gon halnak meg a legt\u00f6bben COPD-ben is. A transzplant\u00e1ci\u00f3 olyan ritk\u00e1bban el\u0151fordul\u00f3, a t\u00fcd\u0151sz\u00f6vet gyors pusztul\u00e1s\u00e1val j\u00e1r\u00f3 t\u00fcd\u0151betegs\u00e9gek eset\u00e9ben is sz\u00fcks\u00e9ges lehet, mint p\u00e9ld\u00e1ul a ciszt\u00e1s fibr\u00f3zis, vagy a t\u00fcd\u0151fibr\u00f3zisok. Ezek a betegek d\u00f6nt\u0151en fiatalok, t\u00fcdej\u00fck nem k\u00e9pes az oxig\u00e9nfelv\u00e9telt biztos\u00edtani, az egyetlen lehet\u0151s\u00e9g\u00fck az \u00e1t\u00fcltet\u00e9s.<\/p>\n<p>Az els\u0151 magyar beteg 1996-ban kaphatott \u00faj t\u00fcd\u0151t, az egyik legnagyobb eur\u00f3pai mellkasseb\u00e9szeti centrumban, B\u00e9csben. Az\u00f3ta a magyar betegeknek \u00e1llamk\u00f6zi meg\u00e1llapod\u00e1s keret\u00e9ben ny\u00edlik lehet\u0151s\u00e9g\u00fck a B\u00e9csben v\u00e9gezhet\u0151 \u00e1t\u00fcltet\u00e9sre, szigor\u00fa krit\u00e9riumok alapj\u00e1n. Ez az oka, hogy a betegek nehezebben ker\u00fclnek fel a v\u00e1r\u00f3list\u00e1ra, mint m\u00e1s, az orsz\u00e1gban v\u00e9gezhet\u0151 szerv\u00e1t\u00fcltet\u00e9s (sz\u00edv, vese, m\u00e1j, hasny\u00e1lmirigy) eset\u00e9ben. Magyarorsz\u00e1gon a t\u00fcd\u0151 az egyetlen szerv, amelyb\u0151l t\u00f6bb donor szerv \u00e1ll rendelkez\u00e9sre, mint a be\u00fcltet\u00e9sre v\u00e1r\u00f3k sz\u00e1ma.<\/p>\n<p><a href=\"https:\/\/semmelweis.hu\/mediasarok\/files\/2013\/11\/RS7162_20110718-IMG_4760-scr.jpg\"><img loading=\"lazy\" decoding=\"async\" class=\"alignright size-medium wp-image-35594\" title=\"Fot\u00f3: Kov\u00e1cs Attila - Semmelweis Egyetem\" alt=\"RS7162_20110718-IMG_4760-scr\" src=\"https:\/\/semmelweis.hu\/mediasarok\/files\/2013\/11\/RS7162_20110718-IMG_4760-scr-225x300.jpg\" width=\"225\" height=\"300\" \/><\/a>2008 decembere \u00f3ta a Semmelweis Egyetem Pulmonol\u00f3giai Klinik\u00e1j\u00e1n l\u00e1tj\u00e1k el a t\u00fcd\u0151transzplant\u00e1ci\u00f3ban r\u00e9szes\u00fclt magyar betegek el\u0151- \u00e9s ut\u00f3gondoz\u00e1s\u00e1t. Mint orsz\u00e1gos centrum v\u00e9gzik az \u00e1t\u00fcltetett t\u00fcd\u0151vel \u00e9l\u0151 emberek t\u00fcd\u0151gy\u00f3gy\u00e1szati ell\u00e1t\u00e1s\u00e1t. A betegek szinte valamennyi megy\u00e9b\u0151l \u00e9rkeznek kezdetben heti, majd k\u00e9theti, a hatodik h\u00f3napt\u00f3l pedig havi kontrollra. A legt\u00f6bben ciszt\u00e1s fibr\u00f3zis miatt transzplant\u00e1lt fiatalok (18-40 \u00e9vesek), ezt k\u00f6vetik a t\u00fcd\u0151fibr\u00f3zis \u00e9s COPD miatt transzplant\u00e1ltak.<\/p>\n<p>\u00d6sszesen 47 betegn\u00e9l t\u00f6rt\u00e9nt sikeres t\u00fcd\u0151transzplant\u00e1ci\u00f3 az \u00f6t \u00e9v alatt. K\u00fcl\u00f6n team alakult az ell\u00e1t\u00e1sukra, orvosokkal, n\u0151v\u00e9rekkel, gy\u00f3gytorn\u00e1szokkal \u00e9s adminisztr\u00e1torral. A rendszeres ellen\u0151rz\u0151 h\u00f6rg\u0151t\u00fckr\u00f6z\u00e9s, a t\u00fcd\u0151sz\u00f6vet mintav\u00e9teli elj\u00e1r\u00e1sok hosszabb id\u0151t ig\u00e9nyelnek, \u00edgy a fenti vizsg\u00e1latokat v\u00e9gz\u0151 bronchol\u00f3giai labor kapacit\u00e1s\u00e1t is n\u00f6velt\u00e9k. Fenyeget\u0151 kil\u00f6k\u0151d\u00e9s, \u00e1llapotroml\u00e1s eset\u00e9n a diagnosztikai egys\u00e9gek, \u00e9s a felvev\u0151 oszt\u00e1lyok p\u00e9ld\u00e1s emberi \u00e9s szakmai hozz\u00e1\u00e1ll\u00e1st tan\u00fas\u00edtottak a nagy leterhelts\u00e9g ellen\u00e9re. Az orvosok, szakdolgoz\u00f3k szakma ir\u00e1nti tisztelete, embers\u00e9ge, munkaid\u0151n t\u00fali munk\u00e1ja hozz\u00e1j\u00e1rul ahhoz, hogy a nemzetk\u00f6zileg is magas szint\u0171 szakmai tud\u00e1st ig\u00e9nyl\u0151 betegek ell\u00e1t\u00e1sa biztos\u00edtva legyen.<\/p>\n<p>A t\u00fcd\u0151gy\u00f3gy\u00e1szat hi\u00e1nyszakma, a n\u00e9pbetegs\u00e9gnek sz\u00e1m\u00edt\u00f3 t\u00fcd\u0151betegs\u00e9gek kezel\u00e9se egyre nagyobb kih\u00edv\u00e1st jelent a szakm\u00e1ban dolgoz\u00f3knak. A Semmelweis Egyetem Pulmonol\u00f3giai Klinik\u00e1ja a szakmai ell\u00e1t\u00e1s cs\u00facs\u00e1t jelent\u0151 transzplant\u00e1ci\u00f3s tev\u00e9kenys\u00e9get a betegek t\u00fcd\u0151\u00e1t\u00fcltet\u00e9s ut\u00e1ni gondoz\u00e1s\u00e1t \u00f6r\u00f6mmel v\u00e1llalta \u00e9s l\u00e1tja el. Az orvostanhallgat\u00f3k \u00e9s fiatal szakorvosjel\u00f6ltek l\u00e1tj\u00e1k a transzplant\u00e1ci\u00f3s immunol\u00f3gia \u00e9s infektol\u00f3gia sikereit, mely jelent\u0151sen n\u00f6velte a t\u00fcd\u0151gy\u00f3gy\u00e1szat ir\u00e1nt \u00e9rdekl\u0151d\u0151k \u00e9s elk\u00f6telezettek sz\u00e1m\u00e1t. A speci\u00e1lis ell\u00e1t\u00e1si forma a t\u00f6bbi pulmonol\u00f3giai betegcsoport szakmai ell\u00e1t\u00e1s\u00e1t is jav\u00edtja (n\u0151v\u00e9ri, gy\u00f3gytorn\u00e1szi tov\u00e1bbk\u00e9pz\u00e9s). Egyetemen bel\u00fcl a transzplant\u00e1lt betegek ell\u00e1t\u00e1s\u00e1nak kapcs\u00e1n is er\u0151s\u00f6d\u00f6tt a t\u00f6bb szakma egy\u00fcttm\u0171k\u00f6d\u00e9s\u00e9t ig\u00e9nyl\u0151 \u00f6sszefog\u00e1s. Az elm\u00falt \u00f6t \u00e9v munk\u00e1j\u00e1t, eredm\u00e9nyeit \u00dcnnepi Jubileumi Tudom\u00e1nyos \u00dcl\u00e9st \u00e9s betegtal\u00e1lkoz\u00f3 rendez\u00e9s\u00e9vel \u00fcnneplik decemberben.<\/p>\n<p>Cz\u00e9t\u00e9nyi Rita<br \/>\nFot\u00f3: Semmelweis Egyetem, Kov\u00e1cs Attila<\/p>\n","protected":false},"excerpt":{"rendered":"<p>A t\u00fcd\u0151\u00e1t\u00fcltetett betegek el\u0151- \u00e9s ut\u00f3gondoz\u00e1s\u00e1t 5 \u00e9ve l\u00e1tja el a Semmelweis Egyetem Pulmonl\u00f3giai Klinik\u00e1ja. \u00d6sszesen 47 betegn\u00e9l t\u00f6rt\u00e9nt sikeres t\u00fcd\u0151transzplant\u00e1ci\u00f3 ez id\u0151 alatt, mely az \u00f6sszes t\u00fcd\u0151\u00e1t\u00fcltetettnek t\u00f6bb mint a fele. Ezek a betegek \u00e9let\u00fck v\u00e9g\u00e9ig kiemelt pulmonol\u00f3giai ellen\u0151rz\u00e9sre szorulnak. <a href=\"https:\/\/semmelweis.hu\/mediasarok\/files\/2013\/11\/RS7173_20110718-IMG_4729-scr.jpg\"><\/a> A k\u00e9t leggyakoribb t\u00fcd\u0151betegs\u00e9g &#8211; az asztma \u00e9s a kr\u00f3nikus obstrukt\u00edv t\u00fcd\u0151betegs\u00e9g (COPD) \u2013 &hellip;<\/p>\n","protected":false},"author":132,"featured_media":24375,"comment_status":"closed","ping_status":"closed","sticky":false,"template":"","format":"standard","meta":{"_acf_changed":false,"footnotes":""},"categories":[154,168],"tags":[156,4121,4134,2759],"class_list":["post-24365","post","type-post","status-publish","format-standard","has-post-thumbnail","hentry","category-egeszseg","category-kiemelt","tag-gyogyitas","tag-temaajanlo","tag-transzplantacio","tag-tudotranszplantacio"],"acf":[],"_links":{"self":[{"href":"https:\/\/semmelweis.hu\/hirek\/wp-json\/wp\/v2\/posts\/24365","targetHints":{"allow":["GET"]}}],"collection":[{"href":"https:\/\/semmelweis.hu\/hirek\/wp-json\/wp\/v2\/posts"}],"about":[{"href":"https:\/\/semmelweis.hu\/hirek\/wp-json\/wp\/v2\/types\/post"}],"author":[{"embeddable":true,"href":"https:\/\/semmelweis.hu\/hirek\/wp-json\/wp\/v2\/users\/132"}],"replies":[{"embeddable":true,"href":"https:\/\/semmelweis.hu\/hirek\/wp-json\/wp\/v2\/comments?post=24365"}],"version-history":[{"count":8,"href":"https:\/\/semmelweis.hu\/hirek\/wp-json\/wp\/v2\/posts\/24365\/revisions"}],"predecessor-version":[{"id":25976,"href":"https:\/\/semmelweis.hu\/hirek\/wp-json\/wp\/v2\/posts\/24365\/revisions\/25976"}],"wp:featuredmedia":[{"embeddable":true,"href":"https:\/\/semmelweis.hu\/hirek\/wp-json\/wp\/v2\/media\/24375"}],"wp:attachment":[{"href":"https:\/\/semmelweis.hu\/hirek\/wp-json\/wp\/v2\/media?parent=24365"}],"wp:term":[{"taxonomy":"category","embeddable":true,"href":"https:\/\/semmelweis.hu\/hirek\/wp-json\/wp\/v2\/categories?post=24365"},{"taxonomy":"post_tag","embeddable":true,"href":"https:\/\/semmelweis.hu\/hirek\/wp-json\/wp\/v2\/tags?post=24365"}],"curies":[{"name":"wp","href":"https:\/\/api.w.org\/{rel}","templated":true}]}}