{"id":2394,"date":"2010-02-18T10:45:49","date_gmt":"2010-02-18T09:45:49","guid":{"rendered":"http:\/\/semmelweis.hu\/?p=2394"},"modified":"2025-10-17T15:47:29","modified_gmt":"2025-10-17T13:47:29","slug":"eletenek-76-eveben-elhunyt-frenkl-robert-2","status":"publish","type":"post","link":"https:\/\/semmelweis.hu\/hirek\/2010\/02\/18\/eletenek-76-eveben-elhunyt-frenkl-robert-2\/","title":{"rendered":"\u00c9let\u00e9nek 76. \u00e9v\u00e9ben elhunyt Frenkl R\u00f3bert"},"content":{"rendered":"<p>Frenkl R\u00f3bert orvos, sportvezet\u0151, egyetemi tan\u00e1r, az evang\u00e9likus egyh\u00e1z egyik vezet\u0151 szem\u00e9lyis\u00e9ge Budapesten sz\u00fcletett 1934. m\u00e1jus 24-\u00e9n. A Budapesti Evang\u00e9likus Gimn\u00e1ziumban \u00e9retts\u00e9gizett, majd 1958-ban a Budapesti Orvostudom\u00e1nyi Egyetemen (BOTE) szerzett diplom\u00e1t.<\/p>\n<p>Ezut\u00e1n a BOTE, majd jogut\u00f3dja, a Semmelweis Orvostudom\u00e1nyi Egyetem k\u00f3r\u00e9lettani int\u00e9zet\u00e9nek munkat\u00e1rsa volt 1971-ig. K\u00e9s\u0151bb a Testnevel\u00e9si F\u0151iskol\u00e1n (TF) &#8211; mai nev\u00e9n Testnevel\u00e9si Egyetemen &#8211; oktatott 2004-ig, amikor az int\u00e9zm\u00e9ny professor emeritusa lett. Ez id\u0151 alatt harminc \u00e9ven \u00e1t volt a TF eg\u00e9szs\u00e9gtudom\u00e1nyi \u00e9s sportorvosi tansz\u00e9k\u00e9nek vezet\u0151je. K\u00f6zben 1989 \u00e9s 1992 k\u00f6z\u00f6tt a Nemzeti Eg\u00e9szs\u00e9gv\u00e9delmi Int\u00e9zet f\u0151igazgat\u00f3ja volt.<\/p>\n<p>Frenkl R\u00f3bert 1957-t\u0151l az OSC \u00fcgyvezet\u0151 eln\u00f6ke, 1991-t\u0151l a Magyar Egyetemi Sportsz\u00f6vets\u00e9g eln\u00f6ke, 1981 \u00e9s 2002 k\u00f6z\u00f6tt a Magyar Sportorvos T\u00e1rsas\u00e1g, 1996-t\u00f3l 2009-ig a Magyar Sporttudom\u00e1nyi T\u00e1rsas\u00e1g eln\u00f6ke volt, \u00e9s a hasonl\u00f3 profil\u00fa nemzetk\u00f6zi szervezetek munk\u00e1j\u00e1ban is r\u00e9szt vett k\u00fcl\u00f6nb\u00f6z\u0151 poz\u00edci\u00f3kban. A rendszerv\u00e1ltoz\u00e1s ut\u00e1n egy \u00e9vtizeden \u00e1t a Magyar Olimpiai Bizotts\u00e1g eln\u00f6ks\u00e9g\u00e9nek is tagja volt.<\/p>\n<p>K\u00e9t szaklap \u00e9l\u00e9n is \u00e1llt: 1986 \u00e9s 1994 k\u00f6z\u00f6tt a The World of Sports Medicine, 1991 \u00e9s 2003 k\u00f6z\u00f6tt pedig a Lege Artis Medicinae f\u0151szerkeszt\u0151je volt. T\u00f6bb \u00fajs\u00e1g (Evang\u00e9likus \u00c9let, Diak\u00f3nia, \u00dczenet, Credo) szerkeszt\u00e9s\u00e9ben r\u00e9szt vett, \u00e9s sok m\u00e1s lapban is megjelentek \u00edr\u00e1sai.<\/p>\n<p>Frenkl R\u00f3bert 1963-t\u00f3l 1987-ig volt a De\u00e1k t\u00e9ri evang\u00e9likus gy\u00fclekezet presbitere, jegyz\u0151je, m\u00e1sodfel\u00fcgyel\u0151je, 1987 \u00e9s 1989 k\u00f6ztt a d\u00e9li egyh\u00e1zker\u00fclet fel\u00fcgyel\u0151je, 1989-t\u00f3l 2006-ig a Magyarorsz\u00e1gi Evang\u00e9likus Egyh\u00e1z orsz\u00e1gos fel\u00fcgyel\u0151je, 1991 \u00e9s 1997 k\u00f6z\u00f6tt az orsz\u00e1gos zsinat vil\u00e1gi aleln\u00f6ke. 2004-t\u0151l az Eur\u00f3pai Protest\u00e1ns Magyar Szabadegyetem Egyes\u00fclet eln\u00f6ke.<\/p>\n<p>Frenkl R\u00f3bert 1993-t\u00f3l h\u00e9t \u00e9ven \u00e1t volt a K\u00f6zt\u00e1rsas\u00e1g P\u00e1rt eln\u00f6ks\u00e9gi tagja, majd aleln\u00f6ke.<\/p>\n<p>F\u0151bb d\u00edjai: Dalmady Zolt\u00e1n-d\u00edj (1979), P\u00e1zm\u00e1ny P\u00e9ter-d\u00edj (1994), S\u00f3s J\u00f3zsef-eml\u00e9k\u00e9rem (1997), Kem\u00e9ny Ferenc-d\u00edj (2002), MOTESZ-d\u00edj (2003).<\/p>\n<p>Frenkl R\u00f3bert ismertebb m\u0171vei: Sport\u00e9lettan (1977), Sportorvostan (szerk., t\u00e1rsszerz\u0151, 1984), A sport k\u00f6zelr\u0151l (1974), A j\u00f6v\u0151 sz\u00e1zad sportja (1979), Nem fog f\u00e1jni (1982), A sport bel\u00fclr\u0151l (1984), \u00cdgy l\u00e1ttam&#8230; (1994), Maradj fiatal (1995), Gy\u0151zni minden \u00e1ron (2000), Fl\u00f6rt\u00f6m a futballal (2002), A TF \u00e9s a magyar sport bel\u00fclr\u0151l (2003), Mi t\u00f6rt\u00e9nt Ath\u00e9nban? (2004), T\u00f6preng\u00e9seim. Eg\u00e9szs\u00e9g\u00fcgy: \u00e9rt\u00e9kek \u00e9s vesztes\u00e9gek (2005).<\/p>\n<p style=\"text-align: justify;\">Frenkl R\u00f3bertet a Semmelweis Egyetem saj\u00e1t halottj\u00e1nak tekinti. Temet\u00e9se <strong>2010. febru\u00e1r 23-\u00e1n, kedden d\u00e9lut\u00e1n 14.15-kor<\/strong> lesz a Farkasr\u00e9ti temet\u0151ben.<\/p>\n","protected":false},"excerpt":{"rendered":"<p>Frenkl R\u00f3bert orvos, sportvezet\u0151, egyetemi tan\u00e1r, az evang\u00e9likus egyh\u00e1z egyik vezet\u0151 szem\u00e9lyis\u00e9ge Budapesten sz\u00fcletett 1934. m\u00e1jus 24-\u00e9n. A Budapesti Evang\u00e9likus Gimn\u00e1ziumban \u00e9retts\u00e9gizett, majd 1958-ban a Budapesti Orvostudom\u00e1nyi Egyetemen (BOTE) szerzett diplom\u00e1t. Ezut\u00e1n a BOTE, majd jogut\u00f3dja, a Semmelweis Orvostudom\u00e1nyi Egyetem k\u00f3r\u00e9lettani int\u00e9zet\u00e9nek munkat\u00e1rsa volt 1971-ig. K\u00e9s\u0151bb a Testnevel\u00e9si F\u0151iskol\u00e1n (TF) &#8211; mai nev\u00e9n Testnevel\u00e9si Egyetemen &hellip;<\/p>\n","protected":false},"author":12,"featured_media":0,"comment_status":"closed","ping_status":"open","sticky":false,"template":"","format":"standard","meta":{"_acf_changed":false,"footnotes":""},"categories":[13],"tags":[345,4108],"class_list":["post-2394","post","type-post","status-publish","format-standard","hentry","category-egyeb","tag-esemenyek-es-beszamolok","tag-gyaszhir"],"acf":[],"_links":{"self":[{"href":"https:\/\/semmelweis.hu\/hirek\/wp-json\/wp\/v2\/posts\/2394","targetHints":{"allow":["GET"]}}],"collection":[{"href":"https:\/\/semmelweis.hu\/hirek\/wp-json\/wp\/v2\/posts"}],"about":[{"href":"https:\/\/semmelweis.hu\/hirek\/wp-json\/wp\/v2\/types\/post"}],"author":[{"embeddable":true,"href":"https:\/\/semmelweis.hu\/hirek\/wp-json\/wp\/v2\/users\/12"}],"replies":[{"embeddable":true,"href":"https:\/\/semmelweis.hu\/hirek\/wp-json\/wp\/v2\/comments?post=2394"}],"version-history":[{"count":1,"href":"https:\/\/semmelweis.hu\/hirek\/wp-json\/wp\/v2\/posts\/2394\/revisions"}],"predecessor-version":[{"id":67027,"href":"https:\/\/semmelweis.hu\/hirek\/wp-json\/wp\/v2\/posts\/2394\/revisions\/67027"}],"wp:attachment":[{"href":"https:\/\/semmelweis.hu\/hirek\/wp-json\/wp\/v2\/media?parent=2394"}],"wp:term":[{"taxonomy":"category","embeddable":true,"href":"https:\/\/semmelweis.hu\/hirek\/wp-json\/wp\/v2\/categories?post=2394"},{"taxonomy":"post_tag","embeddable":true,"href":"https:\/\/semmelweis.hu\/hirek\/wp-json\/wp\/v2\/tags?post=2394"}],"curies":[{"name":"wp","href":"https:\/\/api.w.org\/{rel}","templated":true}]}}