{"id":23932,"date":"2013-11-15T15:00:35","date_gmt":"2013-11-15T14:00:35","guid":{"rendered":"http:\/\/semmelweis.hu\/hirek\/?p=23932"},"modified":"2021-05-07T11:22:21","modified_gmt":"2021-05-07T09:22:21","slug":"heten-kaptak-diszdoktori-cimet-az-idei-doctor-honoris-causa-unnepsegen","status":"publish","type":"post","link":"https:\/\/semmelweis.hu\/hirek\/2013\/11\/15\/heten-kaptak-diszdoktori-cimet-az-idei-doctor-honoris-causa-unnepsegen\/","title":{"rendered":"Heten kaptak d\u00edszdoktori c\u00edmet az idei Doctor Honoris Causa \u00fcnneps\u00e9gen"},"content":{"rendered":"<p>Az idei a 39. \u00e9v, hogy a Semmelweis Egyetem d\u00edszdoktori c\u00edmet adom\u00e1nyoz a Doctor Honoris Causa \u00fcnneps\u00e9gen olyan kiemelked\u0151 professzoroknak, akik az egyetemmel hosszabb id\u0151 \u00f3ta eredm\u00e9nyes szakmai kapcsolatot \u00e1polnak. 2013-ban a karok felterjeszt\u00e9se \u00e9s a Szen\u00e1tus d\u00f6nt\u00e9se alapj\u00e1n h\u00e9t professzor vehetett \u00e1t d\u00edszdoktori c\u00edmet \u2013 mondta a Semmelweis Szalonban rendezett \u00fcnneps\u00e9g megnyit\u00e1sak\u00e9nt dr. Sz\u00e9l \u00c1goston rektor.<\/p>\n<p><a href=\"https:\/\/semmelweis.hu\/hirek\/files\/2013\/11\/RS8357_20131115-IMG_6797-DHC-atado-scr1.jpg\"><img loading=\"lazy\" decoding=\"async\" class=\"aligncenter size-large wp-image-23966\" alt=\"RS8357_20131115-IMG_6797-DHC-atado-scr\" src=\"https:\/\/semmelweis.hu\/hirek\/files\/2013\/11\/RS8357_20131115-IMG_6797-DHC-atado-scr1-600x400.jpg\" width=\"600\" height=\"400\" srcset=\"https:\/\/semmelweis.hu\/hirek\/files\/2013\/11\/RS8357_20131115-IMG_6797-DHC-atado-scr1-600x400.jpg 600w, https:\/\/semmelweis.hu\/hirek\/files\/2013\/11\/RS8357_20131115-IMG_6797-DHC-atado-scr1-300x199.jpg 300w, https:\/\/semmelweis.hu\/hirek\/files\/2013\/11\/RS8357_20131115-IMG_6797-DHC-atado-scr1-450x300.jpg 450w, https:\/\/semmelweis.hu\/hirek\/files\/2013\/11\/RS8357_20131115-IMG_6797-DHC-atado-scr1.jpg 950w\" sizes=\"auto, (max-width: 600px) 100vw, 600px\" \/><\/a>Az \u00c1ltal\u00e1nos Orvostudom\u00e1nyi Kar felterjeszt\u00e9se alapj\u00e1n d\u00edszdoktori c\u00edmet vehetett \u00e1t dr. Tibor Juh\u00e1sz (Department of Biomedical Engineering and Department of Ophthalmology, University of California), dr. Gerhard M. Kostner (Institute of Molecular Biology and Biochemistry, Medical University of Graz), dr. Peter G. Medvecky (Department of Molecular Medicine of University of South Florida) \u00e9s dr. Arthur J. Moss (University of Rochester Medical Center). Laud\u00e1ci\u00f3jukat dr. Hunyady L\u00e1szl\u00f3, az \u00c1ltal\u00e1nos Orvostudom\u00e1nyi Kar d\u00e9k\u00e1nja ismertette.<\/p>\n<p><a href=\"https:\/\/semmelweis.hu\/hirek\/files\/2013\/11\/juhasz-tibor-laudacio.doc\" target=\"_blank\" rel=\"noopener noreferrer\">Dr. Tibor Juh\u00e1sz <\/a>Magyarorsz\u00e1gon, Dorogon sz\u00fcletett, s noha az Irvine University f\u0151\u00e1ll\u00e1s\u00fa professzora, rendszeres \u00e9s akt\u00edv r\u00e9sztvev\u0151je a hazai szem\u00e9szeti konferenci\u00e1knak. Munk\u00e1j\u00e1nak k\u00f6z\u00e9ppontj\u00e1ban a szem\u00e9szeti l\u00e9zerek fejleszt\u00e9se \u00e1ll. 2008 \u00f3ta egy \u00e1ltala kifejlesztett l\u00e9zer teszi m\u00e9g biztons\u00e1gosabb\u00e1 a szaruh\u00e1rtyam\u0171t\u00e9teket a M\u00e1ria utcai Szem\u00e9szeti Klinik\u00e1n.<\/p>\n<p><a href=\"https:\/\/semmelweis.hu\/hirek\/files\/2013\/11\/2013-Gerhard-M-Kostner-Dr-Hon-Causa-m\u00e9ltat\u00e1s-angol.doc\" target=\"_blank\" rel=\"noopener noreferrer\">Dr. Gerhard M. Kostner<\/a> a nemzetk\u00f6zi lipoprotein kutat\u00e1s kiemelked\u0151 szem\u00e9lyis\u00e9ge. T\u00f6bb \u00e9vtizede tart fenn szoros kapcsolatot a magyar lipidol\u00f3giai kutat\u00f3 k\u00f6zpontokkal, int\u00e9zete sz\u00e1mos posztdoktort \u00e9s kutat\u00f3t fogadott a Semmelweis Egyetemr\u0151l egy k\u00e9toldal\u00fa egy\u00fcttm\u0171k\u00f6d\u00e9s keret\u00e9ben.<\/p>\n<p><a href=\"https:\/\/semmelweis.hu\/hirek\/files\/2013\/11\/laudatio-prof-medveczki.doc\" target=\"_blank\" rel=\"noopener noreferrer\">Dr. Peter G. Medveczky<\/a> amerikai \u00e1llampolg\u00e1r, de Magyarorsz\u00e1gon sz\u00fcletett \u00e9s 1970-ben a Semmelweis Egyetemen diplom\u00e1zott. A vil\u00e1gszerte elismert virol\u00f3gus \u00e9s molekul\u00e1ris biol\u00f3gus \u00e9rdekl\u0151d\u00e9s\u00e9nek k\u00f6z\u00e9ppontj\u00e1ban az onkog\u00e9n \u00e9s neurotrop herpeszv\u00edrusok \u00e1llnak, az Orvosi Mikrobiol\u00f3giai Int\u00e9zettel val\u00f3 sikeres egy\u00fcttm\u0171k\u00f6d\u00e9se az 1980-as \u00e9vek k\u00f6zepe \u00f3ta tart.<\/p>\n<p><a href=\"https:\/\/semmelweis.hu\/hirek\/files\/2013\/11\/Arthur_J_Moss_laudatio_1.docx\" target=\"_blank\" rel=\"noopener noreferrer\">Dr. Arthur J. Moss<\/a> el\u00e9v\u00fclhetetlen \u00e9rdemeket szerzett az elektrofiziol\u00f3gia \u00e9s a klinikai kardiol\u00f3gia ter\u00e9n. Az elm\u00falt k\u00e9t \u00e9vtizedben a ventricularis aritmi\u00e1k ker\u00fcltek \u00e9rdekl\u0151d\u00e9s\u00e9nek k\u00f6zpontj\u00e1ba. A Semmelweis Egyetemmel 2007-ben kezdte tudom\u00e1nyos egy\u00fcttm\u0171k\u00f6d\u00e9s\u00e9t a hirtelen sz\u00edvhal\u00e1l \u00e9s sz\u00edvel\u00e9gtelens\u00e9g, valamint annak nem-gy\u00f3gyszeres kezel\u00e9s\u00e9nek t\u00e9mak\u00f6r\u00e9ben, ekkor csatlakozott az egyetem a MADIT (Multicenter Automated Implanted Defibrillator Trials) &#8211; CRT klinikai vizsg\u00e1lathoz.<\/p>\n<p>Az Eg\u00e9szs\u00e9gtudom\u00e1nyi Kar felterjeszt\u00e9se alapj\u00e1n d\u00edszdoktori c\u00edmet nyert el dr. Marie T. O\u2019Toole (Department of Nursing, Rutgers University). Laud\u00e1ci\u00f3j\u00e1t dr. Domj\u00e1n Gyula, a kar d\u00e9k\u00e1nhelyettese ismertette.<\/p>\n<p><a href=\"https:\/\/semmelweis.hu\/hirek\/files\/2013\/11\/Marie-OToole_DHC_1.pdf\" target=\"_blank\" rel=\"noopener noreferrer\">Dr. Marie T. O\u2019Toole<\/a> p\u00f3tolhatatlan szerepet j\u00e1tszott az \u00e1pol\u00f3k\u00e9pz\u00e9s ter\u00fclet\u00e9n egyed\u00fcl\u00e1ll\u00f3, kett\u0151s diplom\u00e1t ad\u00f3 program elind\u00edt\u00e1s\u00e1ban, mely a Nazareth College of Rochester (USA), a Laurea University of Helsinki \u00e9s az Eg\u00e9szs\u00e9gtudom\u00e1nyi Kar egy\u00fcttm\u0171k\u00f6d\u00e9s\u00e9n alapul.<\/p>\n<p>D\u00edszdoktori c\u00edmet vehetett \u00e1t dr. Peep Veski (Institute of Pharmacy Faculty of Medicine University of Tartu), laud\u00e1ci\u00f3ja a felterjeszt\u0151 Gy\u00f3gyszer\u00e9sztudom\u00e1nyi Kar d\u00e9k\u00e1nj\u00e1t\u00f3l dr. Zelk\u00f3 Rom\u00e1n\u00e1t\u00f3l hangzott el.<\/p>\n<p><a href=\"https:\/\/semmelweis.hu\/hirek\/files\/2013\/11\/laudation-prof-veski.doc\" target=\"_blank\" rel=\"noopener noreferrer\">Dr. Peep Veski<\/a> \u00c9sztorsz\u00e1gban sz\u00fcletett, a Semmelweis Egyetemen v\u00e9gzett gy\u00f3gyszer\u00e9szk\u00e9nt, majd visszat\u00e9rt \u00c9sztorsz\u00e1gba, de az\u00f3ta is t\u00f6bb sz\u00e1lon kapcsol\u00f3dik Magyarorsz\u00e1ghoz. A \u201ePharmaceutical Technology and Biopharmatics\u201d ter\u00fcleten sikeres egy\u00fcttm\u0171k\u00f6d\u00e9s alakult ki a Gy\u00f3gyszer\u00e9szeti Int\u00e9zettel, dr. Klebovits Imre munkacsoportj\u00e1val. Peep Veski professzor kezdem\u00e9nyezte az \u00c9szt-Finn-Magyar Gy\u00f3gyszer\u00e9sz T\u00e1rsas\u00e1g \u00fajj\u00e1\u00e9leszt\u00e9s\u00e9t is.<\/p>\n<p>Dr. Paul G. M. Luiten (Faculty of Mathematics and Natural Sciences, University of Groningen) laud\u00e1ci\u00f3j\u00e1t a jel\u00f6l\u0151 Testnevel\u00e9si \u00e9s Sporttudom\u00e1nyi Kar d\u00e9k\u00e1nhelyettese, dr. Berkes Istv\u00e1n ismertette.<\/p>\n<p><a href=\"https:\/\/semmelweis.hu\/hirek\/files\/2013\/11\/Laudatio-prof-Luiten.docx\" target=\"_blank\" rel=\"noopener noreferrer\">Dr. Paul G. M. Luiten<\/a> a vil\u00e1g egyik legelismertebb tud\u00f3sa az agyi \u00e9rrendszeri neurobiol\u00f3gia \u00e9s patol\u00f3gia ter\u00fclet\u00e9n, jelenleg az agy eg\u00e9szs\u00e9ges \u00e1llapotban val\u00f3 meg\u0151rz\u00e9se \u00e1ll \u00e9rdekl\u0151d\u00e9se f\u00f3kusz\u00e1ban. T\u00f6bb magyarorsz\u00e1gi egyetemmel is szoros szakmai egy\u00fcttm\u0171k\u00f6d\u00e9st alak\u00edtott ki, neki k\u00f6sz\u00f6nhet\u0151en k\u00e9t Semmelweis Egyetemen v\u00e9gzett hallgat\u00f3 szerzett PhD-fokozatot a Groningen University-n.<\/p>\n<p><a href=\"https:\/\/semmelweis.hu\/hirek\/files\/2013\/11\/RS8321_20131115-IMG_6994-DHC-atado-scr1.jpg\"><img loading=\"lazy\" decoding=\"async\" class=\"aligncenter size-large wp-image-23967\" alt=\"RS8321_20131115-IMG_6994-DHC-atado-scr\" src=\"https:\/\/semmelweis.hu\/hirek\/files\/2013\/11\/RS8321_20131115-IMG_6994-DHC-atado-scr1-600x400.jpg\" width=\"600\" height=\"400\" srcset=\"https:\/\/semmelweis.hu\/hirek\/files\/2013\/11\/RS8321_20131115-IMG_6994-DHC-atado-scr1-600x400.jpg 600w, https:\/\/semmelweis.hu\/hirek\/files\/2013\/11\/RS8321_20131115-IMG_6994-DHC-atado-scr1-300x199.jpg 300w, https:\/\/semmelweis.hu\/hirek\/files\/2013\/11\/RS8321_20131115-IMG_6994-DHC-atado-scr1-450x300.jpg 450w, https:\/\/semmelweis.hu\/hirek\/files\/2013\/11\/RS8321_20131115-IMG_6994-DHC-atado-scr1.jpg 950w\" sizes=\"auto, (max-width: 600px) 100vw, 600px\" \/><\/a>Az \u00fcnneps\u00e9g v\u00e9g\u00e9n dr. Sz\u00e9l \u00c1goston rektor hangs\u00falyozta: egy egyetem, legyen b\u00e1rmilyen nagy trad\u00edci\u00f3ja, nem \u00e1llhat egyed\u00fcl. A rektor rem\u00e9ny\u00e9t fejezte ki, hogy a kor\u00e1bban elindult nemzetk\u00f6zi egy\u00fcttm\u0171k\u00f6d\u00e9sek tov\u00e1bbra is sikeresek lesznek, \u00e9s az \u00faj d\u00edszdoktorok tov\u00e1bb terjesztik a Semmelweis Egyetem j\u00f3 h\u00edr\u00e9t. Kiemelte, a Semmelweis Egyetem sz\u00e1m\u00e1ra nagy megtiszteltet\u00e9s, hogy ilyen kiemelked\u0151 tud\u00f3sokkal b\u0151v\u00fclhetett d\u00edszdoktorainak k\u00f6re.<\/p>\n<p>Dobozi P\u00e1lma<br \/>\nFot\u00f3k: Kov\u00e1cs Attila &#8211; Semmelweis Egyetem<\/p>\n<p>&nbsp;<\/p>\n<div>K\u00e9rj\u00fck, ha r\u00e9szt vett a rendezv\u00e9nyen, t\u00f6ltse ki <a href=\"https:\/\/docs.google.com\/forms\/d\/1nIpFCmKXiIiOWJ7g4tWaS5pKsyqEvJAWAY60Urw_yNs\/viewform\" target=\"_blank\" rel=\"noopener noreferrer\">az online el\u00e9gedetts\u00e9gm\u00e9r\u0151 k\u00e9rd\u0151\u00edvet<\/a> (2 percet vesz ig\u00e9nybe, nek\u00fcnk pedig nagy seg\u00edts\u00e9g). K\u00f6sz\u00f6nj\u00fck.<\/div>\n<p><a href=\"https:\/\/docs.google.com\/forms\/d\/1nIpFCmKXiIiOWJ7g4tWaS5pKsyqEvJAWAY60Urw_yNs\/viewform\">\u00a0<\/a><\/p>\n\r\n        [slb_exclude]\r\n        <div class=\"row galeria-wrapper mx-0 h-auto\">\r\n            <div class=\"col-9 pl-0 pr-2\">\r\n            <span class=\"gallery-item frame\">\r\n\t\t\t\t<div class=\"galeria-left-img\"><a href=\"https:\/\/semmelweis.hu\/hirek\/files\/2013\/11\/RS8357_20131115-IMG_6797-DHC-atado-scr.jpg\"><img src=https:\/\/semmelweis.hu\/hirek\/files\/2013\/11\/RS8357_20131115-IMG_6797-DHC-atado-scr.jpg  \r\n                            alt=\"\" \r\n                            class=\"attachment-sote-gallery-big size-sote-gallery-big\" \r\n                            srcset=\"https:\/\/semmelweis.hu\/hirek\/files\/2013\/11\/RS8357_20131115-IMG_6797-DHC-atado-scr-300x199.jpg 300w, https:\/\/semmelweis.hu\/hirek\/files\/2013\/11\/RS8357_20131115-IMG_6797-DHC-atado-scr-600x400.jpg 600w, https:\/\/semmelweis.hu\/hirek\/files\/2013\/11\/RS8357_20131115-IMG_6797-DHC-atado-scr-450x300.jpg 450w, https:\/\/semmelweis.hu\/hirek\/files\/2013\/11\/RS8357_20131115-IMG_6797-DHC-atado-scr.jpg 950w\" ><\/a><\/div>\r\n            <\/span>\r\n\r\n            <\/div>\r\n\r\n\t\t\t<div class=\"col-3 pl-0 pr-0\">\r\n\t\t\t\t<div class=\"galeria-right-img d-flex justify-content-between flex-column h-100 w-100 px-0 mx-0 \">\r\n                <div class=\"galeria-box\">\r\n\t\t\t\t\t<h3 class=\"galeria-title\">Gal\u00e9ria<\/h3>\r\n\t\t\t\t\t<div class=\"galeria-subtitle\">\r\n\r\n\t\t\t\t\t\t<div class=\"galeria-page-counter\"><span>24<\/span>k\u00e9p<\/div>\r\n                    <\/div> <\/div>\r\n                    <span class=\"gallery-item frame d-none d-md-flex\">\r\n\t\t\t\t\t<div class=\"galeria-small-img mt-0\"><a href=\"https:\/\/semmelweis.hu\/hirek\/files\/2013\/11\/RS8353_20131115-IMG_6804-DHC-atado-scr.jpg\"><img src=https:\/\/semmelweis.hu\/hirek\/files\/2013\/11\/RS8353_20131115-IMG_6804-DHC-atado-scr.jpg \r\n                                alt=\"\"  \r\n                                class=\"attachment-sote-gallery-small size-sote-gallery-small\" \r\n                                srcset=\"https:\/\/semmelweis.hu\/hirek\/files\/2013\/11\/RS8353_20131115-IMG_6804-DHC-atado-scr-300x199.jpg 300w, https:\/\/semmelweis.hu\/hirek\/files\/2013\/11\/RS8353_20131115-IMG_6804-DHC-atado-scr-600x400.jpg 600w, https:\/\/semmelweis.hu\/hirek\/files\/2013\/11\/RS8353_20131115-IMG_6804-DHC-atado-scr-450x300.jpg 450w, https:\/\/semmelweis.hu\/hirek\/files\/2013\/11\/RS8353_20131115-IMG_6804-DHC-atado-scr.jpg 950w\" ><\/a><\/div>\r\n                    <\/span>\r\n                    <span class=\"gallery-item frame d-none d-md-flex\">\r\n\t\t\t\t\t<div class=\"galeria-small-img mt-0\"><a href=\"https:\/\/semmelweis.hu\/hirek\/files\/2013\/11\/RS8350_20131115-IMG_6813-DHC-atado-scr.jpg\"><img src=https:\/\/semmelweis.hu\/hirek\/files\/2013\/11\/RS8350_20131115-IMG_6813-DHC-atado-scr.jpg \r\n                                alt=\"\" \r\n                                class=\"attachment-sote-gallery-small size-sote-gallery-small\" \r\n                                srcset=\"https:\/\/semmelweis.hu\/hirek\/files\/2013\/11\/RS8350_20131115-IMG_6813-DHC-atado-scr-200x300.jpg 200w, https:\/\/semmelweis.hu\/hirek\/files\/2013\/11\/RS8350_20131115-IMG_6813-DHC-atado-scr-266x400.jpg 266w, https:\/\/semmelweis.hu\/hirek\/files\/2013\/11\/RS8350_20131115-IMG_6813-DHC-atado-scr.jpg 500w\" ><\/a><\/div>\r\n                    <\/span>\r\n\r\n                <\/div>\r\n\r\n            <\/div>\r\n\r\n            <span class=\"gallery-item\"><div class=\"hidden\"><a href=\"https:\/\/semmelweis.hu\/hirek\/files\/2013\/11\/RS8351_20131115-IMG_6811-DHC-atado-scr.jpg\">\r\n        <img src=https:\/\/semmelweis.hu\/hirek\/files\/2013\/11\/RS8351_20131115-IMG_6811-DHC-atado-scr.jpg alt=\"\" class=\"attachment-sote-gallery-big size-sote-gallery-big\" srcset=\"https:\/\/semmelweis.hu\/hirek\/files\/2013\/11\/RS8351_20131115-IMG_6811-DHC-atado-scr-200x300.jpg 200w, https:\/\/semmelweis.hu\/hirek\/files\/2013\/11\/RS8351_20131115-IMG_6811-DHC-atado-scr-266x400.jpg 266w, https:\/\/semmelweis.hu\/hirek\/files\/2013\/11\/RS8351_20131115-IMG_6811-DHC-atado-scr.jpg 500w\" >\r\n        <\/a><\/div><\/span><span class=\"gallery-item\"><div class=\"hidden\"><a href=\"https:\/\/semmelweis.hu\/hirek\/files\/2013\/11\/RS8349_20131115-IMG_6819-DHC-atado-scr.jpg\">\r\n        <img src=https:\/\/semmelweis.hu\/hirek\/files\/2013\/11\/RS8349_20131115-IMG_6819-DHC-atado-scr.jpg alt=\"\" class=\"attachment-sote-gallery-big size-sote-gallery-big\" srcset=\"https:\/\/semmelweis.hu\/hirek\/files\/2013\/11\/RS8349_20131115-IMG_6819-DHC-atado-scr-200x300.jpg 200w, https:\/\/semmelweis.hu\/hirek\/files\/2013\/11\/RS8349_20131115-IMG_6819-DHC-atado-scr-266x400.jpg 266w, https:\/\/semmelweis.hu\/hirek\/files\/2013\/11\/RS8349_20131115-IMG_6819-DHC-atado-scr.jpg 500w\" >\r\n        <\/a><\/div><\/span><span class=\"gallery-item\"><div class=\"hidden\"><a href=\"https:\/\/semmelweis.hu\/hirek\/files\/2013\/11\/RS8352_20131115-IMG_6806-DHC-atado-scr.jpg\">\r\n        <img src=https:\/\/semmelweis.hu\/hirek\/files\/2013\/11\/RS8352_20131115-IMG_6806-DHC-atado-scr.jpg alt=\"\" class=\"attachment-sote-gallery-big size-sote-gallery-big\" srcset=\"https:\/\/semmelweis.hu\/hirek\/files\/2013\/11\/RS8352_20131115-IMG_6806-DHC-atado-scr-300x199.jpg 300w, https:\/\/semmelweis.hu\/hirek\/files\/2013\/11\/RS8352_20131115-IMG_6806-DHC-atado-scr-600x400.jpg 600w, https:\/\/semmelweis.hu\/hirek\/files\/2013\/11\/RS8352_20131115-IMG_6806-DHC-atado-scr-450x300.jpg 450w, https:\/\/semmelweis.hu\/hirek\/files\/2013\/11\/RS8352_20131115-IMG_6806-DHC-atado-scr.jpg 950w\" >\r\n        <\/a><\/div><\/span><span class=\"gallery-item\"><div class=\"hidden\"><a href=\"https:\/\/semmelweis.hu\/hirek\/files\/2013\/11\/RS8355_20131115-IMG_6801-DHC-atado-scr.jpg\">\r\n        <img src=https:\/\/semmelweis.hu\/hirek\/files\/2013\/11\/RS8355_20131115-IMG_6801-DHC-atado-scr.jpg alt=\"\" class=\"attachment-sote-gallery-big size-sote-gallery-big\" srcset=\"https:\/\/semmelweis.hu\/hirek\/files\/2013\/11\/RS8355_20131115-IMG_6801-DHC-atado-scr-300x199.jpg 300w, https:\/\/semmelweis.hu\/hirek\/files\/2013\/11\/RS8355_20131115-IMG_6801-DHC-atado-scr-600x400.jpg 600w, https:\/\/semmelweis.hu\/hirek\/files\/2013\/11\/RS8355_20131115-IMG_6801-DHC-atado-scr-450x300.jpg 450w, https:\/\/semmelweis.hu\/hirek\/files\/2013\/11\/RS8355_20131115-IMG_6801-DHC-atado-scr.jpg 950w\" >\r\n        <\/a><\/div><\/span><span class=\"gallery-item\"><div class=\"hidden\"><a href=\"https:\/\/semmelweis.hu\/hirek\/files\/2013\/11\/RS8354_20131115-IMG_6802-DHC-atado-scr.jpg\">\r\n        <img src=https:\/\/semmelweis.hu\/hirek\/files\/2013\/11\/RS8354_20131115-IMG_6802-DHC-atado-scr.jpg alt=\"\" class=\"attachment-sote-gallery-big size-sote-gallery-big\" srcset=\"https:\/\/semmelweis.hu\/hirek\/files\/2013\/11\/RS8354_20131115-IMG_6802-DHC-atado-scr-300x199.jpg 300w, https:\/\/semmelweis.hu\/hirek\/files\/2013\/11\/RS8354_20131115-IMG_6802-DHC-atado-scr-600x400.jpg 600w, https:\/\/semmelweis.hu\/hirek\/files\/2013\/11\/RS8354_20131115-IMG_6802-DHC-atado-scr-450x300.jpg 450w, https:\/\/semmelweis.hu\/hirek\/files\/2013\/11\/RS8354_20131115-IMG_6802-DHC-atado-scr.jpg 950w\" >\r\n        <\/a><\/div><\/span><span class=\"gallery-item\"><div class=\"hidden\"><a href=\"https:\/\/semmelweis.hu\/hirek\/files\/2013\/11\/RS8335_20131115-IMG_6887-DHC-atado-scr.jpg\">\r\n        <img src=https:\/\/semmelweis.hu\/hirek\/files\/2013\/11\/RS8335_20131115-IMG_6887-DHC-atado-scr.jpg alt=\"\" class=\"attachment-sote-gallery-big size-sote-gallery-big\" srcset=\"https:\/\/semmelweis.hu\/hirek\/files\/2013\/11\/RS8335_20131115-IMG_6887-DHC-atado-scr-300x262.jpg 300w, https:\/\/semmelweis.hu\/hirek\/files\/2013\/11\/RS8335_20131115-IMG_6887-DHC-atado-scr-457x400.jpg 457w, https:\/\/semmelweis.hu\/hirek\/files\/2013\/11\/RS8335_20131115-IMG_6887-DHC-atado-scr-343x300.jpg 343w, https:\/\/semmelweis.hu\/hirek\/files\/2013\/11\/RS8335_20131115-IMG_6887-DHC-atado-scr-600x524.jpg 600w, https:\/\/semmelweis.hu\/hirek\/files\/2013\/11\/RS8335_20131115-IMG_6887-DHC-atado-scr.jpg 858w\" >\r\n        <\/a><\/div><\/span><span class=\"gallery-item\"><div class=\"hidden\"><a href=\"https:\/\/semmelweis.hu\/hirek\/files\/2013\/11\/RS8341_20131115-IMG_6857-DHC-atado-scr.jpg\">\r\n        <img src=https:\/\/semmelweis.hu\/hirek\/files\/2013\/11\/RS8341_20131115-IMG_6857-DHC-atado-scr.jpg alt=\"\" class=\"attachment-sote-gallery-big size-sote-gallery-big\" srcset=\"https:\/\/semmelweis.hu\/hirek\/files\/2013\/11\/RS8341_20131115-IMG_6857-DHC-atado-scr-300x245.jpg 300w, https:\/\/semmelweis.hu\/hirek\/files\/2013\/11\/RS8341_20131115-IMG_6857-DHC-atado-scr-489x400.jpg 489w, https:\/\/semmelweis.hu\/hirek\/files\/2013\/11\/RS8341_20131115-IMG_6857-DHC-atado-scr-366x300.jpg 366w, https:\/\/semmelweis.hu\/hirek\/files\/2013\/11\/RS8341_20131115-IMG_6857-DHC-atado-scr-600x490.jpg 600w, https:\/\/semmelweis.hu\/hirek\/files\/2013\/11\/RS8341_20131115-IMG_6857-DHC-atado-scr.jpg 917w\" >\r\n        <\/a><\/div><\/span><span class=\"gallery-item\"><div class=\"hidden\"><a href=\"https:\/\/semmelweis.hu\/hirek\/files\/2013\/11\/RS8343_20131115-IMG_6844-DHC-atado-scr.jpg\">\r\n        <img src=https:\/\/semmelweis.hu\/hirek\/files\/2013\/11\/RS8343_20131115-IMG_6844-DHC-atado-scr.jpg alt=\"\" class=\"attachment-sote-gallery-big size-sote-gallery-big\" srcset=\"https:\/\/semmelweis.hu\/hirek\/files\/2013\/11\/RS8343_20131115-IMG_6844-DHC-atado-scr-300x245.jpg 300w, https:\/\/semmelweis.hu\/hirek\/files\/2013\/11\/RS8343_20131115-IMG_6844-DHC-atado-scr-489x400.jpg 489w, https:\/\/semmelweis.hu\/hirek\/files\/2013\/11\/RS8343_20131115-IMG_6844-DHC-atado-scr-366x300.jpg 366w, https:\/\/semmelweis.hu\/hirek\/files\/2013\/11\/RS8343_20131115-IMG_6844-DHC-atado-scr-600x490.jpg 600w, https:\/\/semmelweis.hu\/hirek\/files\/2013\/11\/RS8343_20131115-IMG_6844-DHC-atado-scr.jpg 917w\" >\r\n        <\/a><\/div><\/span><span class=\"gallery-item\"><div class=\"hidden\"><a href=\"https:\/\/semmelweis.hu\/hirek\/files\/2013\/11\/RS8346_20131115-IMG_6831-DHC-atado-scr.jpg\">\r\n        <img src=https:\/\/semmelweis.hu\/hirek\/files\/2013\/11\/RS8346_20131115-IMG_6831-DHC-atado-scr.jpg alt=\"\" class=\"attachment-sote-gallery-big size-sote-gallery-big\" srcset=\"https:\/\/semmelweis.hu\/hirek\/files\/2013\/11\/RS8346_20131115-IMG_6831-DHC-atado-scr-300x199.jpg 300w, https:\/\/semmelweis.hu\/hirek\/files\/2013\/11\/RS8346_20131115-IMG_6831-DHC-atado-scr-600x400.jpg 600w, https:\/\/semmelweis.hu\/hirek\/files\/2013\/11\/RS8346_20131115-IMG_6831-DHC-atado-scr-450x300.jpg 450w, https:\/\/semmelweis.hu\/hirek\/files\/2013\/11\/RS8346_20131115-IMG_6831-DHC-atado-scr.jpg 950w\" >\r\n        <\/a><\/div><\/span><span class=\"gallery-item\"><div class=\"hidden\"><a href=\"https:\/\/semmelweis.hu\/hirek\/files\/2013\/11\/RS8336_20131115-IMG_6885-DHC-atado-scr.jpg\">\r\n        <img src=https:\/\/semmelweis.hu\/hirek\/files\/2013\/11\/RS8336_20131115-IMG_6885-DHC-atado-scr.jpg alt=\"\" class=\"attachment-sote-gallery-big size-sote-gallery-big\" srcset=\"https:\/\/semmelweis.hu\/hirek\/files\/2013\/11\/RS8336_20131115-IMG_6885-DHC-atado-scr-300x271.jpg 300w, https:\/\/semmelweis.hu\/hirek\/files\/2013\/11\/RS8336_20131115-IMG_6885-DHC-atado-scr-442x400.jpg 442w, https:\/\/semmelweis.hu\/hirek\/files\/2013\/11\/RS8336_20131115-IMG_6885-DHC-atado-scr-332x300.jpg 332w, https:\/\/semmelweis.hu\/hirek\/files\/2013\/11\/RS8336_20131115-IMG_6885-DHC-atado-scr-600x542.jpg 600w, https:\/\/semmelweis.hu\/hirek\/files\/2013\/11\/RS8336_20131115-IMG_6885-DHC-atado-scr.jpg 830w\" >\r\n        <\/a><\/div><\/span><span class=\"gallery-item\"><div class=\"hidden\"><a href=\"https:\/\/semmelweis.hu\/hirek\/files\/2013\/11\/RS8337_20131115-IMG_6874-DHC-atado-scr.jpg\">\r\n        <img src=https:\/\/semmelweis.hu\/hirek\/files\/2013\/11\/RS8337_20131115-IMG_6874-DHC-atado-scr.jpg alt=\"\" class=\"attachment-sote-gallery-big size-sote-gallery-big\" srcset=\"https:\/\/semmelweis.hu\/hirek\/files\/2013\/11\/RS8337_20131115-IMG_6874-DHC-atado-scr-300x264.jpg 300w, https:\/\/semmelweis.hu\/hirek\/files\/2013\/11\/RS8337_20131115-IMG_6874-DHC-atado-scr-453x400.jpg 453w, https:\/\/semmelweis.hu\/hirek\/files\/2013\/11\/RS8337_20131115-IMG_6874-DHC-atado-scr-340x300.jpg 340w, https:\/\/semmelweis.hu\/hirek\/files\/2013\/11\/RS8337_20131115-IMG_6874-DHC-atado-scr-600x529.jpg 600w, https:\/\/semmelweis.hu\/hirek\/files\/2013\/11\/RS8337_20131115-IMG_6874-DHC-atado-scr.jpg 850w\" >\r\n        <\/a><\/div><\/span><span class=\"gallery-item\"><div class=\"hidden\"><a href=\"https:\/\/semmelweis.hu\/hirek\/files\/2013\/11\/RS8339_20131115-IMG_6867-DHC-atado-scr.jpg\">\r\n        <img src=https:\/\/semmelweis.hu\/hirek\/files\/2013\/11\/RS8339_20131115-IMG_6867-DHC-atado-scr.jpg alt=\"\" class=\"attachment-sote-gallery-big size-sote-gallery-big\" srcset=\"https:\/\/semmelweis.hu\/hirek\/files\/2013\/11\/RS8339_20131115-IMG_6867-DHC-atado-scr-300x263.jpg 300w, https:\/\/semmelweis.hu\/hirek\/files\/2013\/11\/RS8339_20131115-IMG_6867-DHC-atado-scr-455x400.jpg 455w, https:\/\/semmelweis.hu\/hirek\/files\/2013\/11\/RS8339_20131115-IMG_6867-DHC-atado-scr-341x300.jpg 341w, https:\/\/semmelweis.hu\/hirek\/files\/2013\/11\/RS8339_20131115-IMG_6867-DHC-atado-scr-600x526.jpg 600w, https:\/\/semmelweis.hu\/hirek\/files\/2013\/11\/RS8339_20131115-IMG_6867-DHC-atado-scr.jpg 854w\" >\r\n        <\/a><\/div><\/span><span class=\"gallery-item\"><div class=\"hidden\"><a href=\"https:\/\/semmelweis.hu\/hirek\/files\/2013\/11\/RS8333_20131115-IMG_6896-DHC-atado-scr.jpg\">\r\n        <img src=https:\/\/semmelweis.hu\/hirek\/files\/2013\/11\/RS8333_20131115-IMG_6896-DHC-atado-scr.jpg alt=\"\" class=\"attachment-sote-gallery-big size-sote-gallery-big\" srcset=\"https:\/\/semmelweis.hu\/hirek\/files\/2013\/11\/RS8333_20131115-IMG_6896-DHC-atado-scr-300x199.jpg 300w, https:\/\/semmelweis.hu\/hirek\/files\/2013\/11\/RS8333_20131115-IMG_6896-DHC-atado-scr-600x400.jpg 600w, https:\/\/semmelweis.hu\/hirek\/files\/2013\/11\/RS8333_20131115-IMG_6896-DHC-atado-scr-450x300.jpg 450w, https:\/\/semmelweis.hu\/hirek\/files\/2013\/11\/RS8333_20131115-IMG_6896-DHC-atado-scr.jpg 950w\" >\r\n        <\/a><\/div><\/span><span class=\"gallery-item\"><div class=\"hidden\"><a href=\"https:\/\/semmelweis.hu\/hirek\/files\/2013\/11\/RS8330_20131115-IMG_6929-DHC-atado-scr.jpg\">\r\n        <img src=https:\/\/semmelweis.hu\/hirek\/files\/2013\/11\/RS8330_20131115-IMG_6929-DHC-atado-scr.jpg alt=\"\" class=\"attachment-sote-gallery-big size-sote-gallery-big\" srcset=\"https:\/\/semmelweis.hu\/hirek\/files\/2013\/11\/RS8330_20131115-IMG_6929-DHC-atado-scr-300x189.jpg 300w, https:\/\/semmelweis.hu\/hirek\/files\/2013\/11\/RS8330_20131115-IMG_6929-DHC-atado-scr-600x379.jpg 600w, https:\/\/semmelweis.hu\/hirek\/files\/2013\/11\/RS8330_20131115-IMG_6929-DHC-atado-scr-474x300.jpg 474w, https:\/\/semmelweis.hu\/hirek\/files\/2013\/11\/RS8330_20131115-IMG_6929-DHC-atado-scr.jpg 950w\" >\r\n        <\/a><\/div><\/span><span class=\"gallery-item\"><div class=\"hidden\"><a href=\"https:\/\/semmelweis.hu\/hirek\/files\/2013\/11\/RS8332_20131115-IMG_6908-DHC-atado-scr.jpg\">\r\n        <img src=https:\/\/semmelweis.hu\/hirek\/files\/2013\/11\/RS8332_20131115-IMG_6908-DHC-atado-scr.jpg alt=\"\" class=\"attachment-sote-gallery-big size-sote-gallery-big\" srcset=\"https:\/\/semmelweis.hu\/hirek\/files\/2013\/11\/RS8332_20131115-IMG_6908-DHC-atado-scr-233x300.jpg 233w, https:\/\/semmelweis.hu\/hirek\/files\/2013\/11\/RS8332_20131115-IMG_6908-DHC-atado-scr-310x400.jpg 310w, https:\/\/semmelweis.hu\/hirek\/files\/2013\/11\/RS8332_20131115-IMG_6908-DHC-atado-scr.jpg 583w\" >\r\n        <\/a><\/div><\/span><span class=\"gallery-item\"><div class=\"hidden\"><a href=\"https:\/\/semmelweis.hu\/hirek\/files\/2013\/11\/RS8325_20131115-IMG_6956-DHC-atado-scr.jpg\">\r\n        <img src=https:\/\/semmelweis.hu\/hirek\/files\/2013\/11\/RS8325_20131115-IMG_6956-DHC-atado-scr.jpg alt=\"\" class=\"attachment-sote-gallery-big size-sote-gallery-big\" srcset=\"https:\/\/semmelweis.hu\/hirek\/files\/2013\/11\/RS8325_20131115-IMG_6956-DHC-atado-scr-200x300.jpg 200w, https:\/\/semmelweis.hu\/hirek\/files\/2013\/11\/RS8325_20131115-IMG_6956-DHC-atado-scr-266x400.jpg 266w, https:\/\/semmelweis.hu\/hirek\/files\/2013\/11\/RS8325_20131115-IMG_6956-DHC-atado-scr.jpg 500w\" >\r\n        <\/a><\/div><\/span><span class=\"gallery-item\"><div class=\"hidden\"><a href=\"https:\/\/semmelweis.hu\/hirek\/files\/2013\/11\/RS8328_20131115-IMG_6941-DHC-atado-scr.jpg\">\r\n        <img src=https:\/\/semmelweis.hu\/hirek\/files\/2013\/11\/RS8328_20131115-IMG_6941-DHC-atado-scr.jpg alt=\"\" class=\"attachment-sote-gallery-big size-sote-gallery-big\" srcset=\"https:\/\/semmelweis.hu\/hirek\/files\/2013\/11\/RS8328_20131115-IMG_6941-DHC-atado-scr-208x300.jpg 208w, https:\/\/semmelweis.hu\/hirek\/files\/2013\/11\/RS8328_20131115-IMG_6941-DHC-atado-scr-277x400.jpg 277w, https:\/\/semmelweis.hu\/hirek\/files\/2013\/11\/RS8328_20131115-IMG_6941-DHC-atado-scr.jpg 521w\" >\r\n        <\/a><\/div><\/span><span class=\"gallery-item\"><div class=\"hidden\"><a href=\"https:\/\/semmelweis.hu\/hirek\/files\/2013\/11\/RS8331_20131115-IMG_6916-DHC-atado-scr.jpg\">\r\n        <img src=https:\/\/semmelweis.hu\/hirek\/files\/2013\/11\/RS8331_20131115-IMG_6916-DHC-atado-scr.jpg alt=\"\" class=\"attachment-sote-gallery-big size-sote-gallery-big\" srcset=\"https:\/\/semmelweis.hu\/hirek\/files\/2013\/11\/RS8331_20131115-IMG_6916-DHC-atado-scr-227x300.jpg 227w, https:\/\/semmelweis.hu\/hirek\/files\/2013\/11\/RS8331_20131115-IMG_6916-DHC-atado-scr-302x400.jpg 302w, https:\/\/semmelweis.hu\/hirek\/files\/2013\/11\/RS8331_20131115-IMG_6916-DHC-atado-scr.jpg 568w\" >\r\n        <\/a><\/div><\/span><span class=\"gallery-item\"><div class=\"hidden\"><a href=\"https:\/\/semmelweis.hu\/hirek\/files\/2013\/11\/RS8324_20131115-IMG_6964-DHC-atado-scr.jpg\">\r\n        <img src=https:\/\/semmelweis.hu\/hirek\/files\/2013\/11\/RS8324_20131115-IMG_6964-DHC-atado-scr.jpg alt=\"\" class=\"attachment-sote-gallery-big size-sote-gallery-big\" srcset=\"https:\/\/semmelweis.hu\/hirek\/files\/2013\/11\/RS8324_20131115-IMG_6964-DHC-atado-scr-200x300.jpg 200w, https:\/\/semmelweis.hu\/hirek\/files\/2013\/11\/RS8324_20131115-IMG_6964-DHC-atado-scr-266x400.jpg 266w, https:\/\/semmelweis.hu\/hirek\/files\/2013\/11\/RS8324_20131115-IMG_6964-DHC-atado-scr.jpg 500w\" >\r\n        <\/a><\/div><\/span><span class=\"gallery-item\"><div class=\"hidden\"><a href=\"https:\/\/semmelweis.hu\/hirek\/files\/2013\/11\/RS8321_20131115-IMG_6994-DHC-atado-scr.jpg\">\r\n        <img src=https:\/\/semmelweis.hu\/hirek\/files\/2013\/11\/RS8321_20131115-IMG_6994-DHC-atado-scr.jpg alt=\"\" class=\"attachment-sote-gallery-big size-sote-gallery-big\" srcset=\"https:\/\/semmelweis.hu\/hirek\/files\/2013\/11\/RS8321_20131115-IMG_6994-DHC-atado-scr-300x199.jpg 300w, https:\/\/semmelweis.hu\/hirek\/files\/2013\/11\/RS8321_20131115-IMG_6994-DHC-atado-scr-600x400.jpg 600w, https:\/\/semmelweis.hu\/hirek\/files\/2013\/11\/RS8321_20131115-IMG_6994-DHC-atado-scr-450x300.jpg 450w, https:\/\/semmelweis.hu\/hirek\/files\/2013\/11\/RS8321_20131115-IMG_6994-DHC-atado-scr.jpg 950w\" >\r\n        <\/a><\/div><\/span><span class=\"gallery-item\"><div class=\"hidden\"><a href=\"https:\/\/semmelweis.hu\/hirek\/files\/2013\/11\/RS8322_20131115-IMG_6980-DHC-atado-scr.jpg\">\r\n        <img src=https:\/\/semmelweis.hu\/hirek\/files\/2013\/11\/RS8322_20131115-IMG_6980-DHC-atado-scr.jpg alt=\"\" class=\"attachment-sote-gallery-big size-sote-gallery-big\" srcset=\"https:\/\/semmelweis.hu\/hirek\/files\/2013\/11\/RS8322_20131115-IMG_6980-DHC-atado-scr-200x300.jpg 200w, https:\/\/semmelweis.hu\/hirek\/files\/2013\/11\/RS8322_20131115-IMG_6980-DHC-atado-scr-266x400.jpg 266w, https:\/\/semmelweis.hu\/hirek\/files\/2013\/11\/RS8322_20131115-IMG_6980-DHC-atado-scr.jpg 500w\" >\r\n        <\/a><\/div><\/span>\r\n            <\/div>\r\n\r\n            [\/slb_exclude]\r\n\t\n","protected":false},"excerpt":{"rendered":"<p>Az idei a 39. \u00e9v, hogy a Semmelweis Egyetem d\u00edszdoktori c\u00edmet adom\u00e1nyoz a Doctor Honoris Causa \u00fcnneps\u00e9gen olyan kiemelked\u0151 professzoroknak, akik az egyetemmel hosszabb id\u0151 \u00f3ta eredm\u00e9nyes szakmai kapcsolatot \u00e1polnak. 2013-ban a karok felterjeszt\u00e9se \u00e9s a Szen\u00e1tus d\u00f6nt\u00e9se alapj\u00e1n h\u00e9t professzor vehetett \u00e1t d\u00edszdoktori c\u00edmet \u2013 mondta a Semmelweis Szalonban rendezett \u00fcnneps\u00e9g megnyit\u00e1sak\u00e9nt dr. Sz\u00e9l &hellip;<\/p>\n","protected":false},"author":13,"featured_media":23966,"comment_status":"closed","ping_status":"closed","sticky":false,"template":"","format":"standard","meta":{"_acf_changed":false,"footnotes":""},"categories":[157,168],"tags":[64,158],"class_list":["post-23932","post","type-post","status-publish","format-standard","has-post-thumbnail","hentry","category-semmelweis-vilag","category-kiemelt","tag-doctor-honoris-causa","tag-dijak-kituntetesek"],"acf":[],"_links":{"self":[{"href":"https:\/\/semmelweis.hu\/hirek\/wp-json\/wp\/v2\/posts\/23932","targetHints":{"allow":["GET"]}}],"collection":[{"href":"https:\/\/semmelweis.hu\/hirek\/wp-json\/wp\/v2\/posts"}],"about":[{"href":"https:\/\/semmelweis.hu\/hirek\/wp-json\/wp\/v2\/types\/post"}],"author":[{"embeddable":true,"href":"https:\/\/semmelweis.hu\/hirek\/wp-json\/wp\/v2\/users\/13"}],"replies":[{"embeddable":true,"href":"https:\/\/semmelweis.hu\/hirek\/wp-json\/wp\/v2\/comments?post=23932"}],"version-history":[{"count":5,"href":"https:\/\/semmelweis.hu\/hirek\/wp-json\/wp\/v2\/posts\/23932\/revisions"}],"predecessor-version":[{"id":103643,"href":"https:\/\/semmelweis.hu\/hirek\/wp-json\/wp\/v2\/posts\/23932\/revisions\/103643"}],"wp:featuredmedia":[{"embeddable":true,"href":"https:\/\/semmelweis.hu\/hirek\/wp-json\/wp\/v2\/media\/23966"}],"wp:attachment":[{"href":"https:\/\/semmelweis.hu\/hirek\/wp-json\/wp\/v2\/media?parent=23932"}],"wp:term":[{"taxonomy":"category","embeddable":true,"href":"https:\/\/semmelweis.hu\/hirek\/wp-json\/wp\/v2\/categories?post=23932"},{"taxonomy":"post_tag","embeddable":true,"href":"https:\/\/semmelweis.hu\/hirek\/wp-json\/wp\/v2\/tags?post=23932"}],"curies":[{"name":"wp","href":"https:\/\/api.w.org\/{rel}","templated":true}]}}