{"id":23509,"date":"2013-11-07T10:54:45","date_gmt":"2013-11-07T09:54:45","guid":{"rendered":"http:\/\/semmelweis-egyetem.hu\/hirek\/?p=23509"},"modified":"2024-02-02T12:06:40","modified_gmt":"2024-02-02T11:06:40","slug":"tehetsegnap-a-semmelweis-egyetemen-sosem-volt-meg-ekkora-erdeklodes","status":"publish","type":"post","link":"https:\/\/semmelweis.hu\/hirek\/2013\/11\/07\/tehetsegnap-a-semmelweis-egyetemen-sosem-volt-meg-ekkora-erdeklodes\/","title":{"rendered":"Tehets\u00e9gnap a Semmelweis Egyetemen \u2013 sosem volt m\u00e9g ekkora \u00e9rdekl\u0151d\u00e9s"},"content":{"rendered":"<p><a href=\"https:\/\/semmelweis.hu\/hirek\/files\/2013\/11\/RS7782_20131105-IMG_5039-tehetsegnap-scr.jpg\"><img loading=\"lazy\" decoding=\"async\" class=\"alignleft size-medium wp-image-23560\" title=\"Fot\u00f3: Kov\u00e1cs Attila - Semmelweis Egyetem\" src=\"https:\/\/semmelweis.hu\/hirek\/files\/2013\/11\/RS7782_20131105-IMG_5039-tehetsegnap-scr-300x199.jpg\" alt=\"Fot\u00f3: Kov\u00e1cs Attila - Semmelweis Egyetem\" width=\"300\" height=\"199\" srcset=\"https:\/\/semmelweis.hu\/hirek\/files\/2013\/11\/RS7782_20131105-IMG_5039-tehetsegnap-scr-300x199.jpg 300w, https:\/\/semmelweis.hu\/hirek\/files\/2013\/11\/RS7782_20131105-IMG_5039-tehetsegnap-scr-600x400.jpg 600w, https:\/\/semmelweis.hu\/hirek\/files\/2013\/11\/RS7782_20131105-IMG_5039-tehetsegnap-scr-450x300.jpg 450w, https:\/\/semmelweis.hu\/hirek\/files\/2013\/11\/RS7782_20131105-IMG_5039-tehetsegnap-scr.jpg 950w\" sizes=\"auto, (max-width: 300px) 100vw, 300px\" \/><\/a>Minden eddigin\u00e9l t\u00f6bb di\u00e1k vett r\u00e9szt az idei Tehets\u00e9gnapon, melyet a Semmelweis Egyetem Kerpel-Fronius \u00d6d\u00f6n Tehets\u00e9ggondoz\u00f3 Programja szervezett. 17 iskol\u00e1b\u00f3l \u00f6sszesen 285 k\u00f6z\u00e9piskolai di\u00e1k l\u00e1togatta meg az egyetemi helysz\u00edneket a tehets\u00e9ggondoz\u00f3 programban r\u00e9sztvev\u0151 hallgat\u00f3k k\u00eds\u00e9ret\u00e9ben.<\/p>\n<p>A klinik\u00e1kat kis csoportokban felkeresve a fiatalok a K\u00eds\u00e9rletes \u00e9s M\u0171t\u00e9ttani Int\u00e9zetben m\u0171t\u0151sruh\u00e1ba b\u00fajhattak, val\u00f3di m\u0171t\u0151eszk\u00f6z\u00f6ket vehettek k\u00e9zbe, s\u0151t <a href=\"https:\/\/semmelweis.hu\/hirek\/files\/2013\/11\/RS7790_20131105-IMG_5015-tehetsegnap-scr.jpg\"><img loading=\"lazy\" decoding=\"async\" class=\" wp-image-23561 alignright\" title=\"Fot\u00f3: Kov\u00e1cs Attila - Semmelweis Egyetem\" src=\"https:\/\/semmelweis.hu\/hirek\/files\/2013\/11\/RS7790_20131105-IMG_5015-tehetsegnap-scr-600x400.jpg\" alt=\"Fot\u00f3: Kov\u00e1cs Attila - Semmelweis Egyetem\" width=\"324\" height=\"216\" srcset=\"https:\/\/semmelweis.hu\/hirek\/files\/2013\/11\/RS7790_20131105-IMG_5015-tehetsegnap-scr-600x400.jpg 600w, https:\/\/semmelweis.hu\/hirek\/files\/2013\/11\/RS7790_20131105-IMG_5015-tehetsegnap-scr-300x199.jpg 300w, https:\/\/semmelweis.hu\/hirek\/files\/2013\/11\/RS7790_20131105-IMG_5015-tehetsegnap-scr-450x300.jpg 450w, https:\/\/semmelweis.hu\/hirek\/files\/2013\/11\/RS7790_20131105-IMG_5015-tehetsegnap-scr.jpg 950w\" sizes=\"auto, (max-width: 324px) 100vw, 324px\" \/><\/a>kipr\u00f3b\u00e1lhatt\u00e1k a m\u0171t\u00e9ti varr\u00e1stechnik\u00e1t is. Betekinthettek a s\u00fcrg\u0151ss\u00e9gi ell\u00e1t\u00e1s vil\u00e1g\u00e1ba, de megn\u00e9zhettek kutat\u00f3-\u00e9s alv\u00e1slabort, korszer\u0171 m\u0171szerparkot atomer\u0151-mikroszk\u00f3ppal, valamint vizsg\u00e1lhattak molekulaszerkezet is.\u00a0A di\u00e1kok ezen k\u00edv\u00fcl a Mikrobiol\u00f3giai Int\u00e9zetben bakt\u00e9riumokkal ismerkedhettek egy izgalmas el\u0151ad\u00e1s keret\u00e9ben, az er\u0151sebb idegzet\u0171ek pedig az Igazs\u00e1g\u00fcgyi Orvostani Int\u00e9zetben bonctermi bemutat\u00f3n is r\u00e9szt vehettek.<\/p>\n<p>Mozer M\u00e1ria<\/p>\n<p>&nbsp;<\/p>\n","protected":false},"excerpt":{"rendered":"<p><a href=\"https:\/\/semmelweis.hu\/hirek\/files\/2013\/11\/RS7782_20131105-IMG_5039-tehetsegnap-scr.jpg\"><\/a> Minden eddigin\u00e9l t\u00f6bb di\u00e1k vett r\u00e9szt az idei Tehets\u00e9gnapon, melyet a Semmelweis Egyetem Kerpel-Fronius \u00d6d\u00f6n Tehets\u00e9ggondoz\u00f3 Programja szervezett. 17 iskol\u00e1b\u00f3l \u00f6sszesen 285 k\u00f6z\u00e9piskolai di\u00e1k l\u00e1togatta meg az egyetemi helysz\u00edneket a tehets\u00e9ggondoz\u00f3 programban r\u00e9sztvev\u0151 hallgat\u00f3k k\u00eds\u00e9ret\u00e9ben. A klinik\u00e1kat kis csoportokban felkeresve a fiatalok a K\u00eds\u00e9rletes \u00e9s M\u0171t\u00e9ttani Int\u00e9zetben m\u0171t\u0151sruh\u00e1ba b\u00fajhattak, val\u00f3di m\u0171t\u0151eszk\u00f6z\u00f6ket vehettek k\u00e9zbe, s\u0151t <a href=\"https:\/\/semmelweis.hu\/hirek\/files\/2013\/11\/RS7790_20131105-IMG_5015-tehetsegnap-scr.jpg\"><\/a> kipr\u00f3b\u00e1lhatt\u00e1k &hellip;<\/p>\n","protected":false},"author":280,"featured_media":23560,"comment_status":"closed","ping_status":"closed","sticky":false,"template":"","format":"standard","meta":{"_acf_changed":false,"footnotes":""},"categories":[3533,168],"tags":[3846,3973,3445],"class_list":["post-23509","post","type-post","status-publish","format-standard","has-post-thumbnail","hentry","category-hallgatok-oktatas","category-kiemelt","tag-kerpel-program","tag-kerpel-sorozat","tag-tehetseg"],"acf":[],"_links":{"self":[{"href":"https:\/\/semmelweis.hu\/hirek\/wp-json\/wp\/v2\/posts\/23509","targetHints":{"allow":["GET"]}}],"collection":[{"href":"https:\/\/semmelweis.hu\/hirek\/wp-json\/wp\/v2\/posts"}],"about":[{"href":"https:\/\/semmelweis.hu\/hirek\/wp-json\/wp\/v2\/types\/post"}],"author":[{"embeddable":true,"href":"https:\/\/semmelweis.hu\/hirek\/wp-json\/wp\/v2\/users\/280"}],"replies":[{"embeddable":true,"href":"https:\/\/semmelweis.hu\/hirek\/wp-json\/wp\/v2\/comments?post=23509"}],"version-history":[{"count":7,"href":"https:\/\/semmelweis.hu\/hirek\/wp-json\/wp\/v2\/posts\/23509\/revisions"}],"predecessor-version":[{"id":136511,"href":"https:\/\/semmelweis.hu\/hirek\/wp-json\/wp\/v2\/posts\/23509\/revisions\/136511"}],"wp:featuredmedia":[{"embeddable":true,"href":"https:\/\/semmelweis.hu\/hirek\/wp-json\/wp\/v2\/media\/23560"}],"wp:attachment":[{"href":"https:\/\/semmelweis.hu\/hirek\/wp-json\/wp\/v2\/media?parent=23509"}],"wp:term":[{"taxonomy":"category","embeddable":true,"href":"https:\/\/semmelweis.hu\/hirek\/wp-json\/wp\/v2\/categories?post=23509"},{"taxonomy":"post_tag","embeddable":true,"href":"https:\/\/semmelweis.hu\/hirek\/wp-json\/wp\/v2\/tags?post=23509"}],"curies":[{"name":"wp","href":"https:\/\/api.w.org\/{rel}","templated":true}]}}