{"id":23175,"date":"2013-10-27T22:49:52","date_gmt":"2013-10-27T21:49:52","guid":{"rendered":"http:\/\/semmelweis-egyetem.hu\/hirek\/?p=23175"},"modified":"2018-02-20T11:15:59","modified_gmt":"2018-02-20T10:15:59","slug":"dr-gaal-peter-dinamikusan-fejlodo-kart-vezethetek-tele-fejlesztesi-tervekkel","status":"publish","type":"post","link":"https:\/\/semmelweis.hu\/hirek\/2013\/10\/27\/dr-gaal-peter-dinamikusan-fejlodo-kart-vezethetek-tele-fejlesztesi-tervekkel\/","title":{"rendered":"Dr. Ga\u00e1l P\u00e9ter: dinamikusan fejl\u0151d\u0151 kart vezethetek, tele fejleszt\u00e9si tervekkel"},"content":{"rendered":"<p>\u00c9veken \u00e1t megb\u00edzott vezet\u0151k\u00e9nt, ny\u00e1r \u00f3ta megv\u00e1lasztott d\u00e9k\u00e1nk\u00e9nt ir\u00e1ny\u00edtja az Eg\u00e9szs\u00e9g\u00fcgyi K\u00f6zszolg\u00e1lati Kart (EKK) dr. Ga\u00e1l P\u00e9ter, aki tele van fejleszt\u00e9si tervekkel \u00e9s \u00f6tletekkel, melynek eredm\u00e9nyek\u00e9nt k\u00e9t \u00faj tudom\u00e1nyter\u00fclet is beker\u00fclhet a Semmelweis Egyetem k\u00e9pz\u00e9si k\u00edn\u00e1lat\u00e1ba.<\/p>\n<p><a href=\"https:\/\/semmelweis.hu\/hirek\/files\/2013\/10\/gaal1_web.jpg\"><img loading=\"lazy\" decoding=\"async\" class=\"alignleft size-medium wp-image-23176\" src=\"https:\/\/semmelweis.hu\/hirek\/files\/2013\/10\/gaal1_web-300x200.jpg\" alt=\"gaal1_web\" width=\"300\" height=\"200\" srcset=\"https:\/\/semmelweis.hu\/hirek\/files\/2013\/10\/gaal1_web-300x200.jpg 300w, https:\/\/semmelweis.hu\/hirek\/files\/2013\/10\/gaal1_web-600x400.jpg 600w, https:\/\/semmelweis.hu\/hirek\/files\/2013\/10\/gaal1_web-449x300.jpg 449w, https:\/\/semmelweis.hu\/hirek\/files\/2013\/10\/gaal1_web.jpg 640w\" sizes=\"auto, (max-width: 300px) 100vw, 300px\" \/><\/a>Dr. Ga\u00e1l P\u00e9ter szerint legink\u00e1bb csak technikai v\u00e1ltoz\u00e1st jelent a v\u00e9gleges\u00edt\u00e9s, hiszen kor\u00e1bban megb\u00edzottk\u00e9nt is hatalmas feladatot kapott a 2010-ben l\u00e9trej\u00f6tt karon: a null\u00e1r\u00f3l kellett \u00e9p\u00edtkezni, f\u00fcggetlen\u00fcl att\u00f3l, hogy megb\u00edzottk\u00e9nt b\u00e1rmikor v\u00e9get \u00e9rhetett volna els\u0151 d\u00e9k\u00e1ni ciklusa. A k\u00fcl\u00f6nleges helyzetet az indokolta, hogy a kar els\u0151 d\u00e9k\u00e1nja dr. Sz\u00f3cska Mikl\u00f3s volt, aki nem sokkal k\u00e9s\u0151bb eg\u00e9szs\u00e9g\u00fcgyi \u00e1llamtitk\u00e1r lett \u00e9s \u00edgy t\u00e1voll\u00e9te idej\u00e9re sz\u00fcks\u00e9g volt egy megb\u00edzott d\u00e9k\u00e1nra. Id\u00e9n azonban lej\u00e1rt a 3 \u00e9ves d\u00e9k\u00e1ni ciklus, ez\u00e9rt \u00faj vezet\u0151t kellett v\u00e1lasztani. A l\u00e9nyeg, hogy a kor\u00e1bban elkezd\u0151d\u00f6tt fejleszt\u00e9sek tov\u00e1bb folytat\u00f3dnak \u2013 hangs\u00falyozta.<\/p>\n<p>A d\u00e9k\u00e1n \u00fagy l\u00e1tja: az EKK egy nagyon speci\u00e1lis kar, mert az orvos- \u00e9s eg\u00e9szs\u00e9gtudom\u00e1nyok, illetve a sz\u00e9lesebb \u00e9rtelemben vett t\u00e1rsadalom- \u00e9s b\u00f6lcs\u00e9szettudom\u00e1nyok hat\u00e1rter\u00fclet\u00e9n dolgozik. K\u00e9pz\u00e9sei, kutat\u00e1si programjai a multi-, illetve az interdiszciplinarit\u00e1st testes\u00edtik meg. \u00c1ll\u00e1spontja szerint az egyetemnek az\u00e9rt nagyon fontosak a karon megval\u00f3sul\u00f3 fejleszt\u00e9sek, mert \u00faj tudom\u00e1nyter\u00fcleteket nyitnak meg. &#8222;Tal\u00e1n nem mindenki tudja, de a fels\u0151oktat\u00e1si t\u00f6rv\u00e9nyben el\u00e9g kem\u00e9ny felt\u00e9telek vannak megszabva arra vonatkoz\u00f3an, hogy mikor tekinthet\u0151 egy egyetem egyetemnek \u00e9s min\u00e9l t\u00f6bb tudom\u00e1nyter\u00fcleten v\u00e9gez k\u00e9pz\u00e9st, ann\u00e1l nagyobb es\u00e9lye van arra, hogy meg tudja \u0151rizni az \u00f6n\u00e1ll\u00f3s\u00e1g\u00e1t&#8221; &#8211; hangs\u00falyozta.<\/p>\n<p>Dr. Ga\u00e1l P\u00e9ter elmondta, hogy jelenleg k\u00e9t orvos- \u00e9s eg\u00e9szs\u00e9gtudom\u00e1nyi ter\u00fcletre besorolt k\u00e9pz\u00e9s\u00fck az eg\u00e9szs\u00e9g\u00fcgyi szervez\u0151 alapk\u00e9pz\u00e9s, \u00e9s az eg\u00e9szs\u00e9g\u00fcgyi menedzser mesterk\u00e9pz\u00e9s, illetve szociol\u00f3gia besorol\u00e1s\u00fa a szoci\u00e1lis munka mesterk\u00e9pz\u00e9s. Hozz\u00e1tette: erre \u00e9p\u00fcl a szociol\u00f3gia doktori program, amellyel egy\u00fctt a szociol\u00f3gia m\u00e1r most is \u00faj k\u00e9pz\u00e9si ter\u00fcletet ad az egyetem tudom\u00e1nyter\u00fcleti portf\u00f3li\u00f3j\u00e1hoz. Ebb\u0151l a programb\u00f3l szeretn\u00e9nek ki\u00e9p\u00edteni egy \u00f6n\u00e1ll\u00f3 doktori iskol\u00e1t. &#8222;Itt megjelenne m\u00e9g a b\u00f6lcs\u00e9szettudom\u00e1ny \u00e9s a k\u00f6zgazdas\u00e1gtudom\u00e1ny is, vagyis l\u00e9trej\u00f6nne egy multidiszciplin\u00e1ris doktori iskola&#8221; \u2013 ismertette az elk\u00e9pzel\u00e9st. T\u00e1j\u00e9koztat\u00e1sa szerint karon k\u00e9t b\u00f6lcs\u00e9szettudom\u00e1nyi mesterk\u00e9pz\u00e9s akkredit\u00e1ci\u00f3ja van folyamatban. Elmondta, a ment\u00e1lhigi\u00e9n\u00e9s csal\u00e1dtudom\u00e1nyi- \u00e9s csal\u00e1dter\u00e1pi\u00e1s mesterk\u00e9pz\u00e9sr\u0151l nagyon pozit\u00edv v\u00e9lem\u00e9nyt adott az akkredit\u00e1ci\u00f3s bizotts\u00e1g, \u00edgy rem\u00e9nyei szerint hamarosan megkapj\u00e1k az enged\u00e9lyt a k\u00e9pz\u00e9s elind\u00edt\u00e1s\u00e1ra. A m\u00e1sik terv\u00fck a k\u00f6z\u00f6ss\u00e9gfejleszt\u0151 mesterk\u00e9pz\u00e9s l\u00e9trehoz\u00e1sa. Ezzel \u00f6sszef\u00fcgg\u00e9sben kit\u00e9rt arra: elind\u00edtott\u00e1k a folyamatot, hogy a b\u00f6lcs\u00e9szettudom\u00e1ny beker\u00fclj\u00f6n az egyetem alap\u00edt\u00f3 okirat\u00e1ba, mint olyan ter\u00fclet, amelyen az int\u00e9zm\u00e9ny k\u00e9pz\u00e9st folytat. &#8222;A kar k\u00f6z\u00e9pt\u00e1v\u00fa terveiben szerepel a k\u00f6zgazdas\u00e1gtudom\u00e1ny elind\u00edt\u00e1sa is, amelyhez megnyert\u00fck magunknak a Corvinus Egyetem egyik legkiv\u00e1l\u00f3bb oktat\u00f3j\u00e1t, r\u00e1 \u00e9p\u00edtve honos\u00edtan\u00e1nk meg ezt a k\u00e9pz\u00e9s ter\u00fcletet&#8221; \u2013 k\u00f6z\u00f6lte.<\/p>\n<p>Kiemelte: az \u00faj tudom\u00e1nyter\u00fcletek megnyit\u00e1sa, illetve az erre \u00e9p\u00fcl\u0151 doktori iskola l\u00e9trehoz\u00e1sa jelenti a gerinc\u00e9t a kar tev\u00e9kenys\u00e9g\u00e9nek. &#8222;Az oktat\u00e1s, a kutat\u00e1s, \u00e9s a szak\u00e9rt\u0151i tev\u00e9kenys\u00e9g klasszikus h\u00e1rmasa keret\u00e9ben az \u00faj ter\u00fcletek megnyit\u00e1s\u00e1val nagym\u00e9rt\u00e9kben hozz\u00e1 tudunk j\u00e1rulni az egyetem stabilit\u00e1s\u00e1hoz, amely ennek eredm\u00e9nyek\u00e9nt szakegyetemb\u0151l kiemelt tudom\u00e1nyegyetemm\u00e9 tudna v\u00e1lni&#8221; \u2013 v\u00e9lekedett, hozz\u00e1t\u00e9ve: a kar k\u00fcldet\u00e9se, amely\u00e9rt d\u00e9k\u00e1nk\u00e9nt dolgozik, a felsorolt fejleszt\u00e9sek k\u00f6r\u00e9 \u00e9p\u00fclnek.<\/p>\n<p><a href=\"https:\/\/semmelweis.hu\/hirek\/files\/2013\/10\/gaal_web.jpg\"><img loading=\"lazy\" decoding=\"async\" class=\"size-large wp-image-23177 alignnone\" src=\"https:\/\/semmelweis.hu\/hirek\/files\/2013\/10\/gaal_web-600x400.jpg\" alt=\"gaal_web\" width=\"600\" height=\"400\" srcset=\"https:\/\/semmelweis.hu\/hirek\/files\/2013\/10\/gaal_web-600x400.jpg 600w, https:\/\/semmelweis.hu\/hirek\/files\/2013\/10\/gaal_web-300x200.jpg 300w, https:\/\/semmelweis.hu\/hirek\/files\/2013\/10\/gaal_web-449x300.jpg 449w, https:\/\/semmelweis.hu\/hirek\/files\/2013\/10\/gaal_web.jpg 640w\" sizes=\"auto, (max-width: 600px) 100vw, 600px\" \/><\/a><\/p>\n<p>Dr. Ga\u00e1l P\u00e9ter arr\u00f3l is besz\u00e9lt, hogy b\u00e1r sokan \u00fagy hiszik, az EKK kis kar, ez nem \u00edgy van. A posztgradu\u00e1lis k\u00e9pz\u00e9sekkel egy\u00fctt az EKK hallgat\u00f3i l\u00e9tsz\u00e1ma megk\u00f6zel\u00edti a FOK \u00e9s a GYOK hallgat\u00f3i l\u00e9tsz\u00e1m\u00e1t. Mint mondta, a k\u00fcl\u00f6nb\u00f6z\u0151 k\u00e9pz\u00e9sek oktat\u00e1si helysz\u00edneinek biztos\u00edt\u00e1sa sokszor gondot okoz, de legink\u00e1bb az\u00e9rt, mert ezek egy r\u00e9sze nem nappali rendszer\u0171. Jelezte, a megold\u00e1st az jelenten\u00e9, ha \u00f6n\u00e1ll\u00f3 \u00e9p\u00fcletbe tudna k\u00f6lt\u00f6zni a Ment\u00e1lhigi\u00e9n\u00e9 Int\u00e9zet, hosszabb t\u00e1von pedig a budai campus adhatna otthont az EKK minden int\u00e9zet\u00e9nek. A kar jelenlegi elhelyez\u00e9se sz\u00fcks\u00e9gess\u00e9 teszi, hogy kreat\u00edvan oldj\u00e1k meg a hallgat\u00f3i \u00fcgyint\u00e9z\u00e9st is, ez\u00e9rt indult el az elektronikus d\u00e9k\u00e1ni hivatal fejleszt\u00e9si projekt. A 100 sz\u00e1zal\u00e9kos pap\u00edrmentess\u00e9g ugyan egyel\u0151re nem val\u00f3sult meg, mert alkalmazkodni kell az egyetem eg\u00e9sz tanulm\u00e1nyi rendszer\u00e9hez. A kar kezdem\u00e9nyezte a NEPTUN b\u0151v\u00edt\u00e9s\u00e9t egy k\u00e9rv\u00e9nykezel\u0151 modullal; ez munka egy r\u00f6vid sz\u00fcnet ut\u00e1n most \u00fajra indul \u2013 sorolta a fejleszt\u00e9seket a d\u00e9k\u00e1n, aki b\u00fcszke arra, hogy a kar \u00fatt\u00f6r\u0151 a p\u00e1ly\u00e1zati tev\u00e9kenys\u00e9gben is, bev\u00e9teleik jelent\u0151s r\u00e9sz\u00e9t \u00e9vek \u00f3ta \u00edgy teremtik el\u0151.<\/p>\n<p>&#8222;Sokan mondj\u00e1k r\u00f3lam, hogy t\u00falzottan optimist\u00e1n l\u00e1tom a j\u00f6v\u0151t, de ha nem \u00edgy lenne, akkor nem v\u00e1llaltam volna a kar vezet\u00e9s\u00e9t. \u00c9rdemes bizakodni \u00e9s ambici\u00f3zus c\u00e9lokat kit\u0171zni, \u00edgy ha ak\u00e1rcsak 40-50 sz\u00e1zal\u00e9ka megval\u00f3sul annak, amit tervezt\u00fcnk, akkor m\u00e1r sokat el\u00e9rt\u00fcnk&#8221;\u2013 sz\u00f6gezte le.<\/p>\n<p>T\u00f3th-Szab\u00f3 Szilvia<\/p>\n<p>Fot\u00f3: Szigetv\u00e1ry Zsolt<br \/>\n A cikk a Semmelweis \u00dajs\u00e1g szeptemberi sz\u00e1m\u00e1ban jelent meg.<\/p>\n","protected":false},"excerpt":{"rendered":"<p>\u00c9veken \u00e1t megb\u00edzott vezet\u0151k\u00e9nt, ny\u00e1r \u00f3ta megv\u00e1lasztott d\u00e9k\u00e1nk\u00e9nt ir\u00e1ny\u00edtja az Eg\u00e9szs\u00e9g\u00fcgyi K\u00f6zszolg\u00e1lati Kart (EKK) dr. Ga\u00e1l P\u00e9ter, aki tele van fejleszt\u00e9si tervekkel \u00e9s \u00f6tletekkel, melynek eredm\u00e9nyek\u00e9nt k\u00e9t \u00faj tudom\u00e1nyter\u00fclet is beker\u00fclhet a Semmelweis Egyetem k\u00e9pz\u00e9si k\u00edn\u00e1lat\u00e1ba. <a href=\"https:\/\/semmelweis.hu\/hirek\/files\/2013\/10\/gaal1_web.jpg\"><\/a> Dr. Ga\u00e1l P\u00e9ter szerint legink\u00e1bb csak technikai v\u00e1ltoz\u00e1st jelent a v\u00e9gleges\u00edt\u00e9s, hiszen kor\u00e1bban megb\u00edzottk\u00e9nt is hatalmas feladatot kapott a &hellip;<\/p>\n","protected":false},"author":11,"featured_media":23177,"comment_status":"closed","ping_status":"closed","sticky":false,"template":"","format":"standard","meta":{"_acf_changed":false,"footnotes":""},"categories":[157,168],"tags":[4135,345,3996],"class_list":["post-23175","post","type-post","status-publish","format-standard","has-post-thumbnail","hentry","category-semmelweis-vilag","category-kiemelt","tag-ekk","tag-esemenyek-es-beszamolok","tag-interju"],"acf":[],"_links":{"self":[{"href":"https:\/\/semmelweis.hu\/hirek\/wp-json\/wp\/v2\/posts\/23175","targetHints":{"allow":["GET"]}}],"collection":[{"href":"https:\/\/semmelweis.hu\/hirek\/wp-json\/wp\/v2\/posts"}],"about":[{"href":"https:\/\/semmelweis.hu\/hirek\/wp-json\/wp\/v2\/types\/post"}],"author":[{"embeddable":true,"href":"https:\/\/semmelweis.hu\/hirek\/wp-json\/wp\/v2\/users\/11"}],"replies":[{"embeddable":true,"href":"https:\/\/semmelweis.hu\/hirek\/wp-json\/wp\/v2\/comments?post=23175"}],"version-history":[{"count":3,"href":"https:\/\/semmelweis.hu\/hirek\/wp-json\/wp\/v2\/posts\/23175\/revisions"}],"predecessor-version":[{"id":71415,"href":"https:\/\/semmelweis.hu\/hirek\/wp-json\/wp\/v2\/posts\/23175\/revisions\/71415"}],"wp:featuredmedia":[{"embeddable":true,"href":"https:\/\/semmelweis.hu\/hirek\/wp-json\/wp\/v2\/media\/23177"}],"wp:attachment":[{"href":"https:\/\/semmelweis.hu\/hirek\/wp-json\/wp\/v2\/media?parent=23175"}],"wp:term":[{"taxonomy":"category","embeddable":true,"href":"https:\/\/semmelweis.hu\/hirek\/wp-json\/wp\/v2\/categories?post=23175"},{"taxonomy":"post_tag","embeddable":true,"href":"https:\/\/semmelweis.hu\/hirek\/wp-json\/wp\/v2\/tags?post=23175"}],"curies":[{"name":"wp","href":"https:\/\/api.w.org\/{rel}","templated":true}]}}