{"id":22895,"date":"2013-10-15T10:04:39","date_gmt":"2013-10-15T09:04:39","guid":{"rendered":"http:\/\/semmelweis-egyetem.hu\/hirek\/?p=22895"},"modified":"2018-02-20T10:18:59","modified_gmt":"2018-02-20T09:18:59","slug":"vegzett-az-elso-evfolyam-a-klinikai-gyogyszerfejlesztesi-szakiranyu-tovabbkepzesen","status":"publish","type":"post","link":"https:\/\/semmelweis.hu\/hirek\/2013\/10\/15\/vegzett-az-elso-evfolyam-a-klinikai-gyogyszerfejlesztesi-szakiranyu-tovabbkepzesen\/","title":{"rendered":"V\u00e9gzett az els\u0151 \u00e9vfolyam a Klinikai Gy\u00f3gyszerfejleszt\u00e9si Szakir\u00e1ny\u00fa Tov\u00e1bbk\u00e9pz\u00e9sen"},"content":{"rendered":"<p><a href=\"https:\/\/semmelweis.hu\/hirek\/files\/2013\/10\/RS6218_20131010-IMG_7761-gyogyszerfejlesztesi-tovabbkepzes-diplomaatado-scr.jpg\"><img loading=\"lazy\" decoding=\"async\" class=\"alignright size-medium wp-image-22902\" title=\"Fot\u00f3: Kov\u00e1cs Attila\" src=\"https:\/\/semmelweis.hu\/hirek\/files\/2013\/10\/RS6218_20131010-IMG_7761-gyogyszerfejlesztesi-tovabbkepzes-diplomaatado-scr-300x199.jpg\" alt=\"RS6218_20131010-IMG_7761-gyogyszerfejlesztesi-tovabbkepzes-diplomaatado-scr\" width=\"300\" height=\"199\" srcset=\"https:\/\/semmelweis.hu\/hirek\/files\/2013\/10\/RS6218_20131010-IMG_7761-gyogyszerfejlesztesi-tovabbkepzes-diplomaatado-scr-300x199.jpg 300w, https:\/\/semmelweis.hu\/hirek\/files\/2013\/10\/RS6218_20131010-IMG_7761-gyogyszerfejlesztesi-tovabbkepzes-diplomaatado-scr-600x400.jpg 600w, https:\/\/semmelweis.hu\/hirek\/files\/2013\/10\/RS6218_20131010-IMG_7761-gyogyszerfejlesztesi-tovabbkepzes-diplomaatado-scr-450x300.jpg 450w, https:\/\/semmelweis.hu\/hirek\/files\/2013\/10\/RS6218_20131010-IMG_7761-gyogyszerfejlesztesi-tovabbkepzes-diplomaatado-scr.jpg 950w\" sizes=\"auto, (max-width: 300px) 100vw, 300px\" \/><\/a>\u00dcnnep\u00e9lyes keretek k\u00f6z\u00f6tt \u00e1tadt\u00e1k az \u00c1ltal\u00e1nos Orvostudom\u00e1nyi Kar (\u00c1OK) Klinikai Gy\u00f3gyszerfejleszt\u00e9si Szakir\u00e1ny\u00fa Tov\u00e1bbk\u00e9pz\u00e9s\u00e9n az els\u0151 v\u00e9gz\u0151s\u00f6k oklevel\u00e9t.<br \/>\n dr. Hunyady L\u00e1szl\u00f3, az \u00c1OK d\u00e9k\u00e1nja az \u00e1tad\u00f3n eml\u00e9keztetett arra, hogy Magyarorsz\u00e1g nemzetk\u00f6zileg is kiemelked\u0151 gy\u00f3gyszerkutat\u00e1si \u00e9s fejleszt\u00e9si hagyom\u00e1nyokkal rendelkezik, a hazai gy\u00f3gyszeripari kutat\u00e1s pedig ma is elismert szerte a vil\u00e1gon. V\u00e9lem\u00e9nye szerint kiemelt jelent\u0151s\u00e9ge van a tov\u00e1bbk\u00e9pz\u00e9snek, mert el\u0151seg\u00edti, hogy a sok \u00e9v alatt kialak\u00edtott kedvez\u0151 helyzet\u00fcnk megmaradjon \u00e9s tov\u00e1bb er\u0151s\u00f6dj\u00f6n.<\/p>\n<p><a href=\"https:\/\/semmelweis.hu\/hirek\/files\/2013\/10\/RS6216_20131010-IMG_7764-gyogyszerfejlesztesi-tovabbkepzes-diplomaatado-scr.jpg\"><img loading=\"lazy\" decoding=\"async\" class=\"alignleft size-medium wp-image-22900\" title=\"Fot\u00f3: Kov\u00e1cs Attila\" src=\"https:\/\/semmelweis.hu\/hirek\/files\/2013\/10\/RS6216_20131010-IMG_7764-gyogyszerfejlesztesi-tovabbkepzes-diplomaatado-scr-300x199.jpg\" alt=\"RS6216_20131010-IMG_7764-gyogyszerfejlesztesi-tovabbkepzes-diplomaatado-scr\" width=\"300\" height=\"199\" srcset=\"https:\/\/semmelweis.hu\/hirek\/files\/2013\/10\/RS6216_20131010-IMG_7764-gyogyszerfejlesztesi-tovabbkepzes-diplomaatado-scr-300x199.jpg 300w, https:\/\/semmelweis.hu\/hirek\/files\/2013\/10\/RS6216_20131010-IMG_7764-gyogyszerfejlesztesi-tovabbkepzes-diplomaatado-scr-600x400.jpg 600w, https:\/\/semmelweis.hu\/hirek\/files\/2013\/10\/RS6216_20131010-IMG_7764-gyogyszerfejlesztesi-tovabbkepzes-diplomaatado-scr-450x300.jpg 450w, https:\/\/semmelweis.hu\/hirek\/files\/2013\/10\/RS6216_20131010-IMG_7764-gyogyszerfejlesztesi-tovabbkepzes-diplomaatado-scr.jpg 950w\" sizes=\"auto, (max-width: 300px) 100vw, 300px\" \/><\/a>Mint mondta, az EU egyik f\u0151 c\u00e9lkit\u0171z\u00e9se, hogy a gy\u00f3gyszerkutat\u00e1s \u00e9s fejleszt\u00e9s ter\u00e9n nemzetk\u00f6zileg vezet\u0151 szerepet t\u00f6lts\u00f6n be. Az IMI-PharmaTrain oktat\u00e1si program keret\u00e9ben a k\u00fcl\u00f6nb\u00f6z\u0151 egyetemeken foly\u00f3 oktat\u00e1s anyag\u00e1t harmoniz\u00e1lt\u00e1k, megszervezt\u00e9k a k\u00f6z\u00f6s min\u0151s\u00e9gellen\u0151rz\u00e9si rendszert.<\/p>\n<p>Dr. Hunyady L\u00e1szl\u00f3 felh\u00edvta a figyelmet arra, hogy a Semmelweis Egyetem jelent\u0151s szerepet v\u00e1llalt e munk\u00e1ban, melyet k\u00fcl\u00f6n megk\u00f6sz\u00f6nt a tov\u00e1bbk\u00e9pz\u00e9s vezet\u0151j\u00e9nek, dr. Kerpel-Fronius S\u00e1ndornak. Hozz\u00e1tette: a szervez\u0151munka eredm\u00e9nyek\u00e9nt l\u00e9trej\u00f6tt egy 10 egyetemb\u0151l \u00e1ll\u00f3 nemzetk\u00f6zi, region\u00e1lis egyetemi h\u00e1l\u00f3zat, a Cooperative European Medicine Development Course (CEMDC). Az els\u0151 tanfolyam min\u0151s\u00e9gi \u00e9rt\u00e9kel\u00e9se alapj\u00e1n a CEMDC a PharmaTrain Center of Excellence min\u0151s\u00edt\u00e9sben r\u00e9szes\u00fclt.<\/p>\n<p><a href=\"https:\/\/semmelweis.hu\/hirek\/files\/2013\/10\/RS6198_20131010-IMG_7820-gyogyszerfejlesztesi-tovabbkepzes-diplomaatado-scr.jpg\"><img loading=\"lazy\" decoding=\"async\" class=\"alignright size-medium wp-image-22897\" title=\"Fot\u00f3: Kov\u00e1cs Attila\" src=\"https:\/\/semmelweis.hu\/hirek\/files\/2013\/10\/RS6198_20131010-IMG_7820-gyogyszerfejlesztesi-tovabbkepzes-diplomaatado-scr-200x300.jpg\" alt=\"RS6198_20131010-IMG_7820-gyogyszerfejlesztesi-tovabbkepzes-diplomaatado-scr\" width=\"200\" height=\"300\" srcset=\"https:\/\/semmelweis.hu\/hirek\/files\/2013\/10\/RS6198_20131010-IMG_7820-gyogyszerfejlesztesi-tovabbkepzes-diplomaatado-scr-200x300.jpg 200w, https:\/\/semmelweis.hu\/hirek\/files\/2013\/10\/RS6198_20131010-IMG_7820-gyogyszerfejlesztesi-tovabbkepzes-diplomaatado-scr-266x400.jpg 266w, https:\/\/semmelweis.hu\/hirek\/files\/2013\/10\/RS6198_20131010-IMG_7820-gyogyszerfejlesztesi-tovabbkepzes-diplomaatado-scr.jpg 500w\" sizes=\"auto, (max-width: 200px) 100vw, 200px\" \/><\/a>Dr. Kerpel-Fronius S\u00e1ndor az \u00fcnneps\u00e9gen elmondta: a tanfolyam tananyag\u00e1t \u00e9s az oktat\u00e1s m\u00f3dszereit a tov\u00e1bbk\u00e9pz\u00e9s sor\u00e1n kialakul\u00f3 nemzetk\u00f6zi harmoniz\u00e1ci\u00f3 miatt folyamatosan m\u00f3dos\u00edtott\u00e1k. Ennek eredm\u00e9nyek\u00e9nt a hallgat\u00f3kat a leg\u00fajabb nemzetk\u00f6zi elv\u00e1r\u00e1sok szerint tudt\u00e1k oktatni. Kiv\u00e1l\u00f3 hazai egyetemi \u00e9s ipari szakemberek mellett sz\u00e1mos k\u00fclf\u00f6ldi el\u0151ad\u00f3 is r\u00e9szt vett az oktat\u00e1sban, biztos\u00edtva a k\u00e9pz\u00e9s val\u00f3ban nemzetk\u00f6zi jelleg\u00e9t a Semmelweis Egyetemen. Erre az alapra biztosan lehetett a CEMDC nemzetk\u00f6zi egyetemi h\u00e1l\u00f3zat\u00e1t \u00e9p\u00edteni &#8211; hangs\u00falyozta. Az \u00fcnneps\u00e9g v\u00e9g\u00e9n megk\u00f6sz\u00f6nte az \u00c1OK kor\u00e1bbi d\u00e9k\u00e1nj\u00e1nak, dr. Kar\u00e1di Istv\u00e1nnak, valamint a hallgat\u00f3knak, hogy t\u00e1mogatt\u00e1k a kezdem\u00e9nyez\u00e9st.<br \/>\n A CEMDC m\u00e1sodik tanfolyama 2013 \u00e1prilis\u00e1ban kezd\u0151d\u00f6tt a t\u00e1rsegyetemek egy\u00fcttm\u0171k\u00f6d\u00e9s\u00e9vel. Az egyes modulokra k\u00fcl\u00f6n-k\u00fcl\u00f6n is lehet jelentkezni. A tanfolyammal kapcsolatos inform\u00e1ci\u00f3k a <a href=\"http:\/\/cemdc.eu\">http:\/\/cemdc.eu<\/a> honlapon tal\u00e1lhat\u00f3k.<\/p>\n<p>T\u00f3th-Szab\u00f3 Szilvia<\/p>\n","protected":false},"excerpt":{"rendered":"<p><a href=\"https:\/\/semmelweis.hu\/hirek\/files\/2013\/10\/RS6218_20131010-IMG_7761-gyogyszerfejlesztesi-tovabbkepzes-diplomaatado-scr.jpg\"><\/a> \u00dcnnep\u00e9lyes keretek k\u00f6z\u00f6tt \u00e1tadt\u00e1k az \u00c1ltal\u00e1nos Orvostudom\u00e1nyi Kar (\u00c1OK) Klinikai Gy\u00f3gyszerfejleszt\u00e9si Szakir\u00e1ny\u00fa Tov\u00e1bbk\u00e9pz\u00e9s\u00e9n az els\u0151 v\u00e9gz\u0151s\u00f6k oklevel\u00e9t. dr. Hunyady L\u00e1szl\u00f3, az \u00c1OK d\u00e9k\u00e1nja az \u00e1tad\u00f3n eml\u00e9keztetett arra, hogy Magyarorsz\u00e1g nemzetk\u00f6zileg is kiemelked\u0151 gy\u00f3gyszerkutat\u00e1si \u00e9s fejleszt\u00e9si hagyom\u00e1nyokkal rendelkezik, a hazai gy\u00f3gyszeripari kutat\u00e1s pedig ma is elismert szerte a vil\u00e1gon. V\u00e9lem\u00e9nye szerint kiemelt jelent\u0151s\u00e9ge van a tov\u00e1bbk\u00e9pz\u00e9snek, &hellip;<\/p>\n","protected":false},"author":11,"featured_media":22898,"comment_status":"closed","ping_status":"closed","sticky":false,"template":"","format":"standard","meta":{"_acf_changed":false,"footnotes":""},"categories":[157,168],"tags":[3647,1792,345],"class_list":["post-22895","post","type-post","status-publish","format-standard","has-post-thumbnail","hentry","category-semmelweis-vilag","category-kiemelt","tag-diplomaatado","tag-diplomaoszto","tag-esemenyek-es-beszamolok"],"acf":[],"_links":{"self":[{"href":"https:\/\/semmelweis.hu\/hirek\/wp-json\/wp\/v2\/posts\/22895","targetHints":{"allow":["GET"]}}],"collection":[{"href":"https:\/\/semmelweis.hu\/hirek\/wp-json\/wp\/v2\/posts"}],"about":[{"href":"https:\/\/semmelweis.hu\/hirek\/wp-json\/wp\/v2\/types\/post"}],"author":[{"embeddable":true,"href":"https:\/\/semmelweis.hu\/hirek\/wp-json\/wp\/v2\/users\/11"}],"replies":[{"embeddable":true,"href":"https:\/\/semmelweis.hu\/hirek\/wp-json\/wp\/v2\/comments?post=22895"}],"version-history":[{"count":6,"href":"https:\/\/semmelweis.hu\/hirek\/wp-json\/wp\/v2\/posts\/22895\/revisions"}],"predecessor-version":[{"id":71395,"href":"https:\/\/semmelweis.hu\/hirek\/wp-json\/wp\/v2\/posts\/22895\/revisions\/71395"}],"wp:featuredmedia":[{"embeddable":true,"href":"https:\/\/semmelweis.hu\/hirek\/wp-json\/wp\/v2\/media\/22898"}],"wp:attachment":[{"href":"https:\/\/semmelweis.hu\/hirek\/wp-json\/wp\/v2\/media?parent=22895"}],"wp:term":[{"taxonomy":"category","embeddable":true,"href":"https:\/\/semmelweis.hu\/hirek\/wp-json\/wp\/v2\/categories?post=22895"},{"taxonomy":"post_tag","embeddable":true,"href":"https:\/\/semmelweis.hu\/hirek\/wp-json\/wp\/v2\/tags?post=22895"}],"curies":[{"name":"wp","href":"https:\/\/api.w.org\/{rel}","templated":true}]}}