{"id":21816,"date":"2013-09-06T09:53:59","date_gmt":"2013-09-06T07:53:59","guid":{"rendered":"http:\/\/semmelweis-egyetem.hu\/hirek\/?p=21816"},"modified":"2018-01-25T14:22:22","modified_gmt":"2018-01-25T13:22:22","slug":"lendulet-nyertesek-dr-mocsai-attila-a-gyulladasos-betegsegek-kialakulasanak-folyamatait-vizsgalja","status":"publish","type":"post","link":"https:\/\/semmelweis.hu\/hirek\/2013\/09\/06\/lendulet-nyertesek-dr-mocsai-attila-a-gyulladasos-betegsegek-kialakulasanak-folyamatait-vizsgalja\/","title":{"rendered":"Lend\u00fclet-nyertesek: dr. M\u00f3csai Attila a gyullad\u00e1sos betegs\u00e9gek kialakul\u00e1s\u00e1nak folyamatait vizsg\u00e1lja"},"content":{"rendered":"<p><a href=\"https:\/\/semmelweis.hu\/hirek\/files\/2013\/09\/Mocsai_Attila-web.jpg\"><img loading=\"lazy\" decoding=\"async\" class=\"alignleft size-medium wp-image-21821\" alt=\"Mocsai_Attila-web\" src=\"https:\/\/semmelweis.hu\/hirek\/files\/2013\/09\/Mocsai_Attila-web-200x300.jpg\" width=\"200\" height=\"300\" srcset=\"https:\/\/semmelweis.hu\/hirek\/files\/2013\/09\/Mocsai_Attila-web-200x300.jpg 200w, https:\/\/semmelweis.hu\/hirek\/files\/2013\/09\/Mocsai_Attila-web-266x400.jpg 266w, https:\/\/semmelweis.hu\/hirek\/files\/2013\/09\/Mocsai_Attila-web.jpg 600w\" sizes=\"auto, (max-width: 200px) 100vw, 200px\" \/><\/a>Dr. M\u00f3csai Attila, a Semmelweis Egyetem \u00c9lettani Int\u00e9zet\u00e9nek docense a <a href=\"https:\/\/semmelweis.hu\/hirek\/2013\/06\/11\/harom-semmelweises-kutato-nyert-a-lendulet-programban\/\" target=\"_blank\">Lend\u00fclet program<\/a> keret\u00e9ben az int\u00e9zetben megalakul\u00f3 kutat\u00f3csoportj\u00e1val k\u00edv\u00e1nja felt\u00e1rni a gyullad\u00e1sos betegs\u00e9gek kialakul\u00e1s\u00e1nak mechanizmus\u00e1t, \u00e9s \u00faj gy\u00f3gyszerfejleszt\u00e9si c\u00e9lpontok azonos\u00edt\u00e1s\u00e1t rem\u00e9li. Emellett k\u00e9t, sejten bel\u00fcli jel\u00e1tviv\u0151 molekula szerep\u00e9t is kutatj\u00e1k egy ritka autoimmun b\u0151rbetegs\u00e9g, valamint a kontaktallergia kialakul\u00e1s\u00e1ban. Dr. M\u00f3csai Attila rem\u00e9nyei szerint a Lend\u00fclet programnak k\u00f6sz\u00f6nhet\u0151en munkacsoportja tov\u00e1bbi, nemzetk\u00f6zileg is versenyk\u00e9pes eredm\u00e9nyeket fog el\u00e9rni.<\/p>\n<p>A k\u00e9tgyermekes orvos munkaidej\u00e9nek jelent\u0151s r\u00e9sz\u00e9t a kutat\u00e1snak szenteli. 1993-ban summa cum laude min\u0151s\u00edt\u00e9ssel v\u00e9gezte el az egyetemet \u00e1ltal\u00e1nos orvosk\u00e9nt. B\u00e1r k\u00e9t \u00e9vig ment\u0151tisztk\u00e9nt, illetve ment\u0151orvosk\u00e9nt k\u00f6zvetlen kapcsolata volt a betegekkel, jelenleg nem praktiz\u00e1l, csak laborat\u00f3riumokban szolg\u00e1lja az eg\u00e9szs\u00e9g\u00fcgyet. PhD-hallgat\u00f3k\u00e9nt az \u00c9lettani Int\u00e9zetbe ker\u00fclt, t\u00e9mavezet\u0151je dr. Ligeti Erzs\u00e9bet volt. Munk\u00e1ja sor\u00e1n a neutrofil granulocit\u00e1k degranul\u00e1ci\u00f3s folyamatait vizsg\u00e1lta. Ezt k\u00f6vet\u0151en h\u00e1rom \u00e9vet t\u00f6lt\u00f6tt posztdoktori tanulm\u00e1ny\u00faton az amerikai University of California, San Francisco egyetemen. Ott Clifford Lowell munkacsoportj\u00e1ban az integrin sejtadh\u00e9zi\u00f3s receptorok jel\u00e1tvitel\u00e9t vizsg\u00e1lta transzg\u00e9nikus egerek seg\u00edts\u00e9g\u00e9vel.<\/p>\n<p>\u201eA\u00a02007. \u00e9vi orvosi \u00e9s \u00e9lettani Nobel-d\u00edjat az egerek specifikus genetikai m\u00f3dos\u00edt\u00e1s\u00e1nak m\u00f3dszertan\u00e1val kapcsolatos felfedez\u00e9sek\u00e9rt \u00edt\u00e9lt\u00e9k oda. A d\u00edj egy olyan technol\u00f3gia legmagasabb szint\u0171 elismer\u00e9s\u00e9t jelenti, amely lehet\u0151v\u00e9 teszi egyes g\u00e9nek c\u00e9lzott t\u00f6rl\u00e9s\u00e9t k\u00eds\u00e9rleti egerek genetikai \u00e1llom\u00e1ny\u00e1b\u00f3l. Az \u00edgy l\u00e9trehozott \u00fagynevezett g\u00e9nt\u00f6rl\u00e9ses (\u201eknockout\u201d) egerek vizsg\u00e1lata forradalmas\u00edtotta az orvosbiol\u00f3giai kutat\u00e1sokat, \u00e9s lehet\u0151v\u00e9 tette a DNS-ben k\u00f3dolt inform\u00e1ci\u00f3 minden eddigin\u00e9l r\u00e9szletesebb \u00e9s pontosabb meg\u00e9rt\u00e9s\u00e9t\u201d \u2013 \u00edrta kor\u00e1bbi cikk\u00e9ben dr. M\u00f3csai Attila.<\/p>\n<p>Dr. M\u00f3csai Attila el\u0151sz\u00f6r r\u00f6vid olaszorsz\u00e1gi, majd h\u00e1rom\u00e9ves amerikai tanulm\u00e1ny\u00fatja sor\u00e1n szerzett tapasztalatokat a \u201eknockout\u201d egerekkel val\u00f3 kutat\u00f3munka m\u00f3dszereivel kapcsolatban, majd kutat\u00e1sait 2003-t\u00f3l Magyarorsz\u00e1gon folytatta. Ehhez el\u0151sz\u00f6r az SE egykori, Puskin utcai t\u00f6mbj\u00e9ben hoztak l\u00e9tre egy transzg\u00e9nikus \u00e1llath\u00e1zat, \u00e9s a transzg\u00e9nikus egerekkel foglalkoz\u00f3 munkacsoportot. A finansz\u00edroz\u00e1st kezdetben egy angol kutat\u00e1s-finansz\u00edroz\u00e1si alap\u00edtv\u00e1ny, a Wellcome Trust p\u00e1ly\u00e1zata biztos\u00edtotta.<\/p>\n<p><a href=\"https:\/\/semmelweis.hu\/hirek\/files\/2013\/09\/20130611-IMG_0290-lendulet-program-dijatado-mta-web.jpg\"><img loading=\"lazy\" decoding=\"async\" class=\"aligncenter size-large wp-image-21823\" alt=\"20130611-IMG_0290-lendulet-program-dijatado-mta-web\" src=\"https:\/\/semmelweis.hu\/hirek\/files\/2013\/09\/20130611-IMG_0290-lendulet-program-dijatado-mta-web-600x400.jpg\" width=\"600\" height=\"400\" srcset=\"https:\/\/semmelweis.hu\/hirek\/files\/2013\/09\/20130611-IMG_0290-lendulet-program-dijatado-mta-web-600x400.jpg 600w, https:\/\/semmelweis.hu\/hirek\/files\/2013\/09\/20130611-IMG_0290-lendulet-program-dijatado-mta-web-300x200.jpg 300w, https:\/\/semmelweis.hu\/hirek\/files\/2013\/09\/20130611-IMG_0290-lendulet-program-dijatado-mta-web-450x300.jpg 450w, https:\/\/semmelweis.hu\/hirek\/files\/2013\/09\/20130611-IMG_0290-lendulet-program-dijatado-mta-web.jpg 900w\" sizes=\"auto, (max-width: 600px) 100vw, 600px\" \/><\/a>K\u00e9s\u0151bb a SE \u00c9lettani Int\u00e9zete \u00e1tk\u00f6lt\u00f6z\u00f6tt a T\u0171zolt\u00f3 utc\u00e1ba, az \u00faj Elm\u00e9leti Orvostudom\u00e1nyi K\u00f6zpontba, ahol dr. M\u00f3csai Attil\u00e1t b\u00edzt\u00e1k meg egy nemzetk\u00f6zi sz\u00ednvonalon is kiemelked\u0151 \u00e1llath\u00e1z kialak\u00edt\u00e1s\u00e1ra. K\u00f6z\u00e9p-Kelet-Eur\u00f3pa els\u0151 kis\u00e1llat besug\u00e1rz\u00f3ja is itt tal\u00e1lhat\u00f3, fokozott biztons\u00e1gi fel\u00fcgyelet alatt. \u201eEz a k\u00e9sz\u00fcl\u00e9k a IX. ker\u00fclet legnagyobb sug\u00e1rforr\u00e1sa. Az Egyes\u00fclt \u00c1llamok korm\u00e1nya biztons\u00e1gi okokb\u00f3l saj\u00e1t k\u00f6lts\u00e9g\u00e9n k\u00fcl\u00f6n retina-szkennert szereltetett fel az EOK \u00e1llath\u00e1z\u00e1ban\u201d \u2013 emeli ki dr. M\u00f3csai Attila.<\/p>\n<p>2009-ben a kutat\u00e1s folytat\u00e1s\u00e1hoz a Wellcome Trust m\u00e9g \u00f6t \u00e9vvel meghosszabb\u00edtotta dr. M\u00f3csai Attila kutat\u00f3csoportj\u00e1nak a t\u00e1mogat\u00e1s\u00e1t. Ezzel p\u00e1rhuzamosan az Eur\u00f3pai Kutat\u00e1si Tan\u00e1cs (ERC) p\u00e1ly\u00e1zat\u00e1n is jelent\u0151s \u00f6sszeget nyert a projekt. 2012 \u00f3ta r\u00e1ad\u00e1sul egy <a href=\"https:\/\/semmelweis.hu\/hirek\/2012\/02\/08\/hat-orszag-kutatoi-egyutt-keresik-a-gyulladasos-betegsegek-ellenszeret-a-semmelweis-egyetem-vezetesevel\/\" target=\"_blank\">eur\u00f3pai uni\u00f3s kollabor\u00e1ci\u00f3s projekt <\/a>vezet\u00e9s\u00e9t is elnyerte a munkacsoport, \u00edgy dr. M\u00f3csai Attila t\u00f6bb uni\u00f3s \u00e9s brazil kutat\u00f3 munk\u00e1j\u00e1t koordin\u00e1lja. Ut\u00f3bbi projektnek az \u00e9rdekess\u00e9ge, hogy az egyetem t\u00f6rt\u00e9net\u00e9ben ez az els\u0151 eset, hogy az SE koordin\u00e1lja egy EU \u00e1ltal finansz\u00edrozott nemzetk\u00f6zi konzorcium munk\u00e1j\u00e1t.<\/p>\n<p><img loading=\"lazy\" decoding=\"async\" class=\"alignleft size-medium wp-image-21825\" alt=\"mocsai2\" src=\"https:\/\/semmelweis.hu\/hirek\/files\/2013\/09\/mocsai2-300x200.jpg\" width=\"300\" height=\"200\" srcset=\"https:\/\/semmelweis.hu\/hirek\/files\/2013\/09\/mocsai2-300x200.jpg 300w, https:\/\/semmelweis.hu\/hirek\/files\/2013\/09\/mocsai2-600x400.jpg 600w, https:\/\/semmelweis.hu\/hirek\/files\/2013\/09\/mocsai2-450x300.jpg 450w\" sizes=\"auto, (max-width: 300px) 100vw, 300px\" \/>A Lend\u00fclet program a legjobbkor hozott sikert, hiszen a munkacsoport finansz\u00edroz\u00e1s\u00e1nak 60 sz\u00e1zal\u00e9k\u00e1t teszi ki az okt\u00f3berben lej\u00e1r\u00f3 ERC-t\u00e1mogat\u00e1s. Ezt az \u00f6sszeget a Lend\u00fclet program fogja p\u00f3tolni.<\/p>\n<p>A Lend\u00fclet projektben r\u00e9sztvev\u0151k c\u00e9lja, hogy a gyullad\u00e1sos betegs\u00e9gek kialakul\u00e1s\u00e1nak vizsg\u00e1lat\u00e1t tov\u00e1bbi ir\u00e1nyokba is kiterjessz\u00e9k. A kutat\u00e1s c\u00e9lja k\u00fcl\u00f6nb\u00f6z\u0151 b\u0151rgyullad\u00e1sok, kontaktallergi\u00e1k molekul\u00e1ris alapjainak a vizsg\u00e1lata, illetve annak meg\u00e9rt\u00e9se, hogy a velesz\u00fcletett \u00e9s a szerzett immunit\u00e1s mechanizmusai hogyan m\u0171k\u00f6dnek egy\u00fctt a gyullad\u00e1sos betegs\u00e9gek kialakul\u00e1sakor.<\/p>\n<p>A sejten bel\u00fcli jel\u00e1tviteli folyamatok megismer\u00e9se dr. M\u00f3csai Attila rem\u00e9nyei szerint hozz\u00e1seg\u00edti az orvostudom\u00e1nyt ahho, hogy a gyullad\u00e1sos betegs\u00e9gek l\u00e9trej\u00f6tt\u00e9nek meg\u00e9rt\u00e9s\u00e9vel lehet\u0151s\u00e9g ny\u00edljon \u00faj ter\u00e1pi\u00e1s t\u00e1mad\u00e1spontok kijel\u00f6l\u00e9s\u00e9re. Az ezek ellen kifejlesztett gy\u00f3gyszerek az eddigiekn\u00e9l hat\u00e9konyabb, \u00faj ter\u00e1pi\u00e1k r\u00e9v\u00e9n seg\u00edthetik el\u0151 a gyullad\u00e1sos betegs\u00e9gek kezel\u00e9s\u00e9t.<\/p>\n<p>Nagy Emese<\/p>\n<p>Id\u00e9n tizenn\u00e9gy kiemelked\u0151 teljes\u00edtm\u00e9nyt felmutat\u00f3 kutat\u00f3 alak\u00edthatott \u00f6n\u00e1ll\u00f3 kutat\u00f3csoportot akad\u00e9miai kutat\u00f3k\u00f6zpontokban, kutat\u00f3int\u00e9zetekben \u00e9s hazai egyetemeken az MTA Lend\u00fclet programj\u00e1nak k\u00f6sz\u00f6nhet\u0151en. K\u00f6zt\u00fck <a href=\"https:\/\/semmelweis.hu\/hirek\/2013\/07\/22\/dr-maurovich-horvat-pal-a-szivinfarktus-megelozeseert\/\">Dr. Maurovich Horvat P\u00e1l<\/a>, dr. M\u00f3csai Attila, \u00e9s <a href=\"https:\/\/semmelweis.hu\/hirek\/2013\/08\/30\/a-lendulet-program-nyertesei-ii-dr-patocs-attila-az-endokrin-daganatok-megismereseert\/\">Dr. Pat\u00f3cs Attila Bal\u00e1zs<\/a> a Semmelweis Egyetemr\u0151l.<\/p>\n","protected":false},"excerpt":{"rendered":"<p><a href=\"https:\/\/semmelweis.hu\/hirek\/files\/2013\/09\/Mocsai_Attila-web.jpg\"><\/a> Dr. M\u00f3csai Attila, a Semmelweis Egyetem \u00c9lettani Int\u00e9zet\u00e9nek docense a <a href=\"https:\/\/semmelweis.hu\/hirek\/2013\/06\/11\/harom-semmelweises-kutato-nyert-a-lendulet-programban\/\" target=\"_blank\">Lend\u00fclet program<\/a> keret\u00e9ben az int\u00e9zetben megalakul\u00f3 kutat\u00f3csoportj\u00e1val k\u00edv\u00e1nja felt\u00e1rni a gyullad\u00e1sos betegs\u00e9gek kialakul\u00e1s\u00e1nak mechanizmus\u00e1t, \u00e9s \u00faj gy\u00f3gyszerfejleszt\u00e9si c\u00e9lpontok azonos\u00edt\u00e1s\u00e1t rem\u00e9li. Emellett k\u00e9t, sejten bel\u00fcli jel\u00e1tviv\u0151 molekula szerep\u00e9t is kutatj\u00e1k egy ritka autoimmun b\u0151rbetegs\u00e9g, valamint a kontaktallergia kialakul\u00e1s\u00e1ban. Dr. M\u00f3csai Attila rem\u00e9nyei szerint a Lend\u00fclet programnak k\u00f6sz\u00f6nhet\u0151en munkacsoportja &hellip;<\/p>\n","protected":false},"author":13,"featured_media":21823,"comment_status":"closed","ping_status":"closed","sticky":false,"template":"","format":"standard","meta":{"_acf_changed":false,"footnotes":""},"categories":[161,168],"tags":[2569,332,333,188],"class_list":["post-21816","post","type-post","status-publish","format-standard","has-post-thumbnail","hentry","category-tudomany","category-kiemelt","tag-galeria","tag-lendulet-program","tag-magyar-tudomanyos-akademia","tag-tudomanyos-hirek-rendezvenyek"],"acf":[],"_links":{"self":[{"href":"https:\/\/semmelweis.hu\/hirek\/wp-json\/wp\/v2\/posts\/21816","targetHints":{"allow":["GET"]}}],"collection":[{"href":"https:\/\/semmelweis.hu\/hirek\/wp-json\/wp\/v2\/posts"}],"about":[{"href":"https:\/\/semmelweis.hu\/hirek\/wp-json\/wp\/v2\/types\/post"}],"author":[{"embeddable":true,"href":"https:\/\/semmelweis.hu\/hirek\/wp-json\/wp\/v2\/users\/13"}],"replies":[{"embeddable":true,"href":"https:\/\/semmelweis.hu\/hirek\/wp-json\/wp\/v2\/comments?post=21816"}],"version-history":[{"count":6,"href":"https:\/\/semmelweis.hu\/hirek\/wp-json\/wp\/v2\/posts\/21816\/revisions"}],"predecessor-version":[{"id":37889,"href":"https:\/\/semmelweis.hu\/hirek\/wp-json\/wp\/v2\/posts\/21816\/revisions\/37889"}],"wp:featuredmedia":[{"embeddable":true,"href":"https:\/\/semmelweis.hu\/hirek\/wp-json\/wp\/v2\/media\/21823"}],"wp:attachment":[{"href":"https:\/\/semmelweis.hu\/hirek\/wp-json\/wp\/v2\/media?parent=21816"}],"wp:term":[{"taxonomy":"category","embeddable":true,"href":"https:\/\/semmelweis.hu\/hirek\/wp-json\/wp\/v2\/categories?post=21816"},{"taxonomy":"post_tag","embeddable":true,"href":"https:\/\/semmelweis.hu\/hirek\/wp-json\/wp\/v2\/tags?post=21816"}],"curies":[{"name":"wp","href":"https:\/\/api.w.org\/{rel}","templated":true}]}}