{"id":17551,"date":"2013-04-24T09:18:52","date_gmt":"2013-04-24T07:18:52","guid":{"rendered":"http:\/\/semmelweis-egyetem.hu\/hirek\/?p=17551"},"modified":"2018-02-13T14:43:29","modified_gmt":"2018-02-13T13:43:29","slug":"xviii-koranyi-frigyes-tudomanyos-forum-csaknem-szazotven-hallgato-mutatta-be-tudomanyos-munkajat","status":"publish","type":"post","link":"https:\/\/semmelweis.hu\/hirek\/2013\/04\/24\/xviii-koranyi-frigyes-tudomanyos-forum-csaknem-szazotven-hallgato-mutatta-be-tudomanyos-munkajat\/","title":{"rendered":"XVIII. Kor\u00e1nyi Frigyes Tudom\u00e1nyos F\u00f3rum: csaknem sz\u00e1z\u00f6tven hallgat\u00f3 mutatta be tudom\u00e1nyos munk\u00e1j\u00e1t"},"content":{"rendered":"<figure id=\"attachment_17555\" aria-describedby=\"caption-attachment-17555\" style=\"width: 300px\" class=\"wp-caption alignleft\"><a href=\"https:\/\/semmelweis.hu\/hirek\/files\/2013\/04\/SZS0868K.jpg\"><img loading=\"lazy\" decoding=\"async\" class=\"size-medium wp-image-17555\" alt=\"_SZS0868K\" src=\"https:\/\/semmelweis.hu\/hirek\/files\/2013\/04\/SZS0868K-300x200.jpg\" width=\"300\" height=\"200\" srcset=\"https:\/\/semmelweis.hu\/hirek\/files\/2013\/04\/SZS0868K-300x200.jpg 300w, https:\/\/semmelweis.hu\/hirek\/files\/2013\/04\/SZS0868K-600x400.jpg 600w, https:\/\/semmelweis.hu\/hirek\/files\/2013\/04\/SZS0868K-450x300.jpg 450w, https:\/\/semmelweis.hu\/hirek\/files\/2013\/04\/SZS0868K.jpg 690w\" sizes=\"auto, (max-width: 300px) 100vw, 300px\" \/><\/a><figcaption id=\"caption-attachment-17555\" class=\"wp-caption-text\">Fot\u00f3: Szigetv\u00e1ry Zsolt<\/figcaption><\/figure>\n<p>Csaknem 150, az orsz\u00e1g n\u00e9gy orvosi egyetem\u00e9r\u0151l \u00e9s Marosv\u00e1s\u00e1rhelyr\u0151l \u00e9rkezett orvostan-, fogorvostan- \u00e9s gy\u00f3gyszer\u00e9szhallgat\u00f3, valamint Phd-\u00f6szt\u00f6nd\u00edjas mutatta be tudom\u00e1nyos munk\u00e1j\u00e1t a XVIII. Kor\u00e1nyi Frigyes Tudom\u00e1nyos F\u00f3rumon. A Semmelweis Egyetem Kor\u00e1nyi Frigyes Szakkoll\u00e9gium\u00e1nak k\u00e9tnapos rendezv\u00e9ny\u00e9n \u00f6sszesen 11 szekci\u00f3ban hangzottak el az el\u0151ad\u00e1sok.<\/p>\n<p>Az idei f\u00f3rumot dr. Sz\u00e9l \u00c1goston, az egyetem rektora nyitotta meg. K\u00f6sz\u00f6nt\u0151j\u00e9ben kiemelte, az imm\u00e1r tizennyolcadszor megrendezett f\u00f3rum minden \u00e9vben kiemelked\u0151, rangos tudom\u00e1nyos esem\u00e9nynek sz\u00e1m\u00edt az egyetem \u00e9let\u00e9ben. \u201eA H\u00e1rsfa utc\u00e1ban egy olyan hallgat\u00f3i min\u0151s\u00e9g nyilv\u00e1nul meg, amelyre joggal lehet b\u00fcszke a Semmelweis Egyetem\u201d \u2013 mondta.<\/p>\n<p><a href=\"https:\/\/semmelweis.hu\/hirek\/files\/2013\/04\/SZS0887K.jpg\"><img loading=\"lazy\" decoding=\"async\" class=\"alignleft size-medium wp-image-17552\" alt=\"_SZS0887K\" src=\"https:\/\/semmelweis.hu\/hirek\/files\/2013\/04\/SZS0887K-300x171.jpg\" width=\"300\" height=\"171\" srcset=\"https:\/\/semmelweis.hu\/hirek\/files\/2013\/04\/SZS0887K-300x171.jpg 300w, https:\/\/semmelweis.hu\/hirek\/files\/2013\/04\/SZS0887K-600x343.jpg 600w, https:\/\/semmelweis.hu\/hirek\/files\/2013\/04\/SZS0887K-524x300.jpg 524w, https:\/\/semmelweis.hu\/hirek\/files\/2013\/04\/SZS0887K.jpg 661w\" sizes=\"auto, (max-width: 300px) 100vw, 300px\" \/><\/a>A rektor eml\u00e9keztetett r\u00e1, hogy a kutat\u00f3egyetemi c\u00edm \u00fajb\u00f3li elnyer\u00e9s\u00e9ben nagy szerepe volt az akt\u00edv tehets\u00e9ggondoz\u00e1snak. B\u00fcszk\u00e9k vagyunk arra, hogy az egyetemen igyeksz\u00fcnk a lehet\u0151 legkor\u00e1bban felfigyelni azokra a tehets\u00e9gekre, akik tudom\u00e1nyos munk\u00e1jukkal sokat \u00e9rnek el m\u00e1r ma is, \u00e9s v\u00e1rhat\u00f3an a k\u00e9s\u0151bbiekben is \u2013 tette hozz\u00e1 dr. Sz\u00e9l \u00c1goston, aki eml\u00e9keztetett arra, hogy m\u00e1r a k\u00f6z\u00e9piskol\u00e1sok k\u00f6r\u00e9ben elkezdi az egyetem a tehets\u00e9gek felkutat\u00e1s\u00e1t. A tehets\u00e9ggondoz\u00e1s tov\u00e1bbi \u00e1llom\u00e1sai, a Tudom\u00e1nyos Di\u00e1kk\u00f6r, a Doktori Iskola, mind azt a c\u00e9lt szolg\u00e1lj\u00e1k, hogy a legkiv\u00e1l\u00f3bbakb\u00f3l nyerj\u00fck meg magunk k\u00f6z\u00e9 a fiatal oktat\u00f3kat, kutat\u00f3kat \u2013 fogalmazott.<\/p>\n<p>Az idei Kor\u00e1nyi Tudom\u00e1nyos F\u00f3rum nyit\u00f3el\u0151ad\u00e1s\u00e1t dr. Palkovits Mikl\u00f3s agykutat\u00f3, a Semmelweis Egyetem Anat\u00f3miai, Sz\u00f6vet- \u00e9s Fejl\u0151d\u00e9stani Int\u00e9zet\u00e9nek professzor emeritusa tartotta a t\u00e1pl\u00e1l\u00e9kfelv\u00e9tel agyi szab\u00e1lyoz\u00e1s\u00e1r\u00f3l. Ezt k\u00f6vet\u0151en a Szakkoll\u00e9giumban h\u00e1rom helysz\u00ednen zajlottak az Alapkutat\u00e1s, Konzervat\u00edv, valamint Operat\u00edv orvostudom\u00e1nyok szekci\u00f3i. Az el\u0151ad\u00f3k k\u00f6z\u00f6tt az orvostan-, fogorvostan, illetve gy\u00f3gyszer\u00e9szhallgat\u00f3k \u00e9s PhD-\u00f6szt\u00f6nd\u00edjas kutat\u00f3k mellett az E\u00f6tv\u00f6s Lor\u00e1nd Tudom\u00e1nyegyetem biol\u00f3gus hallgat\u00f3i \u00e9s a Szegedi Tudom\u00e1nyegyetem Term\u00e9szettudom\u00e1nyi \u00e9s Informatikai Kar\u00e1nak hallgat\u00f3i is szerepeltek.<\/p>\n<p><a href=\"https:\/\/semmelweis.hu\/hirek\/files\/2013\/04\/SZS0900K.jpg\"><img loading=\"lazy\" decoding=\"async\" class=\"aligncenter size-large wp-image-17554\" alt=\"_SZS0900K\" src=\"https:\/\/semmelweis.hu\/hirek\/files\/2013\/04\/SZS0900K-600x373.jpg\" width=\"600\" height=\"373\" srcset=\"https:\/\/semmelweis.hu\/hirek\/files\/2013\/04\/SZS0900K-600x373.jpg 600w, https:\/\/semmelweis.hu\/hirek\/files\/2013\/04\/SZS0900K-300x186.jpg 300w, https:\/\/semmelweis.hu\/hirek\/files\/2013\/04\/SZS0900K-481x300.jpg 481w, https:\/\/semmelweis.hu\/hirek\/files\/2013\/04\/SZS0900K.jpg 679w\" sizes=\"auto, (max-width: 600px) 100vw, 600px\" \/><\/a>Az egyetemi falain t\u00falmutat\u00f3 Kor\u00e1nyi Frigyes Tudom\u00e1nyos F\u00f3rum kiemelt c\u00e9lja a k\u00fcl\u00f6nb\u00f6z\u0151 kutat\u00e1si ter\u00fcleten tev\u00e9kenyked\u0151 hallgat\u00f3k k\u00f6z\u00f6tti kapcsolatteremt\u00e9s el\u0151seg\u00edt\u00e9se; a F\u00f3rum id\u00e9n k\u00f6zel harminc el\u0151ad\u00f3t l\u00e1tott vend\u00e9g\u00fcl Szegedr\u0151l, P\u00e9csr\u0151l, Debrecenb\u0151l, illetve Marosv\u00e1s\u00e1rhelyr\u0151l. Ez a rendezv\u00e9ny a Szakkoll\u00e9gium szakmai programj\u00e1nak legrangosabb esem\u00e9nye, mely \u00e9vr\u0151l \u00e9vre egyre n\u00e9pszer\u0171bb\u00e9 v\u00e1lik hat\u00e1ron innen \u00e9s hat\u00e1ron t\u00fal egyar\u00e1nt. A hallgat\u00f3k k\u00f6z\u00f6tti kapcsolatteremt\u00e9st a f\u00f3rum bar\u00e1ti hangulata, valamint a 18-\u00e1n este a konferencia el\u0151ad\u00f3i \u00e9s \u00e9rt\u00e9kel\u0151i sz\u00e1m\u00e1ra rendezett bork\u00f3stol\u00f3 rendezv\u00e9ny is el\u0151seg\u00edtette.<\/p>\n<p>Dr. R\u00e1cz K\u00e1roly professzor felaj\u00e1nl\u00e1s\u00e1nak k\u00f6sz\u00f6nhet\u0151en id\u00e9n szekci\u00f3nk\u00e9nt egy el\u0151ad\u00f3 posztert \u00e1ll\u00edthat ki a Semmelweis Egyetem \u00e9s a P\u00e1zm\u00e1ny P\u00e9ter Katolikus Egyetem k\u00f6z\u00f6s szervez\u00e9s\u00e9ben megval\u00f3sul\u00f3 nemzetk\u00f6zi PhD-konferenci\u00e1n. \u00cdgy a kiosztott els\u0151, m\u00e1sodik, harmadik \u00e9s k\u00fcl\u00f6nd\u00edjakon fel\u00fcl a b\u00edr\u00e1l\u00f3 bizotts\u00e1gi tagok szekci\u00f3nk\u00e9nt egy arra \u00e9rdemesnek \u00edt\u00e9lt hallgat\u00f3t is deleg\u00e1lhattak erre a konferenci\u00e1ra.<br \/>\nTrojn\u00e1r Eszter<\/p>\n<p>A XVIII. Kor\u00e1nyi Tudom\u00e1nyos F\u00f3rum d\u00edjazottjainak list\u00e1ja <a href=\"https:\/\/semmelweis.hu\/hirek\/files\/2013\/04\/XVIII_KFTF_d\u00edjazottjai.docx\" target=\"_blank\">innen<\/a> let\u00f6lthet\u0151.<\/p>\n","protected":false},"excerpt":{"rendered":"<p>Csaknem 150, az orsz\u00e1g n\u00e9gy orvosi egyetem\u00e9r\u0151l \u00e9s Marosv\u00e1s\u00e1rhelyr\u0151l \u00e9rkezett orvostan-, fogorvostan- \u00e9s gy\u00f3gyszer\u00e9szhallgat\u00f3, valamint Phd-\u00f6szt\u00f6nd\u00edjas mutatta be tudom\u00e1nyos munk\u00e1j\u00e1t a XVIII. Kor\u00e1nyi Frigyes Tudom\u00e1nyos F\u00f3rumon. A Semmelweis Egyetem Kor\u00e1nyi Frigyes Szakkoll\u00e9gium\u00e1nak k\u00e9tnapos rendezv\u00e9ny\u00e9n \u00f6sszesen 11 szekci\u00f3ban hangzottak el az el\u0151ad\u00e1sok. Az idei f\u00f3rumot dr. Sz\u00e9l \u00c1goston, az egyetem rektora nyitotta meg. K\u00f6sz\u00f6nt\u0151j\u00e9ben kiemelte, az &hellip;<\/p>\n","protected":false},"author":13,"featured_media":17555,"comment_status":"closed","ping_status":"open","sticky":false,"template":"","format":"standard","meta":{"_acf_changed":false,"footnotes":""},"categories":[161,168],"tags":[2888,188],"class_list":["post-17551","post","type-post","status-publish","format-standard","has-post-thumbnail","hentry","category-tudomany","category-kiemelt","tag-koranyi-frigyes-tudomanyos-forum","tag-tudomanyos-hirek-rendezvenyek"],"acf":[],"_links":{"self":[{"href":"https:\/\/semmelweis.hu\/hirek\/wp-json\/wp\/v2\/posts\/17551","targetHints":{"allow":["GET"]}}],"collection":[{"href":"https:\/\/semmelweis.hu\/hirek\/wp-json\/wp\/v2\/posts"}],"about":[{"href":"https:\/\/semmelweis.hu\/hirek\/wp-json\/wp\/v2\/types\/post"}],"author":[{"embeddable":true,"href":"https:\/\/semmelweis.hu\/hirek\/wp-json\/wp\/v2\/users\/13"}],"replies":[{"embeddable":true,"href":"https:\/\/semmelweis.hu\/hirek\/wp-json\/wp\/v2\/comments?post=17551"}],"version-history":[{"count":7,"href":"https:\/\/semmelweis.hu\/hirek\/wp-json\/wp\/v2\/posts\/17551\/revisions"}],"predecessor-version":[{"id":40855,"href":"https:\/\/semmelweis.hu\/hirek\/wp-json\/wp\/v2\/posts\/17551\/revisions\/40855"}],"wp:featuredmedia":[{"embeddable":true,"href":"https:\/\/semmelweis.hu\/hirek\/wp-json\/wp\/v2\/media\/17555"}],"wp:attachment":[{"href":"https:\/\/semmelweis.hu\/hirek\/wp-json\/wp\/v2\/media?parent=17551"}],"wp:term":[{"taxonomy":"category","embeddable":true,"href":"https:\/\/semmelweis.hu\/hirek\/wp-json\/wp\/v2\/categories?post=17551"},{"taxonomy":"post_tag","embeddable":true,"href":"https:\/\/semmelweis.hu\/hirek\/wp-json\/wp\/v2\/tags?post=17551"}],"curies":[{"name":"wp","href":"https:\/\/api.w.org\/{rel}","templated":true}]}}