{"id":17471,"date":"2013-04-19T10:31:26","date_gmt":"2013-04-19T09:31:26","guid":{"rendered":"http:\/\/semmelweis-egyetem.hu\/hirek\/?p=17471"},"modified":"2015-05-08T11:43:08","modified_gmt":"2015-05-08T09:43:08","slug":"jubileumi-richter-tudos-klub-enni-vagy-nem-enni","status":"publish","type":"post","link":"https:\/\/semmelweis.hu\/hirek\/2013\/04\/19\/jubileumi-richter-tudos-klub-enni-vagy-nem-enni\/","title":{"rendered":"Jubileumi Richter Tud\u00f3s Klub a Semmelweis Egyetemen: Enni vagy nem enni"},"content":{"rendered":"<p><a href=\"https:\/\/semmelweis.hu\/hirek\/files\/2013\/04\/SZS1073K.jpg\"><img loading=\"lazy\" decoding=\"async\" class=\"alignleft size-medium wp-image-17472\" alt=\"_SZS1073K\" src=\"https:\/\/semmelweis.hu\/hirek\/files\/2013\/04\/SZS1073K-200x300.jpg\" width=\"200\" height=\"300\" srcset=\"https:\/\/semmelweis.hu\/hirek\/files\/2013\/04\/SZS1073K-200x300.jpg 200w, https:\/\/semmelweis.hu\/hirek\/files\/2013\/04\/SZS1073K-266x400.jpg 266w, https:\/\/semmelweis.hu\/hirek\/files\/2013\/04\/SZS1073K-600x899.jpg 600w\" sizes=\"auto, (max-width: 200px) 100vw, 200px\" \/><\/a>Jubileum\u00e1hoz \u00e9rkezett a Richter Tud\u00f3s Klub, amelynek els\u0151 rendezv\u00e9ny\u00e9t 10 \u00e9vvel ezel\u0151tt, 2004-ben a Semmelweis Egyetemen tartott\u00e1k. A mostani, jubileumi rendezv\u00e9nyen dr. Sz\u00e9l \u00c1goston rektor k\u00f6sz\u00f6nt\u00f6tte a konferencia r\u00e9sztvev\u0151it, \u00e9s kiemelte: nagy \u00f6r\u00f6m sz\u00e1m\u00e1ra, hogy a Semmelweis Egyetem adhat otthont a kerek \u00e9vfordul\u00f3n megrendezett programnak. Mint hangs\u00falyozta, a Semmelweis Egyetem \u00e9s a Richter kapcsolata p\u00e9ldamutat\u00f3, a gy\u00f3gyszergy\u00e1r igen sok eszmei \u00e9s t\u00e1rgyi seg\u00edts\u00e9get ny\u00fajt az egyetemnek.<\/p>\n<p>Dr. Bogsch Erik, a Richter Gedeon Nyrt. vez\u00e9rigazgat\u00f3ja r\u00f6viden bemutatta az id\u00e9n 112 \u00e9ves gy\u00f3gyszergy\u00e1r t\u00f6rt\u00e9net\u00e9t, amely sok mindent \u00e1tv\u00e9szelt a t\u00f6rt\u00e9nelem sor\u00e1n, \u00edgy k\u00e9t vil\u00e1gh\u00e1bor\u00fat, az \u00e1llamos\u00edt\u00e1s \u00e9s a privatiz\u00e1ci\u00f3 idej\u00e9t is. A tov\u00e1bb\u00e9l\u00e9shez, a n\u00f6veked\u00e9shez l\u00e9tk\u00e9rd\u00e9s az innov\u00e1ci\u00f3 \u2013 osztotta meg egyik alapelv\u00fcket dr. Bogsch Erik, hozz\u00e1t\u00e9ve, hogy jelenleg t\u00f6bb mint 11 ezer f\u0151t foglalkoztatnak, t\u00f6bb mint fel\u00e9t Magyarorsz\u00e1gon. \u00c1rbev\u00e9tel\u00fck egyharmada a n\u0151gy\u00f3gy\u00e1szati k\u00e9sz\u00edtm\u00e9nyekb\u0151l sz\u00e1rmazik, m\u00e1sodik helyen a kardiovaszkul\u00e1ris szerek \u00e9s k\u00f6zponti idegrendszer gy\u00f3gyszerei \u00e1llnak.<\/p>\n<p><a href=\"https:\/\/semmelweis.hu\/hirek\/files\/2013\/04\/SZS1122K.jpg\"><img loading=\"lazy\" decoding=\"async\" class=\"aligncenter size-large wp-image-17473\" alt=\"_SZS1122K\" src=\"https:\/\/semmelweis.hu\/hirek\/files\/2013\/04\/SZS1122K-562x400.jpg\" width=\"562\" height=\"400\" srcset=\"https:\/\/semmelweis.hu\/hirek\/files\/2013\/04\/SZS1122K-562x400.jpg 562w, https:\/\/semmelweis.hu\/hirek\/files\/2013\/04\/SZS1122K-300x213.jpg 300w, https:\/\/semmelweis.hu\/hirek\/files\/2013\/04\/SZS1122K-422x300.jpg 422w, https:\/\/semmelweis.hu\/hirek\/files\/2013\/04\/SZS1122K-600x426.jpg 600w, https:\/\/semmelweis.hu\/hirek\/files\/2013\/04\/SZS1122K.jpg 830w\" sizes=\"auto, (max-width: 562px) 100vw, 562px\" \/><\/a>A kutat\u00e1s-fejleszt\u00e9s ter\u00e9n a r\u00e9gi\u00f3ban \u00e9len j\u00e1rnak, a kutat\u00e1si programokban vezet\u0151 egyetemi tansz\u00e9kekkel \u00e9s akad\u00e9mia int\u00e9zetekkel m\u0171k\u00f6dnek egy\u00fctt \u2013 ez a versenyk\u00e9pess\u00e9g egyik kulcsa. A j\u00f6v\u0151 szempontj\u00e1b\u00f3l a magyar szellemi er\u0151 itthon tart\u00e1sa a legfontosabb \u2013 emelte ki.<\/p>\n<figure id=\"attachment_17475\" aria-describedby=\"caption-attachment-17475\" style=\"width: 196px\" class=\"wp-caption alignright\"><a href=\"https:\/\/semmelweis.hu\/hirek\/files\/2013\/04\/SZS1109.jpg\"><img loading=\"lazy\" decoding=\"async\" class=\"size-medium wp-image-17475\" alt=\"_SZS1109\" src=\"https:\/\/semmelweis.hu\/hirek\/files\/2013\/04\/SZS1109-196x300.jpg\" width=\"196\" height=\"300\" srcset=\"https:\/\/semmelweis.hu\/hirek\/files\/2013\/04\/SZS1109-196x300.jpg 196w, https:\/\/semmelweis.hu\/hirek\/files\/2013\/04\/SZS1109-261x400.jpg 261w, https:\/\/semmelweis.hu\/hirek\/files\/2013\/04\/SZS1109-600x918.jpg 600w\" sizes=\"auto, (max-width: 196px) 100vw, 196px\" \/><\/a><figcaption id=\"caption-attachment-17475\" class=\"wp-caption-text\">Fot\u00f3k: Szigetv\u00e1ry Zsolt<\/figcaption><\/figure>\n<p>A Richter Tud\u00f3s Klub rendezv\u00e9ny\u00e9n dr. T\u00fary Ferenc (Semmelweis Egyetem, Magatart\u00e1studom\u00e1nyi Int\u00e9zet) \u201eAz ev\u00e9szavarok modern form\u00e1i\u201d c\u00edmmel, \u00a0Dr. Tam\u00e1s Ferenc (Semmelweis Egyetem, Csal\u00e1dorvosi Tansz\u00e9k) \u201eA kommunik\u00e1ci\u00f3 \u00e9s a motiv\u00e1ci\u00f3s interj\u00fa fontoss\u00e1ga a tests\u00falyrendez\u00e9sben\u201d c\u00edmmel tartott el\u0151ad\u00e1st, m\u00edg dr. Mikecz Tibor (Pestszentl\u0151rinc\u2013Pestszentimre Eg\u00e9szs\u00e9g\u00fcgyi Szolg\u00e1ltat\u00f3 Kft.) a korszer\u0171 t\u00e1pl\u00e1lkoz\u00e1s betegs\u00e9gmegel\u0151z\u00e9sben j\u00e1tszott szerep\u00e9r\u0151l besz\u00e9lt.<\/p>\n<p>A Richter Tud\u00f3s Klub c\u00e9lja, hogy az orvosi, gy\u00f3gyszer\u00e9szeti tudom\u00e1nyos \u00e9let k\u00f6z\u00e9ppontj\u00e1ban \u00e1ll\u00f3 t\u00e9m\u00e1kkal kapcsolatos inform\u00e1ci\u00f3kat az adott ter\u00fcletek neves, elismert szakembereinek el\u0151ad\u00e1s\u00e1ban \u00e1tadja, m\u00e1sr\u00e9szt, hogy a t\u00e1rsas\u00e1g tev\u00e9kenys\u00e9g\u00e9t k\u00f6zelebbr\u0151l megismertesse a hallgat\u00f3kkal. A t\u00edz \u00e9vvel ezel\u0151tt elindult rendezv\u00e9nysorozat orsz\u00e1gos, mind a n\u00e9gy orvosi egyetem r\u00e9szt vesz benne. Minden klub egy adott t\u00e9m\u00e1ra f\u00f3kusz\u00e1l, \u00edgy a kor\u00e1bbi \u00e9vekben sz\u00f3 volt egyebek mellett a metabolikus szindr\u00f3m\u00e1r\u00f3l, az Alzheimer-k\u00f3rr\u00f3l, a j\u00f6v\u0151 onkoter\u00e1pi\u00e1j\u00e1r\u00f3l, valamint a tudatos, 21. sz\u00e1zadi csal\u00e1dtervez\u00e9sr\u0151l is. DP<\/p>\n","protected":false},"excerpt":{"rendered":"<p><a href=\"https:\/\/semmelweis.hu\/hirek\/files\/2013\/04\/SZS1073K.jpg\"><\/a> Jubileum\u00e1hoz \u00e9rkezett a Richter Tud\u00f3s Klub, amelynek els\u0151 rendezv\u00e9ny\u00e9t 10 \u00e9vvel ezel\u0151tt, 2004-ben a Semmelweis Egyetemen tartott\u00e1k. A mostani, jubileumi rendezv\u00e9nyen dr. Sz\u00e9l \u00c1goston rektor k\u00f6sz\u00f6nt\u00f6tte a konferencia r\u00e9sztvev\u0151it, \u00e9s kiemelte: nagy \u00f6r\u00f6m sz\u00e1m\u00e1ra, hogy a Semmelweis Egyetem adhat otthont a kerek \u00e9vfordul\u00f3n megrendezett programnak. Mint hangs\u00falyozta, a Semmelweis Egyetem \u00e9s a Richter kapcsolata p\u00e9ldamutat\u00f3, &hellip;<\/p>\n","protected":false},"author":13,"featured_media":17481,"comment_status":"closed","ping_status":"open","sticky":false,"template":"","format":"standard","meta":{"_acf_changed":false,"footnotes":""},"categories":[161,168],"tags":[188],"class_list":["post-17471","post","type-post","status-publish","format-standard","has-post-thumbnail","hentry","category-tudomany","category-kiemelt","tag-tudomanyos-hirek-rendezvenyek"],"acf":[],"_links":{"self":[{"href":"https:\/\/semmelweis.hu\/hirek\/wp-json\/wp\/v2\/posts\/17471","targetHints":{"allow":["GET"]}}],"collection":[{"href":"https:\/\/semmelweis.hu\/hirek\/wp-json\/wp\/v2\/posts"}],"about":[{"href":"https:\/\/semmelweis.hu\/hirek\/wp-json\/wp\/v2\/types\/post"}],"author":[{"embeddable":true,"href":"https:\/\/semmelweis.hu\/hirek\/wp-json\/wp\/v2\/users\/13"}],"replies":[{"embeddable":true,"href":"https:\/\/semmelweis.hu\/hirek\/wp-json\/wp\/v2\/comments?post=17471"}],"version-history":[{"count":10,"href":"https:\/\/semmelweis.hu\/hirek\/wp-json\/wp\/v2\/posts\/17471\/revisions"}],"predecessor-version":[{"id":40856,"href":"https:\/\/semmelweis.hu\/hirek\/wp-json\/wp\/v2\/posts\/17471\/revisions\/40856"}],"wp:featuredmedia":[{"embeddable":true,"href":"https:\/\/semmelweis.hu\/hirek\/wp-json\/wp\/v2\/media\/17481"}],"wp:attachment":[{"href":"https:\/\/semmelweis.hu\/hirek\/wp-json\/wp\/v2\/media?parent=17471"}],"wp:term":[{"taxonomy":"category","embeddable":true,"href":"https:\/\/semmelweis.hu\/hirek\/wp-json\/wp\/v2\/categories?post=17471"},{"taxonomy":"post_tag","embeddable":true,"href":"https:\/\/semmelweis.hu\/hirek\/wp-json\/wp\/v2\/tags?post=17471"}],"curies":[{"name":"wp","href":"https:\/\/api.w.org\/{rel}","templated":true}]}}