{"id":17393,"date":"2013-04-17T14:34:33","date_gmt":"2013-04-17T12:34:33","guid":{"rendered":"http:\/\/semmelweis-egyetem.hu\/hirek\/?p=17393"},"modified":"2018-02-13T14:46:53","modified_gmt":"2018-02-13T13:46:53","slug":"hangulatunk-molekulai-es-kedvcsinalo-genek-a-kutatoi-szalonban","status":"publish","type":"post","link":"https:\/\/semmelweis.hu\/hirek\/2013\/04\/17\/hangulatunk-molekulai-es-kedvcsinalo-genek-a-kutatoi-szalonban\/","title":{"rendered":"Hangulatunk molekul\u00e1i \u00e9s kedvcsin\u00e1l\u00f3 g\u00e9nek a Kutat\u00f3i Szalonban"},"content":{"rendered":"<p>Az \u00e1prilisi Kutat\u00f3i Szalonon dr. Moln\u00e1r M\u00e1ria Judit tudom\u00e1nyos rektorhelyettes k\u00f6sz\u00f6nt\u00f6tte a vend\u00e9geket, s mutatta be r\u00f6viden a program el\u0151ad\u00f3it, dr. Bagdy Gy\u00f6rgy\u00f6t, a Gy\u00f3gyszerhat\u00e1stani Int\u00e9zet igazgat\u00f3j\u00e1t, valamint tan\u00edtv\u00e1ny\u00e1t, dr. Laz\u00e1ry Juditot (PhD, K\u00fatv\u00f6lgyi Klinikai T\u00f6mb), aki fiatal kutat\u00f3k\u00e9nt 2012-ben elnyerte a Junior Pr\u00edma d\u00edjat.<\/p>\n<p><a href=\"https:\/\/semmelweis.hu\/hirek\/files\/2013\/04\/20130409-IMG_4837-kutatoi-szalon-web.jpg\"><img loading=\"lazy\" decoding=\"async\" class=\"size-large wp-image-17404 aligncenter\" alt=\"20130409-IMG_4837-kutatoi-szalon-web\" src=\"https:\/\/semmelweis.hu\/hirek\/files\/2013\/04\/20130409-IMG_4837-kutatoi-szalon-web-600x400.jpg\" width=\"600\" height=\"400\" srcset=\"https:\/\/semmelweis.hu\/hirek\/files\/2013\/04\/20130409-IMG_4837-kutatoi-szalon-web-600x400.jpg 600w, https:\/\/semmelweis.hu\/hirek\/files\/2013\/04\/20130409-IMG_4837-kutatoi-szalon-web-300x200.jpg 300w, https:\/\/semmelweis.hu\/hirek\/files\/2013\/04\/20130409-IMG_4837-kutatoi-szalon-web-450x300.jpg 450w, https:\/\/semmelweis.hu\/hirek\/files\/2013\/04\/20130409-IMG_4837-kutatoi-szalon-web.jpg 900w\" sizes=\"auto, (max-width: 600px) 100vw, 600px\" \/><\/a>A Szalon h\u00e1zigazd\u00e1jak\u00e9nt dr. Magyar K\u00e1lm\u00e1n, a Gy\u00f3gyszerhat\u00e1stani Int\u00e9zet professzor emeritusa bevezet\u0151j\u00e9ben r\u00f6viden \u00f6sszefoglalta a magyar farmakol\u00f3gia t\u00f6rt\u00e9net\u00e9t. Eml\u00e9keztetett: a magyar farmakol\u00f3gia m\u00e1r a 20 sz\u00e1zad els\u0151 fel\u00e9ben jelent\u0151s eredm\u00e9nyeket tett le az asztalra, de a kezdeti sikerek els\u0151sorban a gy\u00e1raknak, vegy\u00e9szeknek \u00e9s technol\u00f3gusoknak k\u00f6sz\u00f6nhet\u0151ek. Az egyetemeken csak a m\u00e1sodik vil\u00e1gh\u00e1bor\u00fat k\u00f6vet\u0151en indult el a gy\u00f3gyszerkutat\u00e1s. A tov\u00e1bbfejl\u0151d\u00e9shez rendk\u00edv\u00fcl fontos volt dr. Issekutz B\u00e9la professzor felismer\u00e9se, miszerint farmakol\u00f3gusk\u00e9nt csak \u00fagy lehet sikereket el\u00e9rni, ha k\u00f6zelebb ker\u00fclnek egym\u00e1shoz a gy\u00e1rak \u00e9s az egyetemeket.<\/p>\n<p>A farmakol\u00f3gusok els\u0151 gener\u00e1ci\u00f3ja eur\u00f3pai sz\u00ednvonalra emelte a magyar farmakol\u00f3gi\u00e1t, \u00e9s az \u0151 seg\u00edts\u00e9g\u00fckkel, tan\u00edt\u00e1sukkal nevel\u0151d\u00f6tt ki a m\u00e1sodik gener\u00e1ci\u00f3, melynek egyik legsikeresebb tagja dr. Bagdy Gy\u00f6rgy professzor \u2013 tette hozz\u00e1, kiemelve, hogy a Gy\u00f3gyszerhat\u00e1stani Int\u00e9zet igazgat\u00f3j\u00e1nak impakt faktora meghaladja a n\u00e9gysz\u00e1zat, id\u00e9zetts\u00e9ge pedig a n\u00e9gyezret. Egyik legfontosabb \u00e9rdeme a harmadik gener\u00e1ci\u00f3 nevel\u00e9se, a rendezv\u00e9ny m\u00e1sik el\u0151ad\u00f3ja pedig egyik legtehets\u00e9gesebb PhD-hallgat\u00f3ja, dr. Laz\u00e1ry Judit \u2013 vezette fel az el\u0151ad\u00e1sokat a professzor emeritus.<\/p>\n<p>Mint m\u00e9g dr. Magyar K\u00e1lm\u00e1n hozz\u00e1tette: Bagdy professzor f\u0151 t\u00e9m\u00e1ja a depresszi\u00f3 gy\u00f3gyszeres befoly\u00e1sol\u00e1s\u00e1nak lehet\u0151s\u00e9ge, a szerotonin k\u00f6zponti idegrendszeri szerep\u00e9t tanulm\u00e1nyozza, t\u00f6bb receptor val\u00f3s \u00e9rt\u00e9k\u0171 tulajdons\u00e1gait \u00edrta le, foglalkozik az egy\u00e9ni gy\u00f3gyszerel\u00e9s lehet\u0151s\u00e9geivel is.<\/p>\n<p><a href=\"https:\/\/semmelweis.hu\/hirek\/files\/2013\/04\/20130409-IMG_4871-kutatoi-szalon-web.jpg\"><img loading=\"lazy\" decoding=\"async\" class=\"size-medium wp-image-17402 alignright\" alt=\"20130409-IMG_4871-kutatoi-szalon-web\" src=\"https:\/\/semmelweis.hu\/hirek\/files\/2013\/04\/20130409-IMG_4871-kutatoi-szalon-web-300x200.jpg\" width=\"300\" height=\"200\" srcset=\"https:\/\/semmelweis.hu\/hirek\/files\/2013\/04\/20130409-IMG_4871-kutatoi-szalon-web-300x200.jpg 300w, https:\/\/semmelweis.hu\/hirek\/files\/2013\/04\/20130409-IMG_4871-kutatoi-szalon-web-600x400.jpg 600w, https:\/\/semmelweis.hu\/hirek\/files\/2013\/04\/20130409-IMG_4871-kutatoi-szalon-web-450x300.jpg 450w, https:\/\/semmelweis.hu\/hirek\/files\/2013\/04\/20130409-IMG_4871-kutatoi-szalon-web.jpg 900w\" sizes=\"auto, (max-width: 300px) 100vw, 300px\" \/><\/a>Dr. Bagdy Gy\u00f6rgy a Kutat\u00f3i Szalonon Hangulatunk molekul\u00e1i c\u00edmmel tartott el\u0151ad\u00e1st, amelyben alapvet\u0151en k\u00e9t t\u00e9m\u00e1t \u00e9rintett: a szorong\u00e1s \u00e9s depresszi\u00f3 neurobiol\u00f3gi\u00e1j\u00e1t \u00e9s genomik\u00e1j\u00e1t, majd az antidepressz\u00e1nsok hat\u00e1s\u00e1t.<\/p>\n<p>Mint eml\u00e9keztetett, az Eg\u00e9szs\u00e9g\u00fcgyi Vil\u00e1gszervezet felm\u00e9r\u00e9se szerint 2030-ra az unipol\u00e1ris depresszi\u00f3 vezet\u0151 helyet foglal el a F\u00f6ld lakoss\u00e1g\u00e1t legink\u00e1bb terhel\u0151 betegs\u00e9gek k\u00f6z\u00f6tt. A pszichi\u00e1triai zavarok \u00f6r\u00f6kl\u0151d\u00e9s szempontj\u00e1b\u00f3l k\u00e9t csoportra oszthat\u00f3k: igen magas az \u00f6r\u00f6kl\u0151d\u00e9se a skizofr\u00e9ni\u00e1nak, a bipol\u00e1ris betegs\u00e9gnek, az autizmusnak, m\u00edg ehhez k\u00e9pest kifejezetten alacsony az \u00f6r\u00f6kl\u0151d\u00e9se az unipol\u00e1ris depresszi\u00f3nak \u00e9s a szorong\u00e1sos betegs\u00e9geknek. M\u00edg ennek megfelel\u0151en el\u0151bbiek eset\u00e9ben fel lehet mutatni olyan g\u00e9neket, g\u00e9nszakaszokat, melyekkel asszoci\u00e1ci\u00f3k tal\u00e1lhat\u00f3ak, m\u00edg az ut\u00f3bbiak eset\u00e9n nem er\u0151s\u00edtett\u00e9k meg semelyik g\u00e9n jelenl\u00e9t\u00e9t, viszont a g\u00e9n-k\u00f6rnyezet reakci\u00f3t itt szignifik\u00e1nsnak tal\u00e1lt\u00e1k \u2013 vezette fel a professzor el\u0151ad\u00e1sa els\u0151 r\u00e9sz\u00e9t.<\/p>\n<p>Az el\u0151ad\u00e1s egyik k\u00f6vetkeztet\u00e9se, hogy a g\u00e9nek nem direkt \u00f6sszef\u00fcgg\u00e9sben \u00e1llnak a depresszi\u00f3val, hanem a k\u00fcls\u0151 \u00e9s bels\u0151 k\u00f6rnyezeti hat\u00e1sok \u00e9rv\u00e9nyre jut\u00e1s\u00e1ban j\u00e1tszanak szerepet, p\u00e9ld\u00e1ul \u00fagy, hogy k\u00fcl\u00f6nb\u00f6z\u0151 szem\u00e9lyis\u00e9gvon\u00e1sok, temperamentumok kialakul\u00e1s\u00e1t befoly\u00e1solj\u00e1k. A g\u00e9nexpresszi\u00f3s vizsg\u00e1latokat n\u00e9zve pedig az antidepressz\u00e1nsok a depresszi\u00f3 kialakul\u00e1s\u00e1ban szerepet j\u00e1tsz\u00f3 g\u00e9nek \u00e1ltal meghat\u00e1rozott neurobiol\u00f3giai \u00fatvonalakra hatnak, de t\u00f6bbnyire nem a patomechanizmusban szerepet j\u00e1tsz\u00f3 g\u00e9neken kereszt\u00fcl \u2013 z\u00e1rta besz\u00e9d\u00e9t dr. Bagdy Gy\u00f6rgy.<\/p>\n<p><a href=\"https:\/\/semmelweis.hu\/hirek\/files\/2013\/04\/20130409-IMG_4872-kutatoi-szalon-web.jpg\"><img loading=\"lazy\" decoding=\"async\" class=\"alignleft size-medium wp-image-17401\" alt=\"20130409-IMG_4872-kutatoi-szalon-web\" src=\"https:\/\/semmelweis.hu\/hirek\/files\/2013\/04\/20130409-IMG_4872-kutatoi-szalon-web-300x200.jpg\" width=\"300\" height=\"200\" srcset=\"https:\/\/semmelweis.hu\/hirek\/files\/2013\/04\/20130409-IMG_4872-kutatoi-szalon-web-300x200.jpg 300w, https:\/\/semmelweis.hu\/hirek\/files\/2013\/04\/20130409-IMG_4872-kutatoi-szalon-web-600x400.jpg 600w, https:\/\/semmelweis.hu\/hirek\/files\/2013\/04\/20130409-IMG_4872-kutatoi-szalon-web-450x300.jpg 450w, https:\/\/semmelweis.hu\/hirek\/files\/2013\/04\/20130409-IMG_4872-kutatoi-szalon-web.jpg 900w\" sizes=\"auto, (max-width: 300px) 100vw, 300px\" \/><\/a>A Kutat\u00f3i Szalon vend\u00e9ge volt felk\u00e9rt hozz\u00e1sz\u00f3l\u00f3k\u00e9nt dr. Rihmer Zolt\u00e1n professzor (K\u00fatv\u00f6lgyi Klinikai T\u00f6mb), aki egyebek mellett azt hangs\u00falyozta az el\u0151ad\u00e1s kapcs\u00e1n, hogy kiemelten fontos az unipol\u00e1ris \u00e9s a bipol\u00e1ris depresszi\u00f3 elk\u00fcl\u00f6n\u00edt\u00e9se. Nagyon m\u00e1s a progn\u00f3zis, a biok\u00e9miai h\u00e1tt\u00e9r \u00e9s a ter\u00e1pia is. Ha nem ismerj\u00fck fel a bipol\u00e1ris depresszi\u00f3t, \u00e9s unipol\u00e1risnak kezelj\u00fck, gyakran ronthatunk is az \u00e1llapoton.<\/p>\n<p>Dr. Laz\u00e1ry Judit (K\u00fatv\u00f6lgyi Klinika T\u00f6mb) \u201eKedvcsin\u00e1l\u00f3 g\u00e9nek\u201d c\u00edmmel tartott el\u0151ad\u00e1st, amely \u2013 mint mondta \u2013 egyr\u00e9szt arra utal, hogy a ked\u00e9ly\u00e1llapotok szab\u00e1lyoz\u00e1s\u00e1ban r\u00e9sztvev\u0151 g\u00e9nekr\u0151l sz\u00f3l az el\u0151ad\u00e1s, m\u00e1sr\u00e9szt rem\u00e9li, hogy siker\u00fcl kedvet csin\u00e1lnia a pszichogenomik\u00e1hoz, amelyr\u0151l ma m\u00e9g sokan azt gondolj\u00e1k, t\u00e1vol \u00e1ll a mindennapi pszichi\u00e1tri\u00e1t\u00f3l. Holott \u00e9ppen azok a kih\u00edv\u00e1sok, amelyekkel a pszichi\u00e1tri\u00e1nak szembe kell ma n\u00e9znie (pl. klasszifik\u00e1ci\u00f3s rendszerek hi\u00e1nyoss\u00e1gai, oki ter\u00e1pia biztos\u00edt\u00e1sa, egy\u00e9nre szabott ter\u00e1pia ig\u00e9nye, stb.), bizony\u00edtj\u00e1k azt, hogy s\u00fcrget\u0151 a pszichogenomikai kutat\u00e1sok fejl\u0151d\u00e9se.<a href=\"https:\/\/semmelweis.hu\/hirek\/files\/2013\/04\/20130409-IMG_4910-kutatoi-szalon-web.jpg\"><img loading=\"lazy\" decoding=\"async\" class=\"size-large wp-image-17398 alignnone\" alt=\"20130409-IMG_4910-kutatoi-szalon-web\" src=\"https:\/\/semmelweis.hu\/hirek\/files\/2013\/04\/20130409-IMG_4910-kutatoi-szalon-web-600x400.jpg\" width=\"600\" height=\"400\" srcset=\"https:\/\/semmelweis.hu\/hirek\/files\/2013\/04\/20130409-IMG_4910-kutatoi-szalon-web-600x400.jpg 600w, https:\/\/semmelweis.hu\/hirek\/files\/2013\/04\/20130409-IMG_4910-kutatoi-szalon-web-300x200.jpg 300w, https:\/\/semmelweis.hu\/hirek\/files\/2013\/04\/20130409-IMG_4910-kutatoi-szalon-web-450x300.jpg 450w, https:\/\/semmelweis.hu\/hirek\/files\/2013\/04\/20130409-IMG_4910-kutatoi-szalon-web.jpg 900w\" sizes=\"auto, (max-width: 600px) 100vw, 600px\" \/><\/a><\/p>\n<p>A pszichogenomikai kutat\u00e1sok seg\u00edthetnek abban, hogy megtal\u00e1ljunk olyan genetikai markereket, amelyek jellemz\u0151ek az adott betegs\u00e9gre, m\u00e1sr\u00e9szt a depresszi\u00f3 kapcs\u00e1n agyi folyamatokat is meg kell ismern\u00fcnk. Visszafel\u00e9 is seg\u00edthet a pszichogenomika; ha bizonyos genetikai elt\u00e9r\u00e9sekre r\u00e1tal\u00e1lunk, az elvezethet olyan molekul\u00e1ris \u00f6sszef\u00fcgg\u00e9sekhez is, amelyek a kezel\u00e9shez is seg\u00edts\u00e9get ny\u00fajthatnak.<\/p>\n<p>Dr. Laz\u00e1ry Judit egyebek mellett azt foglalta \u00f6ssze, hogy vizsg\u00e1lataik szerint a szerotoninrendszerrel kapcsolatos g\u00e9nek hogyan befoly\u00e1solj\u00e1k a k\u00fcl\u00f6nb\u00f6z\u0151 depresszi\u00f3s t\u00fcneteket. \u00d6sszegz\u00e9sk\u00e9nt kiemelte: saj\u00e1t \u00e9s m\u00e1sok pszichogenomikai vizsg\u00e1latai alapj\u00e1n az l\u00e1that\u00f3, hogy szeml\u00e9letv\u00e1lt\u00e1s van folyamatban a biol\u00f3giai adatokra alapozva. A j\u00f6v\u0151 az, hogy sz\u00e9t fognak v\u00e1lni k\u00fcl\u00f6nb\u00f6z\u0151 speci\u00e1lis betegs\u00e9g alcsoportok, \u00e9s a kez\u00fcnkben lesznek olyan biol\u00f3giai alap\u00fa diagn\u00f3zisok, amelyek alapj\u00e1n az adekv\u00e1t kezel\u00e9st tudjuk ny\u00fajtani &#8211; mondta. DP<\/p>\n","protected":false},"excerpt":{"rendered":"<p>Az \u00e1prilisi Kutat\u00f3i Szalonon dr. Moln\u00e1r M\u00e1ria Judit tudom\u00e1nyos rektorhelyettes k\u00f6sz\u00f6nt\u00f6tte a vend\u00e9geket, s mutatta be r\u00f6viden a program el\u0151ad\u00f3it, dr. Bagdy Gy\u00f6rgy\u00f6t, a Gy\u00f3gyszerhat\u00e1stani Int\u00e9zet igazgat\u00f3j\u00e1t, valamint tan\u00edtv\u00e1ny\u00e1t, dr. Laz\u00e1ry Juditot (PhD, K\u00fatv\u00f6lgyi Klinikai T\u00f6mb), aki fiatal kutat\u00f3k\u00e9nt 2012-ben elnyerte a Junior Pr\u00edma d\u00edjat. <a href=\"https:\/\/semmelweis.hu\/hirek\/files\/2013\/04\/20130409-IMG_4837-kutatoi-szalon-web.jpg\"><\/a> A Szalon h\u00e1zigazd\u00e1jak\u00e9nt dr. Magyar K\u00e1lm\u00e1n, a Gy\u00f3gyszerhat\u00e1stani Int\u00e9zet professzor &hellip;<\/p>\n","protected":false},"author":13,"featured_media":17398,"comment_status":"closed","ping_status":"open","sticky":false,"template":"","format":"standard","meta":{"_acf_changed":false,"footnotes":""},"categories":[161,168],"tags":[1688,188],"class_list":["post-17393","post","type-post","status-publish","format-standard","has-post-thumbnail","hentry","category-tudomany","category-kiemelt","tag-kutatoi-szalon","tag-tudomanyos-hirek-rendezvenyek"],"acf":[],"_links":{"self":[{"href":"https:\/\/semmelweis.hu\/hirek\/wp-json\/wp\/v2\/posts\/17393","targetHints":{"allow":["GET"]}}],"collection":[{"href":"https:\/\/semmelweis.hu\/hirek\/wp-json\/wp\/v2\/posts"}],"about":[{"href":"https:\/\/semmelweis.hu\/hirek\/wp-json\/wp\/v2\/types\/post"}],"author":[{"embeddable":true,"href":"https:\/\/semmelweis.hu\/hirek\/wp-json\/wp\/v2\/users\/13"}],"replies":[{"embeddable":true,"href":"https:\/\/semmelweis.hu\/hirek\/wp-json\/wp\/v2\/comments?post=17393"}],"version-history":[{"count":4,"href":"https:\/\/semmelweis.hu\/hirek\/wp-json\/wp\/v2\/posts\/17393\/revisions"}],"predecessor-version":[{"id":40857,"href":"https:\/\/semmelweis.hu\/hirek\/wp-json\/wp\/v2\/posts\/17393\/revisions\/40857"}],"wp:featuredmedia":[{"embeddable":true,"href":"https:\/\/semmelweis.hu\/hirek\/wp-json\/wp\/v2\/media\/17398"}],"wp:attachment":[{"href":"https:\/\/semmelweis.hu\/hirek\/wp-json\/wp\/v2\/media?parent=17393"}],"wp:term":[{"taxonomy":"category","embeddable":true,"href":"https:\/\/semmelweis.hu\/hirek\/wp-json\/wp\/v2\/categories?post=17393"},{"taxonomy":"post_tag","embeddable":true,"href":"https:\/\/semmelweis.hu\/hirek\/wp-json\/wp\/v2\/tags?post=17393"}],"curies":[{"name":"wp","href":"https:\/\/api.w.org\/{rel}","templated":true}]}}