{"id":172824,"date":"2026-09-03T15:00:55","date_gmt":"2026-09-03T13:00:55","guid":{"rendered":"https:\/\/semmelweis.hu\/hirek\/?p=172824"},"modified":"2026-09-03T16:02:31","modified_gmt":"2026-09-03T14:02:31","slug":"felallt-az-egyetemet-fenntarto-alapitvany-uj-kuratoriuma","status":"publish","type":"post","link":"https:\/\/semmelweis.hu\/hirek\/2026\/09\/03\/felallt-az-egyetemet-fenntarto-alapitvany-uj-kuratoriuma\/","title":{"rendered":"Fel\u00e1llt az egyetemet fenntart\u00f3 alap\u00edtv\u00e1ny \u00faj kurat\u00f3riuma"},"content":{"rendered":"<p>A Nemzeti Eg\u00e9szs\u00e9g\u00fcgyi \u00e9s Orvosk\u00e9pz\u00e9s\u00e9rt Alap\u00edtv\u00e1ny (NEOA) feletti alap\u00edt\u00f3i jogokat gyakorl\u00f3 oktat\u00e1si \u00e9s gyermek\u00fcgyi miniszter ny\u00edlt p\u00e1ly\u00e1zati, valamint kiv\u00e1laszt\u00e1si elj\u00e1r\u00e1s keret\u00e9ben \u00faj tiszts\u00e9gvisel\u0151ket jel\u00f6lt ki az Alap\u00edtv\u00e1ny \u00e9l\u00e9re, aminek eredm\u00e9nyek\u00e9nt az Alap\u00edtv\u00e1ny kurat\u00f3riuma \u00e9s fel\u00fcgyel\u0151bizotts\u00e1ga <strong>2026. szeptember 1-i hat\u00e1llyal teljesk\u00f6r\u0171en meg\u00fajult<\/strong>.<\/p>\n<p>Az\u00a0<strong>Alap\u00edtv\u00e1ny\u00a0m\u0171k\u00f6d\u00e9s\u00e9nek jogszer\u0171 \u00e9s \u00e1tl\u00e1that\u00f3 biztos\u00edt\u00e1sa<\/strong> mellett a frissen fel\u00e1llt kurat\u00f3rium els\u0151dleges feladata az Alap\u00edtv\u00e1ny jelenleg is zajl\u00f3 <strong>\u00e1tvil\u00e1g\u00edt\u00e1s\u00e1nak t\u00e1mogat\u00e1sa<\/strong>, valamint az Alap\u00edtv\u00e1ny\u00a0<strong>megsz\u00fcntet\u00e9s\u00e9vel \u00f6sszef\u00fcgg\u0151 operat\u00edv teend\u0151k<\/strong>\u00a0v\u00e9grehajt\u00e1sa.<\/p>\n<p>A test\u00fclet tagjai 2026. szeptember 1-t\u0151l:<\/p>\n<ul style=\"list-style-type: square\">\n<li><strong> Csala Mikl\u00f3s<\/strong>, a Semmelweis Egyetem Molekul\u00e1ris Biol\u00f3giai Tansz\u00e9k tansz\u00e9kvezet\u0151 egyetemi tan\u00e1ra \u2013 a kurat\u00f3rium eln\u00f6ke;<\/li>\n<li><strong> F\u00f6ldesi Ren\u00e1ta<\/strong>, a Semmelweis Egyetem Pet\u0151 Andr\u00e1s Kar \u00e1ltal\u00e1nos d\u00e9k\u00e1nhelyettese, a Kondukt\u00edv Pedag\u00f3giai Int\u00e9zet igazgat\u00f3ja, f\u0151iskolai docense;<\/li>\n<li><strong> Tam\u00e1si Lilla<\/strong>, a Semmelweis Egyetem Pulmonol\u00f3giai Klinika igazgat\u00f3helyettese, egyetemi tan\u00e1ra;<\/li>\n<li><strong> Cseh \u00c1ron<\/strong>, a Semmelweis Egyetem Gyermekgy\u00f3gy\u00e1szati Klinika egyetemi docense, a Szak- \u00e9s Tov\u00e1bbk\u00e9pz\u00e9si K\u00f6zpont titk\u00e1ra;<\/li>\n<li><strong> S\u00fcle Andr\u00e1s<\/strong>, a Budapesti P\u00e9terfy S\u00e1ndor utcai K\u00f3rh\u00e1z \u2013 Rendel\u0151int\u00e9zet Gy\u00f3gyszer\u00e9szeti oszt\u00e1ly\u00e1nak int\u00e9zetvezet\u0151 f\u0151gy\u00f3gyszer\u00e9sze, a Magyar Gy\u00f3gyszer\u00e9szi Kamara K\u00f3rh\u00e1zi-Klinikai Ter\u00fcleti Szervezet\u00e9nek eln\u00f6ke.<\/li>\n<\/ul>\n<p>A NEOA fel\u00fcgyel\u0151bizotts\u00e1g\u00e1nak tagjai:<\/p>\n<ul style=\"list-style-type: square\">\n<li><strong> Dul Zolt\u00e1n<\/strong> fogorvos, eg\u00e9szs\u00e9g\u00fcgyi menedzser, a Magyar Orvosi Kamara fel\u00fcgyel\u0151bizotts\u00e1g\u00e1nak tagja, Orsz\u00e1gos Fogorvos Kollegi\u00e1lis vezet\u0151 \u2013 eln\u00f6k;<\/li>\n<li><strong> Kocsis Tam\u00e1s<\/strong> \u00fcgyv\u00e9d;<\/li>\n<li><strong>Korm\u00e1ny B\u00e9la<\/strong>, a F\u0151v\u00e1rosi Csatorn\u00e1z\u00e1si M\u0171vek Zrt. gazdas\u00e1gi igazgat\u00f3ja.<\/li>\n<\/ul>\n<p>A Semmelweis Egyetemen 3 tag\u00fa k\u00f6zhaszn\u00fas\u00e1gi fel\u00fcgyel\u0151bizotts\u00e1g m\u0171k\u00f6dik, amelynek tagjait a fenntart\u00f3 b\u00edzza meg, \u00e9s amely ellen\u0151rzi az egyetem m\u0171k\u00f6d\u00e9s\u00e9t \u00e9s gazd\u00e1lkod\u00e1s\u00e1t, figyelemmel k\u00eds\u00e9ri az egyetem k\u00f6zhaszn\u00fa alaptev\u00e9kenys\u00e9g\u00e9t.<\/p>\n<p>A k\u00f6zhaszn\u00fa fel\u00fcgyel\u0151bizotts\u00e1g tagjai:<\/p>\n<ul style=\"list-style-type: square\">\n<li><strong> Nagy Zolt\u00e1n<\/strong>, a V\u00e1rosmajori Sz\u00edv- \u00e9s \u00c9rgy\u00f3gy\u00e1szati Klinika professor emeritusa \u2013 eln\u00f6k;<\/li>\n<li><strong> Klebovich Imre<\/strong>, a Gy\u00f3gyszer\u00e9szeti Int\u00e9zet professor emeritusa;<\/li>\n<li><strong> Szabolcs Zolt\u00e1n<\/strong>, a V\u00e1rosmajori Sz\u00edv- \u00e9s \u00c9rgy\u00f3gy\u00e1szati Klinika professor emeritusa.<\/li>\n<\/ul>\n<p>Az el\u0151z\u0151, valamint a meg\u00fajult kurat\u00f3rium \u00e9s fel\u00fcgyel\u0151bizotts\u00e1g k\u00f6z\u00f6tt szeptember 1-j\u00e9n megt\u00f6rt\u00e9nt az \u00e1tad\u00e1s-\u00e1tv\u00e9tel.<\/p>\n<p>Nemzeti Eg\u00e9szs\u00e9g\u00fcgyi \u00e9s Orvosk\u00e9pz\u00e9s\u00e9rt Alap\u00edtv\u00e1ny<br \/>\nFot\u00f3: Barta B\u00e1lint &#8211; Semmelweis Egyetem<\/p>\n","protected":false},"excerpt":{"rendered":"<p>Az Alap\u00edtv\u00e1ny kurat\u00f3riuma \u00e9s fel\u00fcgyel\u0151bizotts\u00e1ga\u00a02026. szeptember 1-i hat\u00e1llyal teljesk\u00f6r\u0171en meg\u00fajult.<\/p>\n","protected":false},"author":101751,"featured_media":172826,"comment_status":"closed","ping_status":"closed","sticky":false,"template":"","format":"standard","meta":{"_acf_changed":false,"footnotes":""},"categories":[157,168],"tags":[],"class_list":["post-172824","post","type-post","status-publish","format-standard","has-post-thumbnail","hentry","category-semmelweis-vilag","category-kiemelt"],"acf":[],"_links":{"self":[{"href":"https:\/\/semmelweis.hu\/hirek\/wp-json\/wp\/v2\/posts\/172824","targetHints":{"allow":["GET"]}}],"collection":[{"href":"https:\/\/semmelweis.hu\/hirek\/wp-json\/wp\/v2\/posts"}],"about":[{"href":"https:\/\/semmelweis.hu\/hirek\/wp-json\/wp\/v2\/types\/post"}],"author":[{"embeddable":true,"href":"https:\/\/semmelweis.hu\/hirek\/wp-json\/wp\/v2\/users\/101751"}],"replies":[{"embeddable":true,"href":"https:\/\/semmelweis.hu\/hirek\/wp-json\/wp\/v2\/comments?post=172824"}],"version-history":[{"count":3,"href":"https:\/\/semmelweis.hu\/hirek\/wp-json\/wp\/v2\/posts\/172824\/revisions"}],"predecessor-version":[{"id":172830,"href":"https:\/\/semmelweis.hu\/hirek\/wp-json\/wp\/v2\/posts\/172824\/revisions\/172830"}],"wp:featuredmedia":[{"embeddable":true,"href":"https:\/\/semmelweis.hu\/hirek\/wp-json\/wp\/v2\/media\/172826"}],"wp:attachment":[{"href":"https:\/\/semmelweis.hu\/hirek\/wp-json\/wp\/v2\/media?parent=172824"}],"wp:term":[{"taxonomy":"category","embeddable":true,"href":"https:\/\/semmelweis.hu\/hirek\/wp-json\/wp\/v2\/categories?post=172824"},{"taxonomy":"post_tag","embeddable":true,"href":"https:\/\/semmelweis.hu\/hirek\/wp-json\/wp\/v2\/tags?post=172824"}],"curies":[{"name":"wp","href":"https:\/\/api.w.org\/{rel}","templated":true}]}}