{"id":172819,"date":"2026-09-03T14:00:35","date_gmt":"2026-09-03T12:00:35","guid":{"rendered":"https:\/\/semmelweis.hu\/hirek\/?p=172819"},"modified":"2026-09-03T11:09:20","modified_gmt":"2026-09-03T09:09:20","slug":"tiz-oktato-kapott-professzori-kinevezest-a-semmelweis-egyetemen","status":"publish","type":"post","link":"https:\/\/semmelweis.hu\/hirek\/2026\/09\/03\/tiz-oktato-kapott-professzori-kinevezest-a-semmelweis-egyetemen\/","title":{"rendered":"T\u00edz oktat\u00f3 kapott professzori kinevez\u00e9st a Semmelweis Egyetemen"},"content":{"rendered":"<div class=\"lead\">Tudom\u00e1nyos \u00e9s oktat\u00f3i tev\u00e9kenys\u00e9g\u00fck elismer\u00e9sek\u00e9ppen a k\u00f6zt\u00e1rsas\u00e1gi eln\u00f6k egyetemi tan\u00e1rr\u00e1 nevezte ki a Semmelweis Egyetem t\u00edz oktat\u00f3j\u00e1t. Az \u00faj professzorok k\u00f6z\u00f6tt kutat\u00f3k \u00e9s klinikusok egyar\u00e1nt vannak, az orvoskar mellett a fogorvosi \u00e9s gy\u00f3gyszer\u00e9szeti karon is b\u0151v\u00fclt a professzori c\u00edmet birtokl\u00f3k k\u00f6re.<\/div>\n<p>Baka Andr\u00e1s k\u00f6zt\u00e1rsas\u00e1gi eln\u00f6k a Magyar K\u00f6zl\u00f6nyben jelent megjelent hat\u00e1rozat szerint a Semmelweis Egyetem t\u00edz oktat\u00f3j\u00e1nak adom\u00e1nyozott egyetemi tan\u00e1ri kinevez\u00e9st 2026. szeptember 1-t\u0151l.<\/p>\n<p>Az \u00faj tan\u00e9vben m\u00e1r egyetemi tan\u00e1rk\u00e9nt oktat:<\/p>\n<ul style=\"list-style-type: square\">\n<li>Dr. Balla Andr\u00e1s, az \u00c9lettani Int\u00e9zet,<\/li>\n<li>Dr. Bod\u00f3 Imre, a Belgy\u00f3gy\u00e1szati \u00e9s Hematol\u00f3giai Klinika,<\/li>\n<li>Dr. Bokor Attila Zolt\u00e1n, a Sz\u00fcl\u00e9szeti \u00e9s N\u0151gy\u00f3gy\u00e1szati Klinika,<\/li>\n<li>Dr. D\u00f3sa Edit, a V\u00e1rosmajori Sz\u00edv- \u00e9s \u00c9rgy\u00f3gy\u00e1szati Klinika, Intervenci\u00f3s Radiol\u00f3giai Tansz\u00e9k,<\/li>\n<li>Dr. Garami Mikl\u00f3s, a Gyermekgy\u00f3gy\u00e1szati Klinika,<\/li>\n<li>Dr. Hritz Istv\u00e1n, a Seb\u00e9szeti, Transzplant\u00e1ci\u00f3s \u00e9s Gasztroenterol\u00f3giai Klinika,<\/li>\n<li>Dr. Valent S\u00e1ndor, a Sz\u00fcl\u00e9szeti \u00e9s N\u0151gy\u00f3gy\u00e1szati Klinika,<\/li>\n<li>Dr. Varga Zolt\u00e1n, a Farmakol\u00f3giai \u00e9s Farmakoter\u00e1pi\u00e1s Int\u00e9zet,<\/li>\n<li>Dr. Zobor Annam\u00e1ria Ditta, a Szem\u00e9szeti Klinika \u00e9s<\/li>\n<li>Dr. Zsembery \u00c1kos, az Or\u00e1lbiol\u00f3giai Tansz\u00e9k munkat\u00e1rsa.<\/li>\n<\/ul>\n<p>Kiss Melinda Katalin<br \/>\nFot\u00f3: Ancsin G\u00e1bor<\/p>\n","protected":false},"excerpt":{"rendered":"<p>Az \u00faj akad\u00e9miai \u00e9vet m\u00e1r egyetemi tan\u00e1rk\u00e9nt kezdik.<\/p>\n","protected":false},"author":102163,"featured_media":172822,"comment_status":"closed","ping_status":"closed","sticky":false,"template":"","format":"standard","meta":{"_acf_changed":false,"footnotes":""},"categories":[157,168],"tags":[158],"class_list":["post-172819","post","type-post","status-publish","format-standard","has-post-thumbnail","hentry","category-semmelweis-vilag","category-kiemelt","tag-dijak-kituntetesek"],"acf":[],"_links":{"self":[{"href":"https:\/\/semmelweis.hu\/hirek\/wp-json\/wp\/v2\/posts\/172819","targetHints":{"allow":["GET"]}}],"collection":[{"href":"https:\/\/semmelweis.hu\/hirek\/wp-json\/wp\/v2\/posts"}],"about":[{"href":"https:\/\/semmelweis.hu\/hirek\/wp-json\/wp\/v2\/types\/post"}],"author":[{"embeddable":true,"href":"https:\/\/semmelweis.hu\/hirek\/wp-json\/wp\/v2\/users\/102163"}],"replies":[{"embeddable":true,"href":"https:\/\/semmelweis.hu\/hirek\/wp-json\/wp\/v2\/comments?post=172819"}],"version-history":[{"count":2,"href":"https:\/\/semmelweis.hu\/hirek\/wp-json\/wp\/v2\/posts\/172819\/revisions"}],"predecessor-version":[{"id":172823,"href":"https:\/\/semmelweis.hu\/hirek\/wp-json\/wp\/v2\/posts\/172819\/revisions\/172823"}],"wp:featuredmedia":[{"embeddable":true,"href":"https:\/\/semmelweis.hu\/hirek\/wp-json\/wp\/v2\/media\/172822"}],"wp:attachment":[{"href":"https:\/\/semmelweis.hu\/hirek\/wp-json\/wp\/v2\/media?parent=172819"}],"wp:term":[{"taxonomy":"category","embeddable":true,"href":"https:\/\/semmelweis.hu\/hirek\/wp-json\/wp\/v2\/categories?post=172819"},{"taxonomy":"post_tag","embeddable":true,"href":"https:\/\/semmelweis.hu\/hirek\/wp-json\/wp\/v2\/tags?post=172819"}],"curies":[{"name":"wp","href":"https:\/\/api.w.org\/{rel}","templated":true}]}}