{"id":172713,"date":"2026-08-31T14:00:48","date_gmt":"2026-08-31T12:00:48","guid":{"rendered":"https:\/\/semmelweis.hu\/hirek\/?p=172713"},"modified":"2026-08-31T14:34:43","modified_gmt":"2026-08-31T12:34:43","slug":"tudomany-fenntarthatosag-kultura-sport-es-fesztivalhangulat-a-8-nyari-egyetemen","status":"publish","type":"post","link":"https:\/\/semmelweis.hu\/hirek\/2026\/08\/31\/tudomany-fenntarthatosag-kultura-sport-es-fesztivalhangulat-a-8-nyari-egyetemen\/","title":{"rendered":"Tudom\u00e1ny, fenntarthat\u00f3s\u00e1g, kult\u00fara, sport \u00e9s fesztiv\u00e1lhangulat a 8. Ny\u00e1ri Egyetemen"},"content":{"rendered":"<div class=\"lead\">A Semmelweis Egyetemen 2026. augusztus 26-28. k\u00f6z\u00f6tt megrendezett 8. Ny\u00e1ri Egyetem mindh\u00e1rom napj\u00e1n telth\u00e1z volt: a magyarul \u00e9s <a href=\"https:\/\/semmelweis.hu\/english\/2026\/08\/science-student-life-and-sustainability-these-were-the-pillars-of-the-8th-international-summer-university\/\" target=\"_blank\" rel=\"noopener\">angolul<\/a> p\u00e1rhuzamosan foly\u00f3 el\u0151ad\u00e1ssorozaton naponta t\u00f6bb mint 1400 hallgat\u00f3 vett r\u00e9szt a Nagyv\u00e1rad t\u00e9ri Elm\u00e9leti T\u00f6mbben (NET). Az el\u0151ad\u00e1sok \u00e9s kerekasztal-besz\u00e9lget\u00e9sek az \u00faj tan\u00e9v aktualit\u00e1sai mellett t\u00f6bbek k\u00f6z\u00f6tt az egyetemi \u00e9lettel \u00e9s a k\u00e9s\u0151bbi hivat\u00e1sgyakorl\u00e1st seg\u00edt\u0151 tudnival\u00f3kkal, \u00f6nismerettel, eg\u00e9szs\u00e9gtudatoss\u00e1ggal, prevenci\u00f3val, mesters\u00e9ges intelligenci\u00e1val, sporttal, kult\u00far\u00e1val \u00e9s fenntarthat\u00f3s\u00e1ggal foglalkoztak.<\/div>\n<div><a href=\"https:\/\/semmelweis.hu\/hirek\/files\/2026\/08\/RS242261_0E1A9860_scl.jpg\"><img loading=\"lazy\" decoding=\"async\" class=\"aligncenter size-full wp-image-172720\" src=\"https:\/\/semmelweis.hu\/hirek\/files\/2026\/08\/RS242261_0E1A9860_scl.jpg\" alt=\"\" width=\"1200\" height=\"800\" srcset=\"https:\/\/semmelweis.hu\/hirek\/files\/2026\/08\/RS242261_0E1A9860_scl.jpg 1200w, https:\/\/semmelweis.hu\/hirek\/files\/2026\/08\/RS242261_0E1A9860_scl-400x267.jpg 400w, https:\/\/semmelweis.hu\/hirek\/files\/2026\/08\/RS242261_0E1A9860_scl-900x600.jpg 900w, https:\/\/semmelweis.hu\/hirek\/files\/2026\/08\/RS242261_0E1A9860_scl-768x512.jpg 768w, https:\/\/semmelweis.hu\/hirek\/files\/2026\/08\/RS242261_0E1A9860_scl-753x502.jpg 753w, https:\/\/semmelweis.hu\/hirek\/files\/2026\/08\/RS242261_0E1A9860_scl-203x135.jpg 203w\" sizes=\"auto, (max-width: 1200px) 100vw, 1200px\" \/><\/a><\/div>\n<div>\u00a0<\/div>\n<p>\u201eNagy \u00f6r\u00f6mmel t\u00f6lt el, hogy az egyetem\u00fcnk alap\u00edt\u00e1s\u00e1nak 250. \u00e9vfordul\u00f3ja alkalm\u00e1b\u00f3l elindult programsorozat hagyom\u00e1nny\u00e1 v\u00e1lt, \u00e9s az\u00f3ta \u00e9vr\u0151l \u00e9vre igazi fesztiv\u00e1lhangulattal ind\u00edthatjuk el a tan\u00e9vet\u201d \u2013 emelte ki k\u00f6sz\u00f6nt\u0151j\u00e9ben dr. Merkely B\u00e9la, a Semmelweis Egyetem rektora a 8. Ny\u00e1ri Egyetem megnyit\u00f3j\u00e1n. A hallgat\u00f3s\u00e1g mintegy fel\u00e9t kitev\u0151 els\u0151\u00e9vesekhez sz\u00f3lva k\u00f6sz\u00f6nt\u00f6tte \u0151ket a r\u00e9gi\u00f3 legjobb orvos- \u00e9s eg\u00e9szs\u00e9gtudom\u00e1nyi egyetem\u00e9n, amelyet a vil\u00e1g 200 legjobb egyeteme k\u00f6z\u00e9 sorolnak, \u00e9s amely Magyarorsz\u00e1g legnagyobb betegell\u00e1t\u00f3 int\u00e9zm\u00e9nye is. Szavai szerint a Semmelweis a vil\u00e1g egyik legnemzetk\u00f6zibb egyeteme, 5 kontinens 132 orsz\u00e1g\u00e1b\u00f3l fogad di\u00e1kokat.<\/p>\n<p><a href=\"https:\/\/semmelweis.hu\/hirek\/files\/2026\/08\/RS242223_0E1A9312_scl.jpg\"><img loading=\"lazy\" decoding=\"async\" class=\"alignright size-medium wp-image-172718\" src=\"https:\/\/semmelweis.hu\/hirek\/files\/2026\/08\/RS242223_0E1A9312_scl-400x267.jpg\" alt=\"\" width=\"400\" height=\"267\" srcset=\"https:\/\/semmelweis.hu\/hirek\/files\/2026\/08\/RS242223_0E1A9312_scl-400x267.jpg 400w, https:\/\/semmelweis.hu\/hirek\/files\/2026\/08\/RS242223_0E1A9312_scl-900x600.jpg 900w, https:\/\/semmelweis.hu\/hirek\/files\/2026\/08\/RS242223_0E1A9312_scl-768x512.jpg 768w, https:\/\/semmelweis.hu\/hirek\/files\/2026\/08\/RS242223_0E1A9312_scl-753x502.jpg 753w, https:\/\/semmelweis.hu\/hirek\/files\/2026\/08\/RS242223_0E1A9312_scl-203x135.jpg 203w, https:\/\/semmelweis.hu\/hirek\/files\/2026\/08\/RS242223_0E1A9312_scl.jpg 1200w\" sizes=\"auto, (max-width: 400px) 100vw, 400px\" \/><\/a>A rektor hangs\u00falyozta, hogy a hallgat\u00f3k h\u00e1rom nap alatt \u00edzel\u00edt\u0151t kaphatnak az egyetemi \u00e9let esszenci\u00e1j\u00e1b\u00f3l, megtapasztalhatj\u00e1k, hogy a hat kar tud\u00e1sanyag\u00e1t felvillant\u00f3 ismeretterjeszt\u0151 szakmai el\u0151ad\u00e1sok mellett a Semmelweisen a szakmais\u00e1g \u00e9s a sport, a m\u0171v\u00e9szet, a k\u00f6z\u00e9let ir\u00e1nti \u00e9rdekl\u0151d\u00e9s k\u00e9z a k\u00e9zben j\u00e1r. \u201eAz itt szerzett benyom\u00e1sok tal\u00e1n hozz\u00e1j\u00e1rulhatnak, hogy a Medikus Zenekarunkban, Semmelweis K\u00f3rusunkban vagy a sportszakoszt\u00e1lyainkban el\u00e9rhet\u0151 24 sport\u00e1gban is kipr\u00f3b\u00e1lj\u00e1k magukat\u201d \u2013 tette hozz\u00e1 dr. Merkely B\u00e9la.<\/p>\n<h5>K\u00e1v\u00e9zzon az egyetem vezet\u0151ivel<\/h5>\n<p>Az esem\u00e9nysorozat alatt szakmai \u00e9s a k\u00f6nnyedebb t\u00e9m\u00e1j\u00fa el\u0151ad\u00e1sok v\u00e1ltott\u00e1k egym\u00e1st, de hagyom\u00e1nyosan az egyik legt\u00f6bb \u00e9rdekl\u0151d\u0151t vonz\u00f3 kerekasztal-besz\u00e9lget\u00e9s a K\u00e1v\u00e9zzon az egyetem vezet\u0151ivel c\u00edm\u0171 p\u00f3diumbesz\u00e9lget\u00e9s \u2013 \u00edgy volt ez id\u00e9n is. A program r\u00e9szek\u00e9nt dr. Merkely B\u00e9la rektor r\u00f6vid prezent\u00e1ci\u00f3j\u00e1ban az egyetem fejl\u0151d\u00e9s\u00e9t \u00e9s j\u00f6v\u0151k\u00e9p\u00e9t mutatta be. Kiemelte, hogy a nemzetk\u00f6zi \u00e9lmez\u0151nybe \u2013 a top 100-ba \u2013 ker\u00fcl\u00e9shez folyamatos fejl\u0151d\u00e9sre van sz\u00fcks\u00e9g, amelyben az oktat\u00e1s, a kutat\u00e1s \u00e9s az innov\u00e1ci\u00f3 mellett a korszer\u0171 klinikai k\u00e9pz\u00e9snek is meghat\u00e1roz\u00f3 szerepe van. A Semmelweis saj\u00e1t klinik\u00e1i olyan gyakorlati k\u00e9pz\u00e9si k\u00f6rnyezetet biztos\u00edtanak, ahol a hallgat\u00f3k a betegell\u00e1t\u00e1s mellett a leg\u00fajabb technol\u00f3gi\u00e1kkal \u00e9s megold\u00e1sokkal is tal\u00e1lkozhatnak \u2013 hangs\u00falyozta a rektor.<\/p>\n<p>Dr. Hermann P\u00e9ter oktat\u00e1si rektorhelyettes kiemelte, a p\u00e1r \u00e9ve bevezetett sz\u00f3beli felv\u00e9teli lehet\u0151s\u00e9get ad arra, hogy az egyetem m\u00e1r a beker\u00fcl\u00e9s el\u0151tt szem\u00e9lyesen is megismerje a jelentkez\u0151ket. Dr. Feket\u00e9n\u00e9 Szab\u00f3 \u00c9va strat\u00e9giai \u00e9s fejleszt\u00e9si rektorhelyettes szerint a Semmelweis negyed \u00e9vezredes trad\u00edci\u00f3j\u00e1ra \u00e9p\u00edtve a legtehets\u00e9gesebb hallgat\u00f3k megtal\u00e1l\u00e1sa, t\u00e1mogat\u00e1sa \u00e9s megtart\u00e1sa az egyetem egyik legfontosabb feladata. Ehhez a magas sz\u00ednvonal\u00fa oktat\u00e1s \u00e9s a nemzetk\u00f6zi tapasztalatszerz\u00e9s mellett a kultur\u00e1lis \u00e9s sport\u00e9let is fontos r\u00e9sze az egyetemi \u00e9veknek. Dr. Szab\u00f3 Attila klinikai rektorhelyettes arra eml\u00e9keztette a hallgat\u00f3kat, hogy a neh\u00e9zs\u00e9gek k\u00f6zepette se felejts\u00e9k el, mi\u00e9rt v\u00e1lasztott\u00e1k ezt a hivat\u00e1st: hogy beteg embereken seg\u00edtsenek. Ehhez pedig az eg\u00e9szs\u00e9g\u00fcgyben mindig csapatban kell dolgozni.<\/p>\n<p><a href=\"https:\/\/semmelweis.hu\/hirek\/files\/2026\/08\/RS242452_0E1A9850_scl.jpg\"><img loading=\"lazy\" decoding=\"async\" class=\"aligncenter size-full wp-image-172730\" src=\"https:\/\/semmelweis.hu\/hirek\/files\/2026\/08\/RS242452_0E1A9850_scl.jpg\" alt=\"\" width=\"1200\" height=\"800\" srcset=\"https:\/\/semmelweis.hu\/hirek\/files\/2026\/08\/RS242452_0E1A9850_scl.jpg 1200w, https:\/\/semmelweis.hu\/hirek\/files\/2026\/08\/RS242452_0E1A9850_scl-400x267.jpg 400w, https:\/\/semmelweis.hu\/hirek\/files\/2026\/08\/RS242452_0E1A9850_scl-900x600.jpg 900w, https:\/\/semmelweis.hu\/hirek\/files\/2026\/08\/RS242452_0E1A9850_scl-768x512.jpg 768w, https:\/\/semmelweis.hu\/hirek\/files\/2026\/08\/RS242452_0E1A9850_scl-753x502.jpg 753w, https:\/\/semmelweis.hu\/hirek\/files\/2026\/08\/RS242452_0E1A9850_scl-203x135.jpg 203w\" sizes=\"auto, (max-width: 1200px) 100vw, 1200px\" \/><\/a><\/p>\n<p>Dr. Alp\u00e1r Al\u00e1n nemzetk\u00f6zi k\u00e9pz\u00e9sek\u00e9rt felel\u0151s rektorhelyettes a Semmelweis nemzetk\u00f6zi jelleg\u00e9t hangs\u00falyozta: a hallgat\u00f3k harmada k\u00fclf\u00f6ldi, akik t\u00f6bb mint 130 orsz\u00e1gb\u00f3l \u00e9rkeznek. A vel\u00fck val\u00f3 egy\u00fcttm\u0171k\u00f6d\u00e9s nemcsak kapcsolat\u00e9p\u00edt\u00e9sre ad lehet\u0151s\u00e9get, hanem m\u00e1s kult\u00far\u00e1k \u00e9s m\u00e1sfajta tud\u00e1s megismer\u00e9s\u00e9re is \u2013 tette hozz\u00e1. Dr. Ferdinandy P\u00e9ter tudom\u00e1nyos \u00e9s innov\u00e1ci\u00f3s rektorhelyettes a kutat\u00e1s \u00e9s az innov\u00e1ci\u00f3 kapcsolat\u00e1r\u00f3l besz\u00e9lt: a kutat\u00e1s c\u00e9lja v\u00e9gs\u0151 soron az, hogy az \u00faj felfedez\u00e9sekb\u0151l a betegek sz\u00e1m\u00e1ra hasznos gy\u00f3gyszerek, eszk\u00f6z\u00f6k \u00e9s megold\u00e1sok sz\u00fclessenek.<\/p>\n<p>Dr. B\u00e1nhidy Ferenc \u00e1ltal\u00e1nos rektorhelyettes a k\u00e9rdez\u00e9s \u00e9s az oktat\u00f3kkal val\u00f3 szem\u00e9lyes kapcsolat fontoss\u00e1g\u00e1t emelte ki, valamint azt, hogy m\u00e1r hallgat\u00f3k\u00e9nt is \u00e9rdemes bekapcsol\u00f3dni a tudom\u00e1nyos munk\u00e1ba. Dr. Pavlik L\u00edvia kancell\u00e1r az egyetem m\u0171k\u00f6d\u00e9s\u00e9nek gazdas\u00e1gi h\u00e1tter\u00e9r\u0151l besz\u00e9lt: a Semmelweis \u00e9ves bev\u00e9tele meghaladja a 330 milli\u00e1rd forintot, a k\u00f6lts\u00e9gvet\u00e9s mintegy k\u00e9tharmada a betegell\u00e1t\u00e1shoz kapcsol\u00f3dik. A t\u00f6bb mint 13 ezer munkav\u00e1llal\u00f3t foglalkoztat\u00f3 egyetem hossz\u00fa t\u00e1v\u00fa vagyongazd\u00e1lkod\u00e1si terv alapj\u00e1n tervezi m\u0171k\u00f6d\u00e9s\u00e9t \u00e9s fejleszt\u00e9seit.<\/p>\n<h5>A korszer\u0171 gy\u00f3gy\u00edt\u00e1s \u00faj lehet\u0151s\u00e9gei<\/h5>\n<p><a href=\"https:\/\/semmelweis.hu\/hirek\/files\/2026\/08\/RS242249_0E1A9741_scl.jpg\"><img loading=\"lazy\" decoding=\"async\" class=\"alignright size-medium wp-image-172721\" src=\"https:\/\/semmelweis.hu\/hirek\/files\/2026\/08\/RS242249_0E1A9741_scl-400x267.jpg\" alt=\"\" width=\"400\" height=\"267\" srcset=\"https:\/\/semmelweis.hu\/hirek\/files\/2026\/08\/RS242249_0E1A9741_scl-400x267.jpg 400w, https:\/\/semmelweis.hu\/hirek\/files\/2026\/08\/RS242249_0E1A9741_scl-900x600.jpg 900w, https:\/\/semmelweis.hu\/hirek\/files\/2026\/08\/RS242249_0E1A9741_scl-768x512.jpg 768w, https:\/\/semmelweis.hu\/hirek\/files\/2026\/08\/RS242249_0E1A9741_scl-753x502.jpg 753w, https:\/\/semmelweis.hu\/hirek\/files\/2026\/08\/RS242249_0E1A9741_scl-203x135.jpg 203w, https:\/\/semmelweis.hu\/hirek\/files\/2026\/08\/RS242249_0E1A9741_scl.jpg 1200w\" sizes=\"auto, (max-width: 400px) 100vw, 400px\" \/><\/a>A szakmai el\u0151ad\u00e1sok sor\u00e1t a Gy\u00f3gyszer\u00e9sztudom\u00e1nyi Kar (GYTK) nyitotta meg. Dr. T\u00e1bi Tam\u00e1s, a kar d\u00e9k\u00e1nhelyettese \u00e1ttekint\u00e9st adott a gy\u00f3gyszeres fogy\u00e1st lehet\u0151v\u00e9 tev\u0151 hat\u00f3anyagok \u2013 mint a liraglutid, szemaglutid, tirzepatid, valamint ezek sz\u00e1jon \u00e1t szedhet\u0151 verzi\u00f3i \u2013 kifejleszt\u00e9s\u00e9nek f\u0151bb m\u00e9rf\u00f6ldk\u00f6veir\u0151l, illetve a mostanra sz\u00e9lesebb t\u00f6megek sz\u00e1m\u00e1ra el\u00e9rhet\u0151v\u00e9 v\u00e1lt k\u00e9sz\u00edtm\u00e9nyek klinikai vizsg\u00e1latokon t\u00fali haszn\u00e1lati tapasztalatair\u00f3l.<\/p>\n<p>Ut\u00f3bbi kapcs\u00e1n nemcsak arra t\u00e9rt ki, milyen d\u00f3zisok mellett lehet a legnagyobb s\u00falyveszt\u00e9st el\u00e9rni, de az \u00fajabban ismertt\u00e9 v\u00e1lt mell\u00e9khat\u00e1sokra, m\u00e1s testr\u00e9szeket \u00e9rint\u0151 sz\u00f6v\u0151dm\u00e9nykock\u00e1zatokra is. P\u00e9ldak\u00e9nt eml\u00edtette a hasny\u00e1lmirigy-gyullad\u00e1st, a szem diab\u00e9teszes retinop\u00e1ti\u00e1j\u00e1t, vagy egyes pajzsmirigy-daganatok nagyobb el\u0151fordul\u00e1si gyakoris\u00e1g\u00e1t is \u2013 ilyenkor a szer haszn\u00e1lat\u00e1nak azonnali felf\u00fcggeszt\u00e9s\u00e9t javasolj\u00e1k. Bemutatta a gy\u00f3gyszercsoport tov\u00e1bbi fejleszt\u00e9s\u00e9nek k\u00f6vetkez\u0151 \u00e9vekben v\u00e1rhat\u00f3 ir\u00e1nyait, ide\u00e9rtve a hat\u00e9konys\u00e1gjav\u00edt\u00e1st, a havi egyszeri, vagy az or\u00e1lis adagol\u00e1st is.<\/p>\n<p><a href=\"https:\/\/semmelweis.hu\/hirek\/files\/2026\/08\/RS242355_GV5A4203_scl.jpg\"><img loading=\"lazy\" decoding=\"async\" class=\"alignleft size-medium wp-image-172722\" src=\"https:\/\/semmelweis.hu\/hirek\/files\/2026\/08\/RS242355_GV5A4203_scl-400x267.jpg\" alt=\"\" width=\"400\" height=\"267\" srcset=\"https:\/\/semmelweis.hu\/hirek\/files\/2026\/08\/RS242355_GV5A4203_scl-400x267.jpg 400w, https:\/\/semmelweis.hu\/hirek\/files\/2026\/08\/RS242355_GV5A4203_scl-900x600.jpg 900w, https:\/\/semmelweis.hu\/hirek\/files\/2026\/08\/RS242355_GV5A4203_scl-768x512.jpg 768w, https:\/\/semmelweis.hu\/hirek\/files\/2026\/08\/RS242355_GV5A4203_scl-753x502.jpg 753w, https:\/\/semmelweis.hu\/hirek\/files\/2026\/08\/RS242355_GV5A4203_scl-203x135.jpg 203w, https:\/\/semmelweis.hu\/hirek\/files\/2026\/08\/RS242355_GV5A4203_scl.jpg 1200w\" sizes=\"auto, (max-width: 400px) 100vw, 400px\" \/><\/a>Dr. Borb\u00e9ly Judit, a Fogp\u00f3tl\u00e1stani Klinika egyetemi tan\u00e1ra \u201eA t\u00f6k\u00e9letes mosoly titka \u2013 Hollywood Smile\u201d c\u00edm\u0171 el\u0151ad\u00e1s\u00e1ban elmondta, hogy kutat\u00e1sok igazolj\u00e1k, a sz\u00e9p mosoly vonz\u00f3bb\u00e1 \u00e9s sikeresebb\u00e9 tesz. Az eszt\u00e9tikai fog\u00e1szat fejl\u0151d\u00e9se az 1930-as \u00e9vekben kezd\u0151d\u00f6tt, amikor Charles Pincus p\u00e9ld\u00e1ul Shirley Temple sz\u00e1m\u00e1ra k\u00e9sz\u00edtett kivehet\u0151 h\u00e9jakat.<\/p>\n<p>A korszer\u0171 ker\u00e1mi\u00e1k, cirk\u00f3nium-dioxid p\u00f3tl\u00e1sok, intraor\u00e1lis szkennerek, mosolytervez\u0151 programok \u00e9s 3D-nyomtat\u00f3k ma m\u00e1r pontos tervez\u00e9st \u00e9s kivitelez\u00e9st tesznek lehet\u0151v\u00e9, \u00edgy az \u00faj mosoly el\u0151re ki is pr\u00f3b\u00e1lhat\u00f3. A fogorvos feladata ugyanakkor nem minden\u00e1ron a t\u00f6k\u00e9letes fogsor l\u00e9trehoz\u00e1sa \u2013 h\u00edvta fel a figyelmet. A val\u00f3ban sz\u00e9p mosoly harmonikusan illeszkedik az archoz, term\u00e9szetes hat\u00e1s\u00fa, amiben benne van az egyedis\u00e9g. A dr. Borb\u00e9ly Judit vezette kutat\u00e1s megmutatta, hogy b\u00e1r a mesters\u00e9ges intelligencia j\u00f3l alkalmazza a matematikai ar\u00e1nyokat, a szakemberek \u00e1ltal megtervezett mosolyokat szebbnek l\u00e1tjuk.<\/p>\n<p><a href=\"https:\/\/semmelweis.hu\/hirek\/files\/2026\/08\/RS242386_GV5A4515_scl.jpg\"><img loading=\"lazy\" decoding=\"async\" class=\"alignright size-medium wp-image-172723\" src=\"https:\/\/semmelweis.hu\/hirek\/files\/2026\/08\/RS242386_GV5A4515_scl-400x267.jpg\" alt=\"\" width=\"400\" height=\"267\" srcset=\"https:\/\/semmelweis.hu\/hirek\/files\/2026\/08\/RS242386_GV5A4515_scl-400x267.jpg 400w, https:\/\/semmelweis.hu\/hirek\/files\/2026\/08\/RS242386_GV5A4515_scl-900x600.jpg 900w, https:\/\/semmelweis.hu\/hirek\/files\/2026\/08\/RS242386_GV5A4515_scl-768x512.jpg 768w, https:\/\/semmelweis.hu\/hirek\/files\/2026\/08\/RS242386_GV5A4515_scl-753x502.jpg 753w, https:\/\/semmelweis.hu\/hirek\/files\/2026\/08\/RS242386_GV5A4515_scl-203x135.jpg 203w, https:\/\/semmelweis.hu\/hirek\/files\/2026\/08\/RS242386_GV5A4515_scl.jpg 1200w\" sizes=\"auto, (max-width: 400px) 100vw, 400px\" \/><\/a>A sz\u00edvseb\u00e9szet t\u00f6rt\u00e9net\u00e9t \u00e9s korszer\u0171 technol\u00f3gi\u00e1it mutatta be dr. Harty\u00e1nszky Istv\u00e1n egyetemi docens, a V\u00e1rosmajori Sz\u00edv- \u00e9s \u00c9rgy\u00f3gy\u00e1szati Klinika sz\u00edvseb\u00e9szeti profilvezet\u0151je \u201eA sz\u00edv \u00fatja a m\u0171t\u0151ben\u201d c\u00edm\u0171 el\u0151ad\u00e1s\u00e1ban. Az els\u0151 dokument\u00e1lt sz\u00edvm\u0171t\u00e9tet \u2013 az etikai tilalom ellen\u00e9re \u2013 Ludwig Rehn n\u00e9met seb\u00e9sz v\u00e9gezte 1896-ban egy sz\u00edven sz\u00fart beteg megment\u00e9s\u00e9re. A sz\u00edvseb\u00e9szet fejl\u0151d\u00e9s\u00e9t a sz\u00edv-t\u00fcd\u0151 motor megalkot\u00e1sa gyors\u00edtotta fel, \u00e9s 1967-ben v\u00e9gezt\u00e9k el az els\u0151 emberi sz\u00edv\u00e1t\u00fcltet\u00e9st.<\/p>\n<p>Dr. Harty\u00e1nszky Istv\u00e1n m\u0171t\u00e9ti felv\u00e9telekkel szeml\u00e9ltette a sz\u00edv felt\u00e1r\u00e1s\u00e1t, a mesters\u00e9ges kering\u00e9s elind\u00edt\u00e1s\u00e1t \u00e9s a sz\u00edvizom v\u00e9delm\u00e9t. Kit\u00e9rt a sz\u00edv-t\u00fcd\u0151 motor n\u00e9lk\u00fcl, dobog\u00f3 sz\u00edven v\u00e9gzett koszor\u00fa\u00e9r-\u00e1thidal\u00f3 m\u0171t\u00e9tekre is. A korszer\u0171 k\u00e9palkot\u00f3 technol\u00f3gi\u00e1k pedig a m\u0171t\u00e9tek tervez\u00e9s\u00e9t is t\u00e1mogatj\u00e1k: a CT-alap\u00fa h\u00e1romdimenzi\u00f3s rekonstrukci\u00f3k ma a pontos diagn\u00f3zis mellett a m\u0171t\u00e9tek szem\u00e9lyre szabott megtervez\u00e9s\u00e9t is seg\u00edtik.<\/p>\n<p><a href=\"https:\/\/semmelweis.hu\/hirek\/files\/2026\/08\/RS242433_GV5A4877_scl.jpg\"><img loading=\"lazy\" decoding=\"async\" class=\"alignleft size-medium wp-image-172724\" src=\"https:\/\/semmelweis.hu\/hirek\/files\/2026\/08\/RS242433_GV5A4877_scl-400x267.jpg\" alt=\"\" width=\"400\" height=\"267\" srcset=\"https:\/\/semmelweis.hu\/hirek\/files\/2026\/08\/RS242433_GV5A4877_scl-400x267.jpg 400w, https:\/\/semmelweis.hu\/hirek\/files\/2026\/08\/RS242433_GV5A4877_scl-900x600.jpg 900w, https:\/\/semmelweis.hu\/hirek\/files\/2026\/08\/RS242433_GV5A4877_scl-768x512.jpg 768w, https:\/\/semmelweis.hu\/hirek\/files\/2026\/08\/RS242433_GV5A4877_scl-753x502.jpg 753w, https:\/\/semmelweis.hu\/hirek\/files\/2026\/08\/RS242433_GV5A4877_scl-203x135.jpg 203w, https:\/\/semmelweis.hu\/hirek\/files\/2026\/08\/RS242433_GV5A4877_scl.jpg 1200w\" sizes=\"auto, (max-width: 400px) 100vw, 400px\" \/><\/a>\u201eAz emp\u00e1tia \u00e9s a kommunik\u00e1ci\u00f3s k\u00e9szs\u00e9geik fejleszt\u00e9se a k\u00e9pz\u00e9s sor\u00e1n nagyon fontos, mivel nagyon neh\u00e9z \u00e9lethelyzetekkel tal\u00e1lkozhatnak, ak\u00e1r a gyermekek vagy a feln\u0151ttek ell\u00e1t\u00e1s\u00e1n\u00e1l. \u00dagy kell a p\u00e1ciensek \u00e9s a hozz\u00e1tartoz\u00f3k motiv\u00e1ci\u00f3j\u00e1t, egy\u00fcttm\u0171k\u00f6d\u00e9s\u00e9t el\u00e9rni, hogy ne keltsenek benn\u00fck irre\u00e1lis elv\u00e1r\u00e1sokat a v\u00e1rhat\u00f3 eredm\u00e9nnyel kapcsolatban\u201d \u2013 h\u00edvta fel a hallgat\u00f3k figyelm\u00e9t Ernyey D\u00e1vid Marcell, a Pet\u0151 Andr\u00e1s Rehabilit\u00e1ci\u00f3s \u00e9s Eg\u00e9szs\u00e9g\u00fcgyi Ell\u00e1t\u00e1si Oszt\u00e1ly vezet\u0151 gy\u00f3gytorn\u00e1sza. Interakt\u00edv el\u0151ad\u00e1s\u00e1ban r\u00e9szletes \u00e1ttekint\u00e9st adott arr\u00f3l, hogy a neurol\u00f3giai rehabilit\u00e1ci\u00f3 hagyom\u00e1nyos eszk\u00f6zt\u00e1r\u00e1t hogyan eg\u00e9sz\u00edti ki, t\u00e1mogatja az egyetem \u00f6t eszk\u00f6z\u00f6s robotparkja. Bemutatta, hogy az egyes berendez\u00e9sek mennyire sokr\u00e9t\u0171en j\u00e1rulhatnak hozz\u00e1 nemcsak a cerebre\u00e1lis par\u00e9zissel \u00e9l\u0151 gyermekek, de a baleseti s\u00e9r\u00fcltek, stroke-on \u00e1tesettek, vagy m\u00e1s neurodegenerat\u00edv beteggel \u00e9l\u0151 feln\u0151ttek fejleszt\u00e9s\u00e9hez, r\u00e9szletezve az alkalmazott ter\u00e1pia \u00e1ltal fejlesztend\u0151 funkci\u00f3k \u00e9lettani saj\u00e1toss\u00e1gait is.<\/p>\n<p><a href=\"https:\/\/semmelweis.hu\/hirek\/files\/2026\/08\/RS242431_GV5A4898_scl.jpg\"><img loading=\"lazy\" decoding=\"async\" class=\"alignright size-medium wp-image-172725\" src=\"https:\/\/semmelweis.hu\/hirek\/files\/2026\/08\/RS242431_GV5A4898_scl-400x267.jpg\" alt=\"\" width=\"400\" height=\"267\" srcset=\"https:\/\/semmelweis.hu\/hirek\/files\/2026\/08\/RS242431_GV5A4898_scl-400x267.jpg 400w, https:\/\/semmelweis.hu\/hirek\/files\/2026\/08\/RS242431_GV5A4898_scl-900x600.jpg 900w, https:\/\/semmelweis.hu\/hirek\/files\/2026\/08\/RS242431_GV5A4898_scl-768x512.jpg 768w, https:\/\/semmelweis.hu\/hirek\/files\/2026\/08\/RS242431_GV5A4898_scl-753x502.jpg 753w, https:\/\/semmelweis.hu\/hirek\/files\/2026\/08\/RS242431_GV5A4898_scl-203x135.jpg 203w, https:\/\/semmelweis.hu\/hirek\/files\/2026\/08\/RS242431_GV5A4898_scl.jpg 1200w\" sizes=\"auto, (max-width: 400px) 100vw, 400px\" \/><\/a>Dr. Juh\u00e1sz Anna Evelin, az Eg\u00e9szs\u00e9gtudom\u00e1nyi Kar (ETK) Dietetikai \u00e9s T\u00e1pl\u00e1lkoz\u00e1studom\u00e1nyi Tansz\u00e9k\u00e9nek tan\u00e1rseg\u00e9dje a gy\u00f3gyszeres kezel\u00e9sek mellett az egy\u00e9nre szabott eg\u00e9szs\u00e9ges t\u00e1pl\u00e1lkoz\u00e1s \u00e9s a motiv\u00e1ci\u00f3t fenntart\u00f3 pszichol\u00f3giai t\u00e1mogat\u00e1s melletti \u00e9letm\u00f3dkezel\u00e9s szerep\u00e9re h\u00edvta fel a figyelmet. El\u0151ad\u00e1sa az id\u00e9n az \u00faj tudom\u00e1nyos ismeretek hat\u00e1s\u00e1ra poliendokrin metabolikus ov\u00e1rium szindr\u00f3m\u00e1ra (PMOC) \u00e1tnevezett policiszt\u00e1s ov\u00e1rium szindr\u00f3m\u00e1ra (PCOS) koncentr\u00e1lt. A hormon\u00e1lis \u00e9s anyagcser\u00e9t \u00e9rint\u0151, sz\u00e1mos kellemetlen, olykor s\u00falyos t\u00fcnettel \u2013 mint a medd\u0151s\u00e9g, inzulinrezisztencia, nem alkoholos zs\u00edrm\u00e1j \u2013 j\u00e1r\u00f3 betegs\u00e9g ak\u00e1r 15-16 \u00e9ves kort\u00f3l el\u0151fordulhat a reprodukt\u00edv n\u0151k, \u00e9s a t\u00e9vhitekkel ellent\u00e9tben ak\u00e1r v\u00e9kony \u00e9s megfelel\u0151 BMI-vel rendelkez\u0151k k\u00f6r\u00e9ben is. A dietetikus PMOS eset\u00e9n nem aj\u00e1nlja a n\u00e9pszer\u0171 kiz\u00e1r\u00f3 di\u00e9t\u00e1kat, mert \u00e1ltal\u00e1ban csak diagnosztiz\u00e1lt \u00e9telintoleranci\u00e1k eset\u00e9n van val\u00f3di gyullad\u00e1scs\u00f6kkent\u0151 hat\u00e1suk. Ehelyett felh\u00edvta a figyelmet az Okost\u00e1ny\u00e9rra, hozz\u00e1t\u00e9ve, hogy az a fontos, hogy az \u00e9trend t\u00e1panyag-\u00f6sszet\u00e9tel\u00e9ben kiegyens\u00falyozott legyen, minden sz\u00fcks\u00e9ges t\u00e1panyag megfelel\u0151 min\u0151s\u00e9gben, id\u0151ben \u00e9s mennyis\u00e9gben beker\u00fclj\u00f6n a szervezetbe.<\/p>\n<p><a href=\"https:\/\/semmelweis.hu\/hirek\/files\/2026\/08\/RS242451_0E1A0449_1_scl.jpg\"><img loading=\"lazy\" decoding=\"async\" class=\"alignleft size-medium wp-image-172727\" src=\"https:\/\/semmelweis.hu\/hirek\/files\/2026\/08\/RS242451_0E1A0449_1_scl-400x267.jpg\" alt=\"\" width=\"400\" height=\"267\" srcset=\"https:\/\/semmelweis.hu\/hirek\/files\/2026\/08\/RS242451_0E1A0449_1_scl-400x267.jpg 400w, https:\/\/semmelweis.hu\/hirek\/files\/2026\/08\/RS242451_0E1A0449_1_scl-900x600.jpg 900w, https:\/\/semmelweis.hu\/hirek\/files\/2026\/08\/RS242451_0E1A0449_1_scl-768x512.jpg 768w, https:\/\/semmelweis.hu\/hirek\/files\/2026\/08\/RS242451_0E1A0449_1_scl-753x502.jpg 753w, https:\/\/semmelweis.hu\/hirek\/files\/2026\/08\/RS242451_0E1A0449_1_scl-203x135.jpg 203w, https:\/\/semmelweis.hu\/hirek\/files\/2026\/08\/RS242451_0E1A0449_1_scl.jpg 1200w\" sizes=\"auto, (max-width: 400px) 100vw, 400px\" \/><\/a>Dr. Asztalos Bernadett, a Ment\u00e1lhigi\u00e9n\u00e9 Int\u00e9zet adjunktusa az egyetemi \u00e9let neh\u00e9zs\u00e9geinek lek\u00fczd\u00e9s\u00e9hez adott tudom\u00e1nyosan megalapozott \u201et\u00fal\u00e9l\u0151tippeket\u201d a hallgat\u00f3knak. Szavai szerint, amikor fiatal oktat\u00f3k\u00e9nt el\u0151sz\u00f6r k\u00f6r\u00fcln\u00e9zett az egyetemen, kev\u00e9s szakmailag \u00e9s mag\u00e1n\u00e9letileg egyar\u00e1nt sikeres, eg\u00e9szs\u00e9ges koll\u00e9g\u00e1t tal\u00e1lt. A hossz\u00fa t\u00e1von kiegyens\u00falyozottakn\u00e1l megfigyelte, munka ut\u00e1n visszat\u00e9rtek megszokott \u00e9rzelmi m\u0171k\u00f6d\u00e9s\u00fckh\u00f6z.\u00a0\u201eHa az ember kiz\u00e1rja a rossz \u00e9rz\u00e9seket, id\u0151vel a j\u00f3kat is t\u00f6rli, ami ki\u00e9g\u00e9shez vezet\u201d \u2013 h\u00edvta fel a figyelmet az adjunktus. A megel\u0151z\u00e9shez a cirkadi\u00e1n ritmust k\u00f6vet\u0151 alv\u00e1st, kisz\u00e1m\u00edthat\u00f3 \u00e9tkez\u00e9st, hetente legal\u00e1bb k\u00e9tszer-h\u00e1romszor negyven perc mozg\u00e1st, term\u00e9szetben v\u00e9gzett s\u00e9t\u00e1t javasolt a telefonhaszn\u00e1lat tudatos korl\u00e1toz\u00e1sa mellett. A t\u00e1rsas kapcsolatok v\u00e9d\u0151ereje is jelent\u0151s, ahogyan a h\u00e1la \u00e9rz\u00e9se is \u2013 tette hozz\u00e1.<\/p>\n<p><a href=\"https:\/\/semmelweis.hu\/hirek\/files\/2026\/08\/RS242350_GV5A4184_scl.jpg\"><img loading=\"lazy\" decoding=\"async\" class=\"aligncenter size-full wp-image-172733\" src=\"https:\/\/semmelweis.hu\/hirek\/files\/2026\/08\/RS242350_GV5A4184_scl.jpg\" alt=\"\" width=\"1200\" height=\"800\" srcset=\"https:\/\/semmelweis.hu\/hirek\/files\/2026\/08\/RS242350_GV5A4184_scl.jpg 1200w, https:\/\/semmelweis.hu\/hirek\/files\/2026\/08\/RS242350_GV5A4184_scl-400x267.jpg 400w, https:\/\/semmelweis.hu\/hirek\/files\/2026\/08\/RS242350_GV5A4184_scl-900x600.jpg 900w, https:\/\/semmelweis.hu\/hirek\/files\/2026\/08\/RS242350_GV5A4184_scl-768x512.jpg 768w, https:\/\/semmelweis.hu\/hirek\/files\/2026\/08\/RS242350_GV5A4184_scl-753x502.jpg 753w, https:\/\/semmelweis.hu\/hirek\/files\/2026\/08\/RS242350_GV5A4184_scl-203x135.jpg 203w\" sizes=\"auto, (max-width: 1200px) 100vw, 1200px\" \/><\/a><\/p>\n<h5>Az egyetemi \u00e9let kih\u00edv\u00e1sai \u00e9s lehet\u0151s\u00e9gei<\/h5>\n<p>A karok szakmai el\u0151ad\u00e1sai mellett most is hangs\u00falyosak voltak az orvosi, eg\u00e9szs\u00e9g\u00fcgyi hivat\u00e1sokra az \u00e9let m\u00e1s ter\u00fcletein is felk\u00e9sz\u00edt\u0151 el\u0151ad\u00e1sok. A Nemzeti V\u00e9delmi Szolg\u00e1lat a korrupci\u00f3megel\u0151z\u00e9st \u00e9s az etikai k\u00e9rd\u00e9seket j\u00e1rta k\u00f6r\u00fcl a betegell\u00e1t\u00e1sban, az Eg\u00e9szs\u00e9g\u00fcgyi Menedzser K\u00f6zpont MI szak\u00e9rt\u0151i pedig a mesters\u00e9ges intelligencia haszn\u00e1lat\u00e1nak aktu\u00e1lis k\u00e9rd\u00e9seit, kock\u00e1zatait \u00e9s mell\u00e9khat\u00e1sait mutatt\u00e1k be.<\/p>\n<p>Dr. Perczel-Forintos D\u00f3ra klinikai szakpszichol\u00f3gus a gy\u00f3gy\u00edt\u00f3 szem\u00e9lyis\u00e9g ism\u00e9rveit mutatta be, dr. Pilling J\u00e1nos, a Magatart\u00e1studom\u00e1nyi Int\u00e9zet docense pedig az orvosi kommunik\u00e1ci\u00f3 saj\u00e1toss\u00e1gaira vil\u00e1g\u00edtott r\u00e1. Emellett a mikrobiom \u00e9s a kr\u00f3nikus betegs\u00e9gek viszony\u00e1r\u00f3l, valamint a betegbiztons\u00e1g gy\u00f3gyszer\u00e9szeti vonatkoz\u00e1sair\u00f3l, a hiteles eg\u00e9szs\u00e9g\u00fcgyi kommunik\u00e1ci\u00f3 kih\u00edv\u00e1sair\u00f3l, tov\u00e1bb\u00e1 az orvosi d\u00f6nt\u00e9sek jogi vonatkoz\u00e1sair\u00f3l is k\u00e9pet kaphattak az \u00e9rdekl\u0151d\u0151k.<\/p>\n<h5>Sport, kult\u00fara \u00e9s k\u00f6z\u00f6ss\u00e9gi \u00e9let<\/h5>\n<p>A szok\u00e1soknak megfelel\u0151en id\u00e9n is t\u00f6bb sporttal, kult\u00far\u00e1val kapcsolatos el\u0151ad\u00e1st \u00e9s kerekasztal-besz\u00e9lget\u00e9st szerveztek a hallgat\u00f3knak. Az egyetemi \u00e9let soksz\u00edn\u0171s\u00e9g\u00e9be, a tanulm\u00e1nyok, a k\u00f6z\u00f6ss\u00e9gi \u00e9let \u00e9s az \u00e9lsport \u00f6sszeegyeztethet\u0151s\u00e9g\u00e9be \u00e9s a tehets\u00e9ggondoz\u00e1s kiterjedt rendszer\u00e9be is bepillant\u00e1st engedett az idei a hongkongi v\u00edv\u00f3-vil\u00e1gbajnoks\u00e1gon arany\u00e9rmes n\u0151i kardv\u00edv\u00f3 csapat k\u00e9t tagj\u00e1val, Spiesz Anna m\u00e1sod\u00e9ves orvostan-, \u00e9s Katona Ren\u00e1ta harmad\u00e9ves dietetikus hallgat\u00f3val, valamint dr. Merkely B\u00e9la rektorral \u00e9s dr. Hermann P\u00e9ter rektorhelyettessel zajl\u00f3 kerekasztal-besz\u00e9lget\u00e9s. Ut\u00f3bbiak t\u00e1mogat\u00e1sukr\u00f3l biztos\u00edtott\u00e1k a sportol\u00f3kat a 2028-as Los Angeles-i olimpiai kvalifik\u00e1ci\u00f3 idej\u00e9re, hangs\u00falyozva, hogy az egy\u00e9ni tanrend csak az id\u0151beoszt\u00e1st k\u00f6nny\u00edti meg, a vizsgak\u00f6vetelm\u00e9nyek mindenki sz\u00e1m\u00e1ra egyform\u00e1k.<\/p>\n<p><a href=\"https:\/\/semmelweis.hu\/hirek\/files\/2026\/08\/RS242450_0E1A9589_scl.jpg\"><img loading=\"lazy\" decoding=\"async\" class=\"aligncenter size-full wp-image-172728\" src=\"https:\/\/semmelweis.hu\/hirek\/files\/2026\/08\/RS242450_0E1A9589_scl.jpg\" alt=\"\" width=\"1200\" height=\"800\" srcset=\"https:\/\/semmelweis.hu\/hirek\/files\/2026\/08\/RS242450_0E1A9589_scl.jpg 1200w, https:\/\/semmelweis.hu\/hirek\/files\/2026\/08\/RS242450_0E1A9589_scl-400x267.jpg 400w, https:\/\/semmelweis.hu\/hirek\/files\/2026\/08\/RS242450_0E1A9589_scl-900x600.jpg 900w, https:\/\/semmelweis.hu\/hirek\/files\/2026\/08\/RS242450_0E1A9589_scl-768x512.jpg 768w, https:\/\/semmelweis.hu\/hirek\/files\/2026\/08\/RS242450_0E1A9589_scl-753x502.jpg 753w, https:\/\/semmelweis.hu\/hirek\/files\/2026\/08\/RS242450_0E1A9589_scl-203x135.jpg 203w\" sizes=\"auto, (max-width: 1200px) 100vw, 1200px\" \/><\/a><\/p>\n<p>A B\u00e1rdosi S\u00e1ndor ez\u00fcst\u00e9rmes birk\u00f3z\u00f3 olimpikon, valamint a dr. B\u00e1nhidy Ferenc rektorhelyettes r\u00e9szv\u00e9tel\u00e9vel zajlott besz\u00e9lget\u00e9s sor\u00e1n az egyetemi k\u00fczd\u0151sport szakoszt\u00e1ly \u00e9let\u00e9be is bepillant\u00e1st nyerhettek az \u00e9rdekl\u0151d\u0151k. Gundel-Tak\u00e1cs G\u00e1bor \u00e9s Hajd\u00fa B. Istv\u00e1n a sportesem\u00e9nyek k\u00f6zvet\u00edt\u00e9s\u00e9nek kulisszatitkait, komment\u00e1tori p\u00e1lyafut\u00e1suk legeml\u00e9kezetesebb pillanatait osztott\u00e1k meg a hallgat\u00f3s\u00e1ggal. Az id\u00e9n bemutatott Bel\u00e9d estem c\u00edm\u0171 film rendez\u0151je, Tiszeker D\u00e1niel \u00e9s egyik szerepl\u0151je, Szerednyey B\u00e9la sz\u00ednm\u0171v\u00e9sz a forgat\u00e1s eml\u00e9kezetes pillanatait id\u00e9zte fel, de az \u00e9rdekl\u0151d\u0151k r\u00e9szt vehettek Szab\u00f3 Bal\u00e1zs M\u00e1t\u00e9 humorista fell\u00e9p\u00e9s\u00e9n is.<\/p>\n<div class=\"keretes w-100\">\n<h6>Z\u00f6ld Egyetem: f\u00f3kuszban a k\u00f6rnyezetv\u00e9delem \u00e9s a fenntarthat\u00f3s\u00e1g<\/h6>\n<p><a href=\"https:\/\/semmelweis.hu\/hirek\/files\/2026\/08\/RS242464_0E1A0543_scl.jpg\"><img loading=\"lazy\" decoding=\"async\" class=\"alignright size-medium wp-image-172759\" src=\"https:\/\/semmelweis.hu\/hirek\/files\/2026\/08\/RS242464_0E1A0543_scl-400x267.jpg\" alt=\"\" width=\"400\" height=\"267\" srcset=\"https:\/\/semmelweis.hu\/hirek\/files\/2026\/08\/RS242464_0E1A0543_scl-400x267.jpg 400w, https:\/\/semmelweis.hu\/hirek\/files\/2026\/08\/RS242464_0E1A0543_scl-900x600.jpg 900w, https:\/\/semmelweis.hu\/hirek\/files\/2026\/08\/RS242464_0E1A0543_scl-768x512.jpg 768w, https:\/\/semmelweis.hu\/hirek\/files\/2026\/08\/RS242464_0E1A0543_scl-753x502.jpg 753w, https:\/\/semmelweis.hu\/hirek\/files\/2026\/08\/RS242464_0E1A0543_scl-203x135.jpg 203w, https:\/\/semmelweis.hu\/hirek\/files\/2026\/08\/RS242464_0E1A0543_scl.jpg 1200w\" sizes=\"auto, (max-width: 400px) 100vw, 400px\" \/><\/a>\u201eHarmadik \u00e9ve r\u00e9sze a Ny\u00e1ri Egyetemnek a Hallgat\u00f3i \u00d6nkorm\u00e1nyzat (H\u00d6K) szervez\u00e9s\u00e9ben a Z\u00f6ld Egyetem programnap, \u00edgy ez m\u00e1r hagyom\u00e1nynak is nevezhet\u0151. Ennek kiemelt t\u00e9m\u00e1ja a k\u00f6rnyezetv\u00e9delem \u00e9s a fenntarthat\u00f3s\u00e1g gondolata\u201d \u2013 k\u00f6sz\u00f6nt\u00f6tte az esem\u00e9ny hallgat\u00f3s\u00e1g\u00e1t az egyetem vezet\u00e9se nev\u00e9ben Feket\u00e9n\u00e9 dr. Szab\u00f3 \u00c9va, strat\u00e9giai \u00e9s innov\u00e1ci\u00f3s rektorhelyettes. Mint mondta, tant\u00e1rgyfelel\u0151sk\u00e9nt is \u00f6r\u00f6mmel l\u00e1tja, hogy az \u00e1ltala vitt hasonl\u00f3 tematik\u00e1j\u00fa kurzusb\u00f3l \u2013 melyet eddig mintegy 1500 hallgat\u00f3 teljes\u00edtett az \u00e9vek sor\u00e1n \u2013 kin\u0151hetett egy ilyen eg\u00e9sz napos rendezv\u00e9ny. Ezen a napon szak\u00e9rt\u0151kkel j\u00f3 gyakorlatokon kereszt\u00fcl k\u00f6z\u00f6sen gondolkodhatnak az egy\u00e9ni \u00e9s k\u00f6z\u00f6s felel\u0151ss\u00e9g k\u00e9rd\u00e9sein \u2013 mutatott r\u00e1. A rektorhelyettes kiemelte: A fels\u0151oktat\u00e1si int\u00e9zm\u00e9nyeknek mindig kiemelt szerepe van a j\u00f6v\u0151alkot\u00e1sban.<\/p>\n<blockquote>\n<p>Szeretn\u00e9nk, ha a k\u00f6rnyezetv\u00e9delmi t\u00e9ma nem csak egy elszigetelt projekt vagy egy sikeres tant\u00e1rgy legyen, hanem egy egyetemi mozgalomm\u00e1, \u00e9letst\u00edluss\u00e1 v\u00e1lna \u00e9s az egyetem minden ter\u00fclet\u00e9n e szerint gondolkodn\u00e1nk, ez hat\u00e1rozn\u00e1 meg a j\u00f6v\u0151nket<\/p>\n<\/blockquote>\n<p>\u2013 hangs\u00falyozta a rektorhelyettes. A programok k\u00f6zt Balogh Levente, a Szentkir\u00e1lyi Magyarorsz\u00e1g Kft. alap\u00edt\u00f3ja \u00e9s eln\u00f6ke, valamint Fekete Nikolett PR menedzser az \u00e9lelmiszeripari fenntarthat\u00f3s\u00e1g jelent\u0151s\u00e9g\u00e9re \u00e9s a v\u00edz tisztas\u00e1g\u00e1ra, a term\u00e9szetes vizek jelent\u0151s\u00e9g\u00e9re, a csomagol\u00e1s fenntarthat\u00f3s\u00e1gi szempontjaira h\u00edvta fel a figyelmet. A k\u00f6rnyezetbar\u00e1t sz\u00e1j\u00e1pol\u00e1si eszk\u00f6z\u00f6k kiv\u00e1laszt\u00e1s\u00e1nak \u00f6kol\u00f3giai \u00e9s hat\u00e9konys\u00e1gi szempontjaira mutatott r\u00e1 Mester Emese, klinikai fog\u00e1szati higi\u00e9nikus. Horv\u00e1th Anik\u00f3, Semmelweis Egyetem Integr\u00e1lt Ir\u00e1ny\u00edt\u00e1si Rendszer oszt\u00e1lyvezet\u0151je kiemelte: a megel\u0151z\u00e9s nemcsak biztons\u00e1gosabb, hanem fenntarthat\u00f3bb is: ez az elv m\u00e1r Semmelweis Ign\u00e1c gondolkod\u00e1sm\u00f3dj\u00e1ban is jelen volt. De sz\u00f3 volt m\u00e9g a sportversenyek k\u00f6rnyezetv\u00e9delmi fenntarthat\u00f3s\u00e1gi szempontjair\u00f3l, a k\u00fcl\u00f6nb\u00f6z\u0151 tiszt\u00edt\u00f3szerek eg\u00e9szs\u00e9ges vagy toxikus \u00f6sszetev\u0151ir\u0151l is Bartus Marcell \u201eTrendrak\u00f3\u201d, k\u00f6zeg\u00e9szs\u00e9g\u00fcgyi szak\u00edr\u00f3 el\u0151ad\u00e1s\u00e1ban. Horv\u00e1th Gabriella M\u00e1ria az \u00c9l\u0151 K\u00f6rnyezet\u00e9rt Felel\u0151s Miniszt\u00e9rium oszt\u00e1lyvezet\u0151je besz\u00e9lt az \u00f6sszekapcsolt vil\u00e1gunk fenntarthat\u00f3s\u00e1gi k\u00e9rd\u00e9seir\u0151l, de a d\u00e9lut\u00e1ni t\u00e9m\u00e1k k\u00f6zt volt m\u00e9g \u00e9p\u00edt\u00e9szet \u00e9s fenntarthat\u00f3 t\u00e1pl\u00e1lkoz\u00e1s a dietetika megk\u00f6zel\u00edt\u00e9s\u00e9ben is.<\/p>\n<\/div>\n\n        [slb_exclude]\n        <div class=\"row galeria-wrapper mx-0 h-auto\">\n            <div class=\"col-9 pl-0 pr-2\">\n            <span class=\"gallery-item frame\">\n\t\t\t\t<div class=\"galeria-left-img\"><a href=\"https:\/\/semmelweis.hu\/hirek\/files\/2026\/08\/RS242475_0E1A0749_scl.jpg\"><img src=https:\/\/semmelweis.hu\/hirek\/files\/2026\/08\/RS242475_0E1A0749_scl.jpg  \n                            alt=\"\" \n                            class=\"attachment-sote-gallery-big size-sote-gallery-big\" \n                            srcset=\"https:\/\/semmelweis.hu\/hirek\/files\/2026\/08\/RS242475_0E1A0749_scl-400x267.jpg 400w, https:\/\/semmelweis.hu\/hirek\/files\/2026\/08\/RS242475_0E1A0749_scl-900x600.jpg 900w, https:\/\/semmelweis.hu\/hirek\/files\/2026\/08\/RS242475_0E1A0749_scl-768x512.jpg 768w, https:\/\/semmelweis.hu\/hirek\/files\/2026\/08\/RS242475_0E1A0749_scl-753x502.jpg 753w, https:\/\/semmelweis.hu\/hirek\/files\/2026\/08\/RS242475_0E1A0749_scl-203x135.jpg 203w, https:\/\/semmelweis.hu\/hirek\/files\/2026\/08\/RS242475_0E1A0749_scl.jpg 1200w\" ><\/a><\/div>\n            <\/span>\n\n            <\/div>\n\n\t\t\t<div class=\"col-3 pl-0 pr-0\">\n\t\t\t\t<div class=\"galeria-right-img d-flex justify-content-between flex-column h-100 w-100 px-0 mx-0 \">\n                <div class=\"galeria-box\">\n\t\t\t\t\t<h3 class=\"galeria-title\">Gal\u00e9ria<\/h3>\n\t\t\t\t\t<div class=\"galeria-subtitle\">\n\n\t\t\t\t\t\t<div class=\"galeria-page-counter\"><span>25<\/span>k\u00e9p<\/div>\n                    <\/div> <\/div>\n                    <span class=\"gallery-item frame d-none d-md-flex\">\n\t\t\t\t\t<div class=\"galeria-small-img mt-0\"><a href=\"https:\/\/semmelweis.hu\/hirek\/files\/2026\/08\/RS242235_0E1A9619_scl.jpg\"><img src=https:\/\/semmelweis.hu\/hirek\/files\/2026\/08\/RS242235_0E1A9619_scl.jpg \n                                alt=\"\"  \n                                class=\"attachment-sote-gallery-small size-sote-gallery-small\" \n                                srcset=\"https:\/\/semmelweis.hu\/hirek\/files\/2026\/08\/RS242235_0E1A9619_scl-400x267.jpg 400w, https:\/\/semmelweis.hu\/hirek\/files\/2026\/08\/RS242235_0E1A9619_scl-900x600.jpg 900w, https:\/\/semmelweis.hu\/hirek\/files\/2026\/08\/RS242235_0E1A9619_scl-768x512.jpg 768w, https:\/\/semmelweis.hu\/hirek\/files\/2026\/08\/RS242235_0E1A9619_scl-753x502.jpg 753w, https:\/\/semmelweis.hu\/hirek\/files\/2026\/08\/RS242235_0E1A9619_scl-203x135.jpg 203w, https:\/\/semmelweis.hu\/hirek\/files\/2026\/08\/RS242235_0E1A9619_scl.jpg 1200w\" ><\/a><\/div>\n                    <\/span>\n                    <span class=\"gallery-item frame d-none d-md-flex\">\n\t\t\t\t\t<div class=\"galeria-small-img mt-0\"><a href=\"https:\/\/semmelweis.hu\/hirek\/files\/2026\/08\/RS242363_GV5A4336_scl.jpg\"><img src=https:\/\/semmelweis.hu\/hirek\/files\/2026\/08\/RS242363_GV5A4336_scl.jpg \n                                alt=\"\" \n                                class=\"attachment-sote-gallery-small size-sote-gallery-small\" \n                                srcset=\"https:\/\/semmelweis.hu\/hirek\/files\/2026\/08\/RS242363_GV5A4336_scl-400x267.jpg 400w, https:\/\/semmelweis.hu\/hirek\/files\/2026\/08\/RS242363_GV5A4336_scl-900x600.jpg 900w, https:\/\/semmelweis.hu\/hirek\/files\/2026\/08\/RS242363_GV5A4336_scl-768x512.jpg 768w, https:\/\/semmelweis.hu\/hirek\/files\/2026\/08\/RS242363_GV5A4336_scl-753x502.jpg 753w, https:\/\/semmelweis.hu\/hirek\/files\/2026\/08\/RS242363_GV5A4336_scl-203x135.jpg 203w, https:\/\/semmelweis.hu\/hirek\/files\/2026\/08\/RS242363_GV5A4336_scl.jpg 1200w\" ><\/a><\/div>\n                    <\/span>\n\n                <\/div>\n\n            <\/div>\n\n            <span class=\"gallery-item\"><div class=\"hidden\"><a href=\"https:\/\/semmelweis.hu\/hirek\/files\/2026\/08\/RS242220_0E1A9255_scl.jpg\">\n        <img src=https:\/\/semmelweis.hu\/hirek\/files\/2026\/08\/RS242220_0E1A9255_scl.jpg alt=\"\" class=\"attachment-sote-gallery-big size-sote-gallery-big\" srcset=\"https:\/\/semmelweis.hu\/hirek\/files\/2026\/08\/RS242220_0E1A9255_scl-400x267.jpg 400w, https:\/\/semmelweis.hu\/hirek\/files\/2026\/08\/RS242220_0E1A9255_scl-900x600.jpg 900w, https:\/\/semmelweis.hu\/hirek\/files\/2026\/08\/RS242220_0E1A9255_scl-768x512.jpg 768w, https:\/\/semmelweis.hu\/hirek\/files\/2026\/08\/RS242220_0E1A9255_scl-753x502.jpg 753w, https:\/\/semmelweis.hu\/hirek\/files\/2026\/08\/RS242220_0E1A9255_scl-203x135.jpg 203w, https:\/\/semmelweis.hu\/hirek\/files\/2026\/08\/RS242220_0E1A9255_scl.jpg 1200w\" >\n        <\/a><\/div><\/span><span class=\"gallery-item\"><div class=\"hidden\"><a href=\"https:\/\/semmelweis.hu\/hirek\/files\/2026\/08\/RS242222_0E1A9344_scl.jpg\">\n        <img src=https:\/\/semmelweis.hu\/hirek\/files\/2026\/08\/RS242222_0E1A9344_scl.jpg alt=\"\" class=\"attachment-sote-gallery-big size-sote-gallery-big\" srcset=\"https:\/\/semmelweis.hu\/hirek\/files\/2026\/08\/RS242222_0E1A9344_scl-400x267.jpg 400w, https:\/\/semmelweis.hu\/hirek\/files\/2026\/08\/RS242222_0E1A9344_scl-900x600.jpg 900w, https:\/\/semmelweis.hu\/hirek\/files\/2026\/08\/RS242222_0E1A9344_scl-768x512.jpg 768w, https:\/\/semmelweis.hu\/hirek\/files\/2026\/08\/RS242222_0E1A9344_scl-753x502.jpg 753w, https:\/\/semmelweis.hu\/hirek\/files\/2026\/08\/RS242222_0E1A9344_scl-203x135.jpg 203w, https:\/\/semmelweis.hu\/hirek\/files\/2026\/08\/RS242222_0E1A9344_scl.jpg 1200w\" >\n        <\/a><\/div><\/span><span class=\"gallery-item\"><div class=\"hidden\"><a href=\"https:\/\/semmelweis.hu\/hirek\/files\/2026\/08\/RS242231_0E1A9592_scl.jpg\">\n        <img src=https:\/\/semmelweis.hu\/hirek\/files\/2026\/08\/RS242231_0E1A9592_scl.jpg alt=\"\" class=\"attachment-sote-gallery-big size-sote-gallery-big\" srcset=\"https:\/\/semmelweis.hu\/hirek\/files\/2026\/08\/RS242231_0E1A9592_scl-400x267.jpg 400w, https:\/\/semmelweis.hu\/hirek\/files\/2026\/08\/RS242231_0E1A9592_scl-900x600.jpg 900w, https:\/\/semmelweis.hu\/hirek\/files\/2026\/08\/RS242231_0E1A9592_scl-768x512.jpg 768w, https:\/\/semmelweis.hu\/hirek\/files\/2026\/08\/RS242231_0E1A9592_scl-753x502.jpg 753w, https:\/\/semmelweis.hu\/hirek\/files\/2026\/08\/RS242231_0E1A9592_scl-203x135.jpg 203w, https:\/\/semmelweis.hu\/hirek\/files\/2026\/08\/RS242231_0E1A9592_scl.jpg 1200w\" >\n        <\/a><\/div><\/span><span class=\"gallery-item\"><div class=\"hidden\"><a href=\"https:\/\/semmelweis.hu\/hirek\/files\/2026\/08\/RS242228_0E1A9567_scl-1.jpg\">\n        <img src=https:\/\/semmelweis.hu\/hirek\/files\/2026\/08\/RS242228_0E1A9567_scl-1.jpg alt=\"\" class=\"attachment-sote-gallery-big size-sote-gallery-big\" srcset=\"https:\/\/semmelweis.hu\/hirek\/files\/2026\/08\/RS242228_0E1A9567_scl-1-400x267.jpg 400w, https:\/\/semmelweis.hu\/hirek\/files\/2026\/08\/RS242228_0E1A9567_scl-1-900x600.jpg 900w, https:\/\/semmelweis.hu\/hirek\/files\/2026\/08\/RS242228_0E1A9567_scl-1-768x512.jpg 768w, https:\/\/semmelweis.hu\/hirek\/files\/2026\/08\/RS242228_0E1A9567_scl-1-753x502.jpg 753w, https:\/\/semmelweis.hu\/hirek\/files\/2026\/08\/RS242228_0E1A9567_scl-1-203x135.jpg 203w, https:\/\/semmelweis.hu\/hirek\/files\/2026\/08\/RS242228_0E1A9567_scl-1.jpg 1200w\" >\n        <\/a><\/div><\/span><span class=\"gallery-item\"><div class=\"hidden\"><a href=\"https:\/\/semmelweis.hu\/hirek\/files\/2026\/08\/RS242251_0E1A9776_scl.jpg\">\n        <img src=https:\/\/semmelweis.hu\/hirek\/files\/2026\/08\/RS242251_0E1A9776_scl.jpg alt=\"\" class=\"attachment-sote-gallery-big size-sote-gallery-big\" srcset=\"https:\/\/semmelweis.hu\/hirek\/files\/2026\/08\/RS242251_0E1A9776_scl-400x267.jpg 400w, https:\/\/semmelweis.hu\/hirek\/files\/2026\/08\/RS242251_0E1A9776_scl-900x600.jpg 900w, https:\/\/semmelweis.hu\/hirek\/files\/2026\/08\/RS242251_0E1A9776_scl-768x512.jpg 768w, https:\/\/semmelweis.hu\/hirek\/files\/2026\/08\/RS242251_0E1A9776_scl-753x502.jpg 753w, https:\/\/semmelweis.hu\/hirek\/files\/2026\/08\/RS242251_0E1A9776_scl-203x135.jpg 203w, https:\/\/semmelweis.hu\/hirek\/files\/2026\/08\/RS242251_0E1A9776_scl.jpg 1200w\" >\n        <\/a><\/div><\/span><span class=\"gallery-item\"><div class=\"hidden\"><a href=\"https:\/\/semmelweis.hu\/hirek\/files\/2026\/08\/RS242429_GV5A4889_scl.jpg\">\n        <img src=https:\/\/semmelweis.hu\/hirek\/files\/2026\/08\/RS242429_GV5A4889_scl.jpg alt=\"\" class=\"attachment-sote-gallery-big size-sote-gallery-big\" srcset=\"https:\/\/semmelweis.hu\/hirek\/files\/2026\/08\/RS242429_GV5A4889_scl-400x267.jpg 400w, https:\/\/semmelweis.hu\/hirek\/files\/2026\/08\/RS242429_GV5A4889_scl-900x600.jpg 900w, https:\/\/semmelweis.hu\/hirek\/files\/2026\/08\/RS242429_GV5A4889_scl-768x512.jpg 768w, https:\/\/semmelweis.hu\/hirek\/files\/2026\/08\/RS242429_GV5A4889_scl-753x502.jpg 753w, https:\/\/semmelweis.hu\/hirek\/files\/2026\/08\/RS242429_GV5A4889_scl-203x135.jpg 203w, https:\/\/semmelweis.hu\/hirek\/files\/2026\/08\/RS242429_GV5A4889_scl.jpg 1200w\" >\n        <\/a><\/div><\/span><span class=\"gallery-item\"><div class=\"hidden\"><a href=\"https:\/\/semmelweis.hu\/hirek\/files\/2026\/08\/RS242387_GV5A4507_scl.jpg\">\n        <img src=https:\/\/semmelweis.hu\/hirek\/files\/2026\/08\/RS242387_GV5A4507_scl.jpg alt=\"\" class=\"attachment-sote-gallery-big size-sote-gallery-big\" srcset=\"https:\/\/semmelweis.hu\/hirek\/files\/2026\/08\/RS242387_GV5A4507_scl-400x267.jpg 400w, https:\/\/semmelweis.hu\/hirek\/files\/2026\/08\/RS242387_GV5A4507_scl-900x600.jpg 900w, https:\/\/semmelweis.hu\/hirek\/files\/2026\/08\/RS242387_GV5A4507_scl-768x512.jpg 768w, https:\/\/semmelweis.hu\/hirek\/files\/2026\/08\/RS242387_GV5A4507_scl-753x502.jpg 753w, https:\/\/semmelweis.hu\/hirek\/files\/2026\/08\/RS242387_GV5A4507_scl-203x135.jpg 203w, https:\/\/semmelweis.hu\/hirek\/files\/2026\/08\/RS242387_GV5A4507_scl.jpg 1200w\" >\n        <\/a><\/div><\/span><span class=\"gallery-item\"><div class=\"hidden\"><a href=\"https:\/\/semmelweis.hu\/hirek\/files\/2026\/08\/RS242440_0E1A0364_scl.jpg\">\n        <img src=https:\/\/semmelweis.hu\/hirek\/files\/2026\/08\/RS242440_0E1A0364_scl.jpg alt=\"\" class=\"attachment-sote-gallery-big size-sote-gallery-big\" srcset=\"https:\/\/semmelweis.hu\/hirek\/files\/2026\/08\/RS242440_0E1A0364_scl-400x267.jpg 400w, https:\/\/semmelweis.hu\/hirek\/files\/2026\/08\/RS242440_0E1A0364_scl-900x600.jpg 900w, https:\/\/semmelweis.hu\/hirek\/files\/2026\/08\/RS242440_0E1A0364_scl-768x512.jpg 768w, https:\/\/semmelweis.hu\/hirek\/files\/2026\/08\/RS242440_0E1A0364_scl-753x502.jpg 753w, https:\/\/semmelweis.hu\/hirek\/files\/2026\/08\/RS242440_0E1A0364_scl-203x135.jpg 203w, https:\/\/semmelweis.hu\/hirek\/files\/2026\/08\/RS242440_0E1A0364_scl.jpg 1200w\" >\n        <\/a><\/div><\/span><span class=\"gallery-item\"><div class=\"hidden\"><a href=\"https:\/\/semmelweis.hu\/hirek\/files\/2026\/08\/RS242217_0E1A0354_scl.jpg\">\n        <img src=https:\/\/semmelweis.hu\/hirek\/files\/2026\/08\/RS242217_0E1A0354_scl.jpg alt=\"\" class=\"attachment-sote-gallery-big size-sote-gallery-big\" srcset=\"https:\/\/semmelweis.hu\/hirek\/files\/2026\/08\/RS242217_0E1A0354_scl-400x267.jpg 400w, https:\/\/semmelweis.hu\/hirek\/files\/2026\/08\/RS242217_0E1A0354_scl-900x600.jpg 900w, https:\/\/semmelweis.hu\/hirek\/files\/2026\/08\/RS242217_0E1A0354_scl-768x512.jpg 768w, https:\/\/semmelweis.hu\/hirek\/files\/2026\/08\/RS242217_0E1A0354_scl-753x502.jpg 753w, https:\/\/semmelweis.hu\/hirek\/files\/2026\/08\/RS242217_0E1A0354_scl-203x135.jpg 203w, https:\/\/semmelweis.hu\/hirek\/files\/2026\/08\/RS242217_0E1A0354_scl.jpg 1200w\" >\n        <\/a><\/div><\/span><span class=\"gallery-item\"><div class=\"hidden\"><a href=\"https:\/\/semmelweis.hu\/hirek\/files\/2026\/08\/RS242437_GV5A4927_scl.jpg\">\n        <img src=https:\/\/semmelweis.hu\/hirek\/files\/2026\/08\/RS242437_GV5A4927_scl.jpg alt=\"\" class=\"attachment-sote-gallery-big size-sote-gallery-big\" srcset=\"https:\/\/semmelweis.hu\/hirek\/files\/2026\/08\/RS242437_GV5A4927_scl-400x267.jpg 400w, https:\/\/semmelweis.hu\/hirek\/files\/2026\/08\/RS242437_GV5A4927_scl-900x600.jpg 900w, https:\/\/semmelweis.hu\/hirek\/files\/2026\/08\/RS242437_GV5A4927_scl-768x512.jpg 768w, https:\/\/semmelweis.hu\/hirek\/files\/2026\/08\/RS242437_GV5A4927_scl-753x502.jpg 753w, https:\/\/semmelweis.hu\/hirek\/files\/2026\/08\/RS242437_GV5A4927_scl-203x135.jpg 203w, https:\/\/semmelweis.hu\/hirek\/files\/2026\/08\/RS242437_GV5A4927_scl.jpg 1200w\" >\n        <\/a><\/div><\/span><span class=\"gallery-item\"><div class=\"hidden\"><a href=\"https:\/\/semmelweis.hu\/hirek\/files\/2026\/08\/RS242212_0E1A0122_scl.jpg\">\n        <img src=https:\/\/semmelweis.hu\/hirek\/files\/2026\/08\/RS242212_0E1A0122_scl.jpg alt=\"\" class=\"attachment-sote-gallery-big size-sote-gallery-big\" srcset=\"https:\/\/semmelweis.hu\/hirek\/files\/2026\/08\/RS242212_0E1A0122_scl-400x267.jpg 400w, https:\/\/semmelweis.hu\/hirek\/files\/2026\/08\/RS242212_0E1A0122_scl-900x600.jpg 900w, https:\/\/semmelweis.hu\/hirek\/files\/2026\/08\/RS242212_0E1A0122_scl-768x512.jpg 768w, https:\/\/semmelweis.hu\/hirek\/files\/2026\/08\/RS242212_0E1A0122_scl-753x502.jpg 753w, https:\/\/semmelweis.hu\/hirek\/files\/2026\/08\/RS242212_0E1A0122_scl-203x135.jpg 203w, https:\/\/semmelweis.hu\/hirek\/files\/2026\/08\/RS242212_0E1A0122_scl.jpg 1200w\" >\n        <\/a><\/div><\/span><span class=\"gallery-item\"><div class=\"hidden\"><a href=\"https:\/\/semmelweis.hu\/hirek\/files\/2026\/08\/RS242366_GV5A4378_scl.jpg\">\n        <img src=https:\/\/semmelweis.hu\/hirek\/files\/2026\/08\/RS242366_GV5A4378_scl.jpg alt=\"\" class=\"attachment-sote-gallery-big size-sote-gallery-big\" srcset=\"https:\/\/semmelweis.hu\/hirek\/files\/2026\/08\/RS242366_GV5A4378_scl-400x267.jpg 400w, https:\/\/semmelweis.hu\/hirek\/files\/2026\/08\/RS242366_GV5A4378_scl-900x600.jpg 900w, https:\/\/semmelweis.hu\/hirek\/files\/2026\/08\/RS242366_GV5A4378_scl-768x512.jpg 768w, https:\/\/semmelweis.hu\/hirek\/files\/2026\/08\/RS242366_GV5A4378_scl-753x502.jpg 753w, https:\/\/semmelweis.hu\/hirek\/files\/2026\/08\/RS242366_GV5A4378_scl-203x135.jpg 203w, https:\/\/semmelweis.hu\/hirek\/files\/2026\/08\/RS242366_GV5A4378_scl.jpg 1200w\" >\n        <\/a><\/div><\/span><span class=\"gallery-item\"><div class=\"hidden\"><a href=\"https:\/\/semmelweis.hu\/hirek\/files\/2026\/08\/RS242215_0E1A0205_scl.jpg\">\n        <img src=https:\/\/semmelweis.hu\/hirek\/files\/2026\/08\/RS242215_0E1A0205_scl.jpg alt=\"\" class=\"attachment-sote-gallery-big size-sote-gallery-big\" srcset=\"https:\/\/semmelweis.hu\/hirek\/files\/2026\/08\/RS242215_0E1A0205_scl-400x267.jpg 400w, https:\/\/semmelweis.hu\/hirek\/files\/2026\/08\/RS242215_0E1A0205_scl-900x600.jpg 900w, https:\/\/semmelweis.hu\/hirek\/files\/2026\/08\/RS242215_0E1A0205_scl-768x512.jpg 768w, https:\/\/semmelweis.hu\/hirek\/files\/2026\/08\/RS242215_0E1A0205_scl-753x502.jpg 753w, https:\/\/semmelweis.hu\/hirek\/files\/2026\/08\/RS242215_0E1A0205_scl-203x135.jpg 203w, https:\/\/semmelweis.hu\/hirek\/files\/2026\/08\/RS242215_0E1A0205_scl.jpg 1200w\" >\n        <\/a><\/div><\/span><span class=\"gallery-item\"><div class=\"hidden\"><a href=\"https:\/\/semmelweis.hu\/hirek\/files\/2026\/08\/RS242402_GV5A4693_scl.jpg\">\n        <img src=https:\/\/semmelweis.hu\/hirek\/files\/2026\/08\/RS242402_GV5A4693_scl.jpg alt=\"\" class=\"attachment-sote-gallery-big size-sote-gallery-big\" srcset=\"https:\/\/semmelweis.hu\/hirek\/files\/2026\/08\/RS242402_GV5A4693_scl-400x267.jpg 400w, https:\/\/semmelweis.hu\/hirek\/files\/2026\/08\/RS242402_GV5A4693_scl-900x600.jpg 900w, https:\/\/semmelweis.hu\/hirek\/files\/2026\/08\/RS242402_GV5A4693_scl-768x512.jpg 768w, https:\/\/semmelweis.hu\/hirek\/files\/2026\/08\/RS242402_GV5A4693_scl-753x502.jpg 753w, https:\/\/semmelweis.hu\/hirek\/files\/2026\/08\/RS242402_GV5A4693_scl-203x135.jpg 203w, https:\/\/semmelweis.hu\/hirek\/files\/2026\/08\/RS242402_GV5A4693_scl.jpg 1200w\" >\n        <\/a><\/div><\/span><span class=\"gallery-item\"><div class=\"hidden\"><a href=\"https:\/\/semmelweis.hu\/hirek\/files\/2026\/08\/RS242404_GV5A4688_scl.jpg\">\n        <img src=https:\/\/semmelweis.hu\/hirek\/files\/2026\/08\/RS242404_GV5A4688_scl.jpg alt=\"\" class=\"attachment-sote-gallery-big size-sote-gallery-big\" srcset=\"https:\/\/semmelweis.hu\/hirek\/files\/2026\/08\/RS242404_GV5A4688_scl-400x267.jpg 400w, https:\/\/semmelweis.hu\/hirek\/files\/2026\/08\/RS242404_GV5A4688_scl-900x600.jpg 900w, https:\/\/semmelweis.hu\/hirek\/files\/2026\/08\/RS242404_GV5A4688_scl-768x512.jpg 768w, https:\/\/semmelweis.hu\/hirek\/files\/2026\/08\/RS242404_GV5A4688_scl-753x502.jpg 753w, https:\/\/semmelweis.hu\/hirek\/files\/2026\/08\/RS242404_GV5A4688_scl-203x135.jpg 203w, https:\/\/semmelweis.hu\/hirek\/files\/2026\/08\/RS242404_GV5A4688_scl.jpg 1200w\" >\n        <\/a><\/div><\/span><span class=\"gallery-item\"><div class=\"hidden\"><a href=\"https:\/\/semmelweis.hu\/hirek\/files\/2026\/08\/RS242356_GV5A4250_scl.jpg\">\n        <img src=https:\/\/semmelweis.hu\/hirek\/files\/2026\/08\/RS242356_GV5A4250_scl.jpg alt=\"\" class=\"attachment-sote-gallery-big size-sote-gallery-big\" srcset=\"https:\/\/semmelweis.hu\/hirek\/files\/2026\/08\/RS242356_GV5A4250_scl-400x267.jpg 400w, https:\/\/semmelweis.hu\/hirek\/files\/2026\/08\/RS242356_GV5A4250_scl-900x600.jpg 900w, https:\/\/semmelweis.hu\/hirek\/files\/2026\/08\/RS242356_GV5A4250_scl-768x512.jpg 768w, https:\/\/semmelweis.hu\/hirek\/files\/2026\/08\/RS242356_GV5A4250_scl-753x502.jpg 753w, https:\/\/semmelweis.hu\/hirek\/files\/2026\/08\/RS242356_GV5A4250_scl-203x135.jpg 203w, https:\/\/semmelweis.hu\/hirek\/files\/2026\/08\/RS242356_GV5A4250_scl.jpg 1200w\" >\n        <\/a><\/div><\/span><span class=\"gallery-item\"><div class=\"hidden\"><a href=\"https:\/\/semmelweis.hu\/hirek\/files\/2026\/08\/RS242252_0E1A9787_scl.jpg\">\n        <img src=https:\/\/semmelweis.hu\/hirek\/files\/2026\/08\/RS242252_0E1A9787_scl.jpg alt=\"\" class=\"attachment-sote-gallery-big size-sote-gallery-big\" srcset=\"https:\/\/semmelweis.hu\/hirek\/files\/2026\/08\/RS242252_0E1A9787_scl-400x267.jpg 400w, https:\/\/semmelweis.hu\/hirek\/files\/2026\/08\/RS242252_0E1A9787_scl-900x600.jpg 900w, https:\/\/semmelweis.hu\/hirek\/files\/2026\/08\/RS242252_0E1A9787_scl-768x512.jpg 768w, https:\/\/semmelweis.hu\/hirek\/files\/2026\/08\/RS242252_0E1A9787_scl-753x502.jpg 753w, https:\/\/semmelweis.hu\/hirek\/files\/2026\/08\/RS242252_0E1A9787_scl-203x135.jpg 203w, https:\/\/semmelweis.hu\/hirek\/files\/2026\/08\/RS242252_0E1A9787_scl.jpg 1200w\" >\n        <\/a><\/div><\/span><span class=\"gallery-item\"><div class=\"hidden\"><a href=\"https:\/\/semmelweis.hu\/hirek\/files\/2026\/08\/RS242448_0E1A0477_scl.jpg\">\n        <img src=https:\/\/semmelweis.hu\/hirek\/files\/2026\/08\/RS242448_0E1A0477_scl.jpg alt=\"\" class=\"attachment-sote-gallery-big size-sote-gallery-big\" srcset=\"https:\/\/semmelweis.hu\/hirek\/files\/2026\/08\/RS242448_0E1A0477_scl-400x267.jpg 400w, https:\/\/semmelweis.hu\/hirek\/files\/2026\/08\/RS242448_0E1A0477_scl-900x600.jpg 900w, https:\/\/semmelweis.hu\/hirek\/files\/2026\/08\/RS242448_0E1A0477_scl-768x512.jpg 768w, https:\/\/semmelweis.hu\/hirek\/files\/2026\/08\/RS242448_0E1A0477_scl-753x502.jpg 753w, https:\/\/semmelweis.hu\/hirek\/files\/2026\/08\/RS242448_0E1A0477_scl-203x135.jpg 203w, https:\/\/semmelweis.hu\/hirek\/files\/2026\/08\/RS242448_0E1A0477_scl.jpg 1200w\" >\n        <\/a><\/div><\/span><span class=\"gallery-item\"><div class=\"hidden\"><a href=\"https:\/\/semmelweis.hu\/hirek\/files\/2026\/08\/RS242414_GV5A4764_scl-1.jpg\">\n        <img src=https:\/\/semmelweis.hu\/hirek\/files\/2026\/08\/RS242414_GV5A4764_scl-1.jpg alt=\"\" class=\"attachment-sote-gallery-big size-sote-gallery-big\" srcset=\"https:\/\/semmelweis.hu\/hirek\/files\/2026\/08\/RS242414_GV5A4764_scl-1-400x267.jpg 400w, https:\/\/semmelweis.hu\/hirek\/files\/2026\/08\/RS242414_GV5A4764_scl-1-900x600.jpg 900w, https:\/\/semmelweis.hu\/hirek\/files\/2026\/08\/RS242414_GV5A4764_scl-1-768x512.jpg 768w, https:\/\/semmelweis.hu\/hirek\/files\/2026\/08\/RS242414_GV5A4764_scl-1-753x502.jpg 753w, https:\/\/semmelweis.hu\/hirek\/files\/2026\/08\/RS242414_GV5A4764_scl-1-203x135.jpg 203w, https:\/\/semmelweis.hu\/hirek\/files\/2026\/08\/RS242414_GV5A4764_scl-1.jpg 1200w\" >\n        <\/a><\/div><\/span><span class=\"gallery-item\"><div class=\"hidden\"><a href=\"https:\/\/semmelweis.hu\/hirek\/files\/2026\/08\/RS242447_0E1A0491_scl.jpg\">\n        <img src=https:\/\/semmelweis.hu\/hirek\/files\/2026\/08\/RS242447_0E1A0491_scl.jpg alt=\"\" class=\"attachment-sote-gallery-big size-sote-gallery-big\" srcset=\"https:\/\/semmelweis.hu\/hirek\/files\/2026\/08\/RS242447_0E1A0491_scl-400x267.jpg 400w, https:\/\/semmelweis.hu\/hirek\/files\/2026\/08\/RS242447_0E1A0491_scl-900x600.jpg 900w, https:\/\/semmelweis.hu\/hirek\/files\/2026\/08\/RS242447_0E1A0491_scl-768x512.jpg 768w, https:\/\/semmelweis.hu\/hirek\/files\/2026\/08\/RS242447_0E1A0491_scl-753x502.jpg 753w, https:\/\/semmelweis.hu\/hirek\/files\/2026\/08\/RS242447_0E1A0491_scl-203x135.jpg 203w, https:\/\/semmelweis.hu\/hirek\/files\/2026\/08\/RS242447_0E1A0491_scl.jpg 1200w\" >\n        <\/a><\/div><\/span><span class=\"gallery-item\"><div class=\"hidden\"><a href=\"https:\/\/semmelweis.hu\/hirek\/files\/2026\/08\/RS242469_0E1A0641_scl.jpg\">\n        <img src=https:\/\/semmelweis.hu\/hirek\/files\/2026\/08\/RS242469_0E1A0641_scl.jpg alt=\"\" class=\"attachment-sote-gallery-big size-sote-gallery-big\" srcset=\"https:\/\/semmelweis.hu\/hirek\/files\/2026\/08\/RS242469_0E1A0641_scl-400x267.jpg 400w, https:\/\/semmelweis.hu\/hirek\/files\/2026\/08\/RS242469_0E1A0641_scl-900x600.jpg 900w, https:\/\/semmelweis.hu\/hirek\/files\/2026\/08\/RS242469_0E1A0641_scl-768x512.jpg 768w, https:\/\/semmelweis.hu\/hirek\/files\/2026\/08\/RS242469_0E1A0641_scl-753x502.jpg 753w, https:\/\/semmelweis.hu\/hirek\/files\/2026\/08\/RS242469_0E1A0641_scl-203x135.jpg 203w, https:\/\/semmelweis.hu\/hirek\/files\/2026\/08\/RS242469_0E1A0641_scl.jpg 1200w\" >\n        <\/a><\/div><\/span><span class=\"gallery-item\"><div class=\"hidden\"><a href=\"https:\/\/semmelweis.hu\/hirek\/files\/2026\/08\/RS242472_0E1A0671_scl.jpg\">\n        <img src=https:\/\/semmelweis.hu\/hirek\/files\/2026\/08\/RS242472_0E1A0671_scl.jpg alt=\"\" class=\"attachment-sote-gallery-big size-sote-gallery-big\" srcset=\"https:\/\/semmelweis.hu\/hirek\/files\/2026\/08\/RS242472_0E1A0671_scl-400x267.jpg 400w, https:\/\/semmelweis.hu\/hirek\/files\/2026\/08\/RS242472_0E1A0671_scl-900x600.jpg 900w, https:\/\/semmelweis.hu\/hirek\/files\/2026\/08\/RS242472_0E1A0671_scl-768x512.jpg 768w, https:\/\/semmelweis.hu\/hirek\/files\/2026\/08\/RS242472_0E1A0671_scl-753x502.jpg 753w, https:\/\/semmelweis.hu\/hirek\/files\/2026\/08\/RS242472_0E1A0671_scl-203x135.jpg 203w, https:\/\/semmelweis.hu\/hirek\/files\/2026\/08\/RS242472_0E1A0671_scl.jpg 1200w\" >\n        <\/a><\/div><\/span>\n            <\/div>\n\n            [\/slb_exclude]\n\t\n<p>Kiss Melinda Katalin, Keresztes Eszter, Jancs\u00f3 Orsolya, Tasn\u00e1di R\u00f3bert<br \/>\nFot\u00f3: Barta B\u00e1lint, Zellei Bogl\u00e1rka \u2013 Semmelweis Egyetem<\/p>\n","protected":false},"excerpt":{"rendered":"<p>A hallgat\u00f3k telth\u00e1zas el\u0151ad\u00e1sokkal hangol\u00f3dtak az \u00faj tan\u00e9vre a Semmelweis Egyetemen.<\/p>\n","protected":false},"author":102163,"featured_media":172758,"comment_status":"closed","ping_status":"closed","sticky":true,"template":"","format":"standard","meta":{"_acf_changed":false,"footnotes":""},"categories":[3533,4278],"tags":[4270],"class_list":["post-172713","post","type-post","status-publish","format-standard","has-post-thumbnail","hentry","category-hallgatok-oktatas","category-x-fokuszban","tag-nyari-egyetem"],"acf":[],"_links":{"self":[{"href":"https:\/\/semmelweis.hu\/hirek\/wp-json\/wp\/v2\/posts\/172713","targetHints":{"allow":["GET"]}}],"collection":[{"href":"https:\/\/semmelweis.hu\/hirek\/wp-json\/wp\/v2\/posts"}],"about":[{"href":"https:\/\/semmelweis.hu\/hirek\/wp-json\/wp\/v2\/types\/post"}],"author":[{"embeddable":true,"href":"https:\/\/semmelweis.hu\/hirek\/wp-json\/wp\/v2\/users\/102163"}],"replies":[{"embeddable":true,"href":"https:\/\/semmelweis.hu\/hirek\/wp-json\/wp\/v2\/comments?post=172713"}],"version-history":[{"count":10,"href":"https:\/\/semmelweis.hu\/hirek\/wp-json\/wp\/v2\/posts\/172713\/revisions"}],"predecessor-version":[{"id":172797,"href":"https:\/\/semmelweis.hu\/hirek\/wp-json\/wp\/v2\/posts\/172713\/revisions\/172797"}],"wp:featuredmedia":[{"embeddable":true,"href":"https:\/\/semmelweis.hu\/hirek\/wp-json\/wp\/v2\/media\/172758"}],"wp:attachment":[{"href":"https:\/\/semmelweis.hu\/hirek\/wp-json\/wp\/v2\/media?parent=172713"}],"wp:term":[{"taxonomy":"category","embeddable":true,"href":"https:\/\/semmelweis.hu\/hirek\/wp-json\/wp\/v2\/categories?post=172713"},{"taxonomy":"post_tag","embeddable":true,"href":"https:\/\/semmelweis.hu\/hirek\/wp-json\/wp\/v2\/tags?post=172713"}],"curies":[{"name":"wp","href":"https:\/\/api.w.org\/{rel}","templated":true}]}}