{"id":172712,"date":"2026-09-01T06:00:38","date_gmt":"2026-09-01T04:00:38","guid":{"rendered":"https:\/\/semmelweis.hu\/hirek\/?p=172712"},"modified":"2026-09-01T06:21:07","modified_gmt":"2026-09-01T04:21:07","slug":"semmelweis-podcast-nem-eleg-ha-megerjuk-az-idoskort-az-egeszsegi-allapot-a-lenyeges","status":"publish","type":"post","link":"https:\/\/semmelweis.hu\/hirek\/2026\/09\/01\/semmelweis-podcast-nem-eleg-ha-megerjuk-az-idoskort-az-egeszsegi-allapot-a-lenyeges\/","title":{"rendered":"Semmelweis Podcast: A h\u00e1ziorvos sokkal t\u00f6bbet adhat, mint recepteket"},"content":{"rendered":"<div class=\"lead\"><strong>A hazai lakoss\u00e1g nagy r\u00e9sze nem j\u00e1r, vagy m\u00e1r k\u00e9s\u0151n fordul orvoshoz, pedig a kr\u00f3nikus betegs\u00e9gek hossz\u00fa \u00e9vek alatt alakulnak ki, \u00edgy sok esetben meg lehetne akad\u00e1lyozni \u0151ket. A <a href=\"https:\/\/semmelweis.hu\/hirek\/podcast\/\" target=\"_blank\" rel=\"noopener\">Semmelweis Podcast<\/a> m\u00e1sodik ad\u00e1s\u00e1ban dr. Torzsa P\u00e9ter, a Semmelweis Egyetem Csal\u00e1dorvosi Tansz\u00e9k\u00e9nek vezet\u0151je a megel\u0151z\u00e9s, a sz\u0171r\u0151vizsg\u00e1latokon val\u00f3 r\u00e9szv\u00e9tel \u00e9s ez\u00e1ltal az eg\u00e9szs\u00e9gben elt\u00f6lt\u00f6tt \u00e9let\u00e9vek n\u00f6vel\u00e9s\u00e9nek fontoss\u00e1g\u00e1ra h\u00edvja fel a figyelmet.<\/strong><\/div>\n<p><iframe loading=\"lazy\" title=\"H\u00e1ziorvos: sokkal t\u00f6bbet adhat, mint recepteket \u2013 Dr. Torzsa P\u00e9ter | Semmelweis Podcast #2\" width=\"753\" height=\"424\" src=\"https:\/\/www.youtube.com\/embed\/eQLNO3GF40Y?feature=oembed\" frameborder=\"0\" allow=\"accelerometer; autoplay; clipboard-write; encrypted-media; gyroscope; picture-in-picture; web-share\" referrerpolicy=\"strict-origin-when-cross-origin\" allowfullscreen><\/iframe><\/p>\n<p>\u201eJelenleg a kardiovaszkul\u00e1ris mutat\u00f3ink nem j\u00f3k, nem j\u00e1runk vagy t\u00fal k\u00e9s\u0151n megy\u00fcnk orvoshoz. Mi\u00e9rt visz el valakit a ment\u0151 infarktussal? Hiszen az nem ott \u00e9s akkor alakul ki, el\u0151tte m\u00e1r \u00e9veken-\u00e9vtizedeken \u00e1t magas volt a v\u00e9rnyom\u00e1sa, a koleszterinszintje, stresszelt, kialvatlan volt, \u00e1m ezeket meg tudjuk el\u0151zni. Vagy ha id\u0151ben felismer\u00fcnk p\u00e9ld\u00e1ul egy v\u00e9rz\u0151 polipot, akkor abb\u00f3l nem alakul ki a vastagb\u00e9ldaganat\u201d \u2013 figyelmeztet dr. Torzsa P\u00e9ter egyetemi tan\u00e1r a Semmelweis Podcastban. A professzor hozz\u00e1teszi, hogy az \u00e9letkorokhoz tartoz\u00f3 protokollok alapj\u00e1n a h\u00e1ziorvosok seg\u00edteni tudj\u00e1k a p\u00e1cienseket abban, hogy mikor, milyen sz\u0171r\u0151vizsg\u00e1laton \u00e9rdemes r\u00e9szt venni.<\/p>\n<div class=\"fontos_div\">\n<p>\u201eNem el\u00e9g, hogy meg\u00e9rj\u00fck az id\u0151skort, az a l\u00e9nyeges, hogy milyen eg\u00e9szs\u00e9gi \u00e1llapotban\u201d \u2013 mondja dr. Torzsa P\u00e9ter, \u00e9s ebb\u0151l a szempontb\u00f3l kiemeli az elh\u00edz\u00e1s szerep\u00e9t. Ha ugyanis valaki nem t\u00fals\u00falyos, akkor 80 sz\u00e1zal\u00e9k az es\u00e9lye, hogy meg\u00e9ri a 70. \u00e9let\u00e9v\u00e9t, m\u00edg p\u00e9ld\u00e1ul harmadfok\u00fa elh\u00edz\u00e1s (40 feletti BMI) est\u00e9n ez m\u00e1r csak 50 sz\u00e1zal\u00e9k.<\/p>\n<\/div>\n<p>A Bombera Kriszta \u00e1ltal vezetett besz\u00e9lget\u00e9sben elhangzik, hogy a h\u00e1ziorvos az eg\u00e9szs\u00e9ges \u00e9s a j\u00f3 min\u0151s\u00e9g\u0171 \u00e9let alapvet\u0151 kulcsszerepl\u0151je lehet, ha mi is partnerek vagyunk ebben. A modern h\u00e1ziorvosl\u00e1sban az orvos egyenrang\u00fanak tekinti a beteget, fontos, hogy \u0151 is akt\u00edv r\u00e9szese legyen p\u00e9ld\u00e1ul az \u00e9letm\u00f3dv\u00e1lt\u00e1snak, hiszen n\u00e9lk\u00fcle nem lehet sikereket el\u00e9rni.<\/p>\n<p>Dr. Torzsa P\u00e9ter a podcastban besz\u00e9l egyebek mellett a csal\u00e1dorvosok kapu\u0151ri szerep\u00e9r\u0151l \u00e9s a t\u00f6bbgener\u00e1ci\u00f3s gy\u00f3gy\u00edt\u00e1s sz\u00e9ps\u00e9g\u00e9r\u0151l is, ami p\u00e9ld\u00e1ul az anamn\u00e9zis felv\u00e9tel\u00e9t \u00e9s a gy\u00f3gy\u00edt\u00e1st is k\u00f6nnyebb\u00e9 teszi, mert lehetnek olyan betegs\u00e9gek, amelyek csak a m\u00e1sodik gener\u00e1ci\u00f3ban \u00f6r\u00f6kl\u0151dnek.<\/p>\n<p>A Semmelweis Podcast hiteles szakemberekkel az eg\u00e9szs\u00e9g \u00e9s tudom\u00e1ny t\u00e9mak\u00f6r\u00e9ben havonta jelentkezik \u00faj epiz\u00f3ddal az egyetem <a href=\"https:\/\/www.youtube.com\/playlist?list=PLCehZAqE0dwkPrtboU5tIeM5BHn-1LMua\" target=\"_blank\" rel=\"noopener\">YouTube<\/a> csatorn\u00e1j\u00e1n, valamint a <a href=\"https:\/\/open.spotify.com\/show\/033IuVLV0SGWVR2te2Qc4W\" target=\"_blank\" rel=\"noopener\">Spotify-on<\/a>.<\/p>\n<p>A Semmelweis Podcastot a Lilly Hung\u00e1ria Kft. \u00e9s a Provident P\u00e9nz\u00fcgyi Zrt. t\u00e1mogatta.<\/p>\n<p>D\u00e1vid Orsolya<br \/>\nFot\u00f3: Semmelweis Egyetem<\/p>\n","protected":false},"excerpt":{"rendered":"<p>A Semmelweis Podcast m\u00e1sodik ad\u00e1s\u00e1ban dr. Torzsa P\u00e9ter, a Csal\u00e1dorvosi Tansz\u00e9k vezet\u0151je volt a vend\u00e9g. <\/p>\n","protected":false},"author":101748,"featured_media":172798,"comment_status":"closed","ping_status":"closed","sticky":true,"template":"","format":"standard","meta":{"_acf_changed":false,"footnotes":""},"categories":[154,4278],"tags":[4206,162,4381,4121,4246],"class_list":["post-172712","post","type-post","status-publish","format-standard","has-post-thumbnail","hentry","category-egeszseg","category-x-fokuszban","tag-prevencio","tag-eletmod-eletmod","tag-semmelweis-podcast","tag-temaajanlo","tag-video"],"acf":[],"_links":{"self":[{"href":"https:\/\/semmelweis.hu\/hirek\/wp-json\/wp\/v2\/posts\/172712","targetHints":{"allow":["GET"]}}],"collection":[{"href":"https:\/\/semmelweis.hu\/hirek\/wp-json\/wp\/v2\/posts"}],"about":[{"href":"https:\/\/semmelweis.hu\/hirek\/wp-json\/wp\/v2\/types\/post"}],"author":[{"embeddable":true,"href":"https:\/\/semmelweis.hu\/hirek\/wp-json\/wp\/v2\/users\/101748"}],"replies":[{"embeddable":true,"href":"https:\/\/semmelweis.hu\/hirek\/wp-json\/wp\/v2\/comments?post=172712"}],"version-history":[{"count":5,"href":"https:\/\/semmelweis.hu\/hirek\/wp-json\/wp\/v2\/posts\/172712\/revisions"}],"predecessor-version":[{"id":172803,"href":"https:\/\/semmelweis.hu\/hirek\/wp-json\/wp\/v2\/posts\/172712\/revisions\/172803"}],"wp:featuredmedia":[{"embeddable":true,"href":"https:\/\/semmelweis.hu\/hirek\/wp-json\/wp\/v2\/media\/172798"}],"wp:attachment":[{"href":"https:\/\/semmelweis.hu\/hirek\/wp-json\/wp\/v2\/media?parent=172712"}],"wp:term":[{"taxonomy":"category","embeddable":true,"href":"https:\/\/semmelweis.hu\/hirek\/wp-json\/wp\/v2\/categories?post=172712"},{"taxonomy":"post_tag","embeddable":true,"href":"https:\/\/semmelweis.hu\/hirek\/wp-json\/wp\/v2\/tags?post=172712"}],"curies":[{"name":"wp","href":"https:\/\/api.w.org\/{rel}","templated":true}]}}