{"id":171966,"date":"2026-09-03T06:00:23","date_gmt":"2026-09-03T04:00:23","guid":{"rendered":"https:\/\/semmelweis.hu\/hirek\/?p=171966"},"modified":"2026-09-02T16:03:00","modified_gmt":"2026-09-02T14:03:00","slug":"tehetseg%c2%b2-dr-konya-eniko-a-sportbol-merit-erot-a-fogorvosi-hivatasahoz","status":"publish","type":"post","link":"https:\/\/semmelweis.hu\/hirek\/2026\/09\/03\/tehetseg%c2%b2-dr-konya-eniko-a-sportbol-merit-erot-a-fogorvosi-hivatasahoz\/","title":{"rendered":"Tehets\u00e9g\u00b2: Dr. K\u00f3nya Enik\u0151 a sportb\u00f3l mer\u00edt er\u0151t a fogorvosi hivat\u00e1s\u00e1hoz"},"content":{"rendered":"<div class=\"lead\">Dr. K\u00f3nya Enik\u0151 mind\u00f6ssze 24 \u00e9ves, de m\u00e1r tizennyolc \u00e9ve \u00e9lete meghat\u00e1roz\u00f3 r\u00e9sze az atl\u00e9tika, a versenysport. Tavaly diplom\u00e1zott fogorvosk\u00e9nt, az\u00f3ta m\u00e1r k\u00e9tszer is dobog\u00f3s helyez\u00e9st \u00e9rt el atl\u00e9tikai orsz\u00e1gos bajnoks\u00e1gon h\u00e1rmasugr\u00e1s versenysz\u00e1mban. Volt m\u00e1r v\u00e1logatott kerettag \u00e9s ifj\u00fas\u00e1gi olimpikon is. Fogorvosi hivat\u00e1sa \u2013 jelenleg rezidensk\u00e9nt \u2013 a Semmelweis Egyetem Helyre\u00e1ll\u00edt\u00f3 Fog\u00e1szati \u00e9s Endodonciai Klinik\u00e1j\u00e1hoz k\u00f6t\u0151dik, ahol a komplik\u00e1lt foggy\u00f6k\u00e9r-kezel\u00e9sek \u00e9s az oktat\u00e1s egyar\u00e1nt a munk\u00e1ja r\u00e9sze. Mint mondja, a sportban sz\u00fcks\u00e9ges \u00e1ll\u00f3k\u00e9pess\u00e9ge, t\u00fcrelme, siker- \u00e9s kudarct\u0171r\u00e9se jelent\u0151sen seg\u00edti \u0151t a mindennapokban.<\/div>\n<p><a href=\"https:\/\/semmelweis.hu\/hirek\/files\/2026\/07\/RS241406_0E1A1667_scl.jpg\"><img loading=\"lazy\" decoding=\"async\" class=\"size-medium wp-image-171983 alignright\" src=\"https:\/\/semmelweis.hu\/hirek\/files\/2026\/07\/RS241406_0E1A1667_scl-400x267.jpg\" alt=\"\" width=\"400\" height=\"267\" srcset=\"https:\/\/semmelweis.hu\/hirek\/files\/2026\/07\/RS241406_0E1A1667_scl-400x267.jpg 400w, https:\/\/semmelweis.hu\/hirek\/files\/2026\/07\/RS241406_0E1A1667_scl-900x600.jpg 900w, https:\/\/semmelweis.hu\/hirek\/files\/2026\/07\/RS241406_0E1A1667_scl-768x512.jpg 768w, https:\/\/semmelweis.hu\/hirek\/files\/2026\/07\/RS241406_0E1A1667_scl-753x502.jpg 753w, https:\/\/semmelweis.hu\/hirek\/files\/2026\/07\/RS241406_0E1A1667_scl-203x135.jpg 203w, https:\/\/semmelweis.hu\/hirek\/files\/2026\/07\/RS241406_0E1A1667_scl.jpg 1200w\" sizes=\"auto, (max-width: 400px) 100vw, 400px\" \/><\/a>Hat\u00e9ves kora \u00f3ta atletiz\u00e1l. El\u0151tte kipr\u00f3b\u00e1lta a balettot, a korcsoly\u00e1z\u00e1st \u00e9s az \u00f6ttus\u00e1z\u00e1st, de gyorsan eljutott az atl\u00e9tik\u00e1hoz, a h\u00e1rmasugr\u00e1shoz \u2013 kezdte a bemutatkoz\u00e1st dr. K\u00f3nya Enik\u0151, a Helyre\u00e1ll\u00edt\u00f3 Fog\u00e1szati \u00e9s Endodonciai Klinika rezidense, a Ferencv\u00e1rosi Torna Club sportol\u00f3ja. \u201eKilenc-t\u00edz \u00e9ve m\u00e1r a h\u00e1rmasugr\u00e1s a f\u0151 versenysz\u00e1mom, \u00e9s f\u0151k\u00e9nt ez hat\u00e1roz meg engem; ami legink\u00e1bb nevelt \u00e9s form\u00e1lt, az a sport \u00e9s a sportol\u00f3i k\u00f6zeg\u201d \u2013 emelte ki. Hozz\u00e1teszi, hogy nagyon sokat k\u00f6sz\u00f6nhet a sportnak. K\u00fcl\u00f6n\u00f6sen jelenlegi edz\u0151j\u00e9t, V\u00e1g\u00f3n\u00e9 Solti M\u00e1ri\u00e1t \u00e9s K\u00e4fer Levente nevel\u0151edz\u0151t eml\u00edtette.<\/p>\n<blockquote>\n<p>Tal\u00e1n a sportol\u00f3i h\u00e1tteremnek k\u00f6sz\u00f6nhet\u0151, hogy k\u00f6nnyedebben oldom meg a probl\u00e9m\u00e1kat \u00e9s rugalmasabban kezelem a neh\u00e9z helyzeteket. Ez keretet is ad sz\u00e1momra, mert az \u00e9letnek van egy hull\u00e1mz\u00e1sa: ahogy a kudarcokb\u00f3l is fel kell tudni \u00e1llni, az egyes sikereket is a hely\u00fck\u00f6n kell kezelni.<\/p>\n<\/blockquote>\n<p>Hozz\u00e1tette, a sport \u00e9s munka \u00f6sszehangol\u00e1sa alapvet\u0151 hat\u00e1ssal van a mindennapi \u00e9let\u00e9re, id\u0151beoszt\u00e1s\u00e1ra: \u201eHeti t\u00f6bb szak\u00e1g-specifikus edz\u00e9st kell v\u00e9geznem, mell\u00e9 pedig kieg\u00e9sz\u00edt\u0151 edz\u00e9seket. \u00c9s fontos, hogy legal\u00e1bb n\u00e9gy olyan edz\u00e9s legyen, ami a versenysz\u00e1mra k\u00e9sz\u00edt fel.\u201d<\/p>\n<p><a href=\"https:\/\/semmelweis.hu\/hirek\/files\/2026\/07\/RS241414_0E1A3592_scl.jpg\"><img loading=\"lazy\" decoding=\"async\" class=\"aligncenter size-full wp-image-171993\" src=\"https:\/\/semmelweis.hu\/hirek\/files\/2026\/07\/RS241414_0E1A3592_scl.jpg\" alt=\"\" width=\"1200\" height=\"800\" srcset=\"https:\/\/semmelweis.hu\/hirek\/files\/2026\/07\/RS241414_0E1A3592_scl.jpg 1200w, https:\/\/semmelweis.hu\/hirek\/files\/2026\/07\/RS241414_0E1A3592_scl-400x267.jpg 400w, https:\/\/semmelweis.hu\/hirek\/files\/2026\/07\/RS241414_0E1A3592_scl-900x600.jpg 900w, https:\/\/semmelweis.hu\/hirek\/files\/2026\/07\/RS241414_0E1A3592_scl-768x512.jpg 768w, https:\/\/semmelweis.hu\/hirek\/files\/2026\/07\/RS241414_0E1A3592_scl-753x502.jpg 753w, https:\/\/semmelweis.hu\/hirek\/files\/2026\/07\/RS241414_0E1A3592_scl-203x135.jpg 203w\" sizes=\"auto, (max-width: 1200px) 100vw, 1200px\" \/><\/a><\/p>\n<p>Rezidensi szakk\u00e9pz\u00e9se is sz\u00e1mos feladat el\u00e9 \u00e1ll\u00edtja. El\u0151fordult m\u00e1r, hogy a reggel 8-t\u00f3l d\u00e9lut\u00e1n 4-ig tart\u00f3 klinikai munkaideje ut\u00e1n este 7-t\u0151l reggel 7-ig tudott \u00e1tmenni a s\u00fcrg\u0151ss\u00e9gi klinik\u00e1ra, hogy teljes\u00edtse a szakk\u00e9pz\u00e9shez kapcsol\u00f3d\u00f3 szakmai gyakorlat\u00e1t. Emiatt az edz\u00e9seit is \u00e1t kellett \u00fctemeznie. Mindezek ellen\u00e9re ebben az id\u0151szakban bronz\u00e9rmes helyet szerzett h\u00e1rmasugr\u00e1sban a 2026-os t\u00e9li fedett p\u00e1ly\u00e1s atl\u00e9tikai orsz\u00e1gos bajnoks\u00e1gon.<\/p>\n<div class=\"keretes w-100\">\n<h6>Fogorvosi hivat\u00e1sban<\/h6>\n<p><a href=\"https:\/\/semmelweis.hu\/hirek\/files\/2026\/07\/RS241413_0E1A1888_scl.jpg\"><img loading=\"lazy\" decoding=\"async\" class=\"size-medium wp-image-171987 alignright\" src=\"https:\/\/semmelweis.hu\/hirek\/files\/2026\/07\/RS241413_0E1A1888_scl-400x267.jpg\" alt=\"\" width=\"400\" height=\"267\" srcset=\"https:\/\/semmelweis.hu\/hirek\/files\/2026\/07\/RS241413_0E1A1888_scl-400x267.jpg 400w, https:\/\/semmelweis.hu\/hirek\/files\/2026\/07\/RS241413_0E1A1888_scl-900x600.jpg 900w, https:\/\/semmelweis.hu\/hirek\/files\/2026\/07\/RS241413_0E1A1888_scl-768x512.jpg 768w, https:\/\/semmelweis.hu\/hirek\/files\/2026\/07\/RS241413_0E1A1888_scl-753x502.jpg 753w, https:\/\/semmelweis.hu\/hirek\/files\/2026\/07\/RS241413_0E1A1888_scl-203x135.jpg 203w, https:\/\/semmelweis.hu\/hirek\/files\/2026\/07\/RS241413_0E1A1888_scl.jpg 1200w\" sizes=\"auto, (max-width: 400px) 100vw, 400px\" \/><\/a>Dr. K\u00f3nya Enik\u0151 2025 nyar\u00e1n diplom\u00e1zott a Semmelweis Egyetem Fogorvostudom\u00e1nyi Kar\u00e1n (FOK), majd szeptember 1-t\u0151l dolgozik rezidensk\u00e9nt a Helyre\u00e1ll\u00edt\u00f3 Fog\u00e1szati \u00e9s Endodonciai Klinik\u00e1n. Munk\u00e1ja betegell\u00e1t\u00e1sb\u00f3l \u00e9s oktat\u00f3i tev\u00e9kenys\u00e9gb\u0151l \u00e1ll. \u201eId\u00e9n, a k\u00e9pz\u00e9s m\u00e1sodik f\u00e9l\u00e9v\u00e9ben volt m\u00e1r klinikai gyakorlatom \u2013 v\u00e9gz\u0151s hallgat\u00f3k mellett voltam oktat\u00f3, gyakorlatvezet\u0151, tov\u00e1bb\u00e1 \u00fagynevezett propedeutika t\u00e1rgyaim vannak: amikor fantomfejeken, m\u0171anyagfogakon, b\u00e1bukon gyakorolnak a hallgat\u00f3k\u201d \u2013 magyar\u00e1zta. A munk\u00e1ja m\u00e1sik r\u00e9sze a szakell\u00e1t\u00e1s \u00e9s a rezidensk\u00e9pz\u00e9s: rendel\u00e9si id\u0151ben szakspecifikus kezel\u00e9seket v\u00e9gez, endodontus rezidensk\u00e9nt bonyolultabb gy\u00f6k\u00e9rkezel\u00e9si eseteket l\u00e1t el, ezzel teljes\u00edtheti egyben a k\u00e9pz\u00e9s h\u00e1rom \u00e9v\u00e9re, adott kezel\u00e9st\u00edpusra meghat\u00e1rozott keretsz\u00e1m\u00e1t. Munk\u00e1ja fontos r\u00e9sze a fogorvosi \u00fcgyeletek ell\u00e1t\u00e1sa is.<\/p>\n<\/div>\n<p>\u201eT\u00f6bbpr\u00f3b\u00e1z\u00f3k\u00e9nt kezdtem a versenyz\u00e9st \u00e9s 15 \u00e9ves koromban d\u00f6nt\u00f6ttem \u00fagy, a sz\u00fcleim t\u00e1mogat\u00e1s\u00e1val, hogy a h\u00e1rmasugr\u00e1st v\u00e1lasztom\u201d \u2013 adott betekint\u00e9st sportol\u00f3i h\u00e1tter\u00e9be. Ekkoriban, 2017-ben jutott el az Eur\u00f3pai Ifj\u00fas\u00e1gi Olimpiai Fesztiv\u00e1lra is (European Youth Olimpic Festival, EYOF \u2013 az olimpiai mozgalom legjelent\u0151sebb multisport esem\u00e9nyei k\u00f6z\u00e9 tartozik, k\u00e9t\u00e9vente rendezik a 14-18 \u00e9ves koroszt\u00e1ly sz\u00e1m\u00e1ra, \u00f6tven orsz\u00e1gb\u00f3l 2500 sportol\u00f3val). \u201eEz az egyik legnagyobb versenysportol\u00f3i \u00e9lm\u00e9nyeim eddig. Amikor az ember a haz\u00e1j\u00e1t tudja k\u00e9pviselni, felemel\u0151 \u00e9rz\u00e9s \u00e9s mindig hatalmas megtiszteltet\u00e9s\u201d \u2013 f\u0171zte hozz\u00e1.<\/p>\n<p><a href=\"https:\/\/semmelweis.hu\/hirek\/files\/2026\/07\/RS241423_0E1A3685_scl.jpg\"><img loading=\"lazy\" decoding=\"async\" class=\"aligncenter size-full wp-image-171977\" src=\"https:\/\/semmelweis.hu\/hirek\/files\/2026\/07\/RS241423_0E1A3685_scl.jpg\" alt=\"\" width=\"1200\" height=\"800\" srcset=\"https:\/\/semmelweis.hu\/hirek\/files\/2026\/07\/RS241423_0E1A3685_scl.jpg 1200w, https:\/\/semmelweis.hu\/hirek\/files\/2026\/07\/RS241423_0E1A3685_scl-400x267.jpg 400w, https:\/\/semmelweis.hu\/hirek\/files\/2026\/07\/RS241423_0E1A3685_scl-900x600.jpg 900w, https:\/\/semmelweis.hu\/hirek\/files\/2026\/07\/RS241423_0E1A3685_scl-768x512.jpg 768w, https:\/\/semmelweis.hu\/hirek\/files\/2026\/07\/RS241423_0E1A3685_scl-753x502.jpg 753w, https:\/\/semmelweis.hu\/hirek\/files\/2026\/07\/RS241423_0E1A3685_scl-203x135.jpg 203w\" sizes=\"auto, (max-width: 1200px) 100vw, 1200px\" \/><\/a><\/p>\n<p>Ezt k\u00f6vet\u0151en t\u00f6bbsz\u00f6r\u00f6s v\u00e1logatottk\u00e9nt rendszeresen szerepelt nemzetk\u00f6zi versenyeken, de komolyabb s\u00e9r\u00fcl\u00e9sek miatt k\u00e9nytelen volt t\u00f6bb \u00e9vet kihagyni a versenyz\u00e9sben, \u00e9s k\u00f6zbej\u00f6tt a COVID-pand\u00e9mia is. \u201eK\u00f6zben felvettek a fogorvosi karra, \u00e9s a tanulm\u00e1nyaimra ford\u00edtottam a f\u0151 figyelmet\u201d \u2013 mes\u00e9lte. A versenysporthoz 2024 legv\u00e9g\u00e9n tudott visszat\u00e9rni, majd 2025 nyar\u00e1n orsz\u00e1gos bajnoki ez\u00fcst\u00e9rmet szerzett h\u00e1rmasugr\u00e1sban. \u201e\u00c9pp megszereztem a diplom\u00e1mat, \u00e9s friss fogorvosk\u00e9nt elindultam a versenyen. Nagyszer\u0171 \u00e9lm\u00e9ny volt az \u00faj atl\u00e9tikai stadionban versenyezni. Az eredm\u00e9ny engem is meglepett, r\u00e1ad\u00e1sul Universiade-szintet is ugrottam\u201d \u2013 emelte ki.<\/p>\n<div class=\"keretes w-100\">\n<h6>A h\u00e1rmasugr\u00e1sr\u00f3l<\/h6>\n<p><a href=\"https:\/\/semmelweis.hu\/hirek\/files\/2026\/07\/RS241419_0E1A3724_scl.jpg\"><img loading=\"lazy\" decoding=\"async\" class=\"size-medium wp-image-172001 alignleft\" src=\"https:\/\/semmelweis.hu\/hirek\/files\/2026\/07\/RS241419_0E1A3724_scl-400x267.jpg\" alt=\"\" width=\"400\" height=\"267\" srcset=\"https:\/\/semmelweis.hu\/hirek\/files\/2026\/07\/RS241419_0E1A3724_scl-400x267.jpg 400w, https:\/\/semmelweis.hu\/hirek\/files\/2026\/07\/RS241419_0E1A3724_scl-900x600.jpg 900w, https:\/\/semmelweis.hu\/hirek\/files\/2026\/07\/RS241419_0E1A3724_scl-768x512.jpg 768w, https:\/\/semmelweis.hu\/hirek\/files\/2026\/07\/RS241419_0E1A3724_scl-753x502.jpg 753w, https:\/\/semmelweis.hu\/hirek\/files\/2026\/07\/RS241419_0E1A3724_scl-203x135.jpg 203w, https:\/\/semmelweis.hu\/hirek\/files\/2026\/07\/RS241419_0E1A3724_scl.jpg 1200w\" sizes=\"auto, (max-width: 400px) 100vw, 400px\" \/><\/a>\u201eHasonl\u00f3 a t\u00e1volugr\u00e1shoz, ugyan\u00fagy homokba ugorjuk, viszont a nekifut\u00e1st k\u00f6vet\u0151en, amikor el\u00e9rj\u00fck a deszk\u00e1t, ut\u00e1na elsz\u00f6kken\u00fcnk: elugrom jobb l\u00e1bbal, le\u00e9rkezem a jobb l\u00e1bamra, \u00e1tv\u00e1ltok a bal l\u00e1bamra, \u00e9s ut\u00e1na \u00e9rek bele a homokba. Ez egy meglehet\u0151sen \u00f6sszetett mozg\u00e1ssor\u201d \u2013 mutatta be a versenysz\u00e1m\u00e1t. \u201eAz alkatom, a fizik\u00e1lis adotts\u00e1gaim j\u00f3k hozz\u00e1, \u00e9s el\u0151ny\u00f6s, ha valaki magas, de robban\u00e9konys\u00e1got, \u00fcgyess\u00e9get, kitart\u00e1st is ig\u00e9nyel. Nekem a sz\u00f6kdel\u00e9s mindig is j\u00f3l ment, de azon m\u00falik az adott napi teljes\u00edtm\u00e9nyem, hogy sebess\u00e9gben hol tartok a felk\u00e9sz\u00fcl\u00e9sben, mert ink\u00e1bb nagyokat l\u00e9p\u0151, lassabban nekifut\u00f3s t\u00edpus vagyok. De ha egy gyorsabb sebess\u00e9get siker\u00fcl el\u00e9rni, akkor m\u00e1r nagy baj nincsen\u201d \u2013 \u00f6sszegezte.\u00a0<\/p>\n<\/div>\n<p>\u201eMindenkinek megvan, hogy mit\u0151l tud felt\u00f6lt\u0151dni egy-egy f\u00e1raszt\u00f3 nap ut\u00e1n: \u00e9n a sportb\u00f3l mer\u00edtek energi\u00e1t. Ahelyett, hogy amikor hazamegyek, sorozatot n\u00e9zn\u00e9k vagy Tiktokozn\u00e9k, lemegyek ink\u00e1bb az egyes\u00fcletbe, ahol a sportt\u00e1rsakkal \u0151szint\u00e9n tudok besz\u00e9lgetni. Erre sz\u00e1nom ezt a napi k\u00e9t \u00f3r\u00e1t, egy olyan k\u00f6zegre, amit nagyon szeretek. Azt gondolom, ez a hangulatomra, az eg\u00e9szs\u00e9gemre is j\u00f3 hat\u00e1ssal van\u201d &#8211; h\u00fazta al\u00e1.<\/p>\n<p>\u00c9desapja \u00e1ltal\u00e1nos orvosk\u00e9nt v\u00e9gzett Debrecenben, b\u00e1tyja gy\u00f3gyszer\u00e9sz, \u00e9desanyja gy\u00f3gytorn\u00e1sz, \u00edgy a csal\u00e1di ind\u00edttat\u00e1s megvolt a p\u00e1lyav\u00e1laszt\u00e1s\u00e1hoz. \u201eAmikor egyetemre jelentkeztem, tudtam, hogy mindenk\u00e9pp szeretn\u00e9k r\u00e9szt venni a betegell\u00e1t\u00e1sban, \u00e9s a fogorvosi p\u00e1lya \u00e1llt a sz\u00edvemhez legk\u00f6zelebb \u2013 mondta el Enik\u0151. \u201eEz egy olyan hivat\u00e1s, ahol \u00fagy \u00e9rzem, feszegetni kell a hat\u00e1raimat. Az egyetem \u00f6t \u00e9ve sem volt \u2019h\u00e1trad\u0151l\u0151s\u2019, \u00e9s ad egy tart\u00e1st, hogy sokat tettem ez\u00e9rt a v\u00e9gzetts\u00e9g\u00e9rt, \u00e9s a k\u00e9pess\u00e9geimnek megfelel\u0151 p\u00e1ly\u00e1t v\u00e1lasztottam. Ez mindennap motiv\u00e1l, hogy tov\u00e1bb fejl\u0151djek\u201d &#8211; osztotta meg honlapunkkal.<\/p>\n<p><a href=\"https:\/\/semmelweis.hu\/hirek\/files\/2026\/07\/RS241417_0E1A3647_scl.jpg\"><img loading=\"lazy\" decoding=\"async\" class=\"aligncenter size-full wp-image-171978\" src=\"https:\/\/semmelweis.hu\/hirek\/files\/2026\/07\/RS241417_0E1A3647_scl.jpg\" alt=\"\" width=\"1200\" height=\"800\" srcset=\"https:\/\/semmelweis.hu\/hirek\/files\/2026\/07\/RS241417_0E1A3647_scl.jpg 1200w, https:\/\/semmelweis.hu\/hirek\/files\/2026\/07\/RS241417_0E1A3647_scl-400x267.jpg 400w, https:\/\/semmelweis.hu\/hirek\/files\/2026\/07\/RS241417_0E1A3647_scl-900x600.jpg 900w, https:\/\/semmelweis.hu\/hirek\/files\/2026\/07\/RS241417_0E1A3647_scl-768x512.jpg 768w, https:\/\/semmelweis.hu\/hirek\/files\/2026\/07\/RS241417_0E1A3647_scl-753x502.jpg 753w, https:\/\/semmelweis.hu\/hirek\/files\/2026\/07\/RS241417_0E1A3647_scl-203x135.jpg 203w\" sizes=\"auto, (max-width: 1200px) 100vw, 1200px\" \/><\/a><\/p>\n<p>A munk\u00e1j\u00e1val kapcsolatban hangs\u00falyozta: az oktat\u00e1si feladatokat kifejezetten szereti, \u00e9s id\u0151vel r\u00e1 kellett j\u00f6nnie, hogy \u00fagy v\u00e1lhat hiteles oktat\u00f3v\u00e1, \u00fagy tudja a legjobban seg\u00edteni hallgat\u00f3it, ha \u0151 maga is szakmailag min\u00e9l jobb\u00e1 v\u00e1lik. Ehhez pedig min\u00e9l ink\u00e1bb r\u00e9szt kell vennie a betegell\u00e1t\u00e1sban \u00e9s kezel\u00e9sekben.<\/p>\n<blockquote>\n<p>Kezd\u0151k\u00e9nt eleinte neh\u00e9z volt, hogy sok mindenben nekem kell egy szem\u00e9lyben d\u00f6nteni, \u00e9s egy fogorvosnak is j\u00e1r a napi munk\u00e1val lelki, ment\u00e1lis terhel\u00e9s. Ebben is seg\u00edt t\u00f6bbek k\u00f6z\u00f6tt a sport<\/p>\n<\/blockquote>\n<p>\u2013 mutatott r\u00e1.<\/p>\n<p>\u201eEljutottam oda, hogy \u00e9lvezem a betegell\u00e1t\u00e1st, \u00e9s \u00e9rzem, hogy t\u00f6bb vagyok tud\u00e1sban, tapasztalatban, mint ak\u00e1r egy \u00e9ve is\u201d &#8211; emelte ki. A szakter\u00fclet\u00e9vel kapcsolatban hozz\u00e1tette, hogy alapvet\u0151en \u201et\u00fczesebb lelki alkatnak\u201d l\u00e1tja mag\u00e1t, ugyanakkor az endodoncia pont arr\u00f3l sz\u00f3l, hogy mikroszk\u00f3p alatt tizedmillim\u00e9teres gy\u00f6k\u00e9rcsatorn\u00e1kat keresnek. \u201eTal\u00e1n az \u00e9let \u00edgy is nevelni akart szerintem, \u00e9s r\u00e1m is f\u00e9rt, hogy t\u00fcrelmesebb\u00e9 v\u00e1ljak\u201d \u2013 f\u0171zte hozz\u00e1.<\/p>\n<p><a href=\"https:\/\/semmelweis.hu\/hirek\/files\/2026\/07\/RS241409_0E1A1865_scl.jpg\"><img loading=\"lazy\" decoding=\"async\" class=\"aligncenter size-full wp-image-171995\" src=\"https:\/\/semmelweis.hu\/hirek\/files\/2026\/07\/RS241409_0E1A1865_scl.jpg\" alt=\"\" width=\"1200\" height=\"800\" srcset=\"https:\/\/semmelweis.hu\/hirek\/files\/2026\/07\/RS241409_0E1A1865_scl.jpg 1200w, https:\/\/semmelweis.hu\/hirek\/files\/2026\/07\/RS241409_0E1A1865_scl-400x267.jpg 400w, https:\/\/semmelweis.hu\/hirek\/files\/2026\/07\/RS241409_0E1A1865_scl-900x600.jpg 900w, https:\/\/semmelweis.hu\/hirek\/files\/2026\/07\/RS241409_0E1A1865_scl-768x512.jpg 768w, https:\/\/semmelweis.hu\/hirek\/files\/2026\/07\/RS241409_0E1A1865_scl-753x502.jpg 753w, https:\/\/semmelweis.hu\/hirek\/files\/2026\/07\/RS241409_0E1A1865_scl-203x135.jpg 203w\" sizes=\"auto, (max-width: 1200px) 100vw, 1200px\" \/><\/a><\/p>\n<p>A j\u00f6v\u0151vel kapcsolatban \u00fagy fogalmazott: \u201eL\u00e1tom magam el\u0151tt az utat, hogy milyen \u00e9letet szeretn\u00e9k \u00e9lni. A sz\u00fcleimt\u0151l sem azt l\u00e1ttam, hogy ide-oda kapkodnak. Ha az embernek van egy c\u00e9lja \u2013 legyen az ak\u00e1r a sportban vagy a karrierj\u00e9ben \u2013 tudnia kell, hogy mi a c\u00e9l, hova tart, \u00e9s ezen az \u00faton v\u00e9gig kell menni. Ez befektetett id\u0151, id\u0151nk\u00e9nt neh\u00e9zs\u00e9ggel \u00e9s f\u00e1rads\u00e1ggal j\u00e1r, de azt tapasztaltam, hogy ez hossz\u00fa t\u00e1von kifizet\u0151d\u0151 minden ter\u00fcleten. \u00c9s ha ezzel ak\u00e1r csak n\u00e9h\u00e1ny embernek meg tudom mutatni, hogy \u00e9rdemes kitartani, m\u00e1r az\u00e9rt is meg\u00e9ri k\u00fczdeni.\u201d<\/p>\n<p>Tasn\u00e1di R\u00f3bert<br \/>\nFot\u00f3: Barta B\u00e1lint \u2013 Semmelweis Egyetem<\/p>\n","protected":false},"excerpt":{"rendered":"<p>A Helyre\u00e1ll\u00edt\u00f3 Fog\u00e1szati \u00e9s Endodonciai Klinika rezidens\u00e9nek \u00e9let\u00e9ben imm\u00e1r tizennyolc \u00e9ve meghat\u00e1roz\u00f3 a sport.<\/p>\n","protected":false},"author":102073,"featured_media":171974,"comment_status":"closed","ping_status":"closed","sticky":false,"template":"","format":"standard","meta":{"_acf_changed":false,"footnotes":""},"categories":[157,168],"tags":[155,4373],"class_list":["post-171966","post","type-post","status-publish","format-standard","has-post-thumbnail","hentry","category-semmelweis-vilag","category-kiemelt","tag-sport","tag-tehetseg"],"acf":[],"_links":{"self":[{"href":"https:\/\/semmelweis.hu\/hirek\/wp-json\/wp\/v2\/posts\/171966","targetHints":{"allow":["GET"]}}],"collection":[{"href":"https:\/\/semmelweis.hu\/hirek\/wp-json\/wp\/v2\/posts"}],"about":[{"href":"https:\/\/semmelweis.hu\/hirek\/wp-json\/wp\/v2\/types\/post"}],"author":[{"embeddable":true,"href":"https:\/\/semmelweis.hu\/hirek\/wp-json\/wp\/v2\/users\/102073"}],"replies":[{"embeddable":true,"href":"https:\/\/semmelweis.hu\/hirek\/wp-json\/wp\/v2\/comments?post=171966"}],"version-history":[{"count":10,"href":"https:\/\/semmelweis.hu\/hirek\/wp-json\/wp\/v2\/posts\/171966\/revisions"}],"predecessor-version":[{"id":172815,"href":"https:\/\/semmelweis.hu\/hirek\/wp-json\/wp\/v2\/posts\/171966\/revisions\/172815"}],"wp:featuredmedia":[{"embeddable":true,"href":"https:\/\/semmelweis.hu\/hirek\/wp-json\/wp\/v2\/media\/171974"}],"wp:attachment":[{"href":"https:\/\/semmelweis.hu\/hirek\/wp-json\/wp\/v2\/media?parent=171966"}],"wp:term":[{"taxonomy":"category","embeddable":true,"href":"https:\/\/semmelweis.hu\/hirek\/wp-json\/wp\/v2\/categories?post=171966"},{"taxonomy":"post_tag","embeddable":true,"href":"https:\/\/semmelweis.hu\/hirek\/wp-json\/wp\/v2\/tags?post=171966"}],"curies":[{"name":"wp","href":"https:\/\/api.w.org\/{rel}","templated":true}]}}