{"id":17171,"date":"2013-04-11T15:37:05","date_gmt":"2013-04-11T13:37:05","guid":{"rendered":"http:\/\/semmelweis-egyetem.hu\/hirek\/?p=17171"},"modified":"2024-10-02T13:15:31","modified_gmt":"2024-10-02T11:15:31","slug":"phd-tudomanyos-napok-csaknem-150-eloadas-es-poszter","status":"publish","type":"post","link":"https:\/\/semmelweis.hu\/hirek\/2013\/04\/11\/phd-tudomanyos-napok-csaknem-150-eloadas-es-poszter\/","title":{"rendered":"PhD Tudom\u00e1nyos Napok: csaknem 150 el\u0151ad\u00e1s \u00e9s poszter"},"content":{"rendered":"<figure id=\"attachment_17174\" aria-describedby=\"caption-attachment-17174\" style=\"width: 300px\" class=\"wp-caption alignleft\"><a href=\"https:\/\/semmelweis.hu\/hirek\/files\/2013\/04\/phd6.jpg\"><img loading=\"lazy\" decoding=\"async\" class=\"size-medium wp-image-17174\" alt=\"phd6\" src=\"https:\/\/semmelweis.hu\/hirek\/files\/2013\/04\/phd6-300x200.jpg\" width=\"300\" height=\"200\" srcset=\"https:\/\/semmelweis.hu\/hirek\/files\/2013\/04\/phd6-300x200.jpg 300w, https:\/\/semmelweis.hu\/hirek\/files\/2013\/04\/phd6-600x400.jpg 600w, https:\/\/semmelweis.hu\/hirek\/files\/2013\/04\/phd6-450x300.jpg 450w, https:\/\/semmelweis.hu\/hirek\/files\/2013\/04\/phd6.jpg 900w\" sizes=\"auto, (max-width: 300px) 100vw, 300px\" \/><\/a><figcaption id=\"caption-attachment-17174\" class=\"wp-caption-text\">Fot\u00f3k: AtteKovacs<\/figcaption><\/figure>\n<p>Az idei PhD Tudom\u00e1nyos Napok rendezv\u00e9ny\u00e9nek megnyit\u00f3j\u00e1n dr. Moln\u00e1r M\u00e1ria Judit rektorhelyettes k\u00f6sz\u00f6nt\u00f6tte a r\u00e9sztvev\u0151ket Isidor Rabi Nobel-d\u00edjas fizikus kutat\u00f3v\u00e1 v\u00e1l\u00e1s\u00e1nak t\u00f6rt\u00e9net\u00e9vel. A tud\u00f3s \u2013 mikor egyszer ezt megk\u00e9rdezt\u00e9k t\u0151le \u2013 azt mondta, az \u00e9desanyj\u00e1nak k\u00f6sz\u00f6nhet\u0151, hogy kutat\u00f3 lett. Az iskol\u00e1b\u00f3l haza\u00e9rve a t\u00f6bbiekt\u0151l mindig azt k\u00e9rdezt\u00e9k, milyen \u00e9rdekeset tanultak? Ezzel szemben Isidor Rabi \u00e9desanyja azt k\u00e9rdezte: \u201eVolt ma j\u00f3 k\u00e9rd\u00e9sed az iskol\u00e1ban?\u201d<\/p>\n<p>Mint arra a t\u00f6rt\u00e9net is r\u00e1mutat, nagyon fontos dolog, hogy j\u00f3 k\u00e9rd\u00e9seket tudjunk feltenni, \u00e9s ez a konferencia j\u00f3 alkalom arra is, hogy l\u00e1ssuk, milyen k\u00e9rd\u00e9seik vannak a PhD-hallgat\u00f3knak, \u00e9s milyen v\u00e1laszokat keresnek \u2013 fogalmazott dr. Moln\u00e1r M\u00e1ria Judit. Az egyetem tudom\u00e1nyos rektorhelyettese kiemelte: a k\u00f6z\u00e9p-magyarorsz\u00e1gi r\u00e9gi\u00f3ban a Semmelweis Egyetem Doktori Iskol\u00e1j\u00e1ba a legnagyobb a t\u00faljelentkez\u00e9s.<\/p>\n<p><a href=\"https:\/\/semmelweis.hu\/hirek\/files\/2013\/04\/phd7.jpg\"><img loading=\"lazy\" decoding=\"async\" class=\"aligncenter size-large wp-image-17179\" alt=\"phd7\" src=\"https:\/\/semmelweis.hu\/hirek\/files\/2013\/04\/phd7-600x400.jpg\" width=\"600\" height=\"400\" srcset=\"https:\/\/semmelweis.hu\/hirek\/files\/2013\/04\/phd7-600x400.jpg 600w, https:\/\/semmelweis.hu\/hirek\/files\/2013\/04\/phd7-300x200.jpg 300w, https:\/\/semmelweis.hu\/hirek\/files\/2013\/04\/phd7-450x300.jpg 450w, https:\/\/semmelweis.hu\/hirek\/files\/2013\/04\/phd7.jpg 900w\" sizes=\"auto, (max-width: 600px) 100vw, 600px\" \/><\/a>Mint dr. Moln\u00e1r M\u00e1ria Judit fogalmazott, nagyon b\u00fcszke arra, hogy ezek a hallgat\u00f3k a Semmelweis Egyetemet \u00e9s Magyarorsz\u00e1got v\u00e1lasztott\u00e1k, s hogy szellemis\u00e9g\u00fckkel, tehets\u00e9g\u00fckkel, lelkesed\u00e9s\u00fckkel, szorgalmukkal a magyar tud\u00e1sb\u00e1zist gyarap\u00edtj\u00e1k. \u201eA biotechnol\u00f3gia gyors fejl\u0151d\u00e9s\u00e9vel nagyon fontos egy orsz\u00e1g \u00e9let\u00e9ben az innov\u00e1ci\u00f3s potenci\u00e1l, amely \u00faj t\u0151k\u00e9t tud gener\u00e1lni. A magyar kutat\u00e1sban nagyon sok n\u00f6veked\u00e9si lehet\u0151s\u00e9g van, b\u00edzom benne, hogy akiknek a munk\u00e1j\u00e1t most itt l\u00e1thatjuk, hallhatjuk, a magyar innov\u00e1ci\u00f3 oszlopos tagjai lesznek majd.\u201d \u2013 mondta dr. Moln\u00e1r M\u00e1ria Judit.<\/p>\n<p><a href=\"https:\/\/semmelweis.hu\/hirek\/files\/2013\/04\/phd4.jpg\"><img loading=\"lazy\" decoding=\"async\" class=\"alignright size-medium wp-image-17176\" alt=\"phd4\" src=\"https:\/\/semmelweis.hu\/hirek\/files\/2013\/04\/phd4-200x300.jpg\" width=\"200\" height=\"300\" srcset=\"https:\/\/semmelweis.hu\/hirek\/files\/2013\/04\/phd4-200x300.jpg 200w, https:\/\/semmelweis.hu\/hirek\/files\/2013\/04\/phd4-266x400.jpg 266w, https:\/\/semmelweis.hu\/hirek\/files\/2013\/04\/phd4.jpg 400w\" sizes=\"auto, (max-width: 200px) 100vw, 200px\" \/><\/a>Dr. R\u00e1cz K\u00e1roly, a Doktori Tan\u00e1cs eln\u00f6ke elmondta: a k\u00e9tnapos rendezv\u00e9nyen k\u00f6zel 150-en mutatj\u00e1k be munk\u00e1jukat h\u00e9t el\u0151ad\u00e1s \u00e9s n\u00e9gy poszter szekci\u00f3ban. A Semmelweis Egyetem Doktori Iskol\u00e1j\u00e1nak hallgat\u00f3i mellett t\u00f6bb m\u00e1s hazai egyetem PhD-sai is tartanak el\u0151ad\u00e1sokat.<\/p>\n<p>A hagyom\u00e1nyoknak megfelel\u0151en az id\u00e9n is k\u00e9t Kiv\u00e1l\u00f3 PhD-oktat\u00f3 c\u00edmmel kit\u00fcntetett professzor el\u0151ad\u00e1s\u00e1val kezd\u0151d\u00f6tt a rendezv\u00e9ny. Dr. S\u00edpos Korn\u00e9l professzor emeritus \u201eA stresszel val\u00f3 megk\u00fczd\u00e9si st\u00edlus, a szem\u00e9lyis\u00e9g \u00e9s az \u00e9n hat\u00e9konys\u00e1g eg\u00e9szs\u00e9gpszichol\u00f3giai vonatkoz\u00e1sai\u201d c\u00edmmel tartott el\u0151ad\u00e1st, m\u00edg dr. Szalay Ferenc egyetemi tan\u00e1r a metabolikus m\u00e1jbetegs\u00e9gek h\u00e1rom fajt\u00e1j\u00e1t mutatta be.<\/p>\n<p>Az \u00e9vente megrendezett PhD Tudom\u00e1nyos Napok a Semmelweis Egyetem nyolc Doktori Iskol\u00e1j\u00e1ban tanulm\u00e1nyokat folytat\u00f3 hallgat\u00f3k \u00e9s doktorjel\u00f6ltek kiemelked\u0151 tudom\u00e1nyos f\u00f3ruma. Az idei d\u00edjazottak n\u00e9vsora az <a href=\"https:\/\/semmelweis.hu\/hirek\/files\/2013\/04\/phd_eredmenyek.pdf\">al\u00e1bbi linken<\/a> \u00e9rhet\u0151 el.<\/p>\n<p>DP<\/p>\n","protected":false},"excerpt":{"rendered":"<p>Az idei PhD Tudom\u00e1nyos Napok rendezv\u00e9ny\u00e9nek megnyit\u00f3j\u00e1n dr. Moln\u00e1r M\u00e1ria Judit rektorhelyettes k\u00f6sz\u00f6nt\u00f6tte a r\u00e9sztvev\u0151ket Isidor Rabi Nobel-d\u00edjas fizikus kutat\u00f3v\u00e1 v\u00e1l\u00e1s\u00e1nak t\u00f6rt\u00e9net\u00e9vel. A tud\u00f3s \u2013 mikor egyszer ezt megk\u00e9rdezt\u00e9k t\u0151le \u2013 azt mondta, az \u00e9desanyj\u00e1nak k\u00f6sz\u00f6nhet\u0151, hogy kutat\u00f3 lett. Az iskol\u00e1b\u00f3l haza\u00e9rve a t\u00f6bbiekt\u0151l mindig azt k\u00e9rdezt\u00e9k, milyen \u00e9rdekeset tanultak? Ezzel szemben Isidor Rabi \u00e9desanyja &hellip;<\/p>\n","protected":false},"author":13,"featured_media":17178,"comment_status":"closed","ping_status":"open","sticky":false,"template":"","format":"standard","meta":{"_acf_changed":false,"footnotes":""},"categories":[161,168],"tags":[4358,188],"class_list":["post-17171","post","type-post","status-publish","format-standard","has-post-thumbnail","hentry","category-tudomany","category-kiemelt","tag-phd-tudomanyos-napok","tag-tudomanyos-hirek-rendezvenyek"],"acf":[],"_links":{"self":[{"href":"https:\/\/semmelweis.hu\/hirek\/wp-json\/wp\/v2\/posts\/17171","targetHints":{"allow":["GET"]}}],"collection":[{"href":"https:\/\/semmelweis.hu\/hirek\/wp-json\/wp\/v2\/posts"}],"about":[{"href":"https:\/\/semmelweis.hu\/hirek\/wp-json\/wp\/v2\/types\/post"}],"author":[{"embeddable":true,"href":"https:\/\/semmelweis.hu\/hirek\/wp-json\/wp\/v2\/users\/13"}],"replies":[{"embeddable":true,"href":"https:\/\/semmelweis.hu\/hirek\/wp-json\/wp\/v2\/comments?post=17171"}],"version-history":[{"count":10,"href":"https:\/\/semmelweis.hu\/hirek\/wp-json\/wp\/v2\/posts\/17171\/revisions"}],"predecessor-version":[{"id":145322,"href":"https:\/\/semmelweis.hu\/hirek\/wp-json\/wp\/v2\/posts\/17171\/revisions\/145322"}],"wp:featuredmedia":[{"embeddable":true,"href":"https:\/\/semmelweis.hu\/hirek\/wp-json\/wp\/v2\/media\/17178"}],"wp:attachment":[{"href":"https:\/\/semmelweis.hu\/hirek\/wp-json\/wp\/v2\/media?parent=17171"}],"wp:term":[{"taxonomy":"category","embeddable":true,"href":"https:\/\/semmelweis.hu\/hirek\/wp-json\/wp\/v2\/categories?post=17171"},{"taxonomy":"post_tag","embeddable":true,"href":"https:\/\/semmelweis.hu\/hirek\/wp-json\/wp\/v2\/tags?post=17171"}],"curies":[{"name":"wp","href":"https:\/\/api.w.org\/{rel}","templated":true}]}}