{"id":16975,"date":"2013-04-08T11:17:43","date_gmt":"2013-04-08T09:17:43","guid":{"rendered":"http:\/\/semmelweis-egyetem.hu\/hirek\/?p=16975"},"modified":"2018-02-13T14:47:21","modified_gmt":"2018-02-13T13:47:21","slug":"siastok-2013-kozpontban-a-betegbiztonsag","status":"publish","type":"post","link":"https:\/\/semmelweis.hu\/hirek\/2013\/04\/08\/siastok-2013-kozpontban-a-betegbiztonsag\/","title":{"rendered":"SIASTOK 2013: k\u00f6zpontban a betegbiztons\u00e1g"},"content":{"rendered":"<p style=\"text-align: justify\"><a href=\"https:\/\/semmelweis.hu\/hirek\/files\/2013\/04\/siastok5.jpg\"><img loading=\"lazy\" decoding=\"async\" class=\"alignright  wp-image-16991\" alt=\"siastok5\" src=\"https:\/\/semmelweis.hu\/hirek\/files\/2013\/04\/siastok5-300x247.jpg\" width=\"270\" height=\"222\" srcset=\"https:\/\/semmelweis.hu\/hirek\/files\/2013\/04\/siastok5-300x247.jpg 300w, https:\/\/semmelweis.hu\/hirek\/files\/2013\/04\/siastok5-484x400.jpg 484w, https:\/\/semmelweis.hu\/hirek\/files\/2013\/04\/siastok5-363x300.jpg 363w, https:\/\/semmelweis.hu\/hirek\/files\/2013\/04\/siastok5.jpg 566w\" sizes=\"auto, (max-width: 270px) 100vw, 270px\" \/><\/a>Negyedik alkalommal rendezt\u00e9k meg a Semmelweis Egyetem Intenz\u00edv Ter\u00e1pi\u00e1s, Aneszteziol\u00f3giai \u00e9s S\u00fcrg\u0151ss\u00e9gi Tov\u00e1bbk\u00e9pz\u0151 Orvoskongresszus\u00e1t (SIASTOK), melyet dr. Sz\u00e9l \u00c1goston rektor nyitott meg a konferencia f\u0151v\u00e9dn\u00f6kek\u00e9nt. K\u00f6sz\u00f6nt\u0151j\u00e9ben hangs\u00falyozta: rektork\u00e9nt mindig \u00f6r\u00f6m sz\u00e1m\u00e1ra egy kongresszus kezdete, hiszen az ilyen rendezv\u00e9nyek a tud\u00e1scsere fontos helysz\u00ednei. A legfontosabb pedig az, hogy az egy-egy t\u00e9ma k\u00f6r\u00e9 csoportosul\u00f3 tud\u00e1scsere hasznos legyen annak is, aki adja, \u00e9s annak is, aki kapja a tud\u00e1st.<\/p>\n<p style=\"text-align: justify\">Dr. G\u00e1l J\u00e1nos rektorhelyettes, az Aneszteziol\u00f3giai \u00e9s Intenz\u00edv Ter\u00e1pi\u00e1s Klinika (AITK) igazgat\u00f3ja, a konferencia szervez\u0151bizotts\u00e1g\u00e1nak eln\u00f6ke arra eml\u00e9keztetett, hogy a SIASTOK minden \u00e9vben m\u00e1s t\u00e9mak\u00f6rt j\u00e1r k\u00f6rbe. Az els\u0151 alkalommal, 2010-ben a centraliz\u00e1lt AITK mutatkozott be, 2011-ben a f\u0151 szak\u00e1gak kev\u00e9sb\u00e9 ismert ter\u00fcleteir\u0151l tekintettek \u00e1t szemelv\u00e9nyeket, \u00edgy p\u00e9ld\u00e1ul a pszichol\u00f3gia \u00e9s a szimul\u00e1ci\u00f3 is el\u0151t\u00e9rbe ker\u00fclt. A m\u00falt \u00e9vben a NATO-val val\u00f3 egy\u00fcttm\u0171k\u00f6d\u00e9s keret\u00e9n bel\u00fcl SIASTOK SUN n\u00e9ven rendezt\u00e9k meg a tudom\u00e1nyos kongresszust.<\/p>\n<p style=\"text-align: justify\"><a href=\"https:\/\/semmelweis.hu\/hirek\/files\/2013\/04\/siastok4K.jpg\"><img loading=\"lazy\" decoding=\"async\" class=\"aligncenter size-large wp-image-16993\" alt=\"siastok4K\" src=\"https:\/\/semmelweis.hu\/hirek\/files\/2013\/04\/siastok4K-596x400.jpg\" width=\"596\" height=\"400\" srcset=\"https:\/\/semmelweis.hu\/hirek\/files\/2013\/04\/siastok4K-596x400.jpg 596w, https:\/\/semmelweis.hu\/hirek\/files\/2013\/04\/siastok4K-300x201.jpg 300w, https:\/\/semmelweis.hu\/hirek\/files\/2013\/04\/siastok4K-447x300.jpg 447w, https:\/\/semmelweis.hu\/hirek\/files\/2013\/04\/siastok4K-600x402.jpg 600w, https:\/\/semmelweis.hu\/hirek\/files\/2013\/04\/siastok4K.jpg 620w\" sizes=\"auto, (max-width: 596px) 100vw, 596px\" \/><\/a>Az idei \u00e9vben a betegbiztons\u00e1g \u00e9s a min\u0151s\u00e9gi betegell\u00e1t\u00e1s ker\u00fclt a k\u00f6z\u00e9ppontba. A leg\u00fajabb kutat\u00e1sokat \u00e9s aj\u00e1nl\u00e1sokat integr\u00e1lva, az el\u0151ad\u00e1sok \u00e1ttekint\u00e9st adtak egyebek mellett a preoperat\u00edv el\u0151k\u00e9sz\u00edt\u00e9s jav\u00edt\u00e1s\u00e1nak lehet\u0151s\u00e9geir\u0151l, az intraoperat\u00edv szak menedzsel\u00e9s\u00e9nek buktat\u00f3ir\u00f3l \u00e9s seg\u00edt\u0151ir\u0151l, valamint a posztoperat\u00edv ell\u00e1t\u00e1s sz\u00f6v\u0151dm\u00e9nyeinek kiv\u00e9d\u00e9si lehet\u0151s\u00e9geir\u0151l.<\/p>\n<p style=\"text-align: justify\"><a href=\"https:\/\/semmelweis.hu\/hirek\/files\/2013\/04\/siastok-2K.jpg\"><img loading=\"lazy\" decoding=\"async\" class=\"alignleft size-medium wp-image-16994\" alt=\"siastok 2K\" src=\"https:\/\/semmelweis.hu\/hirek\/files\/2013\/04\/siastok-2K-300x165.jpg\" width=\"300\" height=\"165\" srcset=\"https:\/\/semmelweis.hu\/hirek\/files\/2013\/04\/siastok-2K-300x165.jpg 300w, https:\/\/semmelweis.hu\/hirek\/files\/2013\/04\/siastok-2K-600x331.jpg 600w, https:\/\/semmelweis.hu\/hirek\/files\/2013\/04\/siastok-2K-543x300.jpg 543w, https:\/\/semmelweis.hu\/hirek\/files\/2013\/04\/siastok-2K.jpg 701w\" sizes=\"auto, (max-width: 300px) 100vw, 300px\" \/><\/a>Nagy siker volt a kongresszus els\u0151 napj\u00e1nak echocardiographi\u00e1s szimul\u00e1ci\u00f3s oktat\u00e1sa, melyet a londoni Imperial College oktat\u00f3i seg\u00edts\u00e9g\u00e9vel tartottak meg, \u00f6t-hatszoros t\u00faljelentkez\u00e9s mellett.<\/p>\n<p style=\"text-align: justify\">A rendezv\u00e9ny megnyit\u00f3j\u00e1n jelen volt m\u00e9g dr. Hunyady L\u00e1szl\u00f3 rektorhelyettes \u00e9s dr. \u00c1d\u00e1m Veronika, a Habilit\u00e1ci\u00f3s Bizotts\u00e1g eln\u00f6ke is. A konferencia m\u00e1sik f\u0151v\u00e9dn\u00f6ke dr. Velkey Gy\u00f6rgy, a Magyar K\u00f3rh\u00e1zsz\u00f6vets\u00e9g jel\u00f6lt eln\u00f6ke volt. DP<br \/>\nFot\u00f3k: Szigetv\u00e1ri Zsolt<\/p>\n","protected":false},"excerpt":{"rendered":"<p><a href=\"https:\/\/semmelweis.hu\/hirek\/files\/2013\/04\/siastok5.jpg\"><\/a> Negyedik alkalommal rendezt\u00e9k meg a Semmelweis Egyetem Intenz\u00edv Ter\u00e1pi\u00e1s, Aneszteziol\u00f3giai \u00e9s S\u00fcrg\u0151ss\u00e9gi Tov\u00e1bbk\u00e9pz\u0151 Orvoskongresszus\u00e1t (SIASTOK), melyet dr. Sz\u00e9l \u00c1goston rektor nyitott meg a konferencia f\u0151v\u00e9dn\u00f6kek\u00e9nt. K\u00f6sz\u00f6nt\u0151j\u00e9ben hangs\u00falyozta: rektork\u00e9nt mindig \u00f6r\u00f6m sz\u00e1m\u00e1ra egy kongresszus kezdete, hiszen az ilyen rendezv\u00e9nyek a tud\u00e1scsere fontos helysz\u00ednei. A legfontosabb pedig az, hogy az egy-egy t\u00e9ma k\u00f6r\u00e9 csoportosul\u00f3 tud\u00e1scsere hasznos legyen &hellip;<\/p>\n","protected":false},"author":13,"featured_media":16994,"comment_status":"closed","ping_status":"open","sticky":false,"template":"","format":"standard","meta":{"_acf_changed":false,"footnotes":""},"categories":[161,168],"tags":[2930,188],"class_list":["post-16975","post","type-post","status-publish","format-standard","has-post-thumbnail","hentry","category-tudomany","category-kiemelt","tag-siastok","tag-tudomanyos-hirek-rendezvenyek"],"acf":[],"_links":{"self":[{"href":"https:\/\/semmelweis.hu\/hirek\/wp-json\/wp\/v2\/posts\/16975","targetHints":{"allow":["GET"]}}],"collection":[{"href":"https:\/\/semmelweis.hu\/hirek\/wp-json\/wp\/v2\/posts"}],"about":[{"href":"https:\/\/semmelweis.hu\/hirek\/wp-json\/wp\/v2\/types\/post"}],"author":[{"embeddable":true,"href":"https:\/\/semmelweis.hu\/hirek\/wp-json\/wp\/v2\/users\/13"}],"replies":[{"embeddable":true,"href":"https:\/\/semmelweis.hu\/hirek\/wp-json\/wp\/v2\/comments?post=16975"}],"version-history":[{"count":6,"href":"https:\/\/semmelweis.hu\/hirek\/wp-json\/wp\/v2\/posts\/16975\/revisions"}],"predecessor-version":[{"id":40859,"href":"https:\/\/semmelweis.hu\/hirek\/wp-json\/wp\/v2\/posts\/16975\/revisions\/40859"}],"wp:featuredmedia":[{"embeddable":true,"href":"https:\/\/semmelweis.hu\/hirek\/wp-json\/wp\/v2\/media\/16994"}],"wp:attachment":[{"href":"https:\/\/semmelweis.hu\/hirek\/wp-json\/wp\/v2\/media?parent=16975"}],"wp:term":[{"taxonomy":"category","embeddable":true,"href":"https:\/\/semmelweis.hu\/hirek\/wp-json\/wp\/v2\/categories?post=16975"},{"taxonomy":"post_tag","embeddable":true,"href":"https:\/\/semmelweis.hu\/hirek\/wp-json\/wp\/v2\/tags?post=16975"}],"curies":[{"name":"wp","href":"https:\/\/api.w.org\/{rel}","templated":true}]}}