{"id":168021,"date":"2026-05-01T06:00:30","date_gmt":"2026-05-01T04:00:30","guid":{"rendered":"https:\/\/semmelweis.hu\/hirek\/?p=168021"},"modified":"2026-04-30T20:03:55","modified_gmt":"2026-04-30T18:03:55","slug":"ultrabalaton-a-versenyzoi-es-tamogatoi-oldalrol-is-bovult-az-egyetem-jelenlete","status":"publish","type":"post","link":"https:\/\/semmelweis.hu\/hirek\/2026\/05\/01\/ultrabalaton-a-versenyzoi-es-tamogatoi-oldalrol-is-bovult-az-egyetem-jelenlete\/","title":{"rendered":"UltraBalaton \u2013 a versenyz\u0151i \u00e9s t\u00e1mogat\u00f3i oldalr\u00f3l is b\u0151v\u00fclt az egyetem jelenl\u00e9te"},"content":{"rendered":"<div class=\"lead\">\u00c9vr\u0151l-\u00e9vre egyre nagyobb szerepet v\u00e1llal a Semmelweis Egyetem K\u00f6z\u00e9p-Eur\u00f3pa leghosszabb fut\u00f3verseny\u00e9n. A XX. NN UltraBalatonon az int\u00e9zm\u00e9ny a rajtt\u00f3l a c\u00e9lig 3 helysz\u00ednen seg\u00edtette a versenyz\u0151ket \u00e9s a k\u00eds\u00e9r\u0151ket prevenci\u00f3s tan\u00e1csokkal, egy\u00e9nre szabott komplex bemeleg\u00edt\u0151 \u00e9s regener\u00e1ci\u00f3s szolg\u00e1ltat\u00e1sokkal, illetve verseny k\u00f6zben egy friss\u00edt\u0151ponttal \u00e9s ment\u00e1lis tan\u00e1csad\u00e1ssal. A Semmelweis-polg\u00e1rok versenyz\u0151k\u00e9nt is visszat\u00e9r\u0151 vend\u00e9gek a t\u00f3ker\u00fcl\u0151 versenyen, az id\u00e9n tucatnyi csapat teljes\u00edtette a 209 kilom\u00e9teres t\u00e1vot. A r\u00e9sztvev\u0151k ez\u00fattal is t\u00e1mogathatt\u00e1k <a href=\"https:\/\/semmelweis.hu\/alapitvany\/1-szazalek-felajanlas\/\" target=\"_blank\" rel=\"noopener\">az egyetem 1%-os j\u00f3t\u00e9konys\u00e1gi kamp\u00e1ny\u00e1t<\/a>, amellyel most a s\u00fcrg\u0151ss\u00e9gi v\u00e9rsz\u00e1ll\u00edt\u00f3k tev\u00e9kenys\u00e9g\u00e9t seg\u00edthett\u00e9k. A Gyermekgy\u00f3gy\u00e1szati Klinika \u0150rz\u0151k Alap\u00edtv\u00e1ny\u00e1nak jav\u00e1ra fut\u00f3 Csing\u00e1r Istv\u00e1n ultrafut\u00f3 pedig az id\u00e9n els\u0151 helyen \u00e9rt be a #Project418 elnevez\u00e9s\u0171 duplak\u00f6r\u00f6s versenyen 418 kilom\u00e9ter teljes\u00edt\u00e9se ut\u00e1n.<\/div>\n<div><a href=\"https:\/\/semmelweis.hu\/hirek\/files\/2026\/05\/679034050_1399877715516279_3064822884995620409_n-e1777559427395.jpg\"><img loading=\"lazy\" decoding=\"async\" class=\"aligncenter size-full wp-image-168044\" src=\"https:\/\/semmelweis.hu\/hirek\/files\/2026\/05\/679034050_1399877715516279_3064822884995620409_n-e1777559427395.jpg\" alt=\"\" width=\"1200\" height=\"800\" srcset=\"https:\/\/semmelweis.hu\/hirek\/files\/2026\/05\/679034050_1399877715516279_3064822884995620409_n-e1777559427395.jpg 1200w, https:\/\/semmelweis.hu\/hirek\/files\/2026\/05\/679034050_1399877715516279_3064822884995620409_n-e1777559427395-400x267.jpg 400w, https:\/\/semmelweis.hu\/hirek\/files\/2026\/05\/679034050_1399877715516279_3064822884995620409_n-e1777559427395-900x600.jpg 900w, https:\/\/semmelweis.hu\/hirek\/files\/2026\/05\/679034050_1399877715516279_3064822884995620409_n-e1777559427395-768x512.jpg 768w, https:\/\/semmelweis.hu\/hirek\/files\/2026\/05\/679034050_1399877715516279_3064822884995620409_n-e1777559427395-753x502.jpg 753w, https:\/\/semmelweis.hu\/hirek\/files\/2026\/05\/679034050_1399877715516279_3064822884995620409_n-e1777559427395-203x135.jpg 203w\" sizes=\"auto, (max-width: 1200px) 100vw, 1200px\" \/><\/a><\/div>\n<p>\u00c9vr\u0151l-\u00e9vre n\u0151 a Semmelweis Egyetem szerepv\u00e1llal\u00e1sa a legnagyobb hazai fut\u00f3versenyen. A minden eddigin\u00e9l nagyobb szab\u00e1s\u00fa, XX. NN UltraBalatonon 2026. \u00e1prilis 23\u201326. k\u00f6z\u00f6tt imm\u00e1r m\u00e1sodik alkalommal v\u00e1rta az int\u00e9zm\u00e9ny saj\u00e1t standdal \u00e9s friss\u00edt\u0151ponttal a fut\u00f3kat, \u00e9s \u00f6sszesen h\u00e1rom helysz\u00ednen seg\u00edtette k\u00f6zel 50 Semmelweis-polg\u00e1r a versenyz\u0151ket \u00e9s k\u00eds\u00e9r\u0151iket. A K\u00f6z\u00e9p-Eur\u00f3pa leghosszabb fut\u00f3verseny\u00e9n 2026-ban \u00f6sszesen 35 ezer fut\u00f3 \u00e9s mintegy 50 ezer k\u00eds\u00e9r\u0151, l\u00e1togat\u00f3 fordult meg.<\/p>\n<p>Az egyetem t\u00e1rsadalmi szerep- \u00e9s felel\u0151ss\u00e9gv\u00e1llal\u00e1s\u00e1nak er\u0151s\u00edt\u00e9se jegy\u00e9ben Balatonf\u00fcreden az Annagora Aquapark ter\u00fclet\u00e9n megrendezett exp\u00f3n a Semmelweis standj\u00e1n a V\u00e1rosmajori Sz\u00edv-\u00e9s \u00c9rgy\u00f3gy\u00e1szati Klinika szakorvosai kardiovaszkul\u00e1ris sz\u0171r\u00e9ssel, a Semmelweis Eg\u00e9szs\u00e9gfejleszt\u00e9si K\u00f6zpont munkat\u00e1rsai Inbody 270 test\u00f6sszet\u00e9tel-m\u00e9r\u00e9ssel, BlazePod reakci\u00f3id\u0151 m\u00e9r\u00e9ssel, prevenci\u00f3s tan\u00e1csad\u00e1ssal, eg\u00e9szs\u00e9geduk\u00e1ci\u00f3s j\u00e1t\u00e9kokkal \u00e9s sportmassz\u00e1zzsal v\u00e1rt\u00e1k a l\u00e1togat\u00f3kat. A verseny ideje alatt kardiovaszkul\u00e1ris rizik\u00f3becsl\u00e9sen 550-en, EKG vizsg\u00e1laton 150-en, InBody testt\u00f6meg \u00f6sszet\u00e9tel m\u00e9r\u00e9sen 429-en vettek r\u00e9szt, emellett 317-en kaptak sportmassz\u00e1zst, vagy kinezio tapaszt.<\/p>\n<p>A szint\u00e9n a balatonf\u00fcredi befut\u00f3ter\u00fcletn\u00e9l berendezett <a href=\"https:\/\/www.facebook.com\/reel\/2271242570070566\">Recovery Lounge-ban<\/a> pedig ultrafut\u00f3k, valamint az egy\u00e9ni versenyz\u0151k \u00e9s a 2-6 f\u0151s csapatok tagjai sz\u00e1m\u00e1ra az egy\u00e9ni sz\u00fcks\u00e9gletek szerint komplex bemeleg\u00edt\u0151 \u00e9s regener\u00e1ci\u00f3s szolg\u00e1ltat\u00e1sokat ny\u00fajtottak az egyetem szakemberei, hallgat\u00f3i, valamint <a href=\"https:\/\/semmelweis.hu\/raoulwallenberg\/2026\/04\/26\/ultrabalaton-2026\/\" target=\"_blank\" rel=\"noopener\">a Raul Wallenberg T\u00f6bbc\u00e9l\u00fa Szakk\u00e9pz\u0151 Int\u00e9zm\u00e9ny feln\u0151ttk\u00e9pz\u00e9sben r\u00e9szt vev\u0151 gy\u00f3gymassz\u0151r tanul\u00f3i<\/a>. Ennek keret\u00e9ben t\u00f6bbek k\u00f6z\u00f6tt bemeleg\u00edt\u0151 massz\u00e1zst adtak \u00e9s kinezio szalagokat tettek fel. A regener\u00e1ci\u00f3n\u00e1l a f\u00e1radt fut\u00f3k felfriss\u00edt\u00e9s\u00e9re massz\u00e1zspisztolyt, kompresszi\u00f3s nyirokcsizm\u00e1t, l\u00e1gyl\u00e9zert, flosst, k\u00f6p\u00f6ly\u00f6z\u00e9st aj\u00e1nlottak. A regener\u00e1ci\u00f3s szolg\u00e1ltat\u00e1sokat ny\u00fajt\u00f3 25 hallgat\u00f3 tev\u00e9kenys\u00e9g\u00e9t az Eg\u00e9szs\u00e9gtudom\u00e1nyi Kar Fizioter\u00e1piai Tansz\u00e9k\u00e9nek k\u00e9t oktat\u00f3ja fel\u00fcgyelte.<\/p>\n<figure id=\"attachment_168042\" aria-describedby=\"caption-attachment-168042\" style=\"width: 1200px\" class=\"wp-caption aligncenter\"><a href=\"https:\/\/semmelweis.hu\/hirek\/files\/2026\/05\/RS236648_DSC09567_scl.jpg\"><img loading=\"lazy\" decoding=\"async\" class=\"wp-image-168042 size-full\" src=\"https:\/\/semmelweis.hu\/hirek\/files\/2026\/05\/RS236648_DSC09567_scl.jpg\" alt=\"\" width=\"1200\" height=\"800\" srcset=\"https:\/\/semmelweis.hu\/hirek\/files\/2026\/05\/RS236648_DSC09567_scl.jpg 1200w, https:\/\/semmelweis.hu\/hirek\/files\/2026\/05\/RS236648_DSC09567_scl-400x267.jpg 400w, https:\/\/semmelweis.hu\/hirek\/files\/2026\/05\/RS236648_DSC09567_scl-900x600.jpg 900w, https:\/\/semmelweis.hu\/hirek\/files\/2026\/05\/RS236648_DSC09567_scl-768x512.jpg 768w, https:\/\/semmelweis.hu\/hirek\/files\/2026\/05\/RS236648_DSC09567_scl-753x502.jpg 753w, https:\/\/semmelweis.hu\/hirek\/files\/2026\/05\/RS236648_DSC09567_scl-203x135.jpg 203w\" sizes=\"auto, (max-width: 1200px) 100vw, 1200px\" \/><\/a><figcaption id=\"caption-attachment-168042\" class=\"wp-caption-text\">Szakszer\u0171 massz\u00e1zst is kaphattak a fut\u00f3k<\/figcaption><\/figure>\n<div class=\"keretes w-100\">\n<h6>Id\u00e9n is volt 1%-os kamp\u00e1ny az UltraBalatonon<\/h6>\n<p>A versenyk\u00f6zpontban l\u00e9v\u0151 Semmelweis-s\u00e1trakat felkeres\u0151k megismerhett\u00e9k a Semmelweis Egyetem Alap\u00edtv\u00e1ny <a href=\"https:\/\/semmelweis.hu\/hirek\/2026\/04\/03\/ado-1-a-surgossegi-verszallitas-fejleszteseert\/\" target=\"_blank\" rel=\"noopener\">idei adom\u00e1ny-, \u00e9s 1%-os felaj\u00e1nl\u00e1sokat gy\u0171jt\u0151 kamp\u00e1ny\u00e1nak<\/a> r\u00e9szleteit is, amely az egyetem s\u00fcrg\u0151ss\u00e9gi v\u00e9rsz\u00e1ll\u00edt\u00e1si tev\u00e9kenys\u00e9g\u00e9nek fejleszt\u00e9s\u00e9t c\u00e9lozza. Az adom\u00e1nyokat a gyorsan amortiz\u00e1l\u00f3d\u00f3 s\u00fcrg\u0151ss\u00e9gi v\u00e9rsz\u00e1ll\u00edt\u00f3 aut\u00f3flotta meg\u00fajul\u00e1s\u00e1ra, valamint az \u00fcgyeleti tart\u00f3zkod\u00e1si helyis\u00e9gek fel\u00faj\u00edt\u00e1s\u00e1ra, illetve a sof\u0151r\u00f6k rendszeres vezet\u00e9stechnikai tov\u00e1bbk\u00e9pz\u00e9sre ford\u00edtja az alap\u00edtv\u00e1ny.<\/p>\n<\/div>\n<p>A Semmelweis Egyetem id\u00e9n is v\u00e1llalta egy friss\u00edt\u0151- \u00e9s v\u00e1lt\u00f3pont m\u0171k\u00f6dtet\u00e9s\u00e9t is, m\u00e9ghozz\u00e1 a 161. kilom\u00e9tern\u00e9l, az int\u00e9zm\u00e9ny balatonvil\u00e1gosi \u00fcd\u00fcl\u0151j\u00e9n\u00e9l. \u201eNagyon n\u00e9pszer\u0171 volt a fut\u00f3k k\u00f6r\u00e9ben, k\u00fcl\u00f6n\u00f6sen az \u00e9jjel ide\u00e9r\u0151k \u00e9rt\u00e9kelt\u00e9k, hogy f\u0171t\u00f6tt helyen, illetve melegvizes f\u00fcrd\u0151szob\u00e1val ell\u00e1tott ponton friss\u00fclhettek fel, vagy a pihen\u0151r\u00e9szlegen laz\u00edthattak a k\u00f6vetkez\u0151 v\u00e1lt\u00f3szakaszuk el\u0151tt. Ez sokak sz\u00e1m\u00e1ra er\u0151t adott a h\u00e1tral\u00e9v\u0151 kilom\u00e9terekre is\u201d \u2013 mondta honlapunknak Ny\u00e1m\u00e1ndi Piroska, az Anat\u00f3miai, Sz\u00f6vet- \u00e9s Fejl\u0151d\u00e9stani Int\u00e9zet kutat\u00f3-szakasszisztense, a Semmelweis Egyetem Szabadid\u0151sport Szakoszt\u00e1ly\u00e1nak f\u0151szervez\u0151je, egyben a Budapesti Sportiroda Semmelweis-fut\u00f3nagyk\u00f6vete.<\/p>\n<figure id=\"attachment_168040\" aria-describedby=\"caption-attachment-168040\" style=\"width: 1200px\" class=\"wp-caption aligncenter\"><a href=\"https:\/\/semmelweis.hu\/hirek\/files\/2026\/05\/20260425_204514-scaled-e1777559144798.jpg\"><img loading=\"lazy\" decoding=\"async\" class=\"wp-image-168040 size-full\" src=\"https:\/\/semmelweis.hu\/hirek\/files\/2026\/05\/20260425_204514-scaled-e1777559144798.jpg\" alt=\"\" width=\"1200\" height=\"800\" srcset=\"https:\/\/semmelweis.hu\/hirek\/files\/2026\/05\/20260425_204514-scaled-e1777559144798.jpg 1200w, https:\/\/semmelweis.hu\/hirek\/files\/2026\/05\/20260425_204514-scaled-e1777559144798-400x267.jpg 400w, https:\/\/semmelweis.hu\/hirek\/files\/2026\/05\/20260425_204514-scaled-e1777559144798-900x600.jpg 900w, https:\/\/semmelweis.hu\/hirek\/files\/2026\/05\/20260425_204514-scaled-e1777559144798-768x512.jpg 768w, https:\/\/semmelweis.hu\/hirek\/files\/2026\/05\/20260425_204514-scaled-e1777559144798-753x502.jpg 753w, https:\/\/semmelweis.hu\/hirek\/files\/2026\/05\/20260425_204514-scaled-e1777559144798-203x135.jpg 203w\" sizes=\"auto, (max-width: 1200px) 100vw, 1200px\" \/><\/a><figcaption id=\"caption-attachment-168040\" class=\"wp-caption-text\">H\u00edvogat\u00f3 f\u00e9nyek \u00e9s nyugalom v\u00e1rta a fut\u00f3kat a balatonvil\u00e1gosi v\u00e1lt\u00f3- \u00e9s friss\u00edt\u0151ponton<\/figcaption><\/figure>\n<p>Id\u00e9n az \u00e1ltala vezetett v\u00e1lt\u00f3ponton a 7-13 f\u0151s csapatok versenye alatt szerencs\u00e9re senki nem szorult orvosi ell\u00e1t\u00e1sra, \u00e9s olyanra sem volt p\u00e9lda, hogy itt adta volna fel valaki a versenyt. \u201eMivel a v\u00e1lt\u00f3pont nyit\u00e1sa egybeesett az egy\u00e9ni versenyz\u0151k utols\u00f3 h\u0151sies fut\u00f3inak \u00e9rkez\u00e9s\u00e9vel, sokakat siker\u00fclt tov\u00e1bblend\u00edteni\u00fck a m\u00e9lypontokon, hozz\u00e1seg\u00edtve \u0151ket a Balaton-k\u00f6r teljes\u00edt\u00e9s\u00e9hez. A j\u00f6v\u0151ben ilyen, a fut\u00f3knak ment\u00e1lis \u00e9s eg\u00e9szs\u00e9g\u00fcgyi t\u00e1mogat\u00e1st ny\u00fajt\u00f3 ir\u00e1nyban mindenk\u00e9pp szeretn\u00e9nk fejleszteni a v\u00e1lt\u00f3pont m\u0171k\u00f6dtet\u00e9s\u00e9t\u201d \u2013 mondta Ny\u00e1m\u00e1ndi Piroska.\u00a0\u00a0<\/p>\n<figure id=\"attachment_168065\" aria-describedby=\"caption-attachment-168065\" style=\"width: 1200px\" class=\"wp-caption aligncenter\"><a href=\"https:\/\/semmelweis.hu\/hirek\/files\/2026\/05\/RS236641_DSC05690_scl.jpg\"><img loading=\"lazy\" decoding=\"async\" class=\"wp-image-168065 size-full\" src=\"https:\/\/semmelweis.hu\/hirek\/files\/2026\/05\/RS236641_DSC05690_scl.jpg\" alt=\"\" width=\"1200\" height=\"800\" srcset=\"https:\/\/semmelweis.hu\/hirek\/files\/2026\/05\/RS236641_DSC05690_scl.jpg 1200w, https:\/\/semmelweis.hu\/hirek\/files\/2026\/05\/RS236641_DSC05690_scl-400x267.jpg 400w, https:\/\/semmelweis.hu\/hirek\/files\/2026\/05\/RS236641_DSC05690_scl-900x600.jpg 900w, https:\/\/semmelweis.hu\/hirek\/files\/2026\/05\/RS236641_DSC05690_scl-768x512.jpg 768w, https:\/\/semmelweis.hu\/hirek\/files\/2026\/05\/RS236641_DSC05690_scl-753x502.jpg 753w, https:\/\/semmelweis.hu\/hirek\/files\/2026\/05\/RS236641_DSC05690_scl-203x135.jpg 203w\" sizes=\"auto, (max-width: 1200px) 100vw, 1200px\" \/><\/a><figcaption id=\"caption-attachment-168065\" class=\"wp-caption-text\">A Semmelweis Egyetem s\u00e1tra a versenyk\u00f6zpontban<\/figcaption><\/figure>\n<p>Az egyetem dolgoz\u00f3i, hallgat\u00f3i azonban nemcsak t\u00e1mogat\u00f3szerepben voltak jelen a rendezv\u00e9nyen, sokan versenyz\u0151k\u00e9nt is visszat\u00e9r\u0151 vend\u00e9gei a t\u00f3ker\u00fcl\u0151 futamnak. A XX. NN UltraBalatonon mintegy 149, az egyetemhez k\u00f6thet\u0151 fut\u00f3 \u00e1llt rajthoz 12 csapat tagjak\u00e9nt. A Gyermekgy\u00f3gy\u00e1szati Klinika UB\u00f3kay csapata tizenegyedik alkalommal \u00e1llt rajthoz, \u00e9s 19 \u00f3ra 38 perc alatt futotta k\u00f6rbe a Balatont, ezzel megd\u00f6ntve saj\u00e1t kor\u00e1bbi cs\u00facsukat.<\/p>\n<p>Az Urol\u00f3giai Klinika csapata kilencedik, a V\u00e1rosmajori Sz\u00edv- \u00e9s \u00c9rgy\u00f3gy\u00e1szati Klinika Sportsz\u00edv elnevez\u00e9s\u0171 csapata a hetedik, a Pszichi\u00e1triai \u00e9s Pszichoter\u00e1pi\u00e1s Klinika Mental Pride nev\u0171 csapata hatodik, az Eg\u00e9szs\u00e9g\u00fcgyi K\u00f6zszolg\u00e1lati Kar \u00e9s az Eg\u00e9szs\u00e9g\u00fcgyi Menedzserk\u00e9pz\u0151 K\u00f6zpont Varj\u00fa V\u00e1gta elnevez\u00e9s\u0171 nev\u0171 k\u00f6z\u00f6s csapata \u00f6t\u00f6dik alkalommal indult a versenyen. A Csal\u00e1dorvosi Tansz\u00e9k CSOTaCSAPAT-a, valamint a B\u0151r-, Nemik\u00f3rtani \u00e9s B\u0151ronkol\u00f3giai Klinika harmadik alkalommal k\u00e9pviseltette mag\u00e1t 13-13 f\u0151vel.<\/p>\n<p>Ugyanez igaz a Semmelweis Egyetem K\u00f6zponti K\u00f6nyvt\u00e1ra munkat\u00e1rsaib\u00f3l \u00e9s csal\u00e1dtagjaib\u00f3l, bar\u00e1ti k\u00f6r\u00e9b\u0151l verbuv\u00e1l\u00f3dott F\u00fcrge Csig\u00e1k elnevez\u00e9s\u0171 csapatra is. \u201eAz id\u00e9n sokat javult a szintid\u0151nk, 22 \u00f3ra 6 perc alatt siker\u00fclt v\u00e9gigfutni a t\u00e1vot. Szombat este f\u00e9l hatkor kezdt\u00fcnk, \u00e9s vas\u00e1rnap d\u00e9lut\u00e1n f\u00e9l n\u00e9gykor z\u00e1rtuk a versenyt, ami az \u00e9jszaka teljes\u00edtett szakaszok miatt el\u00e9g kem\u00e9ny volt, mivel ilyenkor egyr\u00e9szt hi\u00e1nyzik az a motiv\u00e1ci\u00f3, amit a t\u00e1j ad, m\u00e1sr\u00e9szt a v\u00e1lt\u00e1sok logisztik\u00e1j\u00e1nak megszervez\u00e9se miatt is. Vigy\u00e1zni kell ugyanis, hogy senki ne aludjon el, \u00e9s mindenki id\u0151re a v\u00e1lt\u00f3ponton legyen. Ugyanakkor m\u00e9g \u00e9jjel is fantasztikus a hangulat, nagyon motiv\u00e1l\u00f3 maga a r\u00e9szv\u00e9tel is\u201d \u2013 mondta honlapunknak Mikl\u00f3si Krisztina, a k\u00f6nyvt\u00e1r oszt\u00e1lyvezet\u0151je, \u00e9s Nikolics Erzs\u00e9bet, olvas\u00f3szolg\u00e1lati csoportvezet\u0151.<\/p>\n<figure id=\"attachment_168033\" aria-describedby=\"caption-attachment-168033\" style=\"width: 1200px\" class=\"wp-caption aligncenter\"><a href=\"https:\/\/semmelweis.hu\/hirek\/files\/2026\/05\/nn-ultrabalaton-2026-cel-e1777558779645.jpg\"><img loading=\"lazy\" decoding=\"async\" class=\"wp-image-168033 size-full\" src=\"https:\/\/semmelweis.hu\/hirek\/files\/2026\/05\/nn-ultrabalaton-2026-cel-e1777558779645.jpg\" alt=\"\" width=\"1200\" height=\"800\" \/><\/a><figcaption id=\"caption-attachment-168033\" class=\"wp-caption-text\">A F\u00fcrge Csig\u00e1k csapata<\/figcaption><\/figure>\n<p>A Pulmonol\u00f3giai Klinika Effort Dyspnoe elnevez\u00e9s\u0171 csapata m\u00e1sodj\u00e1ra futotta k\u00f6rbe a Balatont. Szint\u00e9n visszat\u00e9r\u0151 versenyz\u0151k a Seb\u00e9szeti \u00e9s Gasztroenterol\u00f3giai Klinika TRUNsplant, illetve V\u00e1gjunk bele! elnevez\u00e9s\u0171 csapatainak fut\u00f3i is. Teljes\u00edtette a t\u00e1vot a Semmelweis OrthoBros 13 f\u0151s csapata is.<\/p>\n<p>A #Projekt418 elnevez\u00e9s\u0171 kezdem\u00e9nyez\u00e9s keret\u00e9ben rajthoz \u00e1ll\u00f3 ultrafut\u00f3k c\u00e9lja, hogy a Balatont k\u00e9tszer megker\u00fclve, \u00f6sszesen 418 kilom\u00e9tert fussanak, ezzel a v\u00e1llal\u00e1ssal adom\u00e1nyokat gy\u0171jtve egy-egy kiv\u00e1lasztott j\u00f3t\u00e9konys\u00e1gi szervezetnek. Az id\u00e9n Csing\u00e1r Istv\u00e1n, Kert\u00e9sz \u00c1d\u00e1m, Boros Linda \u00e9s Varga R\u00f3bert teljes\u00edtette a dupla k\u00f6rt a t\u00f3 k\u00f6r\u00fcl. K\u00f6z\u00fcl\u00fck Csing\u00e1r Istv\u00e1n volt a leggyorsabb, \u0151 54 \u00f3ra 47 perc alatt ker\u00fclte meg k\u00e9tszer a Balatont. Csing\u00e1r Istv\u00e1n teljes\u00edtm\u00e9ny\u00e9vel fi\u00e1nak \u00e1ll\u00edt eml\u00e9ket, aki 17 \u00e9vesen hunyt el leuk\u00e9mi\u00e1ban. Felaj\u00e1nl\u00e1s\u00e1val id\u00e9n is a Gyermekgy\u00f3gy\u00e1szati Klinika <a href=\"https:\/\/orzok.hu\/\" target=\"_blank\" rel=\"noopener\">\u0150rz\u0151k Alap\u00edtv\u00e1ny\u00e1t<\/a> (\u0150rz\u0151k K\u00f6zhaszn\u00fa Alap\u00edtv\u00e1ny a T\u0171zolt\u00f3 utcai Daganatos \u00e9s Leuk\u00e9mi\u00e1s Gyermekek\u00e9rt) t\u00e1mogatta, megk\u00f6sz\u00f6nve mindazt, amit a fi\u00e1\u00e9rt tettek.<\/p>\n\r\n        [slb_exclude]\r\n        <div class=\"row galeria-wrapper mx-0 h-auto\">\r\n            <div class=\"col-9 pl-0 pr-2\">\r\n            <span class=\"gallery-item frame\">\r\n\t\t\t\t<div class=\"galeria-left-img\"><a href=\"https:\/\/semmelweis.hu\/hirek\/files\/2026\/05\/20260425_193659-scaled-e1777558421601.jpg\"><img src=https:\/\/semmelweis.hu\/hirek\/files\/2026\/05\/20260425_193659-scaled-e1777558421601.jpg  \r\n                            alt=\"\" \r\n                            class=\"attachment-sote-gallery-big size-sote-gallery-big\" \r\n                            srcset=\"https:\/\/semmelweis.hu\/hirek\/files\/2026\/05\/20260425_193659-scaled-e1777558421601-400x267.jpg 400w, https:\/\/semmelweis.hu\/hirek\/files\/2026\/05\/20260425_193659-scaled-e1777558421601-900x600.jpg 900w, https:\/\/semmelweis.hu\/hirek\/files\/2026\/05\/20260425_193659-scaled-e1777558421601-768x512.jpg 768w, https:\/\/semmelweis.hu\/hirek\/files\/2026\/05\/20260425_193659-scaled-e1777558421601-753x502.jpg 753w, https:\/\/semmelweis.hu\/hirek\/files\/2026\/05\/20260425_193659-scaled-e1777558421601-203x135.jpg 203w, https:\/\/semmelweis.hu\/hirek\/files\/2026\/05\/20260425_193659-scaled-e1777558421601.jpg 1200w\" ><\/a><\/div>\r\n            <\/span>\r\n\r\n            <\/div>\r\n\r\n\t\t\t<div class=\"col-3 pl-0 pr-0\">\r\n\t\t\t\t<div class=\"galeria-right-img d-flex justify-content-between flex-column h-100 w-100 px-0 mx-0 \">\r\n                <div class=\"galeria-box\">\r\n\t\t\t\t\t<h3 class=\"galeria-title\">Gal\u00e9ria<\/h3>\r\n\t\t\t\t\t<div class=\"galeria-subtitle\">\r\n\r\n\t\t\t\t\t\t<div class=\"galeria-page-counter\"><span>20<\/span>k\u00e9p<\/div>\r\n                    <\/div> <\/div>\r\n                    <span class=\"gallery-item frame d-none d-md-flex\">\r\n\t\t\t\t\t<div class=\"galeria-small-img mt-0\"><a href=\"https:\/\/semmelweis.hu\/hirek\/files\/2026\/05\/20260425_185525-scaled-e1777558940619.jpg\"><img src=https:\/\/semmelweis.hu\/hirek\/files\/2026\/05\/20260425_185525-scaled-e1777558940619.jpg \r\n                                alt=\"\"  \r\n                                class=\"attachment-sote-gallery-small size-sote-gallery-small\" \r\n                                srcset=\"https:\/\/semmelweis.hu\/hirek\/files\/2026\/05\/20260425_185525-scaled-e1777558940619-400x267.jpg 400w, https:\/\/semmelweis.hu\/hirek\/files\/2026\/05\/20260425_185525-scaled-e1777558940619-900x600.jpg 900w, https:\/\/semmelweis.hu\/hirek\/files\/2026\/05\/20260425_185525-scaled-e1777558940619-768x512.jpg 768w, https:\/\/semmelweis.hu\/hirek\/files\/2026\/05\/20260425_185525-scaled-e1777558940619-753x502.jpg 753w, https:\/\/semmelweis.hu\/hirek\/files\/2026\/05\/20260425_185525-scaled-e1777558940619-203x135.jpg 203w, https:\/\/semmelweis.hu\/hirek\/files\/2026\/05\/20260425_185525-scaled-e1777558940619.jpg 1200w\" ><\/a><\/div>\r\n                    <\/span>\r\n                    <span class=\"gallery-item frame d-none d-md-flex\">\r\n\t\t\t\t\t<div class=\"galeria-small-img mt-0\"><a href=\"https:\/\/semmelweis.hu\/hirek\/files\/2026\/05\/RS236646_DSC09488_scl.jpg\"><img src=https:\/\/semmelweis.hu\/hirek\/files\/2026\/05\/RS236646_DSC09488_scl.jpg \r\n                                alt=\"\" \r\n                                class=\"attachment-sote-gallery-small size-sote-gallery-small\" \r\n                                srcset=\"https:\/\/semmelweis.hu\/hirek\/files\/2026\/05\/RS236646_DSC09488_scl-400x267.jpg 400w, https:\/\/semmelweis.hu\/hirek\/files\/2026\/05\/RS236646_DSC09488_scl-900x600.jpg 900w, https:\/\/semmelweis.hu\/hirek\/files\/2026\/05\/RS236646_DSC09488_scl-768x512.jpg 768w, https:\/\/semmelweis.hu\/hirek\/files\/2026\/05\/RS236646_DSC09488_scl-753x502.jpg 753w, https:\/\/semmelweis.hu\/hirek\/files\/2026\/05\/RS236646_DSC09488_scl-203x135.jpg 203w, https:\/\/semmelweis.hu\/hirek\/files\/2026\/05\/RS236646_DSC09488_scl.jpg 1200w\" ><\/a><\/div>\r\n                    <\/span>\r\n\r\n                <\/div>\r\n\r\n            <\/div>\r\n\r\n            <span class=\"gallery-item\"><div class=\"hidden\"><a href=\"https:\/\/semmelweis.hu\/hirek\/files\/2026\/05\/RS236645_DSC09453_scl.jpg\">\r\n        <img src=https:\/\/semmelweis.hu\/hirek\/files\/2026\/05\/RS236645_DSC09453_scl.jpg alt=\"\" class=\"attachment-sote-gallery-big size-sote-gallery-big\" srcset=\"https:\/\/semmelweis.hu\/hirek\/files\/2026\/05\/RS236645_DSC09453_scl-400x267.jpg 400w, https:\/\/semmelweis.hu\/hirek\/files\/2026\/05\/RS236645_DSC09453_scl-900x600.jpg 900w, https:\/\/semmelweis.hu\/hirek\/files\/2026\/05\/RS236645_DSC09453_scl-768x512.jpg 768w, https:\/\/semmelweis.hu\/hirek\/files\/2026\/05\/RS236645_DSC09453_scl-753x502.jpg 753w, https:\/\/semmelweis.hu\/hirek\/files\/2026\/05\/RS236645_DSC09453_scl-203x135.jpg 203w, https:\/\/semmelweis.hu\/hirek\/files\/2026\/05\/RS236645_DSC09453_scl.jpg 1200w\" >\r\n        <\/a><\/div><\/span><span class=\"gallery-item\"><div class=\"hidden\"><a href=\"https:\/\/semmelweis.hu\/hirek\/files\/2026\/05\/DSC09802-scaled.jpg\">\r\n        <img src=https:\/\/semmelweis.hu\/hirek\/files\/2026\/05\/DSC09802-scaled.jpg alt=\"\" class=\"attachment-sote-gallery-big size-sote-gallery-big\" srcset=\"https:\/\/semmelweis.hu\/hirek\/files\/2026\/05\/DSC09802-400x267.jpg 400w, https:\/\/semmelweis.hu\/hirek\/files\/2026\/05\/DSC09802-900x600.jpg 900w, https:\/\/semmelweis.hu\/hirek\/files\/2026\/05\/DSC09802-768x512.jpg 768w, https:\/\/semmelweis.hu\/hirek\/files\/2026\/05\/DSC09802-1536x1024.jpg 1536w, https:\/\/semmelweis.hu\/hirek\/files\/2026\/05\/DSC09802-2048x1365.jpg 2048w, https:\/\/semmelweis.hu\/hirek\/files\/2026\/05\/DSC09802-753x502.jpg 753w, https:\/\/semmelweis.hu\/hirek\/files\/2026\/05\/DSC09802-203x135.jpg 203w\" >\r\n        <\/a><\/div><\/span><span class=\"gallery-item\"><div class=\"hidden\"><a href=\"https:\/\/semmelweis.hu\/hirek\/files\/2026\/05\/RS236639_DSC05270_scl.jpg\">\r\n        <img src=https:\/\/semmelweis.hu\/hirek\/files\/2026\/05\/RS236639_DSC05270_scl.jpg alt=\"\" class=\"attachment-sote-gallery-big size-sote-gallery-big\" srcset=\"https:\/\/semmelweis.hu\/hirek\/files\/2026\/05\/RS236639_DSC05270_scl-400x267.jpg 400w, https:\/\/semmelweis.hu\/hirek\/files\/2026\/05\/RS236639_DSC05270_scl-900x600.jpg 900w, https:\/\/semmelweis.hu\/hirek\/files\/2026\/05\/RS236639_DSC05270_scl-768x512.jpg 768w, https:\/\/semmelweis.hu\/hirek\/files\/2026\/05\/RS236639_DSC05270_scl-753x502.jpg 753w, https:\/\/semmelweis.hu\/hirek\/files\/2026\/05\/RS236639_DSC05270_scl-203x135.jpg 203w, https:\/\/semmelweis.hu\/hirek\/files\/2026\/05\/RS236639_DSC05270_scl.jpg 1200w\" >\r\n        <\/a><\/div><\/span><span class=\"gallery-item\"><div class=\"hidden\"><a href=\"https:\/\/semmelweis.hu\/hirek\/files\/2026\/05\/RS236649_DSC09706_scl.jpg\">\r\n        <img src=https:\/\/semmelweis.hu\/hirek\/files\/2026\/05\/RS236649_DSC09706_scl.jpg alt=\"\" class=\"attachment-sote-gallery-big size-sote-gallery-big\" srcset=\"https:\/\/semmelweis.hu\/hirek\/files\/2026\/05\/RS236649_DSC09706_scl-400x267.jpg 400w, https:\/\/semmelweis.hu\/hirek\/files\/2026\/05\/RS236649_DSC09706_scl-900x600.jpg 900w, https:\/\/semmelweis.hu\/hirek\/files\/2026\/05\/RS236649_DSC09706_scl-768x512.jpg 768w, https:\/\/semmelweis.hu\/hirek\/files\/2026\/05\/RS236649_DSC09706_scl-753x502.jpg 753w, https:\/\/semmelweis.hu\/hirek\/files\/2026\/05\/RS236649_DSC09706_scl-203x135.jpg 203w, https:\/\/semmelweis.hu\/hirek\/files\/2026\/05\/RS236649_DSC09706_scl.jpg 1200w\" >\r\n        <\/a><\/div><\/span><span class=\"gallery-item\"><div class=\"hidden\"><a href=\"https:\/\/semmelweis.hu\/hirek\/files\/2026\/05\/679978431_1399076955596355_9160886411758333789_n-masolata.jpg\">\r\n        <img src=https:\/\/semmelweis.hu\/hirek\/files\/2026\/05\/679978431_1399076955596355_9160886411758333789_n-masolata.jpg alt=\"\" class=\"attachment-sote-gallery-big size-sote-gallery-big\" srcset=\"https:\/\/semmelweis.hu\/hirek\/files\/2026\/05\/679978431_1399076955596355_9160886411758333789_n-masolata-400x400.jpg 400w, https:\/\/semmelweis.hu\/hirek\/files\/2026\/05\/679978431_1399076955596355_9160886411758333789_n-masolata-800x800.jpg 800w, https:\/\/semmelweis.hu\/hirek\/files\/2026\/05\/679978431_1399076955596355_9160886411758333789_n-masolata-200x200.jpg 200w, https:\/\/semmelweis.hu\/hirek\/files\/2026\/05\/679978431_1399076955596355_9160886411758333789_n-masolata-768x768.jpg 768w, https:\/\/semmelweis.hu\/hirek\/files\/2026\/05\/679978431_1399076955596355_9160886411758333789_n-masolata-1536x1536.jpg 1536w, https:\/\/semmelweis.hu\/hirek\/files\/2026\/05\/679978431_1399076955596355_9160886411758333789_n-masolata-753x753.jpg 753w, https:\/\/semmelweis.hu\/hirek\/files\/2026\/05\/679978431_1399076955596355_9160886411758333789_n-masolata.jpg 2048w\" >\r\n        <\/a><\/div><\/span><span class=\"gallery-item\"><div class=\"hidden\"><a href=\"https:\/\/semmelweis.hu\/hirek\/files\/2026\/05\/681358320_1399115085592542_1170877364268335540_n-e1777558645339.jpg\">\r\n        <img src=https:\/\/semmelweis.hu\/hirek\/files\/2026\/05\/681358320_1399115085592542_1170877364268335540_n-e1777558645339.jpg alt=\"\" class=\"attachment-sote-gallery-big size-sote-gallery-big\" srcset=\"https:\/\/semmelweis.hu\/hirek\/files\/2026\/05\/681358320_1399115085592542_1170877364268335540_n-e1777558645339-400x267.jpg 400w, https:\/\/semmelweis.hu\/hirek\/files\/2026\/05\/681358320_1399115085592542_1170877364268335540_n-e1777558645339-900x602.jpg 900w, https:\/\/semmelweis.hu\/hirek\/files\/2026\/05\/681358320_1399115085592542_1170877364268335540_n-e1777558645339-768x513.jpg 768w, https:\/\/semmelweis.hu\/hirek\/files\/2026\/05\/681358320_1399115085592542_1170877364268335540_n-e1777558645339-753x503.jpg 753w, https:\/\/semmelweis.hu\/hirek\/files\/2026\/05\/681358320_1399115085592542_1170877364268335540_n-e1777558645339-203x135.jpg 203w, https:\/\/semmelweis.hu\/hirek\/files\/2026\/05\/681358320_1399115085592542_1170877364268335540_n-e1777558645339.jpg 1200w\" >\r\n        <\/a><\/div><\/span><span class=\"gallery-item\"><div class=\"hidden\"><a href=\"https:\/\/semmelweis.hu\/hirek\/files\/2026\/05\/682715015_1399484952222222_9115698855425768942_n-masolata.jpg\">\r\n        <img src=https:\/\/semmelweis.hu\/hirek\/files\/2026\/05\/682715015_1399484952222222_9115698855425768942_n-masolata.jpg alt=\"\" class=\"attachment-sote-gallery-big size-sote-gallery-big\" srcset=\"https:\/\/semmelweis.hu\/hirek\/files\/2026\/05\/682715015_1399484952222222_9115698855425768942_n-masolata-320x400.jpg 320w, https:\/\/semmelweis.hu\/hirek\/files\/2026\/05\/682715015_1399484952222222_9115698855425768942_n-masolata-640x800.jpg 640w, https:\/\/semmelweis.hu\/hirek\/files\/2026\/05\/682715015_1399484952222222_9115698855425768942_n-masolata-768x960.jpg 768w, https:\/\/semmelweis.hu\/hirek\/files\/2026\/05\/682715015_1399484952222222_9115698855425768942_n-masolata-753x941.jpg 753w, https:\/\/semmelweis.hu\/hirek\/files\/2026\/05\/682715015_1399484952222222_9115698855425768942_n-masolata.jpg 1229w\" >\r\n        <\/a><\/div><\/span><span class=\"gallery-item\"><div class=\"hidden\"><a href=\"https:\/\/semmelweis.hu\/hirek\/files\/2026\/05\/DSC00251-scaled.jpg\">\r\n        <img src=https:\/\/semmelweis.hu\/hirek\/files\/2026\/05\/DSC00251-scaled.jpg alt=\"\" class=\"attachment-sote-gallery-big size-sote-gallery-big\" srcset=\"https:\/\/semmelweis.hu\/hirek\/files\/2026\/05\/DSC00251-400x267.jpg 400w, https:\/\/semmelweis.hu\/hirek\/files\/2026\/05\/DSC00251-900x600.jpg 900w, https:\/\/semmelweis.hu\/hirek\/files\/2026\/05\/DSC00251-768x512.jpg 768w, https:\/\/semmelweis.hu\/hirek\/files\/2026\/05\/DSC00251-1536x1024.jpg 1536w, https:\/\/semmelweis.hu\/hirek\/files\/2026\/05\/DSC00251-2048x1365.jpg 2048w, https:\/\/semmelweis.hu\/hirek\/files\/2026\/05\/DSC00251-753x502.jpg 753w, https:\/\/semmelweis.hu\/hirek\/files\/2026\/05\/DSC00251-203x135.jpg 203w\" >\r\n        <\/a><\/div><\/span><span class=\"gallery-item\"><div class=\"hidden\"><a href=\"https:\/\/semmelweis.hu\/hirek\/files\/2026\/05\/RS236647_DSC09554_scl.jpg\">\r\n        <img src=https:\/\/semmelweis.hu\/hirek\/files\/2026\/05\/RS236647_DSC09554_scl.jpg alt=\"\" class=\"attachment-sote-gallery-big size-sote-gallery-big\" srcset=\"https:\/\/semmelweis.hu\/hirek\/files\/2026\/05\/RS236647_DSC09554_scl-400x267.jpg 400w, https:\/\/semmelweis.hu\/hirek\/files\/2026\/05\/RS236647_DSC09554_scl-900x600.jpg 900w, https:\/\/semmelweis.hu\/hirek\/files\/2026\/05\/RS236647_DSC09554_scl-768x512.jpg 768w, https:\/\/semmelweis.hu\/hirek\/files\/2026\/05\/RS236647_DSC09554_scl-753x502.jpg 753w, https:\/\/semmelweis.hu\/hirek\/files\/2026\/05\/RS236647_DSC09554_scl-203x135.jpg 203w, https:\/\/semmelweis.hu\/hirek\/files\/2026\/05\/RS236647_DSC09554_scl.jpg 1200w\" >\r\n        <\/a><\/div><\/span><span class=\"gallery-item\"><div class=\"hidden\"><a href=\"https:\/\/semmelweis.hu\/hirek\/files\/2026\/05\/20260426061657788-scaled.jpeg\">\r\n        <img src=https:\/\/semmelweis.hu\/hirek\/files\/2026\/05\/20260426061657788-scaled.jpeg alt=\"\" class=\"attachment-sote-gallery-big size-sote-gallery-big\" srcset=\"https:\/\/semmelweis.hu\/hirek\/files\/2026\/05\/20260426061657788-400x300.jpeg 400w, https:\/\/semmelweis.hu\/hirek\/files\/2026\/05\/20260426061657788-900x675.jpeg 900w, https:\/\/semmelweis.hu\/hirek\/files\/2026\/05\/20260426061657788-768x576.jpeg 768w, https:\/\/semmelweis.hu\/hirek\/files\/2026\/05\/20260426061657788-1536x1152.jpeg 1536w, https:\/\/semmelweis.hu\/hirek\/files\/2026\/05\/20260426061657788-2048x1536.jpeg 2048w, https:\/\/semmelweis.hu\/hirek\/files\/2026\/05\/20260426061657788-753x565.jpeg 753w\" >\r\n        <\/a><\/div><\/span><span class=\"gallery-item\"><div class=\"hidden\"><a href=\"https:\/\/semmelweis.hu\/hirek\/files\/2026\/05\/DSC05728-scaled.jpg\">\r\n        <img src=https:\/\/semmelweis.hu\/hirek\/files\/2026\/05\/DSC05728-scaled.jpg alt=\"\" class=\"attachment-sote-gallery-big size-sote-gallery-big\" srcset=\"https:\/\/semmelweis.hu\/hirek\/files\/2026\/05\/DSC05728-400x267.jpg 400w, https:\/\/semmelweis.hu\/hirek\/files\/2026\/05\/DSC05728-900x600.jpg 900w, https:\/\/semmelweis.hu\/hirek\/files\/2026\/05\/DSC05728-768x512.jpg 768w, https:\/\/semmelweis.hu\/hirek\/files\/2026\/05\/DSC05728-1536x1024.jpg 1536w, https:\/\/semmelweis.hu\/hirek\/files\/2026\/05\/DSC05728-2048x1365.jpg 2048w, https:\/\/semmelweis.hu\/hirek\/files\/2026\/05\/DSC05728-753x502.jpg 753w, https:\/\/semmelweis.hu\/hirek\/files\/2026\/05\/DSC05728-203x135.jpg 203w\" >\r\n        <\/a><\/div><\/span><span class=\"gallery-item\"><div class=\"hidden\"><a href=\"https:\/\/semmelweis.hu\/hirek\/files\/2026\/05\/20260425_171309-scaled.jpg\">\r\n        <img src=https:\/\/semmelweis.hu\/hirek\/files\/2026\/05\/20260425_171309-scaled.jpg alt=\"\" class=\"attachment-sote-gallery-big size-sote-gallery-big\" srcset=\"https:\/\/semmelweis.hu\/hirek\/files\/2026\/05\/20260425_171309-400x300.jpg 400w, https:\/\/semmelweis.hu\/hirek\/files\/2026\/05\/20260425_171309-900x675.jpg 900w, https:\/\/semmelweis.hu\/hirek\/files\/2026\/05\/20260425_171309-768x576.jpg 768w, https:\/\/semmelweis.hu\/hirek\/files\/2026\/05\/20260425_171309-1536x1152.jpg 1536w, https:\/\/semmelweis.hu\/hirek\/files\/2026\/05\/20260425_171309-2048x1536.jpg 2048w, https:\/\/semmelweis.hu\/hirek\/files\/2026\/05\/20260425_171309-753x565.jpg 753w\" >\r\n        <\/a><\/div><\/span><span class=\"gallery-item\"><div class=\"hidden\"><a href=\"https:\/\/semmelweis.hu\/hirek\/files\/2026\/05\/20260425_173243-scaled.jpg\">\r\n        <img src=https:\/\/semmelweis.hu\/hirek\/files\/2026\/05\/20260425_173243-scaled.jpg alt=\"\" class=\"attachment-sote-gallery-big size-sote-gallery-big\" srcset=\"https:\/\/semmelweis.hu\/hirek\/files\/2026\/05\/20260425_173243-400x300.jpg 400w, https:\/\/semmelweis.hu\/hirek\/files\/2026\/05\/20260425_173243-900x675.jpg 900w, https:\/\/semmelweis.hu\/hirek\/files\/2026\/05\/20260425_173243-768x576.jpg 768w, https:\/\/semmelweis.hu\/hirek\/files\/2026\/05\/20260425_173243-1536x1152.jpg 1536w, https:\/\/semmelweis.hu\/hirek\/files\/2026\/05\/20260425_173243-2048x1536.jpg 2048w, https:\/\/semmelweis.hu\/hirek\/files\/2026\/05\/20260425_173243-753x565.jpg 753w\" >\r\n        <\/a><\/div><\/span><span class=\"gallery-item\"><div class=\"hidden\"><a href=\"https:\/\/semmelweis.hu\/hirek\/files\/2026\/05\/20260425_173329-scaled.jpg\">\r\n        <img src=https:\/\/semmelweis.hu\/hirek\/files\/2026\/05\/20260425_173329-scaled.jpg alt=\"\" class=\"attachment-sote-gallery-big size-sote-gallery-big\" srcset=\"https:\/\/semmelweis.hu\/hirek\/files\/2026\/05\/20260425_173329-400x300.jpg 400w, https:\/\/semmelweis.hu\/hirek\/files\/2026\/05\/20260425_173329-900x675.jpg 900w, https:\/\/semmelweis.hu\/hirek\/files\/2026\/05\/20260425_173329-768x576.jpg 768w, https:\/\/semmelweis.hu\/hirek\/files\/2026\/05\/20260425_173329-1536x1152.jpg 1536w, https:\/\/semmelweis.hu\/hirek\/files\/2026\/05\/20260425_173329-2048x1536.jpg 2048w, https:\/\/semmelweis.hu\/hirek\/files\/2026\/05\/20260425_173329-753x565.jpg 753w\" >\r\n        <\/a><\/div><\/span><span class=\"gallery-item\"><div class=\"hidden\"><a href=\"https:\/\/semmelweis.hu\/hirek\/files\/2026\/05\/20260425_193445-scaled.jpg\">\r\n        <img src=https:\/\/semmelweis.hu\/hirek\/files\/2026\/05\/20260425_193445-scaled.jpg alt=\"\" class=\"attachment-sote-gallery-big size-sote-gallery-big\" srcset=\"https:\/\/semmelweis.hu\/hirek\/files\/2026\/05\/20260425_193445-400x300.jpg 400w, https:\/\/semmelweis.hu\/hirek\/files\/2026\/05\/20260425_193445-900x675.jpg 900w, https:\/\/semmelweis.hu\/hirek\/files\/2026\/05\/20260425_193445-768x576.jpg 768w, https:\/\/semmelweis.hu\/hirek\/files\/2026\/05\/20260425_193445-1536x1152.jpg 1536w, https:\/\/semmelweis.hu\/hirek\/files\/2026\/05\/20260425_193445-2048x1536.jpg 2048w, https:\/\/semmelweis.hu\/hirek\/files\/2026\/05\/20260425_193445-753x565.jpg 753w\" >\r\n        <\/a><\/div><\/span><span class=\"gallery-item\"><div class=\"hidden\"><a href=\"https:\/\/semmelweis.hu\/hirek\/files\/2026\/05\/DSC05803-scaled.jpg\">\r\n        <img src=https:\/\/semmelweis.hu\/hirek\/files\/2026\/05\/DSC05803-scaled.jpg alt=\"\" class=\"attachment-sote-gallery-big size-sote-gallery-big\" srcset=\"https:\/\/semmelweis.hu\/hirek\/files\/2026\/05\/DSC05803-400x267.jpg 400w, https:\/\/semmelweis.hu\/hirek\/files\/2026\/05\/DSC05803-900x600.jpg 900w, https:\/\/semmelweis.hu\/hirek\/files\/2026\/05\/DSC05803-768x512.jpg 768w, https:\/\/semmelweis.hu\/hirek\/files\/2026\/05\/DSC05803-1536x1024.jpg 1536w, https:\/\/semmelweis.hu\/hirek\/files\/2026\/05\/DSC05803-2048x1365.jpg 2048w, https:\/\/semmelweis.hu\/hirek\/files\/2026\/05\/DSC05803-753x502.jpg 753w, https:\/\/semmelweis.hu\/hirek\/files\/2026\/05\/DSC05803-203x135.jpg 203w\" >\r\n        <\/a><\/div><\/span><span class=\"gallery-item\"><div class=\"hidden\"><a href=\"https:\/\/semmelweis.hu\/hirek\/files\/2026\/05\/DSC05829-scaled.jpg\">\r\n        <img src=https:\/\/semmelweis.hu\/hirek\/files\/2026\/05\/DSC05829-scaled.jpg alt=\"\" class=\"attachment-sote-gallery-big size-sote-gallery-big\" srcset=\"https:\/\/semmelweis.hu\/hirek\/files\/2026\/05\/DSC05829-400x267.jpg 400w, https:\/\/semmelweis.hu\/hirek\/files\/2026\/05\/DSC05829-900x600.jpg 900w, https:\/\/semmelweis.hu\/hirek\/files\/2026\/05\/DSC05829-768x512.jpg 768w, https:\/\/semmelweis.hu\/hirek\/files\/2026\/05\/DSC05829-1536x1024.jpg 1536w, https:\/\/semmelweis.hu\/hirek\/files\/2026\/05\/DSC05829-2048x1365.jpg 2048w, https:\/\/semmelweis.hu\/hirek\/files\/2026\/05\/DSC05829-753x502.jpg 753w, https:\/\/semmelweis.hu\/hirek\/files\/2026\/05\/DSC05829-203x135.jpg 203w\" >\r\n        <\/a><\/div><\/span>\r\n            <\/div>\r\n\r\n            [\/slb_exclude]\r\n\t\n<p>Kiss Melinda Katalin<br \/>\nFot\u00f3: Gut\u00e1si \u00c1d\u00e1m, Ny\u00e1m\u00e1ndi Piroska, az UB\u00f3kay \u00e9s a F\u00fcrge Csig\u00e1k csapata \u2013 Semmelweis Egyetem<\/p>\n","protected":false},"excerpt":{"rendered":"<p>Tucatnyi csapat, \u00e9s k\u00f6zel 50 Semmelweis-polg\u00e1r vett r\u00e9szt versenyz\u0151k\u00e9nt \u00e9s t\u00e1mogat\u00f3k\u00e9nt a rendezv\u00e9nyen.<\/p>\n","protected":false},"author":102163,"featured_media":168041,"comment_status":"closed","ping_status":"closed","sticky":false,"template":"","format":"standard","meta":{"_acf_changed":false,"footnotes":""},"categories":[157,168],"tags":[345,3895],"class_list":["post-168021","post","type-post","status-publish","format-standard","has-post-thumbnail","hentry","category-semmelweis-vilag","category-kiemelt","tag-esemenyek-es-beszamolok","tag-jotekonysag"],"acf":[],"_links":{"self":[{"href":"https:\/\/semmelweis.hu\/hirek\/wp-json\/wp\/v2\/posts\/168021","targetHints":{"allow":["GET"]}}],"collection":[{"href":"https:\/\/semmelweis.hu\/hirek\/wp-json\/wp\/v2\/posts"}],"about":[{"href":"https:\/\/semmelweis.hu\/hirek\/wp-json\/wp\/v2\/types\/post"}],"author":[{"embeddable":true,"href":"https:\/\/semmelweis.hu\/hirek\/wp-json\/wp\/v2\/users\/102163"}],"replies":[{"embeddable":true,"href":"https:\/\/semmelweis.hu\/hirek\/wp-json\/wp\/v2\/comments?post=168021"}],"version-history":[{"count":10,"href":"https:\/\/semmelweis.hu\/hirek\/wp-json\/wp\/v2\/posts\/168021\/revisions"}],"predecessor-version":[{"id":168077,"href":"https:\/\/semmelweis.hu\/hirek\/wp-json\/wp\/v2\/posts\/168021\/revisions\/168077"}],"wp:featuredmedia":[{"embeddable":true,"href":"https:\/\/semmelweis.hu\/hirek\/wp-json\/wp\/v2\/media\/168041"}],"wp:attachment":[{"href":"https:\/\/semmelweis.hu\/hirek\/wp-json\/wp\/v2\/media?parent=168021"}],"wp:term":[{"taxonomy":"category","embeddable":true,"href":"https:\/\/semmelweis.hu\/hirek\/wp-json\/wp\/v2\/categories?post=168021"},{"taxonomy":"post_tag","embeddable":true,"href":"https:\/\/semmelweis.hu\/hirek\/wp-json\/wp\/v2\/tags?post=168021"}],"curies":[{"name":"wp","href":"https:\/\/api.w.org\/{rel}","templated":true}]}}