{"id":167894,"date":"2026-05-01T14:00:30","date_gmt":"2026-05-01T12:00:30","guid":{"rendered":"https:\/\/semmelweis.hu\/hirek\/?p=167894"},"modified":"2026-04-30T15:09:31","modified_gmt":"2026-04-30T13:09:31","slug":"aranypant-dijjal-ismertek-el-a-rehabilitacios-klinika-fonoveret","status":"publish","type":"post","link":"https:\/\/semmelweis.hu\/hirek\/2026\/05\/01\/aranypant-dijjal-ismertek-el-a-rehabilitacios-klinika-fonoveret\/","title":{"rendered":"Aranyp\u00e1nt-d\u00edjjal ismert\u00e9k el a Rehabilit\u00e1ci\u00f3s Klinika f\u0151n\u0151v\u00e9r\u00e9t"},"content":{"rendered":"<div class=\"lead\">Az id\u00e9n Balogh Nikolett, a Semmelweis Egyetem Rehabilit\u00e1ci\u00f3s Klinik\u00e1j\u00e1nak f\u0151n\u0151v\u00e9re nyerte el az Aranyp\u00e1nt-d\u00edjat, \u00e9s lett k\u00f6z\u00f6ns\u00e9gszavaz\u00e1st k\u00f6vet\u0151en a h\u00e9tk\u00f6znapok roma h\u0151se 2026-ban.<\/div>\n<p>Az id\u00e9n ism\u00e9t t\u00edz rendk\u00edv\u00fcli emberre, \u00e9s az \u00e1ltaluk k\u00e9pviselt, meglehet\u0151sen elt\u00e9r\u0151 \u00e9letutak elismer\u00e9s\u00e9re lehetett szavazni az \u00e9v h\u00e9tk\u00f6znapi roma h\u0151s\u00e9t elismer\u0151 Aranyp\u00e1nt-d\u00edj k\u00f6z\u00f6ns\u00e9gszavaz\u00e1s\u00e1n. A Nemzetk\u00f6zi Roma Napon, 2026. \u00e1prilis 8-\u00e1n a Romano Kher \u2013 Naph\u00e1zban tartott d\u00edj\u00e1tad\u00f3 g\u00e1l\u00e1n ism\u00e9t bemutatt\u00e1k a <a href=\"https:\/\/telex.hu\/belfold\/2026\/04\/03\/roma-sajtokozpont-hetkoznapi-roma-hos-aranypant-dij\" target=\"_blank\" rel=\"noopener\">jel\u00f6lteket<\/a>, akik k\u00f6z\u00f6tt \u00f3voda- \u00e9s tanodavezet\u0151, szoci\u00e1lis munk\u00e1s, k\u00f6z\u00e9pkorkutat\u00f3 t\u00f6rt\u00e9n\u00e9sz, illetve v\u00e1llalkoz\u00f3, jog\u00e1sz \u00e9s mesemond\u00f3 is volt. Az este v\u00e9g\u00e9n lez\u00e1rt k\u00f6z\u00f6ns\u00e9gszavaz\u00e1sra valamivel t\u00f6bb, mint 6300 szavazat \u00e9rkezett.<\/p>\n<p><a href=\"https:\/\/semmelweis.hu\/hirek\/files\/2026\/04\/Balogh-Nikolett-scaled-e1777360467351.jpg\"><img loading=\"lazy\" decoding=\"async\" class=\"alignleft size-medium wp-image-167898\" src=\"https:\/\/semmelweis.hu\/hirek\/files\/2026\/04\/Balogh-Nikolett-scaled-e1777360467351-309x400.jpg\" alt=\"\" width=\"309\" height=\"400\" srcset=\"https:\/\/semmelweis.hu\/hirek\/files\/2026\/04\/Balogh-Nikolett-scaled-e1777360467351-309x400.jpg 309w, https:\/\/semmelweis.hu\/hirek\/files\/2026\/04\/Balogh-Nikolett-scaled-e1777360467351-617x800.jpg 617w, https:\/\/semmelweis.hu\/hirek\/files\/2026\/04\/Balogh-Nikolett-scaled-e1777360467351-768x995.jpg 768w, https:\/\/semmelweis.hu\/hirek\/files\/2026\/04\/Balogh-Nikolett-scaled-e1777360467351-1186x1536.jpg 1186w, https:\/\/semmelweis.hu\/hirek\/files\/2026\/04\/Balogh-Nikolett-scaled-e1777360467351-753x976.jpg 753w, https:\/\/semmelweis.hu\/hirek\/files\/2026\/04\/Balogh-Nikolett-scaled-e1777360467351.jpg 1502w\" sizes=\"auto, (max-width: 309px) 100vw, 309px\" \/><\/a>A legt\u00f6bb voksot Balogh Nikolett, a Semmelweis Egyetem Rehabilit\u00e1ci\u00f3s Klinika ortop\u00e9d-traumatol\u00f3giai oszt\u00e1ly\u00e1nak vezet\u0151 \u00e1pol\u00f3ja kapta. M\u00e1r gyermekk\u00e9nt \u00e1pol\u00f3 szeretett volna lenni, ez\u00e9rt a hajd\u00fahadh\u00e1zi Bocskai Istv\u00e1n K\u00e9t Tan\u00edt\u00e1si Nyelv\u0171 \u00c1ltal\u00e1nos Iskola elv\u00e9gz\u00e9s\u00e9t k\u00f6vet\u0151en Debrecenbe, az eg\u00e9szs\u00e9g\u00fcgyi szakgimn\u00e1ziumba vitte az \u00fatja. Eredetileg arr\u00f3l \u00e1lmodott, hogy gyermek\u00e1pol\u00f3 lesz, k\u00e9s\u0151bb m\u00e9gis ink\u00e1bb a diplom\u00e1s \u00e1pol\u00f3 szak elv\u00e9gz\u00e9se mellett d\u00f6nt\u00f6tt. A Debreceni Egyetem Eg\u00e9szs\u00e9gtudom\u00e1nyi Kar\u00e1n, Ny\u00edregyh\u00e1z\u00e1n kezdte meg a k\u00e9pz\u00e9s\u00e9t, azonban nehezen tal\u00e1lta meg benne a hely\u00e9t, egy id\u0151re el is vesz\u00edtette a jogviszony\u00e1t. Az \u00e1lm\u00e1t viszont nem adta fel, fodr\u00e1sz \u00e9s szak\u00e1pol\u00f3i v\u00e9gzetts\u00e9g megszerz\u00e9s\u00e9t k\u00f6vet\u0151en ism\u00e9t felv\u00e9telizett az egyetemre, amelyet azt\u00e1n munka mellett, levelez\u0151 tagozaton k\u00e9s\u0151bb el is v\u00e9gzett. \u00cdgy v\u00e1lt bel\u0151le az els\u0151 diplom\u00e1s a csal\u00e1dj\u00e1ban.<\/p>\n<p>Kezdetben Debrecenben, a belgy\u00f3gy\u00e1szati klinik\u00e1n helyezkedett el, de t\u00f6bbre v\u00e1gyott, vezet\u0151 szeretett volna lenni, felel\u0151ss\u00e9ggel \u00e9s szervez\u0151i munk\u00e1val. Ez\u00e9rt egy \u00faj \u00e1ll\u00e1s kedv\u00e9\u00e9rt Budapestre k\u00f6lt\u00f6z\u00f6tt, ahol n\u0151v\u00e9rsz\u00e1ll\u00f3n lakott. A v\u00e1lt\u00e1s nemcsak a f\u0151v\u00e1ros \u00e9s vid\u00e9k k\u00f6z\u00f6tt volt \u00e9les, hanem a COVID-j\u00e1rv\u00e1ny miatt intenz\u00edv oszt\u00e1lyos feladatokkal is j\u00e1rt, mik\u00f6zben dolgozott a szakdolgozat\u00e1n is. Az Orsz\u00e1gos Orvosi Rehabilit\u00e1ci\u00f3s, majd Mozg\u00e1sszervi Int\u00e9zetben t\u00f6bb oszt\u00e1lyon is dolgozott, a jelenlegi r\u00e9szleg\u00e9n 2022-ben kezdett szak\u00e1pol\u00f3k\u00e9nt.<\/p>\n<p>Miut\u00e1n 2023-ban megszerezte a diplom\u00e1j\u00e1t, f\u0151n\u0151v\u00e9r-helyettes lett, majd 2025. janu\u00e1rj\u00e1ban, 26 \u00e9vesen oszt\u00e1lyvezet\u0151 \u00e1pol\u00f3nak nevezt\u00e9k ki, \u00edgy m\u00e1r tizenk\u00e9t f\u0151 munk\u00e1j\u00e1t ir\u00e1ny\u00edtja, annak ellen\u00e9re, hogy \u0151 a legfiatalabb. Vezet\u0151i r\u00e1termetts\u00e9ge hamar felt\u0171nt a k\u00f6rnyezet\u00e9nek: koll\u00e9g\u00e1i \u00fagy \u00e9rezt\u00e9k, mindig lehet r\u00e1 sz\u00e1m\u00edtani, sz\u00fcks\u00e9g eset\u00e9n els\u0151 h\u00edv\u00e1sra is beugrott, mik\u00f6zben szakmailag is egyre biztosabb pontt\u00e1 v\u00e1lt. Tov\u00e1bbra is komoly figyelmet ford\u00edt az \u00faj ismeretek megszerz\u00e9s\u00e9re, egy r\u00f6vid n\u00e9peg\u00e9szs\u00e9g\u00fcgyi mesterszakos kit\u00e9r\u0151t k\u00f6vet\u0151en eg\u00e9szs\u00e9g\u00fcgyi tan\u00e1ri k\u00e9pz\u00e9sre jelentkezett, amelyet hamarosan el is v\u00e9gez. M\u00e9ltat\u00e1s\u00e1ban a d\u00edj\u00e1tad\u00f3n \u00fagy fogalmaztak: \u201ea saj\u00e1t p\u00e9ld\u00e1j\u00e1n kereszt\u00fcl ink\u00e1bb azt mutatja meg, hogy egy roma n\u0151 is lehet vezet\u0151 egy olyan int\u00e9zm\u00e9nyben, ahol a felel\u0151ss\u00e9g, a tud\u00e1s \u00e9s a bizalom naponta m\u00e9rhet\u0151.\u201d<\/p>\n<div class=\"keretes w-100\">\n<h6>Elismer\u00e9s a h\u00e9tk\u00f6znapi roma h\u0151s\u00f6knek<\/h6>\n<p>A Roma Sajt\u00f3k\u00f6zpont 2015 \u00f3ta adom\u00e1nyozza a k\u00f6z\u00f6ns\u00e9gszavaz\u00e1ssal eld\u0151l\u0151 Aranyp\u00e1nt-d\u00edjat, melynek c\u00e9lja, hogy olyan h\u00e9tk\u00f6znapi roma embereket mutasson be, akik a sok sz\u00e1zezernyi sorst\u00e1rsukhoz hasonl\u00f3an teszik a dolgukat, l\u00e1thatatlanul. A d\u00edj elnevez\u00e9se Kov\u00e1cs J\u00f3zsef Hontalan k\u00f6lt\u0151t\u0151l sz\u00e1rmazik: \u201eHomlokomon k\u00e9t aranyp\u00e1nt van. Az egyik a cig\u00e1nys\u00e1gom, a m\u00e1sik a magyars\u00e1gom. Egyikr\u0151l sem k\u00edv\u00e1nok lemondani.\u201d<\/p>\n<\/div>\n<p>\nFot\u00f3: Roma Sajt\u00f3k\u00f6zpont<\/p>\n","protected":false},"excerpt":{"rendered":"<p>Balogh Nikolett a Nemzetk\u00f6zi Roma Napon vette \u00e1t az elismer\u00e9st.<\/p>\n","protected":false},"author":102163,"featured_media":167896,"comment_status":"closed","ping_status":"closed","sticky":false,"template":"","format":"standard","meta":{"_acf_changed":false,"footnotes":""},"categories":[157,168],"tags":[158],"class_list":["post-167894","post","type-post","status-publish","format-standard","has-post-thumbnail","hentry","category-semmelweis-vilag","category-kiemelt","tag-dijak-kituntetesek"],"acf":[],"_links":{"self":[{"href":"https:\/\/semmelweis.hu\/hirek\/wp-json\/wp\/v2\/posts\/167894","targetHints":{"allow":["GET"]}}],"collection":[{"href":"https:\/\/semmelweis.hu\/hirek\/wp-json\/wp\/v2\/posts"}],"about":[{"href":"https:\/\/semmelweis.hu\/hirek\/wp-json\/wp\/v2\/types\/post"}],"author":[{"embeddable":true,"href":"https:\/\/semmelweis.hu\/hirek\/wp-json\/wp\/v2\/users\/102163"}],"replies":[{"embeddable":true,"href":"https:\/\/semmelweis.hu\/hirek\/wp-json\/wp\/v2\/comments?post=167894"}],"version-history":[{"count":4,"href":"https:\/\/semmelweis.hu\/hirek\/wp-json\/wp\/v2\/posts\/167894\/revisions"}],"predecessor-version":[{"id":168020,"href":"https:\/\/semmelweis.hu\/hirek\/wp-json\/wp\/v2\/posts\/167894\/revisions\/168020"}],"wp:featuredmedia":[{"embeddable":true,"href":"https:\/\/semmelweis.hu\/hirek\/wp-json\/wp\/v2\/media\/167896"}],"wp:attachment":[{"href":"https:\/\/semmelweis.hu\/hirek\/wp-json\/wp\/v2\/media?parent=167894"}],"wp:term":[{"taxonomy":"category","embeddable":true,"href":"https:\/\/semmelweis.hu\/hirek\/wp-json\/wp\/v2\/categories?post=167894"},{"taxonomy":"post_tag","embeddable":true,"href":"https:\/\/semmelweis.hu\/hirek\/wp-json\/wp\/v2\/tags?post=167894"}],"curies":[{"name":"wp","href":"https:\/\/api.w.org\/{rel}","templated":true}]}}