{"id":167875,"date":"2026-04-28T06:00:37","date_gmt":"2026-04-28T04:00:37","guid":{"rendered":"https:\/\/semmelweis.hu\/hirek\/?p=167875"},"modified":"2026-04-27T20:00:36","modified_gmt":"2026-04-27T18:00:36","slug":"szent-gyorgyi-albert-orvosi-dij-tobb-semmelweis-polgart-is-kituntettek","status":"publish","type":"post","link":"https:\/\/semmelweis.hu\/hirek\/2026\/04\/28\/szent-gyorgyi-albert-orvosi-dij-tobb-semmelweis-polgart-is-kituntettek\/","title":{"rendered":"Szent-Gy\u00f6rgyi Albert Orvosi D\u00edj: t\u00f6bb Semmelweis-polg\u00e1rt is kit\u00fcntettek"},"content":{"rendered":"<div class=\"lead\">Szent-Gy\u00f6rgyi Albert Orvosi D\u00edjjal ismert\u00e9k el a Semmelweis Egyetem t\u00f6bb szakorvos\u00e1t is. Dr. Moln\u00e1r M\u00e1ria Judit, a Genomikai Medicina \u00e9s Ritka Betegs\u00e9gek Int\u00e9zete igazgat\u00f3ja \u00e9letm\u0171d\u00edjat kapott, m\u00edg dr. Zima Endre, az Aneszteziol\u00f3giai \u00e9s Perioperat\u00edv Betegell\u00e1t\u00f3 Int\u00e9zet igazgat\u00f3ja vehette \u00e1t a Goodwill Pharma k\u00fcl\u00f6nd\u00edj\u00e1t az Eg\u00e9szs\u00e9g\u00e9rt K\u00f6zhaszn\u00fa Alap\u00edtv\u00e1ny \u00e1ltal a Magyar Tudom\u00e1nyos Akad\u00e9mi\u00e1n (MTA) megrendezett d\u00edj\u00e1tad\u00f3 g\u00e1l\u00e1n.<\/div>\n<div><a href=\"https:\/\/semmelweis.hu\/hirek\/files\/2026\/04\/SzGyA-OD-2026-csoportkep-e1777301165665.jpg\"><img loading=\"lazy\" decoding=\"async\" class=\"aligncenter size-full wp-image-167880\" src=\"https:\/\/semmelweis.hu\/hirek\/files\/2026\/04\/SzGyA-OD-2026-csoportkep-e1777301165665.jpg\" alt=\"\" width=\"1200\" height=\"800\" \/><\/a><\/div>\n<p>Az id\u00e9n imm\u00e1r kilencedik alkalommal adt\u00e1k \u00e1t a Szent-Gy\u00f6rgyi Albert Orvosi D\u00edjakat, melyekkel a d\u00edjat alap\u00edt\u00f3 Goodwill Pharma az Eg\u00e9szs\u00e9g\u00e9rt K\u00f6zhaszn\u00fa Alap\u00edtv\u00e1ny a magas sz\u00ednvonal\u00fa, embers\u00e9ges orvosi munka jelent\u0151s\u00e9g\u00e9re h\u00edvja fel a figyelmet, valamint mutatja be azokat a p\u00e9ld\u00e1kat, amelyek er\u0151s\u00edtik a t\u00e1rsadalom bizalm\u00e1t a hazai eg\u00e9szs\u00e9g\u00fcgy ir\u00e1nt. A 2026-os d\u00edjakra ism\u00e9t t\u00f6bb ezer jel\u00f6l\u00e9s \u00e9rkezett, \u00e9s t\u00f6bb sz\u00e1zezer szavazatot k\u00fcldtek be betegek, hozz\u00e1tartoz\u00f3k, koll\u00e9g\u00e1k. Minden \u00e9vben 8 k\u00f6z\u00f6ns\u00e9gd\u00edjat, illetve a zs\u0171ri d\u00f6nt\u00e9se alapj\u00e1n k\u00e9t k\u00fcl\u00f6nd\u00edjat \u00edt\u00e9lnek oda.<\/p>\n<p><a href=\"https:\/\/semmelweis.hu\/hirek\/files\/2026\/04\/Prof.-Dr.-Molnar-Maria-Judit-dij-atvetele-e1777301049951.jpg\"><img loading=\"lazy\" decoding=\"async\" class=\"aligncenter size-full wp-image-167878\" src=\"https:\/\/semmelweis.hu\/hirek\/files\/2026\/04\/Prof.-Dr.-Molnar-Maria-Judit-dij-atvetele-e1777301049951.jpg\" alt=\"\" width=\"1200\" height=\"800\" \/><\/a><\/p>\n<p>Az id\u00e9n mindk\u00e9t kateg\u00f3ri\u00e1ban d\u00edjazt\u00e1k a Semmelweis Egyetem szakorvosait. A Goodwill Pharma \u00c9letm\u0171d\u00edjat dr. Moln\u00e1r M\u00e1ria Judit egyetemi tan\u00e1r, a Genomikai Medicina \u00e9s Ritka Betegs\u00e9gek Int\u00e9zete igazgat\u00f3ja kapta meg. Az \u00c9letm\u0171d\u00edjat minden \u00e9vben olyan orvosnak \u00edt\u00e9li oda a zs\u0171ri, aki rendk\u00edv\u00fcli odaad\u00e1ssal, tudom\u00e1nyos ig\u00e9nyess\u00e9ggel \u00e9s humanit\u00e1rius szeml\u00e9lettel viseltetik a p\u00e1ciensei ir\u00e1nt \u00e9s Szent-Gy\u00f6rgyi Alberthez hasonl\u00f3an inspir\u00e1lja \u00e9s tan\u00edtja a k\u00f6rnyezet\u00e9ben dolgoz\u00f3 fiatalabb orvosokat.<\/p>\n<p>A Goodwill Pharma K\u00fcl\u00f6nd\u00edjat dr. Zima Endre Istv\u00e1n egyetemi tan\u00e1r, az Aneszteziol\u00f3giai \u00e9s Perioperat\u00edv Betegell\u00e1t\u00f3 Int\u00e9zet igazgat\u00f3ja, \u00e9s a V\u00e1rosmajori Sz\u00edv- \u00e9s \u00c9rgy\u00f3gy\u00e1szati Klinika Intenz\u00edv Oszt\u00e1ly\u00e1nak vezet\u0151je kapta. Az alap\u00edtv\u00e1ny k\u00fcl\u00f6nd\u00edj\u00e1t minden \u00e9vben olyan fiatal orvos nyerheti el, akinek munk\u00e1ss\u00e1ga \u2013 a zs\u0171ri d\u00f6nt\u00e9se szerint \u2013 a hazai orvosszakma elismer\u00e9se mellett k\u00fclf\u00f6ld\u00f6n is k\u00f6vetend\u0151 p\u00e9ldak\u00e9nt szolg\u00e1l, vagy pedig olyan k\u00fclf\u00f6ld\u00f6n m\u00e1r alkalmazott tud\u00e1st, technik\u00e1t, elj\u00e1r\u00e1st honos\u00edt meg haz\u00e1nkban, amellyel a magyarorsz\u00e1gi orvost\u00e1rsadalom lehet\u0151s\u00e9geit gyarap\u00edtja.<\/p>\n<p><a href=\"https:\/\/semmelweis.hu\/hirek\/files\/2026\/04\/Prof.-Dr.-Zima-Endre-Istvan-dij-atvetele-e1777301100176.jpg\"><img loading=\"lazy\" decoding=\"async\" class=\"aligncenter size-full wp-image-167879\" src=\"https:\/\/semmelweis.hu\/hirek\/files\/2026\/04\/Prof.-Dr.-Zima-Endre-Istvan-dij-atvetele-e1777301100176.jpg\" alt=\"\" width=\"1200\" height=\"800\" \/><\/a><\/p>\n<p>Az alap\u00edtv\u00e1ny k\u00f6zlem\u00e9nye szerint az id\u00e9n felt\u0171n\u0151en sok gyermekeket gy\u00f3gy\u00edt\u00f3 szakember kapott jel\u00f6l\u00e9st, illetve szavazt\u00e1k meg r\u00e9sz\u00fckre az elismer\u00e9st. Ahogy fogalmaznak: a gyermekgy\u00f3gy\u00e1szat saj\u00e1toss\u00e1ga, hogy a gy\u00f3gy\u00edt\u00e1s egyszerre sz\u00f3l a gyermekhez \u00e9s a sz\u00fcl\u0151h\u00f6z is, ez\u00e9rt a diagn\u00f3zis mellett kiemelt jelent\u0151s\u00e9ge van a vil\u00e1gos magyar\u00e1zatnak \u00e9s a bizalmi kapcsolat kialak\u00edt\u00e1s\u00e1nak. \u201eAmikor bizalmi kapcsol\u00f3d\u00e1s j\u00f6n l\u00e9tre az orvos \u00e9s a p\u00e1ciense k\u00f6z\u00f6tt, akkor van es\u00e9ly arra, hogy a tan\u00e1csok val\u00f3ban be\u00e9p\u00fcljenek a mindennapokba. Ebben a folyamatban a gyermekorvosok szerepe k\u00fcl\u00f6n\u00f6sen meghat\u00e1roz\u00f3, mivel egyre gyakoribbak gyermekkorban is a civiliz\u00e1ci\u00f3s betegs\u00e9gek. Soha nem volt m\u00e9g ennyire fontos, hogy \u00e9rthet\u0151 kommunik\u00e1ci\u00f3val tan\u00edtsuk a fiatalabb gener\u00e1ci\u00f3kat a tudatos eg\u00e9szs\u00e9gmeg\u0151rz\u00e9sre\u201d \u2013 h\u00edvta fel a figyelmet a Magyar Tudom\u00e1nyos Akad\u00e9mi\u00e1n tartott d\u00edj\u00e1tad\u00f3 alkalm\u00e1b\u00f3l dr. J\u00f3j\u00e1rt Ferenc, a Goodwill Pharma eln\u00f6k-vez\u00e9rigazgat\u00f3ja.\u00a0<\/p>\n<p>A k\u00f6z\u00f6ns\u00e9gd\u00edjasok k\u00f6z\u00f6tt a Budapest r\u00e9gi\u00f3 egyik d\u00edjazottja szint\u00e9n Semmelweis-polg\u00e1r. Dr. Cs\u00e9csei M\u00e1rta \u00c9va, csecsem\u0151- \u00e9s gyermekgy\u00f3gy\u00e1sz szakorvos saj\u00e1t ferencv\u00e1rosi gyermekh\u00e1ziorvosi praxis\u00e1ban gy\u00f3gy\u00edtja a hozz\u00e1 fordul\u00f3 p\u00e1cienseket, emellett 2023-t\u00f3l a Semmelweis Egyetem Rezidens-\u00e9s Szakorvosk\u00e9pz\u00e9s\u00e9t tutork\u00e9nt seg\u00edti a szakorvosjel\u00f6lteket 2 h\u00f3napos gyermekh\u00e1ziorvosi k\u00e9pz\u00e9s\u00fck alatt.<\/p>\n<p>Kiss Melinda Katalin<br \/>\nFot\u00f3: Goodwill Pharma; Kiemelt k\u00e9p: Szent-Gy\u00f6rgyi Albert Orvosi D\u00edj Facebook-oldala<\/p>\n","protected":false},"excerpt":{"rendered":"<p>\u00c9letm\u0171d\u00edjat vehetett \u00e1t dr. Moln\u00e1r M\u00e1ria Judit \u00e9s k\u00fcl\u00f6nd\u00edjat dr. Zima Endre. <\/p>\n","protected":false},"author":102163,"featured_media":167882,"comment_status":"closed","ping_status":"closed","sticky":false,"template":"","format":"standard","meta":{"_acf_changed":false,"footnotes":""},"categories":[157,168],"tags":[158],"class_list":["post-167875","post","type-post","status-publish","format-standard","has-post-thumbnail","hentry","category-semmelweis-vilag","category-kiemelt","tag-dijak-kituntetesek"],"acf":[],"_links":{"self":[{"href":"https:\/\/semmelweis.hu\/hirek\/wp-json\/wp\/v2\/posts\/167875","targetHints":{"allow":["GET"]}}],"collection":[{"href":"https:\/\/semmelweis.hu\/hirek\/wp-json\/wp\/v2\/posts"}],"about":[{"href":"https:\/\/semmelweis.hu\/hirek\/wp-json\/wp\/v2\/types\/post"}],"author":[{"embeddable":true,"href":"https:\/\/semmelweis.hu\/hirek\/wp-json\/wp\/v2\/users\/102163"}],"replies":[{"embeddable":true,"href":"https:\/\/semmelweis.hu\/hirek\/wp-json\/wp\/v2\/comments?post=167875"}],"version-history":[{"count":10,"href":"https:\/\/semmelweis.hu\/hirek\/wp-json\/wp\/v2\/posts\/167875\/revisions"}],"predecessor-version":[{"id":167892,"href":"https:\/\/semmelweis.hu\/hirek\/wp-json\/wp\/v2\/posts\/167875\/revisions\/167892"}],"wp:featuredmedia":[{"embeddable":true,"href":"https:\/\/semmelweis.hu\/hirek\/wp-json\/wp\/v2\/media\/167882"}],"wp:attachment":[{"href":"https:\/\/semmelweis.hu\/hirek\/wp-json\/wp\/v2\/media?parent=167875"}],"wp:term":[{"taxonomy":"category","embeddable":true,"href":"https:\/\/semmelweis.hu\/hirek\/wp-json\/wp\/v2\/categories?post=167875"},{"taxonomy":"post_tag","embeddable":true,"href":"https:\/\/semmelweis.hu\/hirek\/wp-json\/wp\/v2\/tags?post=167875"}],"curies":[{"name":"wp","href":"https:\/\/api.w.org\/{rel}","templated":true}]}}