{"id":167827,"date":"2026-04-30T06:00:22","date_gmt":"2026-04-30T04:00:22","guid":{"rendered":"https:\/\/semmelweis.hu\/hirek\/?p=167827"},"modified":"2026-04-30T08:18:44","modified_gmt":"2026-04-30T06:18:44","slug":"jelentosen-bovult-a-biologiai-terapias-kapacitas-a-reumatologiai-es-immunologiai-klinikan","status":"publish","type":"post","link":"https:\/\/semmelweis.hu\/hirek\/2026\/04\/30\/jelentosen-bovult-a-biologiai-terapias-kapacitas-a-reumatologiai-es-immunologiai-klinikan\/","title":{"rendered":"Jelent\u0151sen b\u0151v\u00fclt a biol\u00f3giai ter\u00e1pi\u00e1s kapacit\u00e1s a Reumatol\u00f3giai \u00e9s Immunol\u00f3giai Klinik\u00e1n"},"content":{"rendered":"<div class=\"lead\">Dupl\u00e1j\u00e1ra n\u00f6velte az inf\u00fazi\u00f3s biol\u00f3giai ter\u00e1pi\u00e1s kezel\u00e9si kapacit\u00e1s\u00e1t a Reumatol\u00f3giai \u00e9s Immunol\u00f3giai Klinika. A mintegy 140 milli\u00f3 forintos, egyetemi forr\u00e1sb\u00f3l megval\u00f3sul\u00f3 beruh\u00e1z\u00e1s \u2013 amely szervezeti \u00e9s infrastruktur\u00e1lis \u00e1talak\u00edt\u00e1ssal, k\u00f6lt\u00f6z\u00e9ssel is j\u00e1rt \u2013 \u00e9rdemben jav\u00edtotta a gyullad\u00e1sos reumatol\u00f3giai \u00e9s sziszt\u00e9m\u00e1s autoimmun betegek ell\u00e1t\u00e1si k\u00f6r\u00fclm\u00e9nyeit, n\u00f6velte a betegbiztons\u00e1got, valamint b\u0151v\u00edtette a j\u00e1r\u00f3beteg-ell\u00e1t\u00e1s kapacit\u00e1s\u00e1t is \u2013 t\u00e1j\u00e9koztatta honlapunkat dr. Nagy Gy\u00f6rgy klinikaigazgat\u00f3.<\/div>\n<p><a href=\"https:\/\/semmelweis.hu\/hirek\/files\/2026\/04\/RS235809_GV5A3291_scl.jpg\"><img loading=\"lazy\" decoding=\"async\" class=\"aligncenter size-full wp-image-167833\" src=\"https:\/\/semmelweis.hu\/hirek\/files\/2026\/04\/RS235809_GV5A3291_scl.jpg\" alt=\"\" width=\"1200\" height=\"800\" srcset=\"https:\/\/semmelweis.hu\/hirek\/files\/2026\/04\/RS235809_GV5A3291_scl.jpg 1200w, https:\/\/semmelweis.hu\/hirek\/files\/2026\/04\/RS235809_GV5A3291_scl-400x267.jpg 400w, https:\/\/semmelweis.hu\/hirek\/files\/2026\/04\/RS235809_GV5A3291_scl-900x600.jpg 900w, https:\/\/semmelweis.hu\/hirek\/files\/2026\/04\/RS235809_GV5A3291_scl-768x512.jpg 768w, https:\/\/semmelweis.hu\/hirek\/files\/2026\/04\/RS235809_GV5A3291_scl-753x502.jpg 753w, https:\/\/semmelweis.hu\/hirek\/files\/2026\/04\/RS235809_GV5A3291_scl-203x135.jpg 203w\" sizes=\"auto, (max-width: 1200px) 100vw, 1200px\" \/><\/a><\/p>\n<p>A biol\u00f3giai ter\u00e1pi\u00e1k \u00e9vtizedekkel kor\u00e1bban val\u00f3 megjelen\u00e9se forradalmi \u00e1tt\u00f6r\u00e9st hozott a gyullad\u00e1sos reumatol\u00f3giai k\u00f3rk\u00e9pekkel vagy sziszt\u00e9m\u00e1s autoimmun betegs\u00e9ggel \u00e9l\u0151k kezel\u00e9s\u00e9ben. A Magyarorsz\u00e1gon kezdetben csak klinikai vizsg\u00e1latok keret\u00e9ben el\u00e9rhet\u0151 c\u00e9lzott ter\u00e1pi\u00e1s gy\u00f3gyszerek m\u00e1ra m\u00e1r be\u00e9p\u00fcltek az ell\u00e1t\u00e1sba, min\u0151s\u00e9gi v\u00e1ltoz\u00e1st hozva azon betegek egy r\u00e9sz\u00e9nek \u00e9let\u00e9ben, akiknek eset\u00e9ben a kor\u00e1bbi hagyom\u00e1nyos kezel\u00e9sekkel nem lehetett gyullad\u00e1smentes \u00e1llapotot el\u00e9rni.<\/p>\n<p>\u201eA ter\u00e1pi\u00e1s lehet\u0151s\u00e9gek k\u00f6re az\u00f3ta is folyamatosan b\u0151v\u00fcl. P\u00e9ld\u00e1ul a rheumatoid arthritis eset\u00e9n ma m\u00e1r t\u00f6bb el\u00e9rhet\u0151 hat\u00e1smechanizmus\u00fa biol\u00f3giai kezel\u00e9s \u00e1ll rendelkez\u00e9sre. Ezek alkalmaz\u00e1s\u00e1val a betegek egyharmad\u00e1n\u00e1l teljes remisszi\u00f3 \u00e9rhet\u0151 el, tov\u00e1bbi egyharmaduk \u00e1llapota stabiliz\u00e1lhat\u00f3, ugyanakkor egy jelent\u0151s betegcsoport eset\u00e9ben tov\u00e1bbra is ter\u00e1pi\u00e1s kih\u00edv\u00e1sokkal kell sz\u00e1molnunk\u201d \u2013 t\u00e1j\u00e9koztatott dr. Nagy Gy\u00f6rgy, a Reumatol\u00f3giai \u00e9s Immunol\u00f3giai Klinika igazgat\u00f3ja.<\/p>\n<p><a href=\"https:\/\/semmelweis.hu\/hirek\/files\/2026\/04\/RS212525_GV5A8261_scl.jpg\"><img loading=\"lazy\" decoding=\"async\" class=\"alignleft size-medium wp-image-167924\" src=\"https:\/\/semmelweis.hu\/hirek\/files\/2026\/04\/RS212525_GV5A8261_scl-267x400.jpg\" alt=\"\" width=\"267\" height=\"400\" srcset=\"https:\/\/semmelweis.hu\/hirek\/files\/2026\/04\/RS212525_GV5A8261_scl-267x400.jpg 267w, https:\/\/semmelweis.hu\/hirek\/files\/2026\/04\/RS212525_GV5A8261_scl-533x800.jpg 533w, https:\/\/semmelweis.hu\/hirek\/files\/2026\/04\/RS212525_GV5A8261_scl.jpg 600w\" sizes=\"auto, (max-width: 267px) 100vw, 267px\" \/><\/a>\u201eA Reumatol\u00f3giai \u00e9s Immunol\u00f3giai Klinika az orsz\u00e1gos ell\u00e1t\u00f3rendszer meghat\u00e1roz\u00f3 k\u00f6zpontja: a biol\u00f3giai \u00e9s c\u00e9lzott szintetikus ter\u00e1pi\u00e1kat alkalmaz\u00f3 22 hazai centrum k\u00f6z\u00fcl az egyik legnagyobb betegforgalmat bonyol\u00edtja. Az ilyen korszer\u0171 kezel\u00e9sek orsz\u00e1gos volumen\u00e9nek mintegy 30-40 sz\u00e1zal\u00e9ka int\u00e9zm\u00e9ny\u00fcnkben val\u00f3sul meg, ami hozz\u00e1vet\u0151legesen k\u00f6r\u00fclbel\u00fcl 4000 beteg ell\u00e1t\u00e1s\u00e1t jelenti. Ez a ter\u00e1pi\u00e1s ter\u00fclet rohamosan b\u0151v\u00fcl: az \u00faj gy\u00f3gyszerek, illetve az \u00faj indik\u00e1ci\u00f3k \u00e1trajzolt\u00e1k a betegek ell\u00e1t\u00e1s\u00e1t. Mindez ma m\u00e1r m\u00e1s megk\u00f6zel\u00edt\u00e9st ig\u00e9nyel a klinikai \u00e1llapot felm\u00e9r\u00e9s\u00e9ben, a k\u00e9palkot\u00f3 \u00e9s laborat\u00f3riumi vizsg\u00e1latok v\u00e9gz\u00e9s\u00e9ben, valamint a klasszikus gy\u00f3gyszerek alkalmaz\u00e1s\u00e1ban is, vagyis a beteggondoz\u00e1s sz\u00e1mos aspektus\u00e1ban jelent\u0151s el\u0151rel\u00e9p\u00e9st hozott\u201d \u2013 hangs\u00falyozta az igazgat\u00f3.<\/p>\n<p>A klasszikus kezel\u00e9sek hat\u00e1stalans\u00e1ga eset\u00e9n, m\u00e1sodik vonalban alkalmazott biol\u00f3giai \u00e9s c\u00e9lzott szintetikus ter\u00e1pi\u00e1k jelent\u0151s r\u00e9sz\u00e9t a betegek szubkut\u00e1n injekci\u00f3s form\u00e1ban, illetve tablettak\u00e9nt, mintegy 10 sz\u00e1zal\u00e9k\u00e1t pedig intrav\u00e9n\u00e1s inf\u00fazi\u00f3 form\u00e1j\u00e1ban kapj\u00e1k. Az inf\u00fazi\u00f3s kezel\u00e9s ell\u00e1t\u00e1s\u00e1ra a klinik\u00e1n rendelkez\u00e9sre \u00e1ll\u00f3 kapacit\u00e1s egy 140 milli\u00f3s fejleszt\u00e9s eredm\u00e9nyek\u00e9nt m\u00e1rciust\u00f3l megdupl\u00e1z\u00f3dott. Az egyszerre 13, naponta 20-30, havi szinten ak\u00e1r t\u00f6bb mint 600 beteg fogad\u00e1s\u00e1ra \u00e9s inf\u00fazi\u00f3s ell\u00e1t\u00e1s\u00e1ra rendelkez\u00e9sre \u00e1ll\u00f3 \u00faj inf\u00fazi\u00f3s szoba a klinika Frankel Le\u00f3 \u00fat 38-40. alatti \u00e9p\u00fclet\u00e9ben kapott helyet.<\/p>\n<blockquote>\n<p>A k\u00f6lt\u00f6z\u00e9s nemcsak az ell\u00e1tottak sz\u00e1m\u00e1nak b\u0151v\u00fcl\u00e9s\u00e9vel, hanem a betegbiztons\u00e1g jelent\u0151s javul\u00e1s\u00e1val is j\u00e1rt, hiszen k\u00f6zvetlen k\u00f6zels\u00e9gbe ker\u00fclt a klinika intenz\u00edv oszt\u00e1lya, \u00edgy b\u00e1rmilyen v\u00e1ratlan inf\u00fazi\u00f3s reakci\u00f3 eset\u00e9n halad\u00e9ktalanul be lehet avatkozni<\/p>\n<\/blockquote>\n<p>\u2013 magyar\u00e1zta dr. Nagy Gy\u00f6rgy, hozz\u00e1t\u00e9ve, hogy az inf\u00fazi\u00f3s helyis\u00e9g k\u00f6lt\u00f6ztet\u00e9se igazgat\u00f3i kinevez\u00e9se kezdet\u00e9t\u0151l az egyik f\u0151 c\u00e9lja volt.<\/p>\n<p>\u201eAz \u00faj helyis\u00e9g k\u00f6zvetlen szomsz\u00e9ds\u00e1g\u00e1ban egy betegvizsg\u00e1l\u00f3t is kialak\u00edtottak az inf\u00fazi\u00f3s kezel\u00e9st megel\u0151z\u0151 orvosi teend\u0151k ell\u00e1t\u00e1s\u00e1ra, emellett \u00e1lland\u00f3 orvosi fel\u00fcgyeletet is biztos\u00edtanak a betegek sz\u00e1m\u00e1ra. Az inf\u00fazi\u00f3s szoba kor\u00e1bbi hely\u00e9n, a klinika Frankel Le\u00f3 \u00fat 62. sz\u00e1m alatti ambulancia\u00e9p\u00fcletben a felszabadul\u00f3 ter\u00fcleten k\u00e9t \u00faj j\u00e1r\u00f3beteg-szakrendel\u00e9s ker\u00fcl kialak\u00edt\u00e1sra reag\u00e1lva a folyamatosan n\u00f6vekv\u0151 betegforgalomra, amely jelenleg napi mintegy 300 f\u0151t jelent. \u201d \u2013 sorolta az igazgat\u00f3 a 140 milli\u00f3 forintos, egyetemi forr\u00e1sb\u00f3l megval\u00f3sul\u00f3 fejleszt\u00e9s l\u00e9p\u00e9seit.<\/p>\n\r\n        [slb_exclude]\r\n        <div class=\"row galeria-wrapper mx-0 h-auto\">\r\n            <div class=\"col-9 pl-0 pr-2\">\r\n            <span class=\"gallery-item frame\">\r\n\t\t\t\t<div class=\"galeria-left-img\"><a href=\"https:\/\/semmelweis.hu\/hirek\/files\/2026\/04\/RS235810_GV5A3293_scl-5.jpg\"><img src=https:\/\/semmelweis.hu\/hirek\/files\/2026\/04\/RS235810_GV5A3293_scl-5.jpg  \r\n                            alt=\"\" \r\n                            class=\"attachment-sote-gallery-big size-sote-gallery-big\" \r\n                            srcset=\"https:\/\/semmelweis.hu\/hirek\/files\/2026\/04\/RS235810_GV5A3293_scl-5-400x267.jpg 400w, https:\/\/semmelweis.hu\/hirek\/files\/2026\/04\/RS235810_GV5A3293_scl-5-900x600.jpg 900w, https:\/\/semmelweis.hu\/hirek\/files\/2026\/04\/RS235810_GV5A3293_scl-5-768x512.jpg 768w, https:\/\/semmelweis.hu\/hirek\/files\/2026\/04\/RS235810_GV5A3293_scl-5-753x502.jpg 753w, https:\/\/semmelweis.hu\/hirek\/files\/2026\/04\/RS235810_GV5A3293_scl-5-203x135.jpg 203w, https:\/\/semmelweis.hu\/hirek\/files\/2026\/04\/RS235810_GV5A3293_scl-5.jpg 1200w\" ><\/a><\/div>\r\n            <\/span>\r\n\r\n            <\/div>\r\n\r\n\t\t\t<div class=\"col-3 pl-0 pr-0\">\r\n\t\t\t\t<div class=\"galeria-right-img d-flex justify-content-between flex-column h-100 w-100 px-0 mx-0 \">\r\n                <div class=\"galeria-box\">\r\n\t\t\t\t\t<h3 class=\"galeria-title\">Gal\u00e9ria<\/h3>\r\n\t\t\t\t\t<div class=\"galeria-subtitle\">\r\n\r\n\t\t\t\t\t\t<div class=\"galeria-page-counter\"><span>4<\/span>k\u00e9p<\/div>\r\n                    <\/div> <\/div>\r\n                    <span class=\"gallery-item frame d-none d-md-flex\">\r\n\t\t\t\t\t<div class=\"galeria-small-img mt-0\"><a href=\"https:\/\/semmelweis.hu\/hirek\/files\/2026\/04\/RS235807_GV5A3280_scl-5.jpg\"><img src=https:\/\/semmelweis.hu\/hirek\/files\/2026\/04\/RS235807_GV5A3280_scl-5.jpg \r\n                                alt=\"\"  \r\n                                class=\"attachment-sote-gallery-small size-sote-gallery-small\" \r\n                                srcset=\"https:\/\/semmelweis.hu\/hirek\/files\/2026\/04\/RS235807_GV5A3280_scl-5-400x267.jpg 400w, https:\/\/semmelweis.hu\/hirek\/files\/2026\/04\/RS235807_GV5A3280_scl-5-900x600.jpg 900w, https:\/\/semmelweis.hu\/hirek\/files\/2026\/04\/RS235807_GV5A3280_scl-5-768x512.jpg 768w, https:\/\/semmelweis.hu\/hirek\/files\/2026\/04\/RS235807_GV5A3280_scl-5-753x502.jpg 753w, https:\/\/semmelweis.hu\/hirek\/files\/2026\/04\/RS235807_GV5A3280_scl-5-203x135.jpg 203w, https:\/\/semmelweis.hu\/hirek\/files\/2026\/04\/RS235807_GV5A3280_scl-5.jpg 1200w\" ><\/a><\/div>\r\n                    <\/span>\r\n                    <span class=\"gallery-item frame d-none d-md-flex\">\r\n\t\t\t\t\t<div class=\"galeria-small-img mt-0\"><a href=\"https:\/\/semmelweis.hu\/hirek\/files\/2026\/04\/RS235802_GV5A3268_scl-5.jpg\"><img src=https:\/\/semmelweis.hu\/hirek\/files\/2026\/04\/RS235802_GV5A3268_scl-5.jpg \r\n                                alt=\"\" \r\n                                class=\"attachment-sote-gallery-small size-sote-gallery-small\" \r\n                                srcset=\"https:\/\/semmelweis.hu\/hirek\/files\/2026\/04\/RS235802_GV5A3268_scl-5-400x267.jpg 400w, https:\/\/semmelweis.hu\/hirek\/files\/2026\/04\/RS235802_GV5A3268_scl-5-900x600.jpg 900w, https:\/\/semmelweis.hu\/hirek\/files\/2026\/04\/RS235802_GV5A3268_scl-5-768x512.jpg 768w, https:\/\/semmelweis.hu\/hirek\/files\/2026\/04\/RS235802_GV5A3268_scl-5-753x502.jpg 753w, https:\/\/semmelweis.hu\/hirek\/files\/2026\/04\/RS235802_GV5A3268_scl-5-203x135.jpg 203w, https:\/\/semmelweis.hu\/hirek\/files\/2026\/04\/RS235802_GV5A3268_scl-5.jpg 1200w\" ><\/a><\/div>\r\n                    <\/span>\r\n\r\n                <\/div>\r\n\r\n            <\/div>\r\n\r\n            <span class=\"gallery-item\"><div class=\"hidden\"><a href=\"https:\/\/semmelweis.hu\/hirek\/files\/2026\/04\/RS235805_GV5A3276_scl-5.jpg\">\r\n        <img src=https:\/\/semmelweis.hu\/hirek\/files\/2026\/04\/RS235805_GV5A3276_scl-5.jpg alt=\"\" class=\"attachment-sote-gallery-big size-sote-gallery-big\" srcset=\"https:\/\/semmelweis.hu\/hirek\/files\/2026\/04\/RS235805_GV5A3276_scl-5-400x267.jpg 400w, https:\/\/semmelweis.hu\/hirek\/files\/2026\/04\/RS235805_GV5A3276_scl-5-900x600.jpg 900w, https:\/\/semmelweis.hu\/hirek\/files\/2026\/04\/RS235805_GV5A3276_scl-5-768x512.jpg 768w, https:\/\/semmelweis.hu\/hirek\/files\/2026\/04\/RS235805_GV5A3276_scl-5-753x502.jpg 753w, https:\/\/semmelweis.hu\/hirek\/files\/2026\/04\/RS235805_GV5A3276_scl-5-203x135.jpg 203w, https:\/\/semmelweis.hu\/hirek\/files\/2026\/04\/RS235805_GV5A3276_scl-5.jpg 1200w\" >\r\n        <\/a><\/div><\/span>\r\n            <\/div>\r\n\r\n            [\/slb_exclude]\r\n\t\n<p>Dr. Nagy Gy\u00f6rgy elmondta, hogy a klinika jelenleg mintegy 400 fekv\u0151beteg ell\u00e1t\u00e1s\u00e1t biztos\u00edtja, \u00e9s a k\u00f6zelj\u00f6v\u0151ben tov\u00e1bbi fejleszt\u00e9sk\u00e9nt nappali k\u00f3rh\u00e1zi ell\u00e1t\u00e1si forma bevezet\u00e9s\u00e9t is tervezi mintegy 30 \u00e1gyon.<\/p>\n<div class=\"keretes w-100\">\n<h6>Orsz\u00e1gszerte 100 ezer beteg \u00e9rintett gyullad\u00e1sos reumatol\u00f3giai \u00e9s immunol\u00f3giai betegs\u00e9gben<\/h6>\n<p>Orsz\u00e1gosan k\u00f6r\u00fclbel\u00fcl 10-12 ezer beteg r\u00e9szes\u00fcl gyullad\u00e1sos reumatol\u00f3giai vagy immunol\u00f3giai betegs\u00e9ge k\u00f6vetkezt\u00e9ben biol\u00f3giai ter\u00e1pi\u00e1ban, k\u00f6z\u00fcl\u00fck mintegy 3-4000 beteget a Reumatol\u00f3giai \u00e9s Immunol\u00f3giai Klinik\u00e1n kezelnek. Gyullad\u00e1sos reumatol\u00f3giai \u00e9s immunol\u00f3giai betegs\u00e9gben orsz\u00e1gos szinten mintegy 100 ezren szenvednek, az egyik leggyakoribb k\u00f3rk\u00e9p a sok\u00edz\u00fcleti gyullad\u00e1s (a rheumatoid arthritis), amely legal\u00e1bb 70 ezer f\u0151t, t\u00f6bbs\u00e9g\u00e9ben n\u0151ket \u00e9rint. Tov\u00e1bbi k\u00f3rk\u00e9pek k\u00f6z\u00e9 tartozik az SLE \u00e9s a szkleroderma.<\/p>\n<\/div>\n<p>Szepesi Anita<br \/>\nFot\u00f3: Zellei Bogl\u00e1rka \u2013 Semmelweis Egyetem<\/p>\n","protected":false},"excerpt":{"rendered":"<p>A fejleszt\u00e9s \u00e1ltal javultak a gyullad\u00e1sos reumatol\u00f3giai, immunol\u00f3giai betegek ell\u00e1t\u00e1s\u00e1nak k\u00f6r\u00fclm\u00e9nyei.<\/p>\n","protected":false},"author":102067,"featured_media":167862,"comment_status":"closed","ping_status":"closed","sticky":false,"template":"","format":"standard","meta":{"_acf_changed":false,"footnotes":""},"categories":[157,168],"tags":[4140,156],"class_list":["post-167827","post","type-post","status-publish","format-standard","has-post-thumbnail","hentry","category-semmelweis-vilag","category-kiemelt","tag-fejlesztes","tag-gyogyitas"],"acf":[],"_links":{"self":[{"href":"https:\/\/semmelweis.hu\/hirek\/wp-json\/wp\/v2\/posts\/167827","targetHints":{"allow":["GET"]}}],"collection":[{"href":"https:\/\/semmelweis.hu\/hirek\/wp-json\/wp\/v2\/posts"}],"about":[{"href":"https:\/\/semmelweis.hu\/hirek\/wp-json\/wp\/v2\/types\/post"}],"author":[{"embeddable":true,"href":"https:\/\/semmelweis.hu\/hirek\/wp-json\/wp\/v2\/users\/102067"}],"replies":[{"embeddable":true,"href":"https:\/\/semmelweis.hu\/hirek\/wp-json\/wp\/v2\/comments?post=167827"}],"version-history":[{"count":10,"href":"https:\/\/semmelweis.hu\/hirek\/wp-json\/wp\/v2\/posts\/167827\/revisions"}],"predecessor-version":[{"id":168011,"href":"https:\/\/semmelweis.hu\/hirek\/wp-json\/wp\/v2\/posts\/167827\/revisions\/168011"}],"wp:featuredmedia":[{"embeddable":true,"href":"https:\/\/semmelweis.hu\/hirek\/wp-json\/wp\/v2\/media\/167862"}],"wp:attachment":[{"href":"https:\/\/semmelweis.hu\/hirek\/wp-json\/wp\/v2\/media?parent=167827"}],"wp:term":[{"taxonomy":"category","embeddable":true,"href":"https:\/\/semmelweis.hu\/hirek\/wp-json\/wp\/v2\/categories?post=167827"},{"taxonomy":"post_tag","embeddable":true,"href":"https:\/\/semmelweis.hu\/hirek\/wp-json\/wp\/v2\/tags?post=167827"}],"curies":[{"name":"wp","href":"https:\/\/api.w.org\/{rel}","templated":true}]}}