{"id":167819,"date":"2026-04-29T06:00:48","date_gmt":"2026-04-29T04:00:48","guid":{"rendered":"https:\/\/semmelweis.hu\/hirek\/?p=167819"},"modified":"2026-04-28T19:15:02","modified_gmt":"2026-04-28T17:15:02","slug":"dr-nagy-zoltan-zsolt-erdemes-kovetkezetesen-magas-szinvonalon-dolgozni","status":"publish","type":"post","link":"https:\/\/semmelweis.hu\/hirek\/2026\/04\/29\/dr-nagy-zoltan-zsolt-erdemes-kovetkezetesen-magas-szinvonalon-dolgozni\/","title":{"rendered":"Dr. Nagy Zolt\u00e1n Zsolt: \u00c9rdemes k\u00f6vetkezetesen, magas sz\u00ednvonalon dolgozni"},"content":{"rendered":"<div class=\"lead\">Negyven \u00e9v orvosi p\u00e1lya, t\u00f6bb t\u00edzezer m\u0171t\u00e9t, folyamatos meg\u00fajul\u00e1s \u00e9s nemzetk\u00f6zi szinten is jegyzett kutat\u00e1si eredm\u00e9nyek. \u00cdgy foglalhat\u00f3 \u00f6ssze dr. Nagy Zolt\u00e1n Zsolt egyetemi tan\u00e1r \u00e9let\u00fatja, akinek munk\u00e1ss\u00e1g\u00e1t nemr\u00e9giben <a href=\"https:\/\/semmelweis.hu\/hirek\/2026\/03\/15\/allami-elismeresek-az-egyetem-munkatarsainak-a-nemzeti-unnepen\/\" target=\"_blank\" rel=\"noopener\">Sz\u00e9chenyi-d\u00edjjal<\/a> ismert\u00e9k el, <a href=\"https:\/\/marcius15.kormany.hu\/szechenyi-dij-2026\" target=\"_blank\" rel=\"noopener\">a hivatalos indokl\u00e1s szerint<\/a> az antibiotikum-kutat\u00e1s, a genomm\u00e9rn\u00f6ks\u00e9g, az evol\u00faci\u00f3elm\u00e9let \u00e9s a rendszerbiol\u00f3gia m\u00f3dszertan\u00e1t \u00e9s koncepci\u00f3it \u00f6tv\u00f6z\u0151, nemzetk\u00f6zileg is kiemelked\u0151 kutat\u00e1si eredm\u00e9nyei, valamint a fiatal kutat\u00f3k t\u00e1mogat\u00e1s\u00e1t szolg\u00e1l\u00f3, iskolateremt\u0151 tev\u00e9kenys\u00e9ge elismer\u00e9sek\u00e9nt. A Semmelweis Egyetem Szem\u00e9szeti Klinik\u00e1j\u00e1nak igazgat\u00f3jak\u00e9nt akt\u00edv szerepl\u0151je a gy\u00f3gy\u00edt\u00e1snak, az oktat\u00e1snak \u00e9s az innov\u00e1ci\u00f3nak, mik\u00f6zben olyan ter\u00fcleteken is maradand\u00f3t alkotott, mint az \u0171rkutat\u00e1shoz kapcsol\u00f3d\u00f3 szem\u00e9szeti vizsg\u00e1latok.<\/div>\n<p><a href=\"https:\/\/semmelweis.hu\/hirek\/files\/2026\/03\/dr.Nagy_Zoltan_Zsolt_mti.jpg\"><img loading=\"lazy\" decoding=\"async\" class=\"alignright size-medium wp-image-166496\" src=\"https:\/\/semmelweis.hu\/hirek\/files\/2026\/03\/dr.Nagy_Zoltan_Zsolt_mti-400x267.jpg\" alt=\"\" width=\"400\" height=\"267\" srcset=\"https:\/\/semmelweis.hu\/hirek\/files\/2026\/03\/dr.Nagy_Zoltan_Zsolt_mti-400x267.jpg 400w, https:\/\/semmelweis.hu\/hirek\/files\/2026\/03\/dr.Nagy_Zoltan_Zsolt_mti-768x513.jpg 768w, https:\/\/semmelweis.hu\/hirek\/files\/2026\/03\/dr.Nagy_Zoltan_Zsolt_mti-753x503.jpg 753w, https:\/\/semmelweis.hu\/hirek\/files\/2026\/03\/dr.Nagy_Zoltan_Zsolt_mti-203x135.jpg 203w, https:\/\/semmelweis.hu\/hirek\/files\/2026\/03\/dr.Nagy_Zoltan_Zsolt_mti.jpg 800w\" sizes=\"auto, (max-width: 400px) 100vw, 400px\" \/><\/a>A honlapunkban adott interj\u00faban dr. Nagy Zolt\u00e1n Zsolt elmondta, a szem\u00e9szetet az\u00e9rt tartja k\u00fcl\u00f6nleges szakm\u00e1nak, mert az orvos munk\u00e1j\u00e1nak eredm\u00e9nye szinte azonnal visszaigazol\u00f3dik. P\u00e9ldak\u00e9nt eml\u00edtette, hogy egy sikeres sz\u00fcrkeh\u00e1lyog-m\u0171t\u00e9t ut\u00e1n a beteg ak\u00e1r m\u00e1r m\u00e1snap jelent\u0151s javul\u00e1st tapasztalhat, m\u00edg egy refrakt\u00edv beavatkoz\u00e1s \u2013 k\u00f6zismert nev\u00e9n l\u00e9zeres l\u00e1t\u00e1sjav\u00edt\u00f3 m\u0171t\u00e9t \u2013 ut\u00e1n teljesen megszabadulhat a szem\u00fcvegt\u0151l.<\/p>\n<p>Az elm\u00falt \u00e9vtizedekben a szem\u00e9szetben szinte forradalmi v\u00e1ltoz\u00e1sok zajlottak le, amelyeket dr. Nagy Zolt\u00e1n Zsolt nemcsak v\u00e9gigk\u00eds\u00e9rt, hanem maga is akt\u00edv r\u00e9sze volt. P\u00e1lyakezd\u00e9sekor m\u00e9g nagy metsz\u00e9ssel j\u00e1r\u00f3, hosszabb gy\u00f3gyul\u00e1si idej\u0171 m\u0171t\u00e9tek voltak jellemz\u0151ek, ma viszont n\u00e9h\u00e1ny millim\u00e9teres beavatkoz\u00e1sokkal, korszer\u0171 m\u0171lencs\u00e9kkel \u00e9s l\u00e9zertechnik\u00e1val szinte t\u00f6k\u00e9letes l\u00e1t\u00e1s \u00e9rhet\u0151 el. Kulcsszerepet j\u00e1tszott a femtoszekundumos l\u00e9zeres h\u00e1lyogseb\u00e9szet klinikai bevezet\u00e9s\u00e9ben: 2008-ban a vil\u00e1gon els\u0151k\u00e9nt v\u00e9geztek ilyen beavatkoz\u00e1st Budapesten. A technol\u00f3giai fejl\u0151d\u00e9s az\u00f3ta sem \u00e1llt meg, a l\u00e9zeres megold\u00e1sok ma m\u00e1r a z\u00f6ldh\u00e1lyog kezel\u00e9s\u00e9ben is \u00faj lehet\u0151s\u00e9geket k\u00edn\u00e1lnak.<\/p>\n<p><a href=\"https:\/\/semmelweis.hu\/hirek\/files\/2026\/04\/RS235649_GV5A2377_scl.jpg\"><img loading=\"lazy\" decoding=\"async\" class=\"aligncenter size-full wp-image-167822\" src=\"https:\/\/semmelweis.hu\/hirek\/files\/2026\/04\/RS235649_GV5A2377_scl.jpg\" alt=\"\" width=\"1200\" height=\"800\" srcset=\"https:\/\/semmelweis.hu\/hirek\/files\/2026\/04\/RS235649_GV5A2377_scl.jpg 1200w, https:\/\/semmelweis.hu\/hirek\/files\/2026\/04\/RS235649_GV5A2377_scl-400x267.jpg 400w, https:\/\/semmelweis.hu\/hirek\/files\/2026\/04\/RS235649_GV5A2377_scl-900x600.jpg 900w, https:\/\/semmelweis.hu\/hirek\/files\/2026\/04\/RS235649_GV5A2377_scl-768x512.jpg 768w, https:\/\/semmelweis.hu\/hirek\/files\/2026\/04\/RS235649_GV5A2377_scl-753x502.jpg 753w, https:\/\/semmelweis.hu\/hirek\/files\/2026\/04\/RS235649_GV5A2377_scl-203x135.jpg 203w\" sizes=\"auto, (max-width: 1200px) 100vw, 1200px\" \/><\/a>A kutat\u00e1s ir\u00e1nti \u00e9rdekl\u0151d\u00e9se m\u00e1r p\u00e1ly\u00e1ja elej\u00e9n megmutatkozott. Egy n\u00e9met \u00f6szt\u00f6nd\u00edj sor\u00e1n Erlangenben a szaruh\u00e1rtya sebgy\u00f3gyul\u00e1s\u00e1t vizsg\u00e1lta, \u00e9s eredm\u00e9nyei hozz\u00e1j\u00e1rultak ahhoz, hogy a refrakt\u00edv m\u0171t\u00e9tek ut\u00e1n ma m\u00e1r vil\u00e1gszerte javasolt az UV-v\u00e9delem. Az\u00f3ta a kutat\u00e1si f\u00f3kusza egyre ink\u00e1bb a retina betegs\u00e9gei, valamint a legmodernebb, g\u00e9nter\u00e1pi\u00e1s elj\u00e1r\u00e1sok fel\u00e9 tol\u00f3dott. Egy\u00fcttm\u0171k\u00f6d\u00e9se nemzetk\u00f6zi kutat\u00f3kkal, k\u00f6zt\u00fck dr. Roska Botond neurobiol\u00f3gussal, az Institute of Molecular and Clinical Ophthalmology Basel (IOB) igazgat\u00f3j\u00e1val olyan ir\u00e1nyokat nyitott meg, amelyek hosszabb t\u00e1von a l\u00e1t\u00e1s genetikai szint\u0171 helyre\u00e1ll\u00edt\u00e1s\u00e1t is lehet\u0151v\u00e9 tehetik. A Semmelweis Egyetemen dr. Merkely B\u00e9la rektor t\u00e1mogat\u00e1s\u00e1val m\u00e1r l\u00e9trej\u00f6tt egy g\u00e9nseb\u00e9szeti r\u00e9szleg, aminek r\u00e9v\u00e9n ezek az elj\u00e1r\u00e1sok m\u00e1r a hazai betegell\u00e1t\u00e1sban is megjelenhetnek \u2013 t\u00e1j\u00e9koztatott dr. Nagy Zolt\u00e1n Zsolt.<\/p>\n<p>Az ut\u00f3bbi \u00e9vek egyik legk\u00fcl\u00f6nlegesebb ter\u00fclete sz\u00e1m\u00e1ra az \u0171rkutat\u00e1shoz kapcsol\u00f3d\u00f3 orvosi munka volt. <a href=\"https:\/\/semmelweis.hu\/hirek\/2025\/06\/25\/ket-urbeli-kutatasban-vesz-reszt-a-semmelweis-egyetem\/\" target=\"_blank\" rel=\"noopener\">A HUNOR Magyar \u0170rhaj\u00f3s Program<\/a> keret\u00e9ben a Semmelweis Egyetem v\u00e9gezte az \u0171rhaj\u00f3sjel\u00f6ltek komplex kivizsg\u00e1l\u00e1s\u00e1t, ezen bel\u00fcl a szem\u00e9szeti alkalmass\u00e1g meg\u00edt\u00e9l\u00e9s\u00e9t is. A s\u00falytalans\u00e1g \u00e1llapota ugyanis saj\u00e1tos \u00e9lettani v\u00e1ltoz\u00e1sokat id\u00e9z el\u0151: a testfolyad\u00e9kok a fej ir\u00e1ny\u00e1ba \u00e1ramlanak, ami \u00f6d\u00e9m\u00e1t okozhat az agyban \u00e9s a szemben is. Ez a jelens\u00e9g \u2013 amely hosszabb \u0171rutaz\u00e1sok sor\u00e1n jelentkezik \u2013 a l\u00e1t\u00e1s roml\u00e1s\u00e1hoz vezethet, k\u00fcl\u00f6n\u00f6sen az \u00e9lesl\u00e1t\u00e1s hely\u00e9n.<\/p>\n<p>A probl\u00e9ma megold\u00e1s\u00e1ra egy innovat\u00edv megk\u00f6zel\u00edt\u00e9st dolgoztak ki dr. Balogh Gy\u00f6rgy Tiborral, a Gy\u00f3gyszer\u00e9szi K\u00e9miai Int\u00e9zet igazgat\u00f3j\u00e1val k\u00f6z\u00f6sen. Egy nanosz\u00e1las technol\u00f3gi\u00e1n alapul\u00f3, apr\u00f3 szem\u00e9szeti inzertet, amely a szemh\u00e9j al\u00e1 helyezve fokozatosan k\u00e9pes hat\u00f3anyagot adagolni. Erre az\u00e9rt van sz\u00fcks\u00e9g, mert a hagyom\u00e1nyos szemcseppek a s\u00falytalans\u00e1g \u00e1llapot\u00e1ban nem alkalmazhat\u00f3k megfelel\u0151en. Az \u00faj m\u00f3dszert nemzetk\u00f6zi szervezetek is elfogadt\u00e1k, \u00e9s m\u00e1r \u0171rk\u00eds\u00e9rletben is kipr\u00f3b\u00e1lt\u00e1k. A kutat\u00e1s eredm\u00e9nyeinek feldolgoz\u00e1sa jelenleg is zajlik, de a fejleszt\u00e9s m\u00e1r most \u00edg\u00e9retes l\u00e9p\u00e9s a hossz\u00fa t\u00e1v\u00fa \u0171rutaz\u00e1sok biztons\u00e1g\u00e1nak n\u00f6vel\u00e9s\u00e9ben.<\/p>\n<div class=\"fontos_div\">\n<p>Mint azt dr. Nagy Zolt\u00e1n Zsolt elmondta, a Szem\u00e9szeti Klinika igazgat\u00f3jak\u00e9nt az elm\u00falt 12 \u00e9vben arra t\u00f6rekedett, hogy a szem\u00e9szet teljes spektruma egy helyen el\u00e9rhet\u0151 legyen. A klinik\u00e1n ma a gyermekszem\u00e9szett\u0151l a tumorseb\u00e9szeten \u00e9s a szaruh\u00e1rtya-\u00e1t\u00fcltet\u00e9sen \u00e1t a retina- \u00e9s g\u00e9nseb\u00e9szetig minden szakter\u00fclet k\u00e9pviselve van.<\/p>\n<\/div>\n<p>Az int\u00e9zm\u00e9nyben \u00e9vente t\u00f6bb ezer m\u0171t\u00e9tet v\u00e9geznek, \u00e9s jelent\u0151s betegforgalmat l\u00e1tnak el, ami komoly szervez\u00e9si kih\u00edv\u00e1sokat is jelent. Mindezek ellen\u00e9re alapelv maradt, hogy a hozz\u00e1juk fordul\u00f3 betegeket ell\u00e1tj\u00e1k, hiszen sok esetben olyan probl\u00e9m\u00e1kkal \u00e9rkeznek, amelyek gyors diagn\u00f3zist \u00e9s beavatkoz\u00e1st ig\u00e9nyelnek \u2013 sz\u00f6gezte le az igazgat\u00f3.<\/p>\n<p>Szakm\u00e1j\u00e1ban kiemelten fontosnak tartja a megel\u0151z\u00e9st \u00e9s a sz\u0171r\u00e9st is. A cukorbetegs\u00e9g szem\u00e9szeti sz\u00f6v\u0151dm\u00e9nyei p\u00e9ld\u00e1ul Magyarorsz\u00e1gon is jelent\u0151s probl\u00e9m\u00e1t jelentenek, sok esetben \u00fagy, hogy a betegek nincsenek is tudat\u00e1ban \u00e1llapotuknak. Megl\u00e1t\u00e1sa szerint egy orsz\u00e1gos sz\u0171r\u0151h\u00e1l\u00f3zat ki\u00e9p\u00edt\u00e9se \u2013 modern k\u00e9palkot\u00f3 eszk\u00f6z\u00f6kkel \u00e9s mesters\u00e9ges intelligencia t\u00e1mogat\u00e1s\u00e1val \u2013 hosszabb t\u00e1von jelent\u0151sen jav\u00edthatn\u00e1 a korai felismer\u00e9st \u00e9s a kezel\u00e9si eredm\u00e9nyeket.<\/p>\n<p><a href=\"https:\/\/semmelweis.hu\/hirek\/files\/2026\/04\/RS235651_GV5A2392_scl.jpg\"><img loading=\"lazy\" decoding=\"async\" class=\"alignright size-medium wp-image-167820\" src=\"https:\/\/semmelweis.hu\/hirek\/files\/2026\/04\/RS235651_GV5A2392_scl-267x400.jpg\" alt=\"\" width=\"267\" height=\"400\" srcset=\"https:\/\/semmelweis.hu\/hirek\/files\/2026\/04\/RS235651_GV5A2392_scl-267x400.jpg 267w, https:\/\/semmelweis.hu\/hirek\/files\/2026\/04\/RS235651_GV5A2392_scl-533x800.jpg 533w, https:\/\/semmelweis.hu\/hirek\/files\/2026\/04\/RS235651_GV5A2392_scl.jpg 600w\" sizes=\"auto, (max-width: 267px) 100vw, 267px\" \/><\/a>A gy\u00f3gy\u00edt\u00e1s \u00e9s kutat\u00e1s mellett az oktat\u00e1s mindig is szerves r\u00e9sze volt munk\u00e1j\u00e1nak. Az Eg\u00e9szs\u00e9gtudom\u00e1nyi Kar (ETK) egykori d\u00e9k\u00e1njak\u00e9nt el\u00e9rt eredm\u00e9nyi k\u00f6z\u00fcl kiemelte az optometrista k\u00e9pz\u00e9s meg\u00faj\u00edt\u00e1s\u00e1t \u00e9s meger\u0151s\u00edt\u00e9s\u00e9t, amely hidat k\u00e9pez az optikusok \u00e9s a szemorvosok k\u00f6z\u00f6tt. Ennek r\u00e9szek\u00e9nt siker\u00fclt elind\u00edtani az angol nyelv\u0171 optometrista k\u00e9pz\u00e9st is, amely az\u00f3ta folyamatosan fejl\u0151dik, \u00e9s egyre t\u00f6bb k\u00fclf\u00f6ldi hallgat\u00f3t vonz. Nev\u00e9hez f\u0171z\u0151dik tov\u00e1bb\u00e1 az eg\u00e9szs\u00e9gtudom\u00e1nyi doktori k\u00e9pz\u00e9s beind\u00edt\u00e1sa, valamint a Developments in Health Sciences (DHS) c\u00edm\u0171 angol nyelv\u0171 tudom\u00e1nyos foly\u00f3irat l\u00e9trehoz\u00e1sa is, amely platformot biztos\u00edt a fiatal kutat\u00f3k sz\u00e1m\u00e1ra publik\u00e1ci\u00f3ik megjelentet\u00e9s\u00e9re.<\/p>\n<p>D\u00e9k\u00e1ni m\u0171k\u00f6d\u00e9se alatt infrastruktur\u00e1lis fejleszt\u00e9sek is megval\u00f3sultak az ETK-n: <a href=\"https:\/\/semmelweis.hu\/hirek\/2022\/03\/29\/uj-otemeletes-epulettel-bovult-a-semmelweis-egyetem-egeszsegtudomanyi-kara\/\" target=\"_blank\" rel=\"noopener\">a Kossuth Zsuzsann\u00e1r\u00f3l elnevezett<\/a> korszer\u0171, nagy befogad\u00f3k\u00e9pess\u00e9g\u0171 oktat\u00e1si \u00e9p\u00fclet l\u00e9trehoz\u00e1sa lehet\u0151v\u00e9 tette, hogy a n\u00f6vekv\u0151 hallgat\u00f3i l\u00e9tsz\u00e1m mellett is magas sz\u00ednvonalon szervezz\u00e9k meg az oktat\u00e1st. Mindez k\u00fcl\u00f6n\u00f6sen fontos volt, hiszen az ETK hallgat\u00f3inak sz\u00e1ma az \u00e9vek sor\u00e1n jelent\u0151sen emelkedett, mik\u00f6zben az oktat\u00e1si felt\u00e9teleket is folyamatosan fejleszteni kellett.<\/p>\n<p>Az orvosk\u00e9pz\u00e9sben ma is akt\u00edvan r\u00e9szt vesz: heti rendszeress\u00e9ggel tart el\u0151ad\u00e1sokat magyar \u00e9s angol nyelven, els\u0151sorban szaruh\u00e1rtya-betegs\u00e9gek t\u00e9mak\u00f6r\u00e9ben az \u00c1ltal\u00e1nos Orvostudom\u00e1nyi Kar (\u00c1OK) hallgat\u00f3inak. A blokkrendszer\u0171 gyakorlati k\u00e9pz\u00e9sben k\u00fcl\u00f6n\u00f6sen fontosnak tartja, hogy a hallgat\u00f3k koncentr\u00e1ltan, r\u00f6videbb id\u0151 alatt, de intenz\u00edv jelenl\u00e9ttel saj\u00e1t\u00edts\u00e1k el az ismereteket. A gyakorlati k\u00e9pz\u00e9s sor\u00e1n kis l\u00e9tsz\u00e1m\u00fa, h\u00e1rom-n\u00e9gy f\u0151s csoportokban dolgoznak a hallgat\u00f3k, akik \u00edgy k\u00f6zvetlen\u00fcl tal\u00e1lkozhatnak betegekkel, r\u00e9szt vehetnek a vizsg\u00e1latokban, \u00e9s lehet\u0151s\u00e9g\u00fck ny\u00edlik arra is, hogy m\u0171t\u00e9teket figyeljenek meg. Ez a k\u00f6zvetlen tapasztalatszerz\u00e9s nemcsak a szakmai tud\u00e1s elm\u00e9ly\u00edt\u00e9s\u00e9t seg\u00edti, hanem a p\u00e1lyav\u00e1laszt\u00e1sban is meghat\u00e1roz\u00f3 szerepet j\u00e1tszik.<\/p>\n<p>Dr. Nagy Zolt\u00e1n Zsolt k\u00fcl\u00f6n\u00f6sen fontosnak tartja, hogy a hallgat\u00f3k m\u00e1r k\u00e9pz\u00e9s\u00fck sor\u00e1n bekapcsol\u00f3djanak a klinikai munk\u00e1ba. T\u00f6bben k\u00f6z\u00fcl\u00fck asszisztensi feladatokat v\u00e1llalnak az ambulanci\u00e1n, ak\u00e1r \u00fcgyeleti id\u0151ben is, ami val\u00f3s k\u00e9pet ad sz\u00e1mukra a szakma mindennapjair\u00f3l. Ez a gyakorlat sok esetben hozz\u00e1j\u00e1rul ahhoz, hogy v\u00e9g\u00fcl a szem\u00e9szetet v\u00e1lasztj\u00e1k hivat\u00e1suknak.<\/p>\n<p>Az oktat\u00e1s r\u00e9sze a folyamatos szakmai tov\u00e1bbk\u00e9pz\u00e9s is: a klinika \u00e9vente sz\u00e1mos posztgradu\u00e1lis tanfolyamot szervez k\u00fcl\u00f6nb\u00f6z\u0151 szakter\u00fcleteken. A k\u00e9pz\u00e9sben \u00faj vizsgam\u00f3dszereket is bevezettek, p\u00e9ld\u00e1ul az \u00fagynevezett OSCE-t\u00edpus\u00fa gyakorlati vizsg\u00e1t, amely val\u00f3s klinikai helyzetek modellez\u00e9s\u00e9vel m\u00e9ri a hallgat\u00f3k felk\u00e9sz\u00fclts\u00e9g\u00e9t. Tapasztalatai szerint ez a forma nemcsak objekt\u00edvebb \u00e9rt\u00e9kel\u00e9st tesz lehet\u0151v\u00e9, hanem a hallgat\u00f3k is kifejezetten pozit\u00edvan fogadj\u00e1k.<\/p>\n<div class=\"fontos_div\">\n<p>Mindezek r\u00e9v\u00e9n az oktat\u00e1s sz\u00e1m\u00e1ra nem csup\u00e1n k\u00f6telezetts\u00e9g, hanem a szakma j\u00f6v\u0151j\u00e9nek form\u00e1l\u00e1sa: annak biztos\u00edt\u00e1sa, hogy a k\u00f6vetkez\u0151 gener\u00e1ci\u00f3k megfelel\u0151 tud\u00e1ssal, gyakorlati tapasztalattal \u00e9s elhivatotts\u00e1ggal l\u00e9pjenek be a szem\u00e9szet vil\u00e1g\u00e1ba.<\/p>\n<\/div>\n<p>A Sz\u00e9chenyi-d\u00edjat meglepet\u00e9sk\u00e9nt \u00e9lte meg, ugyanakkor meger\u0151s\u00edt\u00e9sk\u00e9nt is \u00e9rtelmezi. \u00dagy v\u00e9li, ez az elismer\u00e9s azt jelzi, hogy \u00e9rdemes volt k\u00f6vetkezetesen, magas sz\u00ednvonalon dolgozni a gy\u00f3gy\u00edt\u00e1s, a kutat\u00e1s \u00e9s az oktat\u00e1s ter\u00fclet\u00e9n egyar\u00e1nt. A j\u00f6v\u0151ben is szeretn\u00e9 folytatni ezt a munk\u00e1t, b\u00e1r egyre fontosabb\u00e1 v\u00e1lik sz\u00e1m\u00e1ra az egyens\u00faly megtal\u00e1l\u00e1sa a szakmai feladatok \u00e9s a mag\u00e1n\u00e9let k\u00f6z\u00f6tt. Az \u00e9p\u00edt\u00e9szeti kih\u00edv\u00e1sok sokszor megtal\u00e1lj\u00e1k, mind a M\u00e1ria utcai Szem\u00e9szeti Klinika fel\u00faj\u00edt\u00e1sa, mind az Eg\u00e9szs\u00e9gtudom\u00e1nyi Kar III. \u00fctem\u00e9nek (Kossuth Zsuzsa t\u00f6mb) \u00e9p\u00edt\u00e9se sor\u00e1n v\u00e9gig k\u00f6vette az \u00e9p\u00edtkez\u00e9s minden f\u00e1zis\u00e1t.<\/p>\n<p>Szabadidej\u00e9ben sz\u00edvesen f\u00e9nyk\u00e9pez \u00e9s utazik, de az egyik legnagyobb \u00f6r\u00f6m\u00f6t ma m\u00e1r az unok\u00e1j\u00e1val t\u00f6lt\u00f6tt id\u0151 jelenti sz\u00e1m\u00e1ra.<\/p>\n<p>Keresztes Eszter<br \/>\nFot\u00f3: Zellei Bogl\u00e1rka \u2013 Semmelweis Egyetem<\/p>\n","protected":false},"excerpt":{"rendered":"<p>A Szem\u00e9szeti Klinika igazgat\u00f3j\u00e1nak munk\u00e1ss\u00e1g\u00e1t nemr\u00e9giben Sz\u00e9chenyi-d\u00edjjal ismert\u00e9k el.<\/p>\n","protected":false},"author":101132,"featured_media":167821,"comment_status":"closed","ping_status":"closed","sticky":false,"template":"","format":"standard","meta":{"_acf_changed":false,"footnotes":""},"categories":[157,168],"tags":[4070,3996,158],"class_list":["post-167819","post","type-post","status-publish","format-standard","has-post-thumbnail","hentry","category-semmelweis-vilag","category-kiemelt","tag-allami-kituntetes","tag-interju","tag-dijak-kituntetesek"],"acf":[],"_links":{"self":[{"href":"https:\/\/semmelweis.hu\/hirek\/wp-json\/wp\/v2\/posts\/167819","targetHints":{"allow":["GET"]}}],"collection":[{"href":"https:\/\/semmelweis.hu\/hirek\/wp-json\/wp\/v2\/posts"}],"about":[{"href":"https:\/\/semmelweis.hu\/hirek\/wp-json\/wp\/v2\/types\/post"}],"author":[{"embeddable":true,"href":"https:\/\/semmelweis.hu\/hirek\/wp-json\/wp\/v2\/users\/101132"}],"replies":[{"embeddable":true,"href":"https:\/\/semmelweis.hu\/hirek\/wp-json\/wp\/v2\/comments?post=167819"}],"version-history":[{"count":3,"href":"https:\/\/semmelweis.hu\/hirek\/wp-json\/wp\/v2\/posts\/167819\/revisions"}],"predecessor-version":[{"id":167920,"href":"https:\/\/semmelweis.hu\/hirek\/wp-json\/wp\/v2\/posts\/167819\/revisions\/167920"}],"wp:featuredmedia":[{"embeddable":true,"href":"https:\/\/semmelweis.hu\/hirek\/wp-json\/wp\/v2\/media\/167821"}],"wp:attachment":[{"href":"https:\/\/semmelweis.hu\/hirek\/wp-json\/wp\/v2\/media?parent=167819"}],"wp:term":[{"taxonomy":"category","embeddable":true,"href":"https:\/\/semmelweis.hu\/hirek\/wp-json\/wp\/v2\/categories?post=167819"},{"taxonomy":"post_tag","embeddable":true,"href":"https:\/\/semmelweis.hu\/hirek\/wp-json\/wp\/v2\/tags?post=167819"}],"curies":[{"name":"wp","href":"https:\/\/api.w.org\/{rel}","templated":true}]}}