{"id":167778,"date":"2026-04-27T06:00:09","date_gmt":"2026-04-27T04:00:09","guid":{"rendered":"https:\/\/semmelweis.hu\/hirek\/?p=167778"},"modified":"2026-04-24T12:42:02","modified_gmt":"2026-04-24T10:42:02","slug":"az-ujabb-kutatasok-szerint-lehet-tejet-inni-fogeltavolitas-utan-video","status":"publish","type":"post","link":"https:\/\/semmelweis.hu\/hirek\/2026\/04\/27\/az-ujabb-kutatasok-szerint-lehet-tejet-inni-fogeltavolitas-utan-video\/","title":{"rendered":"Az \u00fajabb kutat\u00e1sok szerint lehet tejet inni fogelt\u00e1vol\u00edt\u00e1s ut\u00e1n (VIDE\u00d3)"},"content":{"rendered":"<div class=\"lead\">T\u00e9vhit, hogy fogelt\u00e1vol\u00edt\u00e1st k\u00f6vet\u0151en tilos az \u00e1llati eredet\u0171 tejterm\u00e9kek fogyaszt\u00e1sa. A leg\u00fajabb orvosi aj\u00e1nl\u00e1s szerint b\u00e1tran ehet\u00fcnk tejterm\u00e9ket tartalmaz\u00f3 leveseket, p\u00fcr\u00e9ket, turmixokat, de ne fogyasszunk ilyenkor egyebek mellett apr\u00f3 magvas gy\u00fcm\u00f6lcs\u00f6ket, kem\u00e9ny \u00e9teleket, forr\u00f3 \u00e9s sz\u00e9nsavas italokat, \u00e9s sz\u00edv\u00f3sz\u00e1lat se haszn\u00e1ljunk! A Semmelweis Egyetem leg\u00fajabb oktat\u00f3vide\u00f3j\u00e1b\u00f3l kider\u00fcl, hogyan k\u00e9sz\u00fclj\u00fcnk a beavatkoz\u00e1sra, mit tegy\u00fcnk, illetve mit ker\u00fclj\u00fcnk, hogy gyorsan \u00e9s probl\u00e9mamentesen gy\u00f3gyuljunk.<\/div>\n<p>A fog elt\u00e1vol\u00edt\u00e1sa legt\u00f6bbsz\u00f6r akkor v\u00e1lik sz\u00fcks\u00e9gess\u00e9, ha nagym\u00e9rt\u00e9k\u0171 szuvasod\u00e1s, kr\u00f3nikus gyullad\u00e1s, fert\u0151z\u00e9s, fogt\u00f6r\u00e9s vagy a fogak torl\u00f3d\u00e1sa \u00e1ll a h\u00e1tt\u00e9rben. \u201eA fogelt\u00e1vol\u00edt\u00e1st megel\u0151z\u0151 2\u20133 \u00f3r\u00e1ban m\u00e9g javasolt az \u00e9tkez\u00e9s \u00e9s a v\u00edzfogyaszt\u00e1s, nagyon fontos azonban, hogy miel\u0151tt a p\u00e1ciens meg\u00e9rkezik a rendel\u0151be, ford\u00edtson kiemelt figyelmet a sz\u00e1jhigi\u00e9ni\u00e1ra, hiszen azzal nagyban cs\u00f6kkenthet\u0151 a fert\u0151z\u00e9s kock\u00e1zata \u00e9s gyors\u00edthat\u00f3 a gy\u00f3gyul\u00e1s folyamata. K\u00f6zvetlen\u00fcl a fogelt\u00e1vol\u00edt\u00e1s el\u0151tt m\u00e1r ne fogyasszunk \u00e9telt, \u00e9s ha valaki doh\u00e1nyzik, ekkor m\u00e1r semmik\u00e9pp ne gy\u00fajtson r\u00e1!\u201d \u2013 tan\u00e1csolja dr. Jo\u00f3b-Fancsaly \u00c1rp\u00e1d, a Semmelweis Egyetem Arc-\u00c1llcsont-Sz\u00e1jseb\u00e9szeti \u00e9s Fog\u00e1szati Klinika egyetemi tan\u00e1ra.<\/p>\n<p><iframe loading=\"lazy\" title=\"Semmelweis_oktatovideok_Fogeltavolitas_FINAL\" width=\"753\" height=\"424\" src=\"https:\/\/www.youtube.com\/embed\/3gFm6KDRlpw?feature=oembed\" frameborder=\"0\" allow=\"accelerometer; autoplay; clipboard-write; encrypted-media; gyroscope; picture-in-picture; web-share\" referrerpolicy=\"strict-origin-when-cross-origin\" allowfullscreen><\/iframe><\/p>\n<div class=\"fontos_div\">\n<p>A szakember arra is felh\u00edvja a figyelmet, hogy a beavatkoz\u00e1s el\u0151tt felt\u00e9tlen\u00fcl mondjuk el orvosunknak az esetleges gy\u00f3gyszer\u00e9rz\u00e9kenys\u00e9g\u00fcnket, soroljuk fel rendszeresen szedett gy\u00f3gyszereinket, mint p\u00e9ld\u00e1ul a v\u00e9rh\u00edg\u00edt\u00f3 vagy a v\u00e9rnyom\u00e1scs\u00f6kkent\u0151.<\/p>\n<\/div>\n<p>Fontos eml\u00edten\u00fcnk t\u00f6bbek k\u00f6z\u00f6tt a megl\u00e9v\u0151 kr\u00f3nikus betegs\u00e9geinket is, kiemelten a cukorbetegs\u00e9get, sz\u00edvbetegs\u00e9get, v\u00e9rz\u00e9kenys\u00e9get is!<\/p>\n<p>A fogat annak \u00e1llapot\u00e1hoz igazod\u00f3 eszk\u00f6z\u00f6kkel \u00e9s m\u00f3dszerrel t\u00e1vol\u00edtja el az orvos, ha a beavatkoz\u00e1s sz\u00fcks\u00e9gess\u00e9 teszi, akkor a keletkezett sebet a m\u0171velet v\u00e9g\u00e9n \u00f6sszevarja. Alapszab\u00e1ly, hogy ameddig az \u00e9rz\u00e9stelen\u00edt\u0151 hat, addig semmik\u00e9pp ne egy\u00fcnk, \u00e9s ha lehet, ne is igyunk! A kialakult sebet ne piszk\u00e1ljuk, ne sz\u00edvogassuk!<\/p>\n<p>A sz\u00e1jhigi\u00e9nia nagyon fontos a fogelt\u00e1vol\u00edt\u00e1s ut\u00e1n: az orvossal egyeztetve, m\u00e1r a beavatkoz\u00e1s napj\u00e1n lehet \u00f3vatosan az \u00e1ltala javasolt oldattal \u00f6bl\u00f6getni \u00e9s puha s\u00f6rt\u00e9j\u0171 kef\u00e9vel, a sebet finoman kiker\u00fclve fogat mosni, \u00e1m d\u00f6rzs\u00f6lni tilos! Doh\u00e1nyosok minimum 3 napig ker\u00fclj\u00e9k a cigarett\u00e1t, mivel az lass\u00edtja a sebgy\u00f3gyul\u00e1st \u00e9s komolyan megn\u00f6velheti a fert\u0151z\u00e9s kock\u00e1zat\u00e1t! Ne haszn\u00e1ljunk sz\u00edv\u00f3sz\u00e1lat a v\u00e1kuumhat\u00e1s miatt, \u00e9s langyos, puha \u00e9telek fogyaszt\u00e1sa javasolt az els\u0151 napokban!<\/p>\n<div class=\"fontos_div\">\n<p>Ker\u00fclj\u00fck az apr\u00f3 magvas gy\u00fcm\u00f6lcs\u00f6ket, a forr\u00f3 \u00e9s sz\u00e9nsavas italokat, t\u00e9vhit ugyanakkor, hogy a fogelt\u00e1vol\u00edt\u00e1st k\u00f6vet\u0151en tilos az \u00e1llati eredet\u0171 tejterm\u00e9kek fogyaszt\u00e1sa! B\u00e1tran ehet\u00fcnk tejterm\u00e9ket tartalmaz\u00f3 f\u0151zel\u00e9keket, kr\u00e9mleveseket, gy\u00fcm\u00f6lcs-, vagy z\u00f6lds\u00e9gp\u00fcr\u00e9ket, turmixokat.<\/p>\n<\/div>\n<p>\nA vide\u00f3b\u00f3l az is kider\u00fcl, milyen panaszok eset\u00e9n forduljunk orvoshoz \u00e9s meddig ker\u00fclj\u00fck a fizikai aktivit\u00e1st.<\/p>\n<p>Vide\u00f3: <span style=\"font-size: 1rem\">Bak M\u00e1rton, <\/span><span style=\"font-size: 1rem\">Bartincki Tamara,\u00a0<\/span><span style=\"font-size: 1rem\">Botos R\u00f3bert,\u00a0<\/span><span style=\"font-size: 1rem\">D\u00e1vid Orsolya, <\/span><span style=\"font-size: 1rem\">G\u00e1l Bettina,<\/span><span style=\"font-size: 1rem\">\u00a0<\/span><span style=\"font-size: 1rem\">Kov\u00e1cs Eszter, <\/span><span style=\"font-size: 1rem\">Krasznay Istv\u00e1n,\u00a0<\/span><span style=\"font-size: 1rem\">Zsemlye Anita, <\/span><span style=\"font-size: 1rem\">Zsigmond Boldizs\u00e1r &#8211; Semmelweis Egyetem<\/span><\/p>\n","protected":false},"excerpt":{"rendered":"<p>A Semmelweis Egyetem leg\u00fajabb oktat\u00f3vide\u00f3j\u00e1b\u00f3l kider\u00fcl, hogyan k\u00e9sz\u00fclj\u00fcnk a fogelt\u00e1vol\u00edt\u00e1sra, \u00e9s mit tegy\u00fcnk gyorsabb gy\u00f3gyul\u00e1s\u00e9rt. <\/p>\n","protected":false},"author":101748,"featured_media":167779,"comment_status":"closed","ping_status":"closed","sticky":false,"template":"","format":"standard","meta":{"_acf_changed":false,"footnotes":""},"categories":[154,168],"tags":[156,4305,4121,4246],"class_list":["post-167778","post","type-post","status-publish","format-standard","has-post-thumbnail","hentry","category-egeszseg","category-kiemelt","tag-gyogyitas","tag-semmelweis-oktatovideo","tag-temaajanlo","tag-video"],"acf":[],"_links":{"self":[{"href":"https:\/\/semmelweis.hu\/hirek\/wp-json\/wp\/v2\/posts\/167778","targetHints":{"allow":["GET"]}}],"collection":[{"href":"https:\/\/semmelweis.hu\/hirek\/wp-json\/wp\/v2\/posts"}],"about":[{"href":"https:\/\/semmelweis.hu\/hirek\/wp-json\/wp\/v2\/types\/post"}],"author":[{"embeddable":true,"href":"https:\/\/semmelweis.hu\/hirek\/wp-json\/wp\/v2\/users\/101748"}],"replies":[{"embeddable":true,"href":"https:\/\/semmelweis.hu\/hirek\/wp-json\/wp\/v2\/comments?post=167778"}],"version-history":[{"count":3,"href":"https:\/\/semmelweis.hu\/hirek\/wp-json\/wp\/v2\/posts\/167778\/revisions"}],"predecessor-version":[{"id":167785,"href":"https:\/\/semmelweis.hu\/hirek\/wp-json\/wp\/v2\/posts\/167778\/revisions\/167785"}],"wp:featuredmedia":[{"embeddable":true,"href":"https:\/\/semmelweis.hu\/hirek\/wp-json\/wp\/v2\/media\/167779"}],"wp:attachment":[{"href":"https:\/\/semmelweis.hu\/hirek\/wp-json\/wp\/v2\/media?parent=167778"}],"wp:term":[{"taxonomy":"category","embeddable":true,"href":"https:\/\/semmelweis.hu\/hirek\/wp-json\/wp\/v2\/categories?post=167778"},{"taxonomy":"post_tag","embeddable":true,"href":"https:\/\/semmelweis.hu\/hirek\/wp-json\/wp\/v2\/tags?post=167778"}],"curies":[{"name":"wp","href":"https:\/\/api.w.org\/{rel}","templated":true}]}}