{"id":167706,"date":"2026-04-27T14:00:43","date_gmt":"2026-04-27T12:00:43","guid":{"rendered":"https:\/\/semmelweis.hu\/hirek\/?p=167706"},"modified":"2026-04-24T12:39:24","modified_gmt":"2026-04-24T10:39:24","slug":"richter-erdemerem-elismeres-a-semmelweis-egyetem-munkatarsanak","status":"publish","type":"post","link":"https:\/\/semmelweis.hu\/hirek\/2026\/04\/27\/richter-erdemerem-elismeres-a-semmelweis-egyetem-munkatarsanak\/","title":{"rendered":"Richter-\u00e9rdem\u00e9rem elismer\u00e9s a Semmelweis Egyetem munkat\u00e1rs\u00e1nak"},"content":{"rendered":"<div class=\"lead\"><strong>Richter-\u00e9rdem\u00e9rmet vehetett \u00e1t dr. Igaz P\u00e9ter, a Semmelweis Egyetem Belgy\u00f3gy\u00e1szati \u00e9s Onkol\u00f3giai Klinika Endokrinol\u00f3giai Tansz\u00e9k tansz\u00e9kvezet\u0151 egyetemi tan\u00e1ra. Az endokrinol\u00f3gus szakember a 2026-os \u00e9v legkiemelked\u0151bb tudom\u00e1nyos vagy innov\u00e1ci\u00f3s munk\u00e1j\u00e1t v\u00e9gz\u0151 szakorvosa kateg\u00f3ri\u00e1ban nyerte el p\u00e1ly\u00e1zat\u00e1val a zs\u0171ri elismer\u00e9s\u00e9t.<\/strong><\/div>\n<p><a href=\"https:\/\/semmelweis.hu\/hirek\/files\/2026\/04\/Richter-Erdemerem-Dij-scaled.jpg\"><img loading=\"lazy\" decoding=\"async\" class=\"size-medium wp-image-167715 alignleft\" src=\"https:\/\/semmelweis.hu\/hirek\/files\/2026\/04\/Richter-Erdemerem-Dij-400x267.jpg\" alt=\"\" width=\"400\" height=\"267\" srcset=\"https:\/\/semmelweis.hu\/hirek\/files\/2026\/04\/Richter-Erdemerem-Dij-400x267.jpg 400w, https:\/\/semmelweis.hu\/hirek\/files\/2026\/04\/Richter-Erdemerem-Dij-900x600.jpg 900w, https:\/\/semmelweis.hu\/hirek\/files\/2026\/04\/Richter-Erdemerem-Dij-768x512.jpg 768w, https:\/\/semmelweis.hu\/hirek\/files\/2026\/04\/Richter-Erdemerem-Dij-1536x1024.jpg 1536w, https:\/\/semmelweis.hu\/hirek\/files\/2026\/04\/Richter-Erdemerem-Dij-2048x1365.jpg 2048w, https:\/\/semmelweis.hu\/hirek\/files\/2026\/04\/Richter-Erdemerem-Dij-753x502.jpg 753w, https:\/\/semmelweis.hu\/hirek\/files\/2026\/04\/Richter-Erdemerem-Dij-203x135.jpg 203w\" sizes=\"auto, (max-width: 400px) 100vw, 400px\" \/><\/a>A Richter Gedeon Nyrt. imm\u00e1r negyedik alkalommal d\u00edjazza a szakorvosok legjobb gyakorlatait. A Richter-\u00e9rdem\u00e9rem c\u00e9lja, hogy elismerje azokat a szakembereket, akik munk\u00e1jukkal k\u00e9zzelfoghat\u00f3 m\u00f3don j\u00e1rulnak hozz\u00e1 a betegell\u00e1t\u00e1s min\u0151s\u00e9g\u00e9nek jav\u00edt\u00e1s\u00e1hoz, valamint a tudom\u00e1nyos eredm\u00e9nyek mindennapi gyakorlatba t\u00f6rt\u00e9n\u0151 be\u00e9p\u00edt\u00e9s\u00e9hez.<\/p>\n<p>\u201eA Richter-\u00e9rdem\u00e9rem d\u00edj nemcsak elismeri az orvosi kiv\u00e1l\u00f3s\u00e1got, hanem hozz\u00e1j\u00e1rul a hivat\u00e1s preszt\u00edzs\u00e9nek er\u0151s\u00edt\u00e9s\u00e9hez \u00e9s a j\u00f6v\u0151t form\u00e1l\u00f3 szakmai p\u00e9ld\u00e1k l\u00e1that\u00f3v\u00e1 t\u00e9tel\u00e9hez is\u201d \u2013 fogalmaznak a d\u00edjr\u00f3l kiadott k\u00f6zlem\u00e9ny\u00e9ben. A be\u00e9rkezett p\u00e1lyam\u0171veket id\u00e9n is h\u00e1rom kateg\u00f3ri\u00e1ban \u00e9rt\u00e9kelte a zs\u0171ri.<\/p>\n<p><a href=\"https:\/\/semmelweis.hu\/hirek\/files\/2026\/04\/Richter_Erdemerem_dijatado_2026_04_17_101_web.jpg\"><img loading=\"lazy\" decoding=\"async\" class=\"alignleft size-medium wp-image-167713\" src=\"https:\/\/semmelweis.hu\/hirek\/files\/2026\/04\/Richter_Erdemerem_dijatado_2026_04_17_101_web-267x400.jpg\" alt=\"\" width=\"267\" height=\"400\" srcset=\"https:\/\/semmelweis.hu\/hirek\/files\/2026\/04\/Richter_Erdemerem_dijatado_2026_04_17_101_web-267x400.jpg 267w, https:\/\/semmelweis.hu\/hirek\/files\/2026\/04\/Richter_Erdemerem_dijatado_2026_04_17_101_web-533x800.jpg 533w, https:\/\/semmelweis.hu\/hirek\/files\/2026\/04\/Richter_Erdemerem_dijatado_2026_04_17_101_web-768x1152.jpg 768w, https:\/\/semmelweis.hu\/hirek\/files\/2026\/04\/Richter_Erdemerem_dijatado_2026_04_17_101_web-1024x1536.jpg 1024w, https:\/\/semmelweis.hu\/hirek\/files\/2026\/04\/Richter_Erdemerem_dijatado_2026_04_17_101_web-753x1130.jpg 753w, https:\/\/semmelweis.hu\/hirek\/files\/2026\/04\/Richter_Erdemerem_dijatado_2026_04_17_101_web.jpg 1280w\" sizes=\"auto, (max-width: 267px) 100vw, 267px\" \/><\/a><a href=\"https:\/\/richtererdemerem.hu\/index.php\/dijazottak-szakorvos\/2026\/tudomany-innovacio-kategoria-szakorvos\">Az \u00e9v legkiemelked\u0151bb tudom\u00e1nyos vagy innov\u00e1ci\u00f3s munk\u00e1j\u00e1t v\u00e9gz\u0151 szakorvosa kateg\u00f3ri\u00e1ban<\/a> d\u00edjat nyert dr. Igaz P\u00e9ter. P\u00e1ly\u00e1zat\u00e1nak c\u00edme: MikroRNS-kombin\u00e1ci\u00f3k \u00e9s g\u00e9pi tanul\u00e1s alkalmaz\u00e1sa az endokrin daganatok elk\u00fcl\u00f6n\u00edt\u0151 diagnosztik\u00e1j\u00e1ban. <br \/>\nDr. Igaz P\u00e9ter 1997 \u00f3ta dolgozik a Semmelweis Egyetemen, 2020-ig a kor\u00e1bbi II. Sz. Belgy\u00f3gy\u00e1szati Klinik\u00e1n, amelynek 2016-2020 k\u00f6z\u00f6tt igazgat\u00f3ja volt. 2017 \u00f3ta egyetemi tan\u00e1r. 2020 m\u00e1jusa \u00f3ta, a belgy\u00f3gy\u00e1szati klinik\u00e1k \u00e1tstruktur\u00e1l\u00e1sa nyom\u00e1n a Belgy\u00f3gy\u00e1szati \u00e9s Onkol\u00f3giai Klinik\u00e1hoz tartoz\u00f3 Endokrinol\u00f3giai Tansz\u00e9ket vezeti.<br \/>\nBelgy\u00f3gy\u00e1szatb\u00f3l, klinikai endokrinol\u00f3gi\u00e1b\u00f3l, klinikai genetik\u00e1b\u00f3l \u00e9s onkol\u00f3gi\u00e1b\u00f3l tett szakvizsg\u00e1t, emellett t\u00f6bb nemzetk\u00f6zi szakvizsg\u00e1n is k\u00e9pes\u00edt\u00e9st szerzett. Klinikai tev\u00e9kenys\u00e9ge els\u0151sorban a mell\u00e9kvese \u00e9s neuroendokrin daganatokban szenved\u0151 p\u00e1ciensek kezel\u00e9s\u00e9re, valamint a genetikailag meghat\u00e1rozott ritka \u00f6r\u00f6kl\u0151d\u0151 betegs\u00e9gekre ir\u00e1nyul. K\u00e9t kiv\u00e1l\u00f3s\u00e1gi centrum l\u00e9trehoz\u00e1s\u00e1ban is kiemelt szerepe volt, \u00e9s ezek vezet\u0151jek\u00e9nt is dolgozott. 1999-ben szerezte meg tudom\u00e1nyos fokozat\u00e1t, 2013-ban az MTA doktora c\u00edmet nyerte el. Az orvosi mellett biol\u00f3gus (molekul\u00e1ris biol\u00f3gia szakir\u00e1ny) \u00e9s jogi diplom\u00e1val is rendelkezik.\u00a0<\/p>\n<p>F\u0151 c\u00e9lj\u00e1nak nevezte meg p\u00e1ly\u00e1zat\u00e1ban az endokrin daganatban szenved\u0151 p\u00e1ciensek ell\u00e1t\u00e1s\u00e1nak jav\u00edt\u00e1s\u00e1t, \u00faj m\u00f3dszerek kifejleszt\u00e9s\u00e9t els\u0151dlegesen a mell\u00e9kvese-daganatok diagnosztik\u00e1ja ter\u00e9n, \u00faj molekul\u00e1ris biomarkerek felismer\u00e9s\u00e9n kereszt\u00fcl.<\/p>\n<p>A Richter-\u00e9rdem\u00e9remmel d\u00edjazott p\u00e1lyam\u0171vek az elismer\u00e9s mellett brutt\u00f3 2 milli\u00f3, a k\u00fcl\u00f6nd\u00edjas p\u00e1lyam\u0171vek brutt\u00f3 500 ezer forint d\u00edjaz\u00e1sban r\u00e9szes\u00fcltek.<\/p>\n<p>Tasn\u00e1di R\u00f3bert<br \/>\nFot\u00f3: RichterErdemerem.hu<\/p>\n","protected":false},"excerpt":{"rendered":"<p>Dr. Igaz P\u00e9ter, a Belgy\u00f3gy\u00e1szati \u00e9s Onkol\u00f3giai Klinika Endokrinol\u00f3giai Tansz\u00e9k\u00e9nek tansz\u00e9kvezet\u0151 egyetemi tan\u00e1ra vehette \u00e1t a d\u00edjat.<\/p>\n","protected":false},"author":102073,"featured_media":167715,"comment_status":"closed","ping_status":"closed","sticky":false,"template":"","format":"standard","meta":{"_acf_changed":false,"footnotes":""},"categories":[161,168],"tags":[158],"class_list":["post-167706","post","type-post","status-publish","format-standard","has-post-thumbnail","hentry","category-tudomany","category-kiemelt","tag-dijak-kituntetesek"],"acf":[],"_links":{"self":[{"href":"https:\/\/semmelweis.hu\/hirek\/wp-json\/wp\/v2\/posts\/167706","targetHints":{"allow":["GET"]}}],"collection":[{"href":"https:\/\/semmelweis.hu\/hirek\/wp-json\/wp\/v2\/posts"}],"about":[{"href":"https:\/\/semmelweis.hu\/hirek\/wp-json\/wp\/v2\/types\/post"}],"author":[{"embeddable":true,"href":"https:\/\/semmelweis.hu\/hirek\/wp-json\/wp\/v2\/users\/102073"}],"replies":[{"embeddable":true,"href":"https:\/\/semmelweis.hu\/hirek\/wp-json\/wp\/v2\/comments?post=167706"}],"version-history":[{"count":11,"href":"https:\/\/semmelweis.hu\/hirek\/wp-json\/wp\/v2\/posts\/167706\/revisions"}],"predecessor-version":[{"id":167874,"href":"https:\/\/semmelweis.hu\/hirek\/wp-json\/wp\/v2\/posts\/167706\/revisions\/167874"}],"wp:featuredmedia":[{"embeddable":true,"href":"https:\/\/semmelweis.hu\/hirek\/wp-json\/wp\/v2\/media\/167715"}],"wp:attachment":[{"href":"https:\/\/semmelweis.hu\/hirek\/wp-json\/wp\/v2\/media?parent=167706"}],"wp:term":[{"taxonomy":"category","embeddable":true,"href":"https:\/\/semmelweis.hu\/hirek\/wp-json\/wp\/v2\/categories?post=167706"},{"taxonomy":"post_tag","embeddable":true,"href":"https:\/\/semmelweis.hu\/hirek\/wp-json\/wp\/v2\/tags?post=167706"}],"curies":[{"name":"wp","href":"https:\/\/api.w.org\/{rel}","templated":true}]}}