{"id":167525,"date":"2026-04-25T06:00:50","date_gmt":"2026-04-25T04:00:50","guid":{"rendered":"https:\/\/semmelweis.hu\/hirek\/?p=167525"},"modified":"2026-04-23T09:03:45","modified_gmt":"2026-04-23T07:03:45","slug":"szenior-akademia-fokuszban-a-billentyubetegsegek","status":"publish","type":"post","link":"https:\/\/semmelweis.hu\/hirek\/2026\/04\/25\/szenior-akademia-fokuszban-a-billentyubetegsegek\/","title":{"rendered":"Szenior Akad\u00e9mia \u2013 f\u00f3kuszban a billenty\u0171betegs\u00e9gek"},"content":{"rendered":"<div class=\"lead\">A Szenior Akad\u00e9mia 14. \u00e9vad\u00e1nak nyolcadik el\u0151ad\u00e1s\u00e1t dr. Merkely B\u00e9la, a V\u00e1rosmajori Sz\u00edv- \u00e9s \u00c9rgy\u00f3gy\u00e1szati Klinika igazgat\u00f3ja, a Semmelweis Egyetem rektora tartotta Id\u0151skori billenty\u0171betegs\u00e9gek \u00e9s kezel\u00e9si lehet\u0151s\u00e9geik c\u00edmmel.<\/div>\n<p>Dr. Merkely B\u00e9la el\u0151ad\u00e1s\u00e1ban kiemelte, hogy a billenty\u0171betegs\u00e9gek gyakoris\u00e1ga az \u00e9letkorral n\u0151, sok\u00e1ig t\u00fcnetmentesek lehetnek, kezeletlen\u00fcl m\u00e1s szervek m\u0171k\u00f6d\u00e9s\u00e9t is ronthatj\u00e1k, de ma m\u00e1r id\u0151skorban is hat\u00e9konyan kezelhet\u0151k. R\u00e9szletesen bemutatta a sz\u00edvbillenty\u0171k m\u0171k\u00f6d\u00e9s\u00e9t, valamint a billenty\u0171sz\u0171k\u00fcletet \u00e9s a billenty\u0171-vissza\u00e1raml\u00e1st.<\/p>\n<p><iframe loading=\"lazy\" title=\"Dr. Merkely B\u00e9la - Az id\u0151skori billenty\u0171betegs\u00e9gek \u00e9s kezel\u00e9si lehet\u0151s\u00e9geik\" width=\"753\" height=\"424\" src=\"https:\/\/www.youtube.com\/embed\/un-0-TVMwsg?feature=oembed\" frameborder=\"0\" allow=\"accelerometer; autoplay; clipboard-write; encrypted-media; gyroscope; picture-in-picture; web-share\" referrerpolicy=\"strict-origin-when-cross-origin\" allowfullscreen><\/iframe><\/p>\n<p>A szerzett sz\u00edvbillenty\u0171-hib\u00e1k okair\u00f3l sz\u00f3lva kit\u00e9rt egyebek mellett az \u00e9letkori kop\u00e1s \u00e9s az id\u00fclt gyullad\u00e1s \u00e1ltal okozott meszesed\u00e9sre, a genetikai okokra visszavezethet\u0151 sz\u00f6veti meggyeng\u00fcl\u00e9sre, a sz\u00edv\u00fcregek kit\u00e1gul\u00e1sa k\u00f6vetkezt\u00e9ben fell\u00e9p\u0151 funkcion\u00e1lis billenty\u0171hib\u00e1ra is. A t\u00fcnetek vonatkoz\u00e1s\u00e1ban a szokatlan f\u00e1rad\u00e9konys\u00e1got, a terhel\u00e9ses l\u00e9gszomjat, az \u00e9jszakai fullad\u00e1st, a sz\u00e9d\u00fcl\u00e9st, az eszm\u00e9letveszt\u00e9st, a mellkasi nyom\u00e1st, a bokat\u00e1ji \u00f6d\u00e9m\u00e1t \u00e9s a szab\u00e1lytalan sz\u00edvver\u00e9st eml\u00edtette, hangs\u00falyozva, hogy a billenty\u0171betegs\u00e9g sok\u00e1ig t\u00fcnetmentes lehet, a t\u00fcnetek pedig aspecifikusak. Mint elmondta, ha egy t\u00fcnet gyakori, \u00e9s a napi tev\u00e9kenys\u00e9get akad\u00e1lyozza, azt ki kell vizsg\u00e1lni.<\/p>\n<p>A sz\u00edvbillenty\u0171-betegs\u00e9gek kezel\u00e9s\u00e9r\u0151l sz\u00f3lva dr. Merkely B\u00e9la r\u00e9szletesen kit\u00e9rt a sz\u00edvseb\u00e9szeti \u00e9s a kat\u00e9teres m\u0171t\u00e9tek, valamint a gy\u00f3gyszeres kezel\u00e9s lehet\u0151s\u00e9geire. Ut\u00f3bbival kapcsolatban hangs\u00falyozta, hogy az nem gy\u00f3gy\u00edtja meg a betegs\u00e9get, csak a sz\u00edvel\u00e9gtelens\u00e9g t\u00fcneteit tudja enyh\u00edteni. A m\u0171t\u00e9ti megold\u00e1sok k\u00f6z\u00f6tt eml\u00edtette a hagyom\u00e1nyos, ny\u00edlt sz\u00edvm\u0171t\u00e9tet, a sz\u00edvbillenty\u0171-cser\u00e9t vagy -plasztik\u00e1t, illetve a mechanikus vagy biol\u00f3giai m\u0171billenty\u0171-be\u00fcltet\u00e9st. Ezek k\u00f6z\u00f6tt ismertette egyebek mellett a transzkat\u00e9teres aorta m\u0171billenty\u0171 be\u00fcltet\u00e9st (TAVI), amelyet a V\u00e1rosmajori Sz\u00edv \u00e9s \u00c9rgy\u00f3gy\u00e1szati Klinik\u00e1n 2011 \u00f3ta v\u00e9geznek, \u00e9s az\u00f3ta mintegy 2400 ilyen m\u0171t\u00e9tet hajtottak v\u00e9gre. A sz\u00edvbillenty\u0171-betegs\u00e9gek kapcs\u00e1n felh\u00edvta a figyelmet a megel\u0151z\u00e9s fontoss\u00e1g\u00e1ra: a sz\u0171r\u0151- \u00e9s kontrollvizsg\u00e1latok szerep\u00e9re, a fell\u00e9p\u0151 t\u00fcnetekre val\u00f3 odafigyel\u00e9sre, a v\u00e9rnyom\u00e1s- \u00e9s koleszterinszint-ellen\u0151rz\u00e9sre \u00e9s a mozg\u00e1s, az akt\u00edv \u00e9letm\u00f3d meg\u0151rz\u00e9s\u00e9re.<\/p>\n<div class=\"keretes w-100\">\n<h6>N\u00e9vjegy<\/h6>\n<p>Dr. Merkely B\u00e9la 1991-ben szerzett \u00e1ltal\u00e1nos orvosi diplom\u00e1t a Semmelweis Egyetemen. 1999-ben PhD-fokozatot szerzett, 2006-ban habilit\u00e1lt, \u00e9s ebben az \u00e9vben lett a Magyar Tudom\u00e1nyos Akad\u00e9mia (MTA) doktora. 2008-ban egyetemi tan\u00e1ri kinevez\u00e9st kapott, 2012-t\u0151l a V\u00e1rosmajori Sz\u00edv \u00e9s \u00c9rgy\u00f3gy\u00e1szati Klinika igazgat\u00f3ja. 2018-t\u00f3l a Semmelweis Egyetem rektora. F\u0151 kutat\u00e1si ter\u00fcletei a sz\u00edvel\u00e9gtelens\u00e9g nem gy\u00f3gyszeres kezel\u00e9se, \u00faj technik\u00e1k az intervenci\u00f3s kardiol\u00f3gi\u00e1ban, invaz\u00edv \u00e9s nem invaz\u00edv k\u00e9palkot\u00e1si vizsg\u00e1latok sz\u00edvel\u00e9gtelens\u00e9gben, sz\u00edvritmuszavarok \u00e9s akut koszor\u00fa\u00e9r-szindr\u00f3m\u00e1k valamint sportkardiol\u00f3gia, \u00e9lsportol\u00f3k kardiol\u00f3giai fejleszt\u00e9se. Munk\u00e1ss\u00e1g\u00e1t egyebek mellett Sz\u00e9ch\u00e9nyi-d\u00edjjal \u00e9s a Magyar \u00c9rdemrend tisztikeresztje kit\u00fcntet\u00e9ssel ismert\u00e9k el.<\/p>\n<\/div>\n<p>Pogr\u00e1nyi P\u00e9ter<br \/>\nFot\u00f3: Kov\u00e1cs Attila \u2013 Semmelweis Egyetem<\/p>\n","protected":false},"excerpt":{"rendered":"<p>Az el\u0151ad\u00e1st dr. Merkely B\u00e9la, a V\u00e1rosmajori Sz\u00edv- \u00e9s \u00c9rgy\u00f3gy\u00e1szati Klinika igazgat\u00f3ja, a Semmelweis Egyetem rektora tartotta.<\/p>\n","protected":false},"author":101081,"featured_media":167570,"comment_status":"closed","ping_status":"closed","sticky":false,"template":"","format":"standard","meta":{"_acf_changed":false,"footnotes":""},"categories":[154,168],"tags":[4249],"class_list":["post-167525","post","type-post","status-publish","format-standard","has-post-thumbnail","hentry","category-egeszseg","category-kiemelt","tag-szenior-akademia"],"acf":[],"_links":{"self":[{"href":"https:\/\/semmelweis.hu\/hirek\/wp-json\/wp\/v2\/posts\/167525","targetHints":{"allow":["GET"]}}],"collection":[{"href":"https:\/\/semmelweis.hu\/hirek\/wp-json\/wp\/v2\/posts"}],"about":[{"href":"https:\/\/semmelweis.hu\/hirek\/wp-json\/wp\/v2\/types\/post"}],"author":[{"embeddable":true,"href":"https:\/\/semmelweis.hu\/hirek\/wp-json\/wp\/v2\/users\/101081"}],"replies":[{"embeddable":true,"href":"https:\/\/semmelweis.hu\/hirek\/wp-json\/wp\/v2\/comments?post=167525"}],"version-history":[{"count":2,"href":"https:\/\/semmelweis.hu\/hirek\/wp-json\/wp\/v2\/posts\/167525\/revisions"}],"predecessor-version":[{"id":167736,"href":"https:\/\/semmelweis.hu\/hirek\/wp-json\/wp\/v2\/posts\/167525\/revisions\/167736"}],"wp:featuredmedia":[{"embeddable":true,"href":"https:\/\/semmelweis.hu\/hirek\/wp-json\/wp\/v2\/media\/167570"}],"wp:attachment":[{"href":"https:\/\/semmelweis.hu\/hirek\/wp-json\/wp\/v2\/media?parent=167525"}],"wp:term":[{"taxonomy":"category","embeddable":true,"href":"https:\/\/semmelweis.hu\/hirek\/wp-json\/wp\/v2\/categories?post=167525"},{"taxonomy":"post_tag","embeddable":true,"href":"https:\/\/semmelweis.hu\/hirek\/wp-json\/wp\/v2\/tags?post=167525"}],"curies":[{"name":"wp","href":"https:\/\/api.w.org\/{rel}","templated":true}]}}