{"id":167017,"date":"2026-04-04T06:00:16","date_gmt":"2026-04-04T04:00:16","guid":{"rendered":"https:\/\/semmelweis.hu\/hirek\/?p=167017"},"modified":"2026-04-02T12:02:37","modified_gmt":"2026-04-02T10:02:37","slug":"szenior-akademia-fokuszban-a-pszichiatriai-kutatas","status":"publish","type":"post","link":"https:\/\/semmelweis.hu\/hirek\/2026\/04\/04\/szenior-akademia-fokuszban-a-pszichiatriai-kutatas\/","title":{"rendered":"Szenior Akad\u00e9mia \u2013 f\u00f3kuszban a pszichi\u00e1triai kutat\u00e1s"},"content":{"rendered":"<div class=\"lead\">A Szenior Akad\u00e9mia 14. \u00e9vad\u00e1nak hatodik el\u0151ad\u00e1s\u00e1t dr. Czobor P\u00e1l, a Pszichi\u00e1triai \u00e9s Pszichoter\u00e1pi\u00e1s Klinika kutat\u00e1si igazgat\u00f3helyettese, az EEG kutat\u00f3labor vezet\u0151je tartotta Nagyfelbont\u00e1s\u00fa EEG a pszichi\u00e1triai kutat\u00e1sban c\u00edmmel.<\/div>\n<p>Dr. Czobor P\u00e1l el\u0151ad\u00e1s\u00e1ban elmondta, hogy a pszichi\u00e1triai zavarok eset\u00e9n jelenleg nincs specifikus laborvizsg\u00e1lat, els\u0151sorban a t\u00fcneteket \u00e9s a viselked\u00e9st m\u00e9rik, interj\u00fakat vesznek fel, de ez szubjekt\u00edv. Mint hangs\u00falyozta, a modern pszichi\u00e1triai kutat\u00e1s egyik f\u0151 c\u00e9lja olyan biomarkerek azonos\u00edt\u00e1sa, amelyek k\u00e9pesek objekt\u00edv m\u00f3don m\u00e9rni \u00e9s el\u0151re jelezni a betegs\u00e9get vagy a ter\u00e1pi\u00e1s v\u00e1laszt. Ilyen biomarker lehet az EEG (elektroenkefalogram).<\/p>\n<p><iframe loading=\"lazy\" title=\"Dr. Czobor P\u00e1l - Nagyfelbont\u00e1s\u00fa EEG a pszichi\u00e1triai kutat\u00e1sban\" width=\"753\" height=\"424\" src=\"https:\/\/www.youtube.com\/embed\/XKFhWfw4Wao?feature=oembed\" frameborder=\"0\" allow=\"accelerometer; autoplay; clipboard-write; encrypted-media; gyroscope; picture-in-picture; web-share\" referrerpolicy=\"strict-origin-when-cross-origin\" allowfullscreen><\/iframe><\/p>\n<p>Az EEG-vel az agy elektromos aktivit\u00e1s\u00e1t m\u00e9rhetj\u00fck a fejb\u0151rre helyezett elektr\u00f3d\u00e1k seg\u00edts\u00e9g\u00e9vel \u2013 ismertette dr. Czobor P\u00e1l, a vizsg\u00e1lat el\u0151nyei k\u00f6z\u00f6tt eml\u00edtve, hogy k\u00f6zvetlen\u00fcl az idegsejtek elektromos aktivit\u00e1s\u00e1t m\u00e9ri. Mivel az idegsejtek kommunik\u00e1ci\u00f3ja rendk\u00edv\u00fcl gyors folyamat, gyakran n\u00e9h\u00e1ny ezredm\u00e1sodperc alatt zajlik, az EEG m\u00e1s k\u00e9palkot\u00f3 elj\u00e1r\u00e1sokkal, p\u00e9ld\u00e1ul az fMRI-vel szemben a ment\u00e1lis folyamatok id\u0151z\u00edt\u00e9s\u00e9t pontosan megfigyelhetj\u00fck \u2013 tette hozz\u00e1. Ez k\u00fcl\u00f6n\u00f6sen fontos a pszichi\u00e1tri\u00e1ban, ahol gyakran az inform\u00e1ci\u00f3feldolgoz\u00e1s id\u0151z\u00edt\u00e9se v\u00e1ltozik meg \u2013 emelte ki.<\/p>\n<p>Dr. Czobor P\u00e1l hangs\u00falyozta, hogy az EEG vizsg\u00e1lattal nemcsak az agy alapm\u0171k\u00f6d\u00e9s\u00e9t vizsg\u00e1lhatjuk, hanem azt is, hogyan m\u0171k\u00f6dik konkr\u00e9t helyzetekben. El\u0151ad\u00e1s\u00e1ban bemutatta az esem\u00e9nyhez k\u00f6t\u00f6tt potenci\u00e1lok EEG-vel t\u00f6rt\u00e9n\u0151 vizsg\u00e1lat\u00e1t, az agyi v\u00e1laszjelek keletkez\u00e9si hely\u00e9nek meghat\u00e1roz\u00e1s\u00e1t a k\u00e9tdimenzi\u00f3s agyfelsz\u00edni bioelektromos potenci\u00e1l t\u00e9rk\u00e9pt\u0151l a h\u00e1romdimenzi\u00f3s agyi forr\u00e1slokaliz\u00e1ci\u00f3ig, \u00e9s kit\u00e9rt a nagyfelbont\u00e1s\u00fa EEG-vez\u00e9relt agyi elektromos ingerl\u00e9ssel v\u00e9gzett vizsg\u00e1latokra is.<\/p>\n<div class=\"keretes w-100\">\n<p><span style=\"font-family: Montserrat\">N\u00e9vjegy<\/span><\/p>\n<p>Dr. Czobor P\u00e1l 1977-ben diplom\u00e1zott az ELTE TTK-n biol\u00f3gusk\u00e9nt, ezt k\u00f6vet\u0151en a Semmelweis Egyetem Pszichi\u00e1triai \u00e9s Pszichoter\u00e1pi\u00e1s Klinika tudom\u00e1nyos munkat\u00e1rsa lett. 1988-t\u00f3l 2005-ig az Egyes\u00fclt \u00c1llamokban a Nathan Kline Institute-ban \u00e9s a New York University-n dolgozott. 2006-t\u00f3l \u00fajra a Pszichi\u00e1triai \u00e9s Pszichoter\u00e1pi\u00e1s Klinika munkat\u00e1rsa tudom\u00e1nyos igazgat\u00f3helyettesk\u00e9nt. Tudom\u00e1nyos \u00e9rdekl\u0151d\u00e9s\u00e9nek homlokter\u00e9ben a pszichi\u00e1triai betegs\u00e9gek \u00e1llnak, els\u0151sorban a szkizofr\u00e9nia \u00e9s a figyelemhi\u00e1nyos-hiperaktivit\u00e1si zavar neurobiol\u00f3giai h\u00e1ttere. Nev\u00e9hez a klinikai pszichofarmakol\u00f3gia ter\u00fclet\u00e9n is sz\u00e1mos fejleszt\u00e9s k\u00f6thet\u0151.<\/p>\n<\/div>\n<p>Pogr\u00e1nyi P\u00e9ter<br \/>\nFot\u00f3: Kov\u00e1cs Attila \u2013 Semmelweis Egyetem<\/p>\n","protected":false},"excerpt":{"rendered":"<p>Dr. Czobor P\u00e1l, a Pszichi\u00e1triai \u00e9s Pszichoter\u00e1pi\u00e1s Klinika kutat\u00e1si igazgat\u00f3helyettese tartott el\u0151ad\u00e1st.<\/p>\n","protected":false},"author":101081,"featured_media":167018,"comment_status":"closed","ping_status":"closed","sticky":false,"template":"","format":"standard","meta":{"_acf_changed":false,"footnotes":""},"categories":[154,168],"tags":[4249],"class_list":["post-167017","post","type-post","status-publish","format-standard","has-post-thumbnail","hentry","category-egeszseg","category-kiemelt","tag-szenior-akademia"],"acf":[],"_links":{"self":[{"href":"https:\/\/semmelweis.hu\/hirek\/wp-json\/wp\/v2\/posts\/167017","targetHints":{"allow":["GET"]}}],"collection":[{"href":"https:\/\/semmelweis.hu\/hirek\/wp-json\/wp\/v2\/posts"}],"about":[{"href":"https:\/\/semmelweis.hu\/hirek\/wp-json\/wp\/v2\/types\/post"}],"author":[{"embeddable":true,"href":"https:\/\/semmelweis.hu\/hirek\/wp-json\/wp\/v2\/users\/101081"}],"replies":[{"embeddable":true,"href":"https:\/\/semmelweis.hu\/hirek\/wp-json\/wp\/v2\/comments?post=167017"}],"version-history":[{"count":2,"href":"https:\/\/semmelweis.hu\/hirek\/wp-json\/wp\/v2\/posts\/167017\/revisions"}],"predecessor-version":[{"id":167129,"href":"https:\/\/semmelweis.hu\/hirek\/wp-json\/wp\/v2\/posts\/167017\/revisions\/167129"}],"wp:featuredmedia":[{"embeddable":true,"href":"https:\/\/semmelweis.hu\/hirek\/wp-json\/wp\/v2\/media\/167018"}],"wp:attachment":[{"href":"https:\/\/semmelweis.hu\/hirek\/wp-json\/wp\/v2\/media?parent=167017"}],"wp:term":[{"taxonomy":"category","embeddable":true,"href":"https:\/\/semmelweis.hu\/hirek\/wp-json\/wp\/v2\/categories?post=167017"},{"taxonomy":"post_tag","embeddable":true,"href":"https:\/\/semmelweis.hu\/hirek\/wp-json\/wp\/v2\/tags?post=167017"}],"curies":[{"name":"wp","href":"https:\/\/api.w.org\/{rel}","templated":true}]}}