{"id":16690,"date":"2013-03-29T11:34:12","date_gmt":"2013-03-29T10:34:12","guid":{"rendered":"http:\/\/semmelweis-egyetem.hu\/hirek\/?p=16690"},"modified":"2018-05-07T14:25:22","modified_gmt":"2018-05-07T12:25:22","slug":"haromezer-otszaz-vercukormero-adomany-gyerekeknek","status":"publish","type":"post","link":"https:\/\/semmelweis.hu\/hirek\/2013\/03\/29\/haromezer-otszaz-vercukormero-adomany-gyerekeknek\/","title":{"rendered":"H\u00e1romezer-\u00f6tsz\u00e1z v\u00e9rcukorm\u00e9r\u0151 adom\u00e1ny gyerekeknek"},"content":{"rendered":"<p>H\u00e1romezer-\u00f6tsz\u00e1z v\u00e9rcukorm\u00e9r\u0151t adom\u00e1nyoztak 1-es t\u00edpus\u00fa cukorbetegs\u00e9gben szenved\u0151 gyermekeket t\u00e1mogat\u00f3 alap\u00edtv\u00e1nyoknak az I. Sz. Gyermekgy\u00f3gy\u00e1szati Klinik\u00e1n. A k\u00e9sz\u00fcl\u00e9keket a gy\u00e1rt\u00f3 c\u00e9g \u00fcgyvezet\u0151 igazgat\u00f3ja, Zettwitz S\u00e1ndor adta \u00e1t a gyermek diab\u00e9tesz oszt\u00e1lyon kezelt gyermekeknek.<\/p>\n<p><a href=\"https:\/\/semmelweis.hu\/hirek\/files\/2013\/03\/20130328-IMG_3492-vercukormero-atadas.jpg\"><img loading=\"lazy\" decoding=\"async\" class=\"aligncenter size-large wp-image-16751\" alt=\"20130328-IMG_3492-vercukormero-atadas\" src=\"https:\/\/semmelweis.hu\/hirek\/files\/2013\/03\/20130328-IMG_3492-vercukormero-atadas-600x400.jpg\" width=\"600\" height=\"400\" srcset=\"https:\/\/semmelweis.hu\/hirek\/files\/2013\/03\/20130328-IMG_3492-vercukormero-atadas-600x400.jpg 600w, https:\/\/semmelweis.hu\/hirek\/files\/2013\/03\/20130328-IMG_3492-vercukormero-atadas-300x200.jpg 300w, https:\/\/semmelweis.hu\/hirek\/files\/2013\/03\/20130328-IMG_3492-vercukormero-atadas-450x300.jpg 450w, https:\/\/semmelweis.hu\/hirek\/files\/2013\/03\/20130328-IMG_3492-vercukormero-atadas.jpg 900w\" sizes=\"auto, (max-width: 600px) 100vw, 600px\" \/><\/a><br \/>\nDr. Tulassay Tivadar, a klinika igazgat\u00f3ja k\u00f6sz\u00f6nt\u0151j\u00e9ben kiemelte: az adom\u00e1ny ahhoz j\u00e1rul hozz\u00e1, hogy min\u00e9l teljesebb \u00e9letet \u00e9lhessenek a cukorbeteg gyerekek \u00e9s min\u00e9l kevesebb sz\u00f6v\u0151dm\u00e9nnyel v\u00e1ljanak feln\u0151tt\u00e9. Azt mondta, az\u00e9rt \u00f6r\u00fcl, hogy a klinik\u00e1n adj\u00e1k \u00e1t a nagy pontoss\u00e1ggal m\u00e9r\u0151 k\u00e9sz\u00fcl\u00e9keket, mert az int\u00e9zm\u00e9nyben nagy hagyom\u00e1nya van a cukorbeteg gyerekek kezel\u00e9s\u00e9nek. Az orsz\u00e1gban mintegy 3500 diab\u00e9teszes gyermekb\u0151l 580-at gondoznak a Semmelweis Egyetem I. Sz. gyermekgy\u00f3gy\u00e1szati Klinik\u00e1n, akiket k\u00f6r\u00fcltekint\u0151en \u00e9s sz\u00e9lesk\u00f6r\u0171en tudnak ell\u00e1tni.<\/p>\n<p><a href=\"https:\/\/semmelweis.hu\/hirek\/files\/2013\/03\/atado4.jpg\"><img loading=\"lazy\" decoding=\"async\" class=\"alignright size-medium wp-image-16720\" alt=\"atado4\" src=\"https:\/\/semmelweis.hu\/hirek\/files\/2013\/03\/atado4-300x200.jpg\" width=\"300\" height=\"200\" srcset=\"https:\/\/semmelweis.hu\/hirek\/files\/2013\/03\/atado4-300x200.jpg 300w, https:\/\/semmelweis.hu\/hirek\/files\/2013\/03\/atado4-600x400.jpg 600w, https:\/\/semmelweis.hu\/hirek\/files\/2013\/03\/atado4-450x300.jpg 450w, https:\/\/semmelweis.hu\/hirek\/files\/2013\/03\/atado4.jpg 900w\" sizes=\"auto, (max-width: 300px) 100vw, 300px\" \/><\/a>Sz\u00f3cska Mikl\u00f3s, az Emberi Er\u0151forr\u00e1sok Miniszt\u00e9rium\u00e1nak eg\u00e9szs\u00e9g\u00fcgy\u00e9rt felel\u0151s \u00e1llamtitk\u00e1ra k\u00f6sz\u00f6nt\u0151j\u00e9ben elmondta, a technol\u00f3gia fejl\u0151d\u00e9se nagyban seg\u00edti a gy\u00f3gy\u00edt\u00e1st, azt hogy min\u00e9l kevesebb, f\u00e1jdalommal, kellemetlens\u00e9ggel j\u00e1r\u00f3 beavatkoz\u00e1s t\u00f6rt\u00e9njen. Kijelentette, hogy az 1-es t\u00edpus\u00fa diab\u00e9tesz \u00e9rt\u00e9kk\u00f6vet\u00e9se m\u00e1jus elsej\u00e9vel v\u00e1ltozni fog, \u00e9s felh\u00edvta a figyelmet arra, hogy a tavalyi szab\u00e1lyoz\u00e1s el\u0151tt a diab\u00e9tesszel \u00e9l\u0151k 50 sz\u00e1zal\u00e9k\u00e1nak az \u00e9rt\u00e9kei nem voltak j\u00f3l be\u00e1ll\u00edtva, most pedig m\u00e1r csak 20 sz\u00e1zal\u00e9k az, akinek nincs ez az \u00e9rt\u00e9ke be\u00e1ll\u00edtva. Arr\u00f3l is besz\u00e9lt, hogy a k\u00f6z\u00e9tkeztet\u00e9st eg\u00e9szs\u00e9gesebb\u00e9 szeretn\u00e9k tenni a k\u00f6zelj\u00f6v\u0151ben.<\/p>\n<p><a href=\"https:\/\/semmelweis.hu\/hirek\/files\/2013\/03\/20130328-IMG_3533-vercukormero-atadas-sajtotaj-egyes-gyerekk-web.jpg\"><img loading=\"lazy\" decoding=\"async\" class=\"alignleft size-medium wp-image-16749\" alt=\"20130328-IMG_3533-vercukormero-atadas-sajtotaj-egyes-gyerekk-web\" src=\"https:\/\/semmelweis.hu\/hirek\/files\/2013\/03\/20130328-IMG_3533-vercukormero-atadas-sajtotaj-egyes-gyerekk-web-300x200.jpg\" width=\"300\" height=\"200\" srcset=\"https:\/\/semmelweis.hu\/hirek\/files\/2013\/03\/20130328-IMG_3533-vercukormero-atadas-sajtotaj-egyes-gyerekk-web-300x200.jpg 300w, https:\/\/semmelweis.hu\/hirek\/files\/2013\/03\/20130328-IMG_3533-vercukormero-atadas-sajtotaj-egyes-gyerekk-web-600x400.jpg 600w, https:\/\/semmelweis.hu\/hirek\/files\/2013\/03\/20130328-IMG_3533-vercukormero-atadas-sajtotaj-egyes-gyerekk-web-450x300.jpg 450w, https:\/\/semmelweis.hu\/hirek\/files\/2013\/03\/20130328-IMG_3533-vercukormero-atadas-sajtotaj-egyes-gyerekk-web.jpg 900w\" sizes=\"auto, (max-width: 300px) 100vw, 300px\" \/><\/a>Dr. K\u00f6rner Anna, az I. Sz. Gyermekgy\u00f3gy\u00e1szati Klinika diab\u00e9tesz oszt\u00e1ly vezet\u0151je a jelenl\u00e9v\u0151 gyerekekkel k\u00f3rusban h\u00e1romszoros hurr\u00e1val k\u00f6sz\u00f6nte meg a nagylelk\u0171 adom\u00e1nyt.<br \/>\nA felaj\u00e1nlott 3500 v\u00e9rcukorm\u00e9r\u0151 k\u00e9sz\u00fcl\u00e9ket k\u00e9t f\u0151v\u00e1rosi \u00e9s n\u00e9gy vid\u00e9ki, gyermekdiabetol\u00f3giai szakell\u00e1t\u00f3helyeket t\u00e1mogat\u00f3 alap\u00edtv\u00e1nyon kereszt\u00fcl juttatj\u00e1k el a cukorbeteg gyermekekhez orsz\u00e1gszerte.<\/p>\n<p>CzR<\/p>\n","protected":false},"excerpt":{"rendered":"<p>H\u00e1romezer-\u00f6tsz\u00e1z v\u00e9rcukorm\u00e9r\u0151t adom\u00e1nyoztak 1-es t\u00edpus\u00fa cukorbetegs\u00e9gben szenved\u0151 gyermekeket t\u00e1mogat\u00f3 alap\u00edtv\u00e1nyoknak az I. Sz. Gyermekgy\u00f3gy\u00e1szati Klinik\u00e1n. A k\u00e9sz\u00fcl\u00e9keket a gy\u00e1rt\u00f3 c\u00e9g \u00fcgyvezet\u0151 igazgat\u00f3ja, Zettwitz S\u00e1ndor adta \u00e1t a gyermek diab\u00e9tesz oszt\u00e1lyon kezelt gyermekeknek. <a href=\"https:\/\/semmelweis.hu\/hirek\/files\/2013\/03\/20130328-IMG_3492-vercukormero-atadas.jpg\"><\/a> Dr. Tulassay Tivadar, a klinika igazgat\u00f3ja k\u00f6sz\u00f6nt\u0151j\u00e9ben kiemelte: az adom\u00e1ny ahhoz j\u00e1rul hozz\u00e1, hogy min\u00e9l teljesebb \u00e9letet \u00e9lhessenek a cukorbeteg gyerekek \u00e9s min\u00e9l &hellip;<\/p>\n","protected":false},"author":132,"featured_media":16714,"comment_status":"closed","ping_status":"open","sticky":false,"template":"","format":"standard","meta":{"_acf_changed":false,"footnotes":""},"categories":[154,168],"tags":[162,4121],"class_list":["post-16690","post","type-post","status-publish","format-standard","has-post-thumbnail","hentry","category-egeszseg","category-kiemelt","tag-eletmod-eletmod","tag-temaajanlo"],"acf":[],"_links":{"self":[{"href":"https:\/\/semmelweis.hu\/hirek\/wp-json\/wp\/v2\/posts\/16690","targetHints":{"allow":["GET"]}}],"collection":[{"href":"https:\/\/semmelweis.hu\/hirek\/wp-json\/wp\/v2\/posts"}],"about":[{"href":"https:\/\/semmelweis.hu\/hirek\/wp-json\/wp\/v2\/types\/post"}],"author":[{"embeddable":true,"href":"https:\/\/semmelweis.hu\/hirek\/wp-json\/wp\/v2\/users\/132"}],"replies":[{"embeddable":true,"href":"https:\/\/semmelweis.hu\/hirek\/wp-json\/wp\/v2\/comments?post=16690"}],"version-history":[{"count":10,"href":"https:\/\/semmelweis.hu\/hirek\/wp-json\/wp\/v2\/posts\/16690\/revisions"}],"predecessor-version":[{"id":73742,"href":"https:\/\/semmelweis.hu\/hirek\/wp-json\/wp\/v2\/posts\/16690\/revisions\/73742"}],"wp:featuredmedia":[{"embeddable":true,"href":"https:\/\/semmelweis.hu\/hirek\/wp-json\/wp\/v2\/media\/16714"}],"wp:attachment":[{"href":"https:\/\/semmelweis.hu\/hirek\/wp-json\/wp\/v2\/media?parent=16690"}],"wp:term":[{"taxonomy":"category","embeddable":true,"href":"https:\/\/semmelweis.hu\/hirek\/wp-json\/wp\/v2\/categories?post=16690"},{"taxonomy":"post_tag","embeddable":true,"href":"https:\/\/semmelweis.hu\/hirek\/wp-json\/wp\/v2\/tags?post=16690"}],"curies":[{"name":"wp","href":"https:\/\/api.w.org\/{rel}","templated":true}]}}