{"id":166296,"date":"2026-03-12T06:00:57","date_gmt":"2026-03-12T05:00:57","guid":{"rendered":"https:\/\/semmelweis.hu\/hirek\/?p=166296"},"modified":"2026-03-11T12:09:50","modified_gmt":"2026-03-11T11:09:50","slug":"egy-nap-a-semmelweis-egyetem-ujszulott-intenziv-osztalyan-egy-baba-utja-a-gyogyulas-fele","status":"publish","type":"post","link":"https:\/\/semmelweis.hu\/hirek\/2026\/03\/12\/egy-nap-a-semmelweis-egyetem-ujszulott-intenziv-osztalyan-egy-baba-utja-a-gyogyulas-fele\/","title":{"rendered":"Egy nap a Semmelweis Egyetem \u00fajsz\u00fcl\u00f6tt intenz\u00edv oszt\u00e1ly\u00e1n \u2013 egy baba \u00fatja a gy\u00f3gyul\u00e1s fel\u00e9"},"content":{"rendered":"<div class=\"lead\">Vannak \u00fajsz\u00fcl\u00f6ttek, akiknek m\u00e1r \u00e9let\u00fck els\u0151 pillanatait\u00f3l meg kell k\u00fczdeni\u00fck a t\u00fal\u00e9l\u00e9s\u00e9rt \u00e9s a gy\u00f3gyul\u00e1s\u00e9rt. A Semmelweis Egyetem Gyermekgy\u00f3gy\u00e1szati Klinik\u00e1j\u00e1nak \u00dajsz\u00fcl\u00f6tt Intenz\u00edv Oszt\u00e1ly\u00e1n (Perinat\u00e1lis Intenz\u00edv Centrum, PIC) olyan korasz\u00fcl\u00f6tt \u00e9s \u00e9rett, s\u00falyos \u00e1llapot\u00fa bab\u00e1kat \u00e1polnak, akik sz\u00fclet\u00e9s\u00fcket k\u00f6vet\u0151en intenz\u00edv ter\u00e1pi\u00e1ra szorulnak \u2013 legyen sz\u00f3 oxig\u00e9nhi\u00e1nyos \u00e1llapotr\u00f3l vagy m\u0171t\u00e9ti beavatkoz\u00e1st ig\u00e9nyl\u0151 k\u00f3rk\u00e9pr\u0151l. Orsz\u00e1gos szint\u0171 ell\u00e1t\u00f3k\u00e9nt itt a legs\u00falyosabb \u00e1llapot\u00fa \u00e9s leg\u00f6sszetettebb ell\u00e1t\u00e1st ig\u00e9nyl\u0151 \u00fajsz\u00fcl\u00f6ttek\u00e9rt tesznek meg mindent, amire az orvostudom\u00e1ny jelenleg k\u00e9pes. <a href=\"https:\/\/semmelweis.hu\/hirek\/tag\/egy-nap-sorozat\/\" target=\"_blank\" rel=\"noopener\">Egy nap cikksorozatunk<\/a> leg\u00fajabb r\u00e9sz\u00e9ben egy rekeszs\u00e9rvvel vil\u00e1gra j\u00f6tt baba egy napj\u00e1t mutatjuk be a gy\u00f3gyul\u00e1s fel\u00e9 vezet\u0151 k\u00fczdelmes, de m\u00e9gis rem\u00e9nyteli \u00faton.<\/div>\n<div><em>Fot\u00f3riportunk a k\u00e9pekre kattintva olvashat\u00f3.<\/em><\/div>\n<div>\u00a0<\/div>\n<div>\n[slb_exclude]<div data-carousel-extra='{\"blog_id\":2,\"permalink\":\"https:\\\/\\\/semmelweis.hu\\\/hirek\\\/2026\\\/03\\\/12\\\/egy-nap-a-semmelweis-egyetem-ujszulott-intenziv-osztalyan-egy-baba-utja-a-gyogyulas-fele\\\/\"}' class=\"tiled-gallery type-rectangular\" data-original-width=\"753\"><div class=\"gallery-row\" style=\"width: 748px; height: 330px;\"><div class=\"gallery-group images-1\" style=\"width: 499px; height: 334px;\"><div class=\"tiled-gallery-item tiled-gallery-item-large\"><a href=\"https:\/\/semmelweis.hu\/hirek\/files\/2026\/03\/RS232587_GV5A1512_scl.jpg\"><img loading=\"lazy\" decoding=\"async\" data-attachment-id=\"166302\" data-orig-file=\"https:\/\/semmelweis.hu\/hirek\/files\/2026\/03\/RS232587_GV5A1512_scl.jpg\" data-orig-size=\"1200,800\" data-comments-opened=\"0\" data-image-meta=\"{&quot;aperture&quot;:&quot;0&quot;,&quot;credit&quot;:&quot;&quot;,&quot;camera&quot;:&quot;&quot;,&quot;caption&quot;:&quot;&quot;,&quot;created_timestamp&quot;:&quot;0&quot;,&quot;copyright&quot;:&quot;&quot;,&quot;focal_length&quot;:&quot;0&quot;,&quot;iso&quot;:&quot;0&quot;,&quot;shutter_speed&quot;:&quot;0&quot;,&quot;title&quot;:&quot;&quot;,&quot;orientation&quot;:&quot;0&quot;}\" data-image-title=\"RS232587_GV5A1512_scl\" data-image-description=\"\" data-medium-file=\"https:\/\/semmelweis.hu\/hirek\/files\/2026\/03\/RS232587_GV5A1512_scl-400x267.jpg\" data-large-file=\"https:\/\/semmelweis.hu\/hirek\/files\/2026\/03\/RS232587_GV5A1512_scl-900x600.jpg\" src=\"https:\/\/semmelweis.hu\/hirek\/files\/2026\/03\/RS232587_GV5A1512_scl-495x330.jpg\" width=\"495\" height=\"330\" align=\"left\" title=\"Simon P\u00e9ter fot\u00f3riportunk k\u00e9sz\u00edt\u00e9sekor alig t\u00f6bb mint egy h\u00f3napos. M\u00e1r az anyam\u00e9hben diagnosztiz\u00e1lt rekeszs\u00e9rve miatt sz\u00fclet\u00e9s\u00e9t k\u00f6vet\u0151en seb\u00e9szeti beavatkoz\u00e1st hajtottak v\u00e9gre rajta a Semmelweis Egyetem Gyermekgy\u00f3gy\u00e1szati Klinik\u00e1j\u00e1n. A sikeres m\u0171t\u00e9t ut\u00e1n a klinika \u00dajsz\u00fcl\u00f6tt Intenz\u00edv Oszt\u00e1ly\u00e1n t\u00f6rt\u00e9nik a tov\u00e1bbi gy\u00f3gy\u00edt\u00e1sa, ahol \u00e1llapota napr\u00f3l napra fokozatosan javul. \" \/><\/a><div class=\"tiled-gallery-caption\">Simon P\u00e9ter fot\u00f3riportunk k\u00e9sz\u00edt\u00e9sekor alig t\u00f6bb mint egy h\u00f3napos. M\u00e1r az anyam\u00e9hben diagnosztiz\u00e1lt rekeszs\u00e9rve miatt sz\u00fclet\u00e9s\u00e9t k\u00f6vet\u0151en seb\u00e9szeti beavatkoz\u00e1st hajtottak v\u00e9gre rajta a Semmelweis Egyetem Gyermekgy\u00f3gy\u00e1szati Klinik\u00e1j\u00e1n. A sikeres m\u0171t\u00e9t ut\u00e1n a klinika \u00dajsz\u00fcl\u00f6tt Intenz\u00edv Oszt\u00e1ly\u00e1n t\u00f6rt\u00e9nik a tov\u00e1bbi gy\u00f3gy\u00edt\u00e1sa, ahol \u00e1llapota napr\u00f3l napra fokozatosan javul. <\/div><\/div><\/div><div class=\"gallery-group images-2\" style=\"width: 249px; height: 334px;\"><div class=\"tiled-gallery-item tiled-gallery-item-small\"><a href=\"https:\/\/semmelweis.hu\/hirek\/files\/2026\/03\/RS232574_GV5A1373_scl.jpg\"><img loading=\"lazy\" decoding=\"async\" data-attachment-id=\"166303\" data-orig-file=\"https:\/\/semmelweis.hu\/hirek\/files\/2026\/03\/RS232574_GV5A1373_scl.jpg\" data-orig-size=\"1200,800\" data-comments-opened=\"0\" data-image-meta=\"{&quot;aperture&quot;:&quot;0&quot;,&quot;credit&quot;:&quot;&quot;,&quot;camera&quot;:&quot;&quot;,&quot;caption&quot;:&quot;&quot;,&quot;created_timestamp&quot;:&quot;0&quot;,&quot;copyright&quot;:&quot;&quot;,&quot;focal_length&quot;:&quot;0&quot;,&quot;iso&quot;:&quot;0&quot;,&quot;shutter_speed&quot;:&quot;0&quot;,&quot;title&quot;:&quot;&quot;,&quot;orientation&quot;:&quot;0&quot;}\" data-image-title=\"RS232574_GV5A1373_scl\" data-image-description=\"\" data-medium-file=\"https:\/\/semmelweis.hu\/hirek\/files\/2026\/03\/RS232574_GV5A1373_scl-400x267.jpg\" data-large-file=\"https:\/\/semmelweis.hu\/hirek\/files\/2026\/03\/RS232574_GV5A1373_scl-900x600.jpg\" src=\"https:\/\/semmelweis.hu\/hirek\/files\/2026\/03\/RS232574_GV5A1373_scl-245x163.jpg\" width=\"245\" height=\"163\" align=\"left\" title=\"A PIC oszt\u00e1lyon. ha telth\u00e1z van, \u00f6sszesen 18 bab\u00e1t \u00e1polnak. Az ell\u00e1t\u00e1s komoly csapatmunk\u00e1t ig\u00e9nyel. Reggelente k\u00e9sz\u00fcl el a beoszt\u00e1s, hogy melyik orvoshoz melyik baba tartozik aznap. Simon ma dr. Kerekes Ram\u00f3na doktorn\u0151h\u00f6z ker\u00fcl, aki a napot egy alapos vizsg\u00e1lattal kezdi. \" \/><\/a><div class=\"tiled-gallery-caption\">A PIC oszt\u00e1lyon. ha telth\u00e1z van, \u00f6sszesen 18 bab\u00e1t \u00e1polnak. Az ell\u00e1t\u00e1s komoly csapatmunk\u00e1t ig\u00e9nyel. Reggelente k\u00e9sz\u00fcl el a beoszt\u00e1s, hogy melyik orvoshoz melyik baba tartozik aznap. Simon ma dr. Kerekes Ram\u00f3na doktorn\u0151h\u00f6z ker\u00fcl, aki a napot egy alapos vizsg\u00e1lattal kezdi. <\/div><\/div><div class=\"tiled-gallery-item tiled-gallery-item-small\"><a href=\"https:\/\/semmelweis.hu\/hirek\/files\/2026\/03\/RS232541_GV5A1366_scl.jpg\"><img loading=\"lazy\" decoding=\"async\" data-attachment-id=\"166307\" data-orig-file=\"https:\/\/semmelweis.hu\/hirek\/files\/2026\/03\/RS232541_GV5A1366_scl.jpg\" data-orig-size=\"1200,800\" data-comments-opened=\"0\" data-image-meta=\"{&quot;aperture&quot;:&quot;0&quot;,&quot;credit&quot;:&quot;&quot;,&quot;camera&quot;:&quot;&quot;,&quot;caption&quot;:&quot;&quot;,&quot;created_timestamp&quot;:&quot;0&quot;,&quot;copyright&quot;:&quot;&quot;,&quot;focal_length&quot;:&quot;0&quot;,&quot;iso&quot;:&quot;0&quot;,&quot;shutter_speed&quot;:&quot;0&quot;,&quot;title&quot;:&quot;&quot;,&quot;orientation&quot;:&quot;0&quot;}\" data-image-title=\"RS232541_GV5A1366_scl\" data-image-description=\"\" data-medium-file=\"https:\/\/semmelweis.hu\/hirek\/files\/2026\/03\/RS232541_GV5A1366_scl-400x267.jpg\" data-large-file=\"https:\/\/semmelweis.hu\/hirek\/files\/2026\/03\/RS232541_GV5A1366_scl-900x600.jpg\" src=\"https:\/\/semmelweis.hu\/hirek\/files\/2026\/03\/RS232541_GV5A1366_scl-245x163.jpg\" width=\"245\" height=\"163\" align=\"left\" title=\"\u201eMindig fentr\u0151l, a fejt\u0151l kezdve vizsg\u00e1lom a bab\u00e1kat, el\u0151sz\u00f6r megn\u00e9zem a kutacsukat, majd a pulzust, a kering\u00e9si st\u00e1tuszt, neurol\u00f3giai reflexeket (pl. r\u00e1fog-e az ujjra, szop\u00f3reflex van-e). Meghallgatom a kis sz\u00edv\u00e9t, a pocakon a b\u00e9lhangokat, \u00e9s meg is tapogatom a hasi szerveket\u201d \u2013 r\u00e9szletezi a doktorn\u0151. \" \/><\/a><div class=\"tiled-gallery-caption\">\u201eMindig fentr\u0151l, a fejt\u0151l kezdve vizsg\u00e1lom a bab\u00e1kat, el\u0151sz\u00f6r megn\u00e9zem a kutacsukat, majd a pulzust, a kering\u00e9si st\u00e1tuszt, neurol\u00f3giai reflexeket (pl. r\u00e1fog-e az ujjra, szop\u00f3reflex van-e). Meghallgatom a kis sz\u00edv\u00e9t, a pocakon a b\u00e9lhangokat, \u00e9s meg is tapogatom a hasi szerveket\u201d \u2013 r\u00e9szletezi a doktorn\u0151. <\/div><\/div><\/div><\/div><div class=\"gallery-row\" style=\"width: 748px; height: 164px;\"><div class=\"gallery-group images-1\" style=\"width: 250px; height: 168px;\"><div class=\"tiled-gallery-item tiled-gallery-item-small\"><a href=\"https:\/\/semmelweis.hu\/hirek\/files\/2026\/03\/RS232571_GV5A1412_scl.jpg\"><img loading=\"lazy\" decoding=\"async\" data-attachment-id=\"166308\" data-orig-file=\"https:\/\/semmelweis.hu\/hirek\/files\/2026\/03\/RS232571_GV5A1412_scl.jpg\" data-orig-size=\"1200,800\" data-comments-opened=\"0\" data-image-meta=\"{&quot;aperture&quot;:&quot;0&quot;,&quot;credit&quot;:&quot;&quot;,&quot;camera&quot;:&quot;&quot;,&quot;caption&quot;:&quot;&quot;,&quot;created_timestamp&quot;:&quot;0&quot;,&quot;copyright&quot;:&quot;&quot;,&quot;focal_length&quot;:&quot;0&quot;,&quot;iso&quot;:&quot;0&quot;,&quot;shutter_speed&quot;:&quot;0&quot;,&quot;title&quot;:&quot;&quot;,&quot;orientation&quot;:&quot;0&quot;}\" data-image-title=\"RS232571_GV5A1412_scl\" data-image-description=\"\" data-medium-file=\"https:\/\/semmelweis.hu\/hirek\/files\/2026\/03\/RS232571_GV5A1412_scl-400x267.jpg\" data-large-file=\"https:\/\/semmelweis.hu\/hirek\/files\/2026\/03\/RS232571_GV5A1412_scl-900x600.jpg\" src=\"https:\/\/semmelweis.hu\/hirek\/files\/2026\/03\/RS232571_GV5A1412_scl-246x164.jpg\" width=\"246\" height=\"164\" align=\"left\" title=\"Az orvosi vizsg\u00e1lat ut\u00e1n Har\u00e1nyi Luca intenz\u00edv ter\u00e1pi\u00e1s csecsem\u0151- \u00e9s gyermek\u00e1pol\u00f3\u00e9 a terep, aki adagolja a gy\u00f3gyszereket \u00e9s a t\u00e1pszert, majd k\u00f6vetkezik a tiszt\u00e1ba t\u00e9tel.\" \/><\/a><div class=\"tiled-gallery-caption\">Az orvosi vizsg\u00e1lat ut\u00e1n Har\u00e1nyi Luca intenz\u00edv ter\u00e1pi\u00e1s csecsem\u0151- \u00e9s gyermek\u00e1pol\u00f3\u00e9 a terep, aki adagolja a gy\u00f3gyszereket \u00e9s a t\u00e1pszert, majd k\u00f6vetkezik a tiszt\u00e1ba t\u00e9tel.<\/div><\/div><\/div><div class=\"gallery-group images-1\" style=\"width: 249px; height: 168px;\"><div class=\"tiled-gallery-item tiled-gallery-item-small\"><a href=\"https:\/\/semmelweis.hu\/hirek\/files\/2026\/03\/RS232573_GV5A1388_scl.jpg\"><img loading=\"lazy\" decoding=\"async\" data-attachment-id=\"166309\" data-orig-file=\"https:\/\/semmelweis.hu\/hirek\/files\/2026\/03\/RS232573_GV5A1388_scl.jpg\" data-orig-size=\"1200,800\" data-comments-opened=\"0\" data-image-meta=\"{&quot;aperture&quot;:&quot;0&quot;,&quot;credit&quot;:&quot;&quot;,&quot;camera&quot;:&quot;&quot;,&quot;caption&quot;:&quot;&quot;,&quot;created_timestamp&quot;:&quot;0&quot;,&quot;copyright&quot;:&quot;&quot;,&quot;focal_length&quot;:&quot;0&quot;,&quot;iso&quot;:&quot;0&quot;,&quot;shutter_speed&quot;:&quot;0&quot;,&quot;title&quot;:&quot;&quot;,&quot;orientation&quot;:&quot;0&quot;}\" data-image-title=\"RS232573_GV5A1388_scl\" data-image-description=\"\" data-medium-file=\"https:\/\/semmelweis.hu\/hirek\/files\/2026\/03\/RS232573_GV5A1388_scl-400x267.jpg\" data-large-file=\"https:\/\/semmelweis.hu\/hirek\/files\/2026\/03\/RS232573_GV5A1388_scl-900x600.jpg\" src=\"https:\/\/semmelweis.hu\/hirek\/files\/2026\/03\/RS232573_GV5A1388_scl-245x164.jpg\" width=\"245\" height=\"164\" align=\"left\" title=\"\u201eA rekeszs\u00e9rves bab\u00e1k eset\u00e9ben a f\u0151 \u00fczenet, hogy t\u00fcrelmesnek kell lenni nek\u00fcnk \u00e9s a sz\u00fcl\u0151knek is. Lehetnek visszal\u00e9p\u00e9sek a folyamatban, de lehets\u00e9ges a teljes fel\u00e9p\u00fcl\u00e9s\u201d \u2013 mondja dr. Kerekes Ram\u00f3na. \u201eTerm\u00e9szetes, hogy szoros kapcsolatunk alakul ki a bab\u00e1kkal, akik hossz\u00fa heteket itt vannak. B\u00e1nt minket, ha romlik az \u00e1llapotuk, \u00e9s \u00f6r\u00fcl\u00fcnk minden siker\u00fcknek. Ezt csak l\u00e9lekkel lehet csin\u00e1lni, ez egy igazi hivat\u00e1s\u201d \u2013 vallja Har\u00e1nyi Luca, akinek az egyik kistestv\u00e9re maga is korasz\u00fcl\u00f6ttk\u00e9nt j\u00f6tt vil\u00e1gra.\" \/><\/a><div class=\"tiled-gallery-caption\">\u201eA rekeszs\u00e9rves bab\u00e1k eset\u00e9ben a f\u0151 \u00fczenet, hogy t\u00fcrelmesnek kell lenni nek\u00fcnk \u00e9s a sz\u00fcl\u0151knek is. Lehetnek visszal\u00e9p\u00e9sek a folyamatban, de lehets\u00e9ges a teljes fel\u00e9p\u00fcl\u00e9s\u201d \u2013 mondja dr. Kerekes Ram\u00f3na. \u201eTerm\u00e9szetes, hogy szoros kapcsolatunk alakul ki a bab\u00e1kkal, akik hossz\u00fa heteket itt vannak. B\u00e1nt minket, ha romlik az \u00e1llapotuk, \u00e9s \u00f6r\u00fcl\u00fcnk minden siker\u00fcknek. Ezt csak l\u00e9lekkel lehet csin\u00e1lni, ez egy igazi hivat\u00e1s\u201d \u2013 vallja Har\u00e1nyi Luca, akinek az egyik kistestv\u00e9re maga is korasz\u00fcl\u00f6ttk\u00e9nt j\u00f6tt vil\u00e1gra.<\/div><\/div><\/div><div class=\"gallery-group images-1\" style=\"width: 249px; height: 168px;\"><div class=\"tiled-gallery-item tiled-gallery-item-small\"><a href=\"https:\/\/semmelweis.hu\/hirek\/files\/2026\/03\/RS232580_GV5A1359_scl.jpg\"><img loading=\"lazy\" decoding=\"async\" data-attachment-id=\"166311\" data-orig-file=\"https:\/\/semmelweis.hu\/hirek\/files\/2026\/03\/RS232580_GV5A1359_scl.jpg\" data-orig-size=\"1200,800\" data-comments-opened=\"0\" data-image-meta=\"{&quot;aperture&quot;:&quot;0&quot;,&quot;credit&quot;:&quot;&quot;,&quot;camera&quot;:&quot;&quot;,&quot;caption&quot;:&quot;&quot;,&quot;created_timestamp&quot;:&quot;0&quot;,&quot;copyright&quot;:&quot;&quot;,&quot;focal_length&quot;:&quot;0&quot;,&quot;iso&quot;:&quot;0&quot;,&quot;shutter_speed&quot;:&quot;0&quot;,&quot;title&quot;:&quot;&quot;,&quot;orientation&quot;:&quot;0&quot;}\" data-image-title=\"RS232580_GV5A1359_scl\" data-image-description=\"\" data-medium-file=\"https:\/\/semmelweis.hu\/hirek\/files\/2026\/03\/RS232580_GV5A1359_scl-400x267.jpg\" data-large-file=\"https:\/\/semmelweis.hu\/hirek\/files\/2026\/03\/RS232580_GV5A1359_scl-900x600.jpg\" src=\"https:\/\/semmelweis.hu\/hirek\/files\/2026\/03\/RS232580_GV5A1359_scl-245x164.jpg\" width=\"245\" height=\"164\" align=\"left\" title=\"A kisfi\u00fa hatf\u00e9le gy\u00f3gyszert kap intrav\u00e9n\u00e1s m\u0171anyag kan\u00fcl\u00f6n (bran\u00fcl\u00f6n) kereszt\u00fcl, ezek k\u00f6z\u00f6tt vannak a t\u00e1pl\u00e1l\u00e1st biztos\u00edt\u00f3 ionok, elektrolitok, s\u00f3k, aminosavak, cukrok, valamint zs\u00edrok intrav\u00e9n\u00e1s form\u00e1ban, amire az\u00e9rt van sz\u00fcks\u00e9g, mert a fot\u00f3riportunk pillanat\u00e1ban m\u00e9g nem indulhatott be a sz\u00e1jon kereszt\u00fcli anyatejes t\u00e1pl\u00e1l\u00e1s. Emellett nyugtat\u00f3, f\u00e1jdalomcsillap\u00edt\u00f3 \u00e9s kering\u00e9st\u00e1mogat\u00f3 gy\u00f3gyszerekre van sz\u00fcks\u00e9g a gy\u00f3gyul\u00e1shoz. \" \/><\/a><div class=\"tiled-gallery-caption\">A kisfi\u00fa hatf\u00e9le gy\u00f3gyszert kap intrav\u00e9n\u00e1s m\u0171anyag kan\u00fcl\u00f6n (bran\u00fcl\u00f6n) kereszt\u00fcl, ezek k\u00f6z\u00f6tt vannak a t\u00e1pl\u00e1l\u00e1st biztos\u00edt\u00f3 ionok, elektrolitok, s\u00f3k, aminosavak, cukrok, valamint zs\u00edrok intrav\u00e9n\u00e1s form\u00e1ban, amire az\u00e9rt van sz\u00fcks\u00e9g, mert a fot\u00f3riportunk pillanat\u00e1ban m\u00e9g nem indulhatott be a sz\u00e1jon kereszt\u00fcli anyatejes t\u00e1pl\u00e1l\u00e1s. Emellett nyugtat\u00f3, f\u00e1jdalomcsillap\u00edt\u00f3 \u00e9s kering\u00e9st\u00e1mogat\u00f3 gy\u00f3gyszerekre van sz\u00fcks\u00e9g a gy\u00f3gyul\u00e1shoz. <\/div><\/div><\/div><\/div><div class=\"gallery-row\" style=\"width: 748px; height: 330px;\"><div class=\"gallery-group images-2\" style=\"width: 249px; height: 334px;\"><div class=\"tiled-gallery-item tiled-gallery-item-small\"><a href=\"https:\/\/semmelweis.hu\/hirek\/files\/2026\/03\/RS232577_GV5A1370_scl.jpg\"><img loading=\"lazy\" decoding=\"async\" data-attachment-id=\"166312\" data-orig-file=\"https:\/\/semmelweis.hu\/hirek\/files\/2026\/03\/RS232577_GV5A1370_scl.jpg\" data-orig-size=\"1200,800\" data-comments-opened=\"0\" data-image-meta=\"{&quot;aperture&quot;:&quot;0&quot;,&quot;credit&quot;:&quot;&quot;,&quot;camera&quot;:&quot;&quot;,&quot;caption&quot;:&quot;&quot;,&quot;created_timestamp&quot;:&quot;0&quot;,&quot;copyright&quot;:&quot;&quot;,&quot;focal_length&quot;:&quot;0&quot;,&quot;iso&quot;:&quot;0&quot;,&quot;shutter_speed&quot;:&quot;0&quot;,&quot;title&quot;:&quot;&quot;,&quot;orientation&quot;:&quot;0&quot;}\" data-image-title=\"RS232577_GV5A1370_scl\" data-image-description=\"\" data-medium-file=\"https:\/\/semmelweis.hu\/hirek\/files\/2026\/03\/RS232577_GV5A1370_scl-400x267.jpg\" data-large-file=\"https:\/\/semmelweis.hu\/hirek\/files\/2026\/03\/RS232577_GV5A1370_scl-900x600.jpg\" src=\"https:\/\/semmelweis.hu\/hirek\/files\/2026\/03\/RS232577_GV5A1370_scl-245x163.jpg\" width=\"245\" height=\"163\" align=\"left\" title=\"A magzati korban kialakul\u00f3 rekeszs\u00e9rv eset\u00e9ben gyakoriak a l\u00e9gz\u00e9si probl\u00e9m\u00e1k, mivel a rendelleness\u00e9g k\u00f6vetkezt\u00e9ben a t\u00fcd\u0151 nem tud kifejl\u0151dni megfelel\u0151en (hypoplasi\u00e1s). Simon gy\u00f3gyul\u00e1s\u00e1nak folyamat\u00e1t j\u00f3l mutatja, hogy m\u00e1r nem l\u00e9legeztet\u0151g\u00e9pen van, hanem non-invaz\u00edv l\u00e9gz\u00e9st\u00e1mogat\u00e1st kap. Ez nagy l\u00e9p\u00e9st jelent a fel\u00e9p\u00fcl\u00e9s fel\u00e9. \" \/><\/a><div class=\"tiled-gallery-caption\">A magzati korban kialakul\u00f3 rekeszs\u00e9rv eset\u00e9ben gyakoriak a l\u00e9gz\u00e9si probl\u00e9m\u00e1k, mivel a rendelleness\u00e9g k\u00f6vetkezt\u00e9ben a t\u00fcd\u0151 nem tud kifejl\u0151dni megfelel\u0151en (hypoplasi\u00e1s). Simon gy\u00f3gyul\u00e1s\u00e1nak folyamat\u00e1t j\u00f3l mutatja, hogy m\u00e1r nem l\u00e9legeztet\u0151g\u00e9pen van, hanem non-invaz\u00edv l\u00e9gz\u00e9st\u00e1mogat\u00e1st kap. Ez nagy l\u00e9p\u00e9st jelent a fel\u00e9p\u00fcl\u00e9s fel\u00e9. <\/div><\/div><div class=\"tiled-gallery-item tiled-gallery-item-small\"><a href=\"https:\/\/semmelweis.hu\/hirek\/files\/2026\/03\/RS232590_GV5A1537_scl.jpg\"><img loading=\"lazy\" decoding=\"async\" data-attachment-id=\"166314\" data-orig-file=\"https:\/\/semmelweis.hu\/hirek\/files\/2026\/03\/RS232590_GV5A1537_scl.jpg\" data-orig-size=\"1200,800\" data-comments-opened=\"0\" data-image-meta=\"{&quot;aperture&quot;:&quot;0&quot;,&quot;credit&quot;:&quot;&quot;,&quot;camera&quot;:&quot;&quot;,&quot;caption&quot;:&quot;&quot;,&quot;created_timestamp&quot;:&quot;0&quot;,&quot;copyright&quot;:&quot;&quot;,&quot;focal_length&quot;:&quot;0&quot;,&quot;iso&quot;:&quot;0&quot;,&quot;shutter_speed&quot;:&quot;0&quot;,&quot;title&quot;:&quot;&quot;,&quot;orientation&quot;:&quot;0&quot;}\" data-image-title=\"RS232590_GV5A1537_scl\" data-image-description=\"\" data-medium-file=\"https:\/\/semmelweis.hu\/hirek\/files\/2026\/03\/RS232590_GV5A1537_scl-400x267.jpg\" data-large-file=\"https:\/\/semmelweis.hu\/hirek\/files\/2026\/03\/RS232590_GV5A1537_scl-900x600.jpg\" src=\"https:\/\/semmelweis.hu\/hirek\/files\/2026\/03\/RS232590_GV5A1537_scl-245x163.jpg\" width=\"245\" height=\"163\" align=\"left\" title=\"A sz\u00fcl\u0151k, Panka \u00e9s P\u00e9ter annyi id\u0151t t\u00f6ltenek kisfi\u00fakkal, amennyit csak lehet. Ennek megszervez\u00e9se nem k\u00f6nny\u0171, mert Simon P\u00e9tert h\u00e1rom \u00f3vod\u00e1s \u00e9s kisiskol\u00e1s kor\u00fa testv\u00e9re is hazav\u00e1rja. \u0150k nem j\u00f6hetnek be l\u00e1togat\u00f3k\u00e9nt, de sokat emlegetik legkisebb testv\u00e9r\u00fcket, rajzokat, mesek\u00f6nyveket is k\u00fcldenek neki. \" \/><\/a><div class=\"tiled-gallery-caption\">A sz\u00fcl\u0151k, Panka \u00e9s P\u00e9ter annyi id\u0151t t\u00f6ltenek kisfi\u00fakkal, amennyit csak lehet. Ennek megszervez\u00e9se nem k\u00f6nny\u0171, mert Simon P\u00e9tert h\u00e1rom \u00f3vod\u00e1s \u00e9s kisiskol\u00e1s kor\u00fa testv\u00e9re is hazav\u00e1rja. \u0150k nem j\u00f6hetnek be l\u00e1togat\u00f3k\u00e9nt, de sokat emlegetik legkisebb testv\u00e9r\u00fcket, rajzokat, mesek\u00f6nyveket is k\u00fcldenek neki. <\/div><\/div><\/div><div class=\"gallery-group images-1\" style=\"width: 499px; height: 334px;\"><div class=\"tiled-gallery-item tiled-gallery-item-large\"><a href=\"https:\/\/semmelweis.hu\/hirek\/files\/2026\/03\/RS232618_GV5A1541_scl.jpg\"><img loading=\"lazy\" decoding=\"async\" data-attachment-id=\"166315\" data-orig-file=\"https:\/\/semmelweis.hu\/hirek\/files\/2026\/03\/RS232618_GV5A1541_scl.jpg\" data-orig-size=\"1200,800\" data-comments-opened=\"0\" data-image-meta=\"{&quot;aperture&quot;:&quot;0&quot;,&quot;credit&quot;:&quot;&quot;,&quot;camera&quot;:&quot;&quot;,&quot;caption&quot;:&quot;&quot;,&quot;created_timestamp&quot;:&quot;0&quot;,&quot;copyright&quot;:&quot;&quot;,&quot;focal_length&quot;:&quot;0&quot;,&quot;iso&quot;:&quot;0&quot;,&quot;shutter_speed&quot;:&quot;0&quot;,&quot;title&quot;:&quot;&quot;,&quot;orientation&quot;:&quot;0&quot;}\" data-image-title=\"RS232618_GV5A1541_scl\" data-image-description=\"\" data-medium-file=\"https:\/\/semmelweis.hu\/hirek\/files\/2026\/03\/RS232618_GV5A1541_scl-400x267.jpg\" data-large-file=\"https:\/\/semmelweis.hu\/hirek\/files\/2026\/03\/RS232618_GV5A1541_scl-900x600.jpg\" src=\"https:\/\/semmelweis.hu\/hirek\/files\/2026\/03\/RS232618_GV5A1541_scl-495x330.jpg\" width=\"495\" height=\"330\" align=\"left\" title=\"Az \u00e9desanya napk\u00f6zben van bent a klinik\u00e1n, m\u00edg az \u00e9desapa est\u00e9nk\u00e9nt \u00e9rkezik, \u00edgy otthon gyakorlatilag v\u00e1ltj\u00e1k egym\u00e1st. Ha pedig tehetik, egy\u00fctt j\u00f6nnek be.  Az els\u0151 k\u00e9t h\u00e9tben szinte v\u00e9gig egy\u00fctt l\u00e1togatt\u00e1k kisfi\u00fakat, a teljes csal\u00e1d \u00e9s bar\u00e1ti k\u00f6r mellett\u00fck \u00e1llt, hogy seg\u00edtsenek ebben a helyzetben. \" \/><\/a><div class=\"tiled-gallery-caption\">Az \u00e9desanya napk\u00f6zben van bent a klinik\u00e1n, m\u00edg az \u00e9desapa est\u00e9nk\u00e9nt \u00e9rkezik, \u00edgy otthon gyakorlatilag v\u00e1ltj\u00e1k egym\u00e1st. Ha pedig tehetik, egy\u00fctt j\u00f6nnek be.  Az els\u0151 k\u00e9t h\u00e9tben szinte v\u00e9gig egy\u00fctt l\u00e1togatt\u00e1k kisfi\u00fakat, a teljes csal\u00e1d \u00e9s bar\u00e1ti k\u00f6r mellett\u00fck \u00e1llt, hogy seg\u00edtsenek ebben a helyzetben. <\/div><\/div><\/div><\/div><div class=\"gallery-row\" style=\"width: 748px; height: 164px;\"><div class=\"gallery-group images-1\" style=\"width: 250px; height: 168px;\"><div class=\"tiled-gallery-item tiled-gallery-item-small\"><a href=\"https:\/\/semmelweis.hu\/hirek\/files\/2026\/03\/RS232588_GV5A1533_scl.jpg\"><img loading=\"lazy\" decoding=\"async\" data-attachment-id=\"166316\" data-orig-file=\"https:\/\/semmelweis.hu\/hirek\/files\/2026\/03\/RS232588_GV5A1533_scl.jpg\" data-orig-size=\"1200,800\" data-comments-opened=\"0\" data-image-meta=\"{&quot;aperture&quot;:&quot;0&quot;,&quot;credit&quot;:&quot;&quot;,&quot;camera&quot;:&quot;&quot;,&quot;caption&quot;:&quot;&quot;,&quot;created_timestamp&quot;:&quot;0&quot;,&quot;copyright&quot;:&quot;&quot;,&quot;focal_length&quot;:&quot;0&quot;,&quot;iso&quot;:&quot;0&quot;,&quot;shutter_speed&quot;:&quot;0&quot;,&quot;title&quot;:&quot;&quot;,&quot;orientation&quot;:&quot;0&quot;}\" data-image-title=\"RS232588_GV5A1533_scl\" data-image-description=\"\" data-medium-file=\"https:\/\/semmelweis.hu\/hirek\/files\/2026\/03\/RS232588_GV5A1533_scl-400x267.jpg\" data-large-file=\"https:\/\/semmelweis.hu\/hirek\/files\/2026\/03\/RS232588_GV5A1533_scl-900x600.jpg\" src=\"https:\/\/semmelweis.hu\/hirek\/files\/2026\/03\/RS232588_GV5A1533_scl-246x164.jpg\" width=\"246\" height=\"164\" align=\"left\" title=\"\" \/><\/a><\/div><\/div><div class=\"gallery-group images-1\" style=\"width: 249px; height: 168px;\"><div class=\"tiled-gallery-item tiled-gallery-item-small\"><a href=\"https:\/\/semmelweis.hu\/hirek\/files\/2026\/03\/RS232619_GV5A1547_scl.jpg\"><img loading=\"lazy\" decoding=\"async\" data-attachment-id=\"166317\" data-orig-file=\"https:\/\/semmelweis.hu\/hirek\/files\/2026\/03\/RS232619_GV5A1547_scl.jpg\" data-orig-size=\"1200,800\" data-comments-opened=\"0\" data-image-meta=\"{&quot;aperture&quot;:&quot;0&quot;,&quot;credit&quot;:&quot;&quot;,&quot;camera&quot;:&quot;&quot;,&quot;caption&quot;:&quot;&quot;,&quot;created_timestamp&quot;:&quot;0&quot;,&quot;copyright&quot;:&quot;&quot;,&quot;focal_length&quot;:&quot;0&quot;,&quot;iso&quot;:&quot;0&quot;,&quot;shutter_speed&quot;:&quot;0&quot;,&quot;title&quot;:&quot;&quot;,&quot;orientation&quot;:&quot;0&quot;}\" data-image-title=\"RS232619_GV5A1547_scl\" data-image-description=\"\" data-medium-file=\"https:\/\/semmelweis.hu\/hirek\/files\/2026\/03\/RS232619_GV5A1547_scl-400x267.jpg\" data-large-file=\"https:\/\/semmelweis.hu\/hirek\/files\/2026\/03\/RS232619_GV5A1547_scl-900x600.jpg\" src=\"https:\/\/semmelweis.hu\/hirek\/files\/2026\/03\/RS232619_GV5A1547_scl-245x164.jpg\" width=\"245\" height=\"164\" align=\"left\" title=\"\u201eAmikor itt vagyok, t\u00f6rekszem arra, hogy legal\u00e1bb \u00e9rint\u00e9ssel folyamatosan kontaktusban legy\u00fcnk. Kivenni az inkub\u00e1torb\u00f3l m\u00e9g nem lehet a kisfiunkat, de \u00edgy is pontosan \u00e9rzem, hogy mi az a fog\u00e1s, amire megnyugszik, b\u00e1r alapvet\u0151en nagyon b\u00e9k\u00e9s baba, a v\u00e1rand\u00f3ss\u00e1g alatt is az volt\u201d \u2013 mondja az \u00e9desanya, aki m\u00e1r nagyon v\u00e1rja, hogy bep\u00f3tolhass\u00e1k az \u00e9lettanilag \u00e9s \u00e9rzelmileg is fontos, k\u00f6t\u0151d\u00e9st is er\u0151s\u00edt\u0151 b\u0151r-b\u0151r kontaktust, hiszen a vil\u00e1gra hozatal ut\u00e1n nem volt lehet\u0151s\u00e9g az arany\u00f3r\u00e1ra, azonnali intub\u00e1ci\u00f3ra volt sz\u00fcks\u00e9g. \" \/><\/a><div class=\"tiled-gallery-caption\">\u201eAmikor itt vagyok, t\u00f6rekszem arra, hogy legal\u00e1bb \u00e9rint\u00e9ssel folyamatosan kontaktusban legy\u00fcnk. Kivenni az inkub\u00e1torb\u00f3l m\u00e9g nem lehet a kisfiunkat, de \u00edgy is pontosan \u00e9rzem, hogy mi az a fog\u00e1s, amire megnyugszik, b\u00e1r alapvet\u0151en nagyon b\u00e9k\u00e9s baba, a v\u00e1rand\u00f3ss\u00e1g alatt is az volt\u201d \u2013 mondja az \u00e9desanya, aki m\u00e1r nagyon v\u00e1rja, hogy bep\u00f3tolhass\u00e1k az \u00e9lettanilag \u00e9s \u00e9rzelmileg is fontos, k\u00f6t\u0151d\u00e9st is er\u0151s\u00edt\u0151 b\u0151r-b\u0151r kontaktust, hiszen a vil\u00e1gra hozatal ut\u00e1n nem volt lehet\u0151s\u00e9g az arany\u00f3r\u00e1ra, azonnali intub\u00e1ci\u00f3ra volt sz\u00fcks\u00e9g. <\/div><\/div><\/div><div class=\"gallery-group images-1\" style=\"width: 249px; height: 168px;\"><div class=\"tiled-gallery-item tiled-gallery-item-small\"><a href=\"https:\/\/semmelweis.hu\/hirek\/files\/2026\/03\/RS232612_GV5A1564_scl.jpg\"><img loading=\"lazy\" decoding=\"async\" data-attachment-id=\"166318\" data-orig-file=\"https:\/\/semmelweis.hu\/hirek\/files\/2026\/03\/RS232612_GV5A1564_scl.jpg\" data-orig-size=\"1200,800\" data-comments-opened=\"0\" data-image-meta=\"{&quot;aperture&quot;:&quot;0&quot;,&quot;credit&quot;:&quot;&quot;,&quot;camera&quot;:&quot;&quot;,&quot;caption&quot;:&quot;&quot;,&quot;created_timestamp&quot;:&quot;0&quot;,&quot;copyright&quot;:&quot;&quot;,&quot;focal_length&quot;:&quot;0&quot;,&quot;iso&quot;:&quot;0&quot;,&quot;shutter_speed&quot;:&quot;0&quot;,&quot;title&quot;:&quot;&quot;,&quot;orientation&quot;:&quot;0&quot;}\" data-image-title=\"RS232612_GV5A1564_scl\" data-image-description=\"\" data-medium-file=\"https:\/\/semmelweis.hu\/hirek\/files\/2026\/03\/RS232612_GV5A1564_scl-400x267.jpg\" data-large-file=\"https:\/\/semmelweis.hu\/hirek\/files\/2026\/03\/RS232612_GV5A1564_scl-900x600.jpg\" src=\"https:\/\/semmelweis.hu\/hirek\/files\/2026\/03\/RS232612_GV5A1564_scl-245x164.jpg\" width=\"245\" height=\"164\" align=\"left\" title=\"\" \/><\/a><\/div><\/div><\/div><div class=\"gallery-row\" style=\"width: 748px; height: 330px;\"><div class=\"gallery-group images-1\" style=\"width: 499px; height: 334px;\"><div class=\"tiled-gallery-item tiled-gallery-item-large\"><a href=\"https:\/\/semmelweis.hu\/hirek\/files\/2026\/03\/RS232633_GV5A1588_scl.jpg\"><img loading=\"lazy\" decoding=\"async\" data-attachment-id=\"166319\" data-orig-file=\"https:\/\/semmelweis.hu\/hirek\/files\/2026\/03\/RS232633_GV5A1588_scl.jpg\" data-orig-size=\"1200,800\" data-comments-opened=\"0\" data-image-meta=\"{&quot;aperture&quot;:&quot;0&quot;,&quot;credit&quot;:&quot;&quot;,&quot;camera&quot;:&quot;&quot;,&quot;caption&quot;:&quot;&quot;,&quot;created_timestamp&quot;:&quot;0&quot;,&quot;copyright&quot;:&quot;&quot;,&quot;focal_length&quot;:&quot;0&quot;,&quot;iso&quot;:&quot;0&quot;,&quot;shutter_speed&quot;:&quot;0&quot;,&quot;title&quot;:&quot;&quot;,&quot;orientation&quot;:&quot;0&quot;}\" data-image-title=\"RS232633_GV5A1588_scl\" data-image-description=\"\" data-medium-file=\"https:\/\/semmelweis.hu\/hirek\/files\/2026\/03\/RS232633_GV5A1588_scl-400x267.jpg\" data-large-file=\"https:\/\/semmelweis.hu\/hirek\/files\/2026\/03\/RS232633_GV5A1588_scl-900x600.jpg\" src=\"https:\/\/semmelweis.hu\/hirek\/files\/2026\/03\/RS232633_GV5A1588_scl-495x330.jpg\" width=\"495\" height=\"330\" align=\"left\" title=\"\u201eNagyon fontos sz\u00e1momra, hogy \u00e9n is r\u00e9szt v\u00e1llaljak abban, hogy Simon mellett legy\u00fcnk, \u00e9s erre legt\u00f6bbsz\u00f6r est\u00e9nk\u00e9nt van lehet\u0151s\u00e9gem. \u00cdgy r\u00e9szese lehetek az itteni esti rutinnak, \u00e9s mes\u00e9lek is neki\u201d \u2013 mondja az \u00e9desapa. \" \/><\/a><div class=\"tiled-gallery-caption\">\u201eNagyon fontos sz\u00e1momra, hogy \u00e9n is r\u00e9szt v\u00e1llaljak abban, hogy Simon mellett legy\u00fcnk, \u00e9s erre legt\u00f6bbsz\u00f6r est\u00e9nk\u00e9nt van lehet\u0151s\u00e9gem. \u00cdgy r\u00e9szese lehetek az itteni esti rutinnak, \u00e9s mes\u00e9lek is neki\u201d \u2013 mondja az \u00e9desapa. <\/div><\/div><\/div><div class=\"gallery-group images-2\" style=\"width: 249px; height: 334px;\"><div class=\"tiled-gallery-item tiled-gallery-item-small\"><a href=\"https:\/\/semmelweis.hu\/hirek\/files\/2026\/03\/RS232623_GV5A1681_scl.jpg\"><img loading=\"lazy\" decoding=\"async\" data-attachment-id=\"166320\" data-orig-file=\"https:\/\/semmelweis.hu\/hirek\/files\/2026\/03\/RS232623_GV5A1681_scl.jpg\" data-orig-size=\"1200,800\" data-comments-opened=\"0\" data-image-meta=\"{&quot;aperture&quot;:&quot;0&quot;,&quot;credit&quot;:&quot;&quot;,&quot;camera&quot;:&quot;&quot;,&quot;caption&quot;:&quot;&quot;,&quot;created_timestamp&quot;:&quot;0&quot;,&quot;copyright&quot;:&quot;&quot;,&quot;focal_length&quot;:&quot;0&quot;,&quot;iso&quot;:&quot;0&quot;,&quot;shutter_speed&quot;:&quot;0&quot;,&quot;title&quot;:&quot;&quot;,&quot;orientation&quot;:&quot;0&quot;}\" data-image-title=\"RS232623_GV5A1681_scl\" data-image-description=\"\" data-medium-file=\"https:\/\/semmelweis.hu\/hirek\/files\/2026\/03\/RS232623_GV5A1681_scl-400x267.jpg\" data-large-file=\"https:\/\/semmelweis.hu\/hirek\/files\/2026\/03\/RS232623_GV5A1681_scl-900x600.jpg\" src=\"https:\/\/semmelweis.hu\/hirek\/files\/2026\/03\/RS232623_GV5A1681_scl-245x163.jpg\" width=\"245\" height=\"163\" align=\"left\" title=\"\u201eTudtuk, hogy ez egy nagyon m\u00e1s \u00fat lesz, amire lehet\u0151s\u00e9g\u00fcnk volt felk\u00e9sz\u00fclni, hiszen m\u00e1r a 20. heti ultrahang kimutatta a betegs\u00e9get. B\u00edzunk \u00e9s hisz\u00fcnk a kisfi\u00fankban, \u00e9s abban, hogy minden \u00fagy t\u00f6rt\u00e9nik ahogy a J\u00f3isten akarja. Nagy t\u00fcrelemre, al\u00e1zatra van sz\u00fcks\u00e9g \u00e9s fejet kell hajtani azel\u0151tt, hogy nem tudunk tervezni, csak b\u00edzni az isteni id\u0151z\u00edt\u00e9sben\u201d \u2013 mondj\u00e1k a sz\u00fcl\u0151k. \" \/><\/a><div class=\"tiled-gallery-caption\">\u201eTudtuk, hogy ez egy nagyon m\u00e1s \u00fat lesz, amire lehet\u0151s\u00e9g\u00fcnk volt felk\u00e9sz\u00fclni, hiszen m\u00e1r a 20. heti ultrahang kimutatta a betegs\u00e9get. B\u00edzunk \u00e9s hisz\u00fcnk a kisfi\u00fankban, \u00e9s abban, hogy minden \u00fagy t\u00f6rt\u00e9nik ahogy a J\u00f3isten akarja. Nagy t\u00fcrelemre, al\u00e1zatra van sz\u00fcks\u00e9g \u00e9s fejet kell hajtani azel\u0151tt, hogy nem tudunk tervezni, csak b\u00edzni az isteni id\u0151z\u00edt\u00e9sben\u201d \u2013 mondj\u00e1k a sz\u00fcl\u0151k. <\/div><\/div><div class=\"tiled-gallery-item tiled-gallery-item-small\"><a href=\"https:\/\/semmelweis.hu\/hirek\/files\/2026\/03\/RS232628_GV5A1613_scl.jpg\"><img loading=\"lazy\" decoding=\"async\" data-attachment-id=\"166321\" data-orig-file=\"https:\/\/semmelweis.hu\/hirek\/files\/2026\/03\/RS232628_GV5A1613_scl.jpg\" data-orig-size=\"1200,800\" data-comments-opened=\"0\" data-image-meta=\"{&quot;aperture&quot;:&quot;0&quot;,&quot;credit&quot;:&quot;&quot;,&quot;camera&quot;:&quot;&quot;,&quot;caption&quot;:&quot;&quot;,&quot;created_timestamp&quot;:&quot;0&quot;,&quot;copyright&quot;:&quot;&quot;,&quot;focal_length&quot;:&quot;0&quot;,&quot;iso&quot;:&quot;0&quot;,&quot;shutter_speed&quot;:&quot;0&quot;,&quot;title&quot;:&quot;&quot;,&quot;orientation&quot;:&quot;0&quot;}\" data-image-title=\"RS232628_GV5A1613_scl\" data-image-description=\"\" data-medium-file=\"https:\/\/semmelweis.hu\/hirek\/files\/2026\/03\/RS232628_GV5A1613_scl-400x267.jpg\" data-large-file=\"https:\/\/semmelweis.hu\/hirek\/files\/2026\/03\/RS232628_GV5A1613_scl-900x600.jpg\" src=\"https:\/\/semmelweis.hu\/hirek\/files\/2026\/03\/RS232628_GV5A1613_scl-245x163.jpg\" width=\"245\" height=\"163\" align=\"left\" title=\"Rekeszs\u00e9rves bab\u00e1k t\u00e1pl\u00e1l\u00e1s\u00e1nak beind\u00edt\u00e1sa mindig kih\u00edv\u00e1s, hogy a v\u00e9n\u00e1s oldattal val\u00f3 t\u00e1pl\u00e1l\u00e1st felv\u00e1ltsa az anyatejes vagy t\u00e1pszeres etet\u00e9s. Ebb\u0151l a szempontb\u00f3l fontos nyomon k\u00f6vetni, hogy mennyi folyad\u00e9k halmoz\u00f3dott fel a t\u00fcd\u0151 mellett, ezt vizsg\u00e1lj\u00e1k ezzel a mobil r\u00f6ntgeng\u00e9ppel. Ha felsz\u00edv\u00f3dik a mellkasi nyirokfolyad\u00e9k, akkor elindulhat a t\u00e1pl\u00e1l\u00e1s.\" \/><\/a><div class=\"tiled-gallery-caption\">Rekeszs\u00e9rves bab\u00e1k t\u00e1pl\u00e1l\u00e1s\u00e1nak beind\u00edt\u00e1sa mindig kih\u00edv\u00e1s, hogy a v\u00e9n\u00e1s oldattal val\u00f3 t\u00e1pl\u00e1l\u00e1st felv\u00e1ltsa az anyatejes vagy t\u00e1pszeres etet\u00e9s. Ebb\u0151l a szempontb\u00f3l fontos nyomon k\u00f6vetni, hogy mennyi folyad\u00e9k halmoz\u00f3dott fel a t\u00fcd\u0151 mellett, ezt vizsg\u00e1lj\u00e1k ezzel a mobil r\u00f6ntgeng\u00e9ppel. Ha felsz\u00edv\u00f3dik a mellkasi nyirokfolyad\u00e9k, akkor elindulhat a t\u00e1pl\u00e1l\u00e1s.<\/div><\/div><\/div><\/div><div class=\"gallery-row\" style=\"width: 748px; height: 164px;\"><div class=\"gallery-group images-1\" style=\"width: 250px; height: 168px;\"><div class=\"tiled-gallery-item tiled-gallery-item-small\"><a href=\"https:\/\/semmelweis.hu\/hirek\/files\/2026\/03\/RS232630_GV5A1608_scl.jpg\"><img loading=\"lazy\" decoding=\"async\" data-attachment-id=\"166322\" data-orig-file=\"https:\/\/semmelweis.hu\/hirek\/files\/2026\/03\/RS232630_GV5A1608_scl.jpg\" data-orig-size=\"1200,800\" data-comments-opened=\"0\" data-image-meta=\"{&quot;aperture&quot;:&quot;0&quot;,&quot;credit&quot;:&quot;&quot;,&quot;camera&quot;:&quot;&quot;,&quot;caption&quot;:&quot;&quot;,&quot;created_timestamp&quot;:&quot;0&quot;,&quot;copyright&quot;:&quot;&quot;,&quot;focal_length&quot;:&quot;0&quot;,&quot;iso&quot;:&quot;0&quot;,&quot;shutter_speed&quot;:&quot;0&quot;,&quot;title&quot;:&quot;&quot;,&quot;orientation&quot;:&quot;0&quot;}\" data-image-title=\"RS232630_GV5A1608_scl\" data-image-description=\"\" data-medium-file=\"https:\/\/semmelweis.hu\/hirek\/files\/2026\/03\/RS232630_GV5A1608_scl-400x267.jpg\" data-large-file=\"https:\/\/semmelweis.hu\/hirek\/files\/2026\/03\/RS232630_GV5A1608_scl-900x600.jpg\" src=\"https:\/\/semmelweis.hu\/hirek\/files\/2026\/03\/RS232630_GV5A1608_scl-246x164.jpg\" width=\"246\" height=\"164\" align=\"left\" title=\"K\u00e9sz\u00fcl a r\u00f6ntgenfelv\u00e9tel a speci\u00e1lis, hordozhat\u00f3 k\u00e9palkot\u00f3 k\u00e9sz\u00fcl\u00e9kkel: a r\u00f6ntgen be\u00e1ll\u00edt\u00f3f\u00e9nye mutatja, mely ter\u00fcletet \u00e9rinti a felv\u00e9tel. \" \/><\/a><div class=\"tiled-gallery-caption\">K\u00e9sz\u00fcl a r\u00f6ntgenfelv\u00e9tel a speci\u00e1lis, hordozhat\u00f3 k\u00e9palkot\u00f3 k\u00e9sz\u00fcl\u00e9kkel: a r\u00f6ntgen be\u00e1ll\u00edt\u00f3f\u00e9nye mutatja, mely ter\u00fcletet \u00e9rinti a felv\u00e9tel. <\/div><\/div><\/div><div class=\"gallery-group images-1\" style=\"width: 249px; height: 168px;\"><div class=\"tiled-gallery-item tiled-gallery-item-small\"><a href=\"https:\/\/semmelweis.hu\/hirek\/files\/2026\/03\/RS232586_GV5A1524_scl.jpg\"><img loading=\"lazy\" decoding=\"async\" data-attachment-id=\"166323\" data-orig-file=\"https:\/\/semmelweis.hu\/hirek\/files\/2026\/03\/RS232586_GV5A1524_scl.jpg\" data-orig-size=\"1200,800\" data-comments-opened=\"0\" data-image-meta=\"{&quot;aperture&quot;:&quot;0&quot;,&quot;credit&quot;:&quot;&quot;,&quot;camera&quot;:&quot;&quot;,&quot;caption&quot;:&quot;&quot;,&quot;created_timestamp&quot;:&quot;0&quot;,&quot;copyright&quot;:&quot;&quot;,&quot;focal_length&quot;:&quot;0&quot;,&quot;iso&quot;:&quot;0&quot;,&quot;shutter_speed&quot;:&quot;0&quot;,&quot;title&quot;:&quot;&quot;,&quot;orientation&quot;:&quot;0&quot;}\" data-image-title=\"RS232586_GV5A1524_scl\" data-image-description=\"\" data-medium-file=\"https:\/\/semmelweis.hu\/hirek\/files\/2026\/03\/RS232586_GV5A1524_scl-400x267.jpg\" data-large-file=\"https:\/\/semmelweis.hu\/hirek\/files\/2026\/03\/RS232586_GV5A1524_scl-900x600.jpg\" src=\"https:\/\/semmelweis.hu\/hirek\/files\/2026\/03\/RS232586_GV5A1524_scl-245x164.jpg\" width=\"245\" height=\"164\" align=\"left\" title=\"Az oszt\u00e1lyon t\u00f6rekszenek r\u00e1, hogy akinek csak lehet, anyatejet adjanak, az \u00e1llapott\u00f3l f\u00fcgg\u0151en gyomorszond\u00e1n kereszt\u00fcl vagy cumis\u00fcvegb\u0151l.\" \/><\/a><div class=\"tiled-gallery-caption\">Az oszt\u00e1lyon t\u00f6rekszenek r\u00e1, hogy akinek csak lehet, anyatejet adjanak, az \u00e1llapott\u00f3l f\u00fcgg\u0151en gyomorszond\u00e1n kereszt\u00fcl vagy cumis\u00fcvegb\u0151l.<\/div><\/div><\/div><div class=\"gallery-group images-1\" style=\"width: 249px; height: 168px;\"><div class=\"tiled-gallery-item tiled-gallery-item-small\"><a href=\"https:\/\/semmelweis.hu\/hirek\/files\/2026\/03\/RS232626_GV5A1671_scl-2.jpg\"><img loading=\"lazy\" decoding=\"async\" data-attachment-id=\"166324\" data-orig-file=\"https:\/\/semmelweis.hu\/hirek\/files\/2026\/03\/RS232626_GV5A1671_scl-2.jpg\" data-orig-size=\"1200,800\" data-comments-opened=\"0\" data-image-meta=\"{&quot;aperture&quot;:&quot;0&quot;,&quot;credit&quot;:&quot;&quot;,&quot;camera&quot;:&quot;&quot;,&quot;caption&quot;:&quot;&quot;,&quot;created_timestamp&quot;:&quot;0&quot;,&quot;copyright&quot;:&quot;&quot;,&quot;focal_length&quot;:&quot;0&quot;,&quot;iso&quot;:&quot;0&quot;,&quot;shutter_speed&quot;:&quot;0&quot;,&quot;title&quot;:&quot;&quot;,&quot;orientation&quot;:&quot;0&quot;}\" data-image-title=\"RS232626_GV5A1671_scl (2)\" data-image-description=\"\" data-medium-file=\"https:\/\/semmelweis.hu\/hirek\/files\/2026\/03\/RS232626_GV5A1671_scl-2-400x267.jpg\" data-large-file=\"https:\/\/semmelweis.hu\/hirek\/files\/2026\/03\/RS232626_GV5A1671_scl-2-900x600.jpg\" src=\"https:\/\/semmelweis.hu\/hirek\/files\/2026\/03\/RS232626_GV5A1671_scl-2-245x164.jpg\" width=\"245\" height=\"164\" align=\"left\" title=\"Az \u00e9desanya \u00e1ltal frissen lefejt anyatejet helyben paszt\u00f6riz\u00e1lj\u00e1k, n\u00e9vre sz\u00f3l\u00f3an c\u00edmk\u00e9zve teszik a h\u0171t\u0151be. \" \/><\/a><div class=\"tiled-gallery-caption\">Az \u00e9desanya \u00e1ltal frissen lefejt anyatejet helyben paszt\u00f6riz\u00e1lj\u00e1k, n\u00e9vre sz\u00f3l\u00f3an c\u00edmk\u00e9zve teszik a h\u0171t\u0151be. <\/div><\/div><\/div><\/div><div class=\"gallery-row\" style=\"width: 748px; height: 247px;\"><div class=\"gallery-group images-1\" style=\"width: 374px; height: 251px;\"><div class=\"tiled-gallery-item tiled-gallery-item-large\"><a href=\"https:\/\/semmelweis.hu\/hirek\/files\/2026\/03\/RS232840_GV5A2808_scl.jpg\"><img loading=\"lazy\" decoding=\"async\" data-attachment-id=\"166325\" data-orig-file=\"https:\/\/semmelweis.hu\/hirek\/files\/2026\/03\/RS232840_GV5A2808_scl.jpg\" data-orig-size=\"1200,800\" data-comments-opened=\"0\" data-image-meta=\"{&quot;aperture&quot;:&quot;0&quot;,&quot;credit&quot;:&quot;&quot;,&quot;camera&quot;:&quot;&quot;,&quot;caption&quot;:&quot;&quot;,&quot;created_timestamp&quot;:&quot;0&quot;,&quot;copyright&quot;:&quot;&quot;,&quot;focal_length&quot;:&quot;0&quot;,&quot;iso&quot;:&quot;0&quot;,&quot;shutter_speed&quot;:&quot;0&quot;,&quot;title&quot;:&quot;&quot;,&quot;orientation&quot;:&quot;0&quot;}\" data-image-title=\"RS232840_GV5A2808_scl\" data-image-description=\"\" data-medium-file=\"https:\/\/semmelweis.hu\/hirek\/files\/2026\/03\/RS232840_GV5A2808_scl-400x267.jpg\" data-large-file=\"https:\/\/semmelweis.hu\/hirek\/files\/2026\/03\/RS232840_GV5A2808_scl-900x600.jpg\" src=\"https:\/\/semmelweis.hu\/hirek\/files\/2026\/03\/RS232840_GV5A2808_scl-370x247.jpg\" width=\"370\" height=\"247\" align=\"left\" title=\"\u201eHa neh\u00e9z is volt r\u00e9g, az er\u0151 m\u00e1r a mi\u00e9nk. Az a b\u00e1tors\u00e1g, az a k\u00fczd\u00e9s \u00e9s v\u00e1gy: a mi r\u00e9sz\u00fcnkk\u00e9 v\u00e1lt tal\u00e1n..\u201d \u2013 \u00edgy sz\u00f3l a dal*, amelyet az \u00e9desanya egy\u00fctt \u00e9nekel kisfi\u00e1nak Hazay T\u00edme\u00e1val, A te hangodat ismerem zenei program vezet\u0151j\u00e9vel. \u201eKapcsol\u00f3d\u00e1sra sz\u00fclet\u00fcnk, \u00e9s ezt a kapcsol\u00f3d\u00e1st seg\u00edtj\u00fck a baba \u00e9s a sz\u00fcl\u0151k k\u00f6z\u00f6tt a zene \u00e9s az \u00e9l\u0151 \u00e9neksz\u00f3 erej\u00e9vel \u2013 mondja Hazay T\u00edmea, aki hetente egyszer \u00e9rkezik az oszt\u00e1lyra. A m\u00e1ra m\u00e1r az orsz\u00e1g 11 PIC oszt\u00e1ly\u00e1n m\u0171k\u00f6d\u0151 program  \u00e9ppen innen, a Semmelweis Egyetem gyermekklinik\u00e1j\u00e1r\u00f3l indult el tizenk\u00e9t \u00e9vvel ezel\u0151tt. *forr\u00e1s: A Korasz\u00fcl\u00f6ttek Vil\u00e1gnapj\u00e1ra c\u00edm\u0171 dal (zene \u00e9s sz\u00f6veg: Csizm\u00e1s \u00c1gnes) \" \/><\/a><div class=\"tiled-gallery-caption\">\u201eHa neh\u00e9z is volt r\u00e9g, az er\u0151 m\u00e1r a mi\u00e9nk. Az a b\u00e1tors\u00e1g, az a k\u00fczd\u00e9s \u00e9s v\u00e1gy: a mi r\u00e9sz\u00fcnkk\u00e9 v\u00e1lt tal\u00e1n..\u201d \u2013 \u00edgy sz\u00f3l a dal*, amelyet az \u00e9desanya egy\u00fctt \u00e9nekel kisfi\u00e1nak Hazay T\u00edme\u00e1val, A te hangodat ismerem zenei program vezet\u0151j\u00e9vel. \u201eKapcsol\u00f3d\u00e1sra sz\u00fclet\u00fcnk, \u00e9s ezt a kapcsol\u00f3d\u00e1st seg\u00edtj\u00fck a baba \u00e9s a sz\u00fcl\u0151k k\u00f6z\u00f6tt a zene \u00e9s az \u00e9l\u0151 \u00e9neksz\u00f3 erej\u00e9vel \u2013 mondja Hazay T\u00edmea, aki hetente egyszer \u00e9rkezik az oszt\u00e1lyra. A m\u00e1ra m\u00e1r az orsz\u00e1g 11 PIC oszt\u00e1ly\u00e1n m\u0171k\u00f6d\u0151 program  \u00e9ppen innen, a Semmelweis Egyetem gyermekklinik\u00e1j\u00e1r\u00f3l indult el tizenk\u00e9t \u00e9vvel ezel\u0151tt. *forr\u00e1s: A Korasz\u00fcl\u00f6ttek Vil\u00e1gnapj\u00e1ra c\u00edm\u0171 dal (zene \u00e9s sz\u00f6veg: Csizm\u00e1s \u00c1gnes) <\/div><\/div><\/div><div class=\"gallery-group images-1\" style=\"width: 374px; height: 251px;\"><div class=\"tiled-gallery-item tiled-gallery-item-large\"><a href=\"https:\/\/semmelweis.hu\/hirek\/files\/2026\/03\/RS232621_GV5A1685_scl.jpg\"><img loading=\"lazy\" decoding=\"async\" data-attachment-id=\"166326\" data-orig-file=\"https:\/\/semmelweis.hu\/hirek\/files\/2026\/03\/RS232621_GV5A1685_scl.jpg\" data-orig-size=\"1200,800\" data-comments-opened=\"0\" data-image-meta=\"{&quot;aperture&quot;:&quot;0&quot;,&quot;credit&quot;:&quot;&quot;,&quot;camera&quot;:&quot;&quot;,&quot;caption&quot;:&quot;&quot;,&quot;created_timestamp&quot;:&quot;0&quot;,&quot;copyright&quot;:&quot;&quot;,&quot;focal_length&quot;:&quot;0&quot;,&quot;iso&quot;:&quot;0&quot;,&quot;shutter_speed&quot;:&quot;0&quot;,&quot;title&quot;:&quot;&quot;,&quot;orientation&quot;:&quot;0&quot;}\" data-image-title=\"RS232621_GV5A1685_scl\" data-image-description=\"\" data-medium-file=\"https:\/\/semmelweis.hu\/hirek\/files\/2026\/03\/RS232621_GV5A1685_scl-400x267.jpg\" data-large-file=\"https:\/\/semmelweis.hu\/hirek\/files\/2026\/03\/RS232621_GV5A1685_scl-900x600.jpg\" src=\"https:\/\/semmelweis.hu\/hirek\/files\/2026\/03\/RS232621_GV5A1685_scl-370x247.jpg\" width=\"370\" height=\"247\" align=\"left\" title=\"\" \/><\/a><\/div><\/div><\/div><\/div>[\/slb_exclude]\n<p>&nbsp;<\/p>\n<\/div>\n<p>Dobozi P\u00e1lma<br \/>\n<span style=\"font-size: 1rem\">Fot\u00f3: Zellei Bogl\u00e1rka \u2013 Semmelweis Egyetem<\/span><\/p>\n","protected":false},"excerpt":{"rendered":"<p>Fot\u00f3riportunkban az egyetem PIC oszt\u00e1ly\u00e1n \u00e1polt rekeszs\u00e9rves baba egy napj\u00e1t k\u00f6vett\u00fck nyomon. <\/p>\n","protected":false},"author":13,"featured_media":166327,"comment_status":"closed","ping_status":"closed","sticky":false,"template":"","format":"standard","meta":{"_acf_changed":false,"footnotes":""},"categories":[154,168],"tags":[4364,156],"class_list":["post-166296","post","type-post","status-publish","format-standard","has-post-thumbnail","hentry","category-egeszseg","category-kiemelt","tag-egy-nap-sorozat","tag-gyogyitas"],"acf":[],"_links":{"self":[{"href":"https:\/\/semmelweis.hu\/hirek\/wp-json\/wp\/v2\/posts\/166296","targetHints":{"allow":["GET"]}}],"collection":[{"href":"https:\/\/semmelweis.hu\/hirek\/wp-json\/wp\/v2\/posts"}],"about":[{"href":"https:\/\/semmelweis.hu\/hirek\/wp-json\/wp\/v2\/types\/post"}],"author":[{"embeddable":true,"href":"https:\/\/semmelweis.hu\/hirek\/wp-json\/wp\/v2\/users\/13"}],"replies":[{"embeddable":true,"href":"https:\/\/semmelweis.hu\/hirek\/wp-json\/wp\/v2\/comments?post=166296"}],"version-history":[{"count":8,"href":"https:\/\/semmelweis.hu\/hirek\/wp-json\/wp\/v2\/posts\/166296\/revisions"}],"predecessor-version":[{"id":166365,"href":"https:\/\/semmelweis.hu\/hirek\/wp-json\/wp\/v2\/posts\/166296\/revisions\/166365"}],"wp:featuredmedia":[{"embeddable":true,"href":"https:\/\/semmelweis.hu\/hirek\/wp-json\/wp\/v2\/media\/166327"}],"wp:attachment":[{"href":"https:\/\/semmelweis.hu\/hirek\/wp-json\/wp\/v2\/media?parent=166296"}],"wp:term":[{"taxonomy":"category","embeddable":true,"href":"https:\/\/semmelweis.hu\/hirek\/wp-json\/wp\/v2\/categories?post=166296"},{"taxonomy":"post_tag","embeddable":true,"href":"https:\/\/semmelweis.hu\/hirek\/wp-json\/wp\/v2\/tags?post=166296"}],"curies":[{"name":"wp","href":"https:\/\/api.w.org\/{rel}","templated":true}]}}