{"id":165815,"date":"2026-03-12T14:00:10","date_gmt":"2026-03-12T13:00:10","guid":{"rendered":"https:\/\/semmelweis.hu\/hirek\/?p=165815"},"modified":"2026-03-12T13:29:39","modified_gmt":"2026-03-12T12:29:39","slug":"uj-partnersegek-a-harmadik-uzbeg-magyar-rektori-forumon","status":"publish","type":"post","link":"https:\/\/semmelweis.hu\/hirek\/2026\/03\/12\/uj-partnersegek-a-harmadik-uzbeg-magyar-rektori-forumon\/","title":{"rendered":"\u00daj partners\u00e9gek a harmadik \u00fczb\u00e9g\u2013magyar rektori f\u00f3rumon"},"content":{"rendered":"<div class=\"lead\"><strong>A harmadik \u00fczb\u00e9g-magyar rektori f\u00f3rum jelent\u0151s eredm\u00e9nyei k\u00f6z\u00e9 tartozik, hogy a Semmelweis Egyetem meg\u00e1llapod\u00e1st k\u00f6t\u00f6tt az \u00fczb\u00e9g sportminiszt\u00e9riummal, valamint t\u00f6bb \u00faj egyetemi partnerkapcsolat is l\u00e9trej\u00f6tt. <\/strong><\/div>\n<p><a href=\"https:\/\/semmelweis.hu\/hirek\/files\/2026\/03\/134A3029.jpg\"><img loading=\"lazy\" decoding=\"async\" class=\"aligncenter size-full wp-image-166177\" src=\"https:\/\/semmelweis.hu\/hirek\/files\/2026\/03\/134A3029.jpg\" alt=\"\" width=\"2400\" height=\"1600\" srcset=\"https:\/\/semmelweis.hu\/hirek\/files\/2026\/03\/134A3029.jpg 2400w, https:\/\/semmelweis.hu\/hirek\/files\/2026\/03\/134A3029-400x267.jpg 400w, https:\/\/semmelweis.hu\/hirek\/files\/2026\/03\/134A3029-900x600.jpg 900w, https:\/\/semmelweis.hu\/hirek\/files\/2026\/03\/134A3029-768x512.jpg 768w, https:\/\/semmelweis.hu\/hirek\/files\/2026\/03\/134A3029-1536x1024.jpg 1536w, https:\/\/semmelweis.hu\/hirek\/files\/2026\/03\/134A3029-2048x1365.jpg 2048w, https:\/\/semmelweis.hu\/hirek\/files\/2026\/03\/134A3029-753x502.jpg 753w, https:\/\/semmelweis.hu\/hirek\/files\/2026\/03\/134A3029-203x135.jpg 203w\" sizes=\"auto, (max-width: 2400px) 100vw, 2400px\" \/><\/a><\/p>\n<p>A 2026. m\u00e1rcius 5-7. k\u00f6z\u00f6tt Szamarkandban, Jizzakhban \u00e9s Taskentben megrendezett esem\u00e9nyen a magyar deleg\u00e1ci\u00f3t dr. Merkely B\u00e9la, a Magyar Rektori Konferencia eln\u00f6ke, a Semmelweis Egyetem rektora vezette. A f\u00f3rumon t\u00f6bb mint harminc f\u0151s magyar deleg\u00e1ci\u00f3 vett r\u00e9szt. A rendezv\u00e9ny k\u00f6zponti t\u00e9m\u00e1ja a fels\u0151oktat\u00e1s j\u00f6v\u0151je volt a digit\u00e1lis korszakban, k\u00fcl\u00f6n\u00f6s tekintettel a mesters\u00e9ges intelligencia szerep\u00e9re, az innovat\u00edv oktat\u00e1si modellekre, valamint a glob\u00e1lisan versenyk\u00e9pes egyetemek kialak\u00edt\u00e1s\u00e1ra. A h\u00e1romnapos program sor\u00e1n plen\u00e1ris el\u0151ad\u00e1sok, tematikus szekci\u00f3k, valamint k\u00e9toldal\u00fa egyeztet\u00e9sek keret\u00e9ben vitatt\u00e1k meg a magyar \u00e9s \u00fczb\u00e9g fels\u0151oktat\u00e1si int\u00e9zm\u00e9nyek k\u00e9pvisel\u0151i az egy\u00fcttm\u0171k\u00f6d\u00e9s tov\u00e1bbi lehet\u0151s\u00e9geit.\u00a0<\/p>\n<p><a href=\"https:\/\/semmelweis.hu\/hirek\/files\/2026\/03\/IMG_2342-scaled.jpg\"><img loading=\"lazy\" decoding=\"async\" class=\"alignleft size-medium wp-image-166178\" src=\"https:\/\/semmelweis.hu\/hirek\/files\/2026\/03\/IMG_2342-400x267.jpg\" alt=\"\" width=\"400\" height=\"267\" srcset=\"https:\/\/semmelweis.hu\/hirek\/files\/2026\/03\/IMG_2342-400x267.jpg 400w, https:\/\/semmelweis.hu\/hirek\/files\/2026\/03\/IMG_2342-900x600.jpg 900w, https:\/\/semmelweis.hu\/hirek\/files\/2026\/03\/IMG_2342-768x512.jpg 768w, https:\/\/semmelweis.hu\/hirek\/files\/2026\/03\/IMG_2342-1536x1024.jpg 1536w, https:\/\/semmelweis.hu\/hirek\/files\/2026\/03\/IMG_2342-2048x1365.jpg 2048w, https:\/\/semmelweis.hu\/hirek\/files\/2026\/03\/IMG_2342-753x502.jpg 753w, https:\/\/semmelweis.hu\/hirek\/files\/2026\/03\/IMG_2342-203x135.jpg 203w\" sizes=\"auto, (max-width: 400px) 100vw, 400px\" \/><\/a>A f\u00f3rum megnyit\u00f3j\u00e1n dr. Merkely B\u00e9la hangs\u00falyozta a k\u00e9t orsz\u00e1g fels\u0151oktat\u00e1si int\u00e9zm\u00e9nyei k\u00f6z\u00f6tti kapcsolatok er\u0151s\u00f6d\u00e9s\u00e9t. \u201eA magyar \u00e9s \u00fczb\u00e9g fels\u0151oktat\u00e1s k\u00f6z\u00f6tti kapcsolatok az elm\u00falt \u00e9vekben l\u00e1tv\u00e1nyosan fejl\u0151dtek: a p\u00e1rbesz\u00e9db\u0151l \u00e9s kapcsolat\u00e9p\u00edt\u00e9sb\u0151l ma m\u00e1r konkr\u00e9t int\u00e9zm\u00e9nyi egy\u00fcttm\u0171k\u00f6d\u00e9sek, hallgat\u00f3i mobilit\u00e1si programok \u00e9s k\u00f6z\u00f6s kutat\u00e1si projektek sz\u00fcletnek. Meggy\u0151z\u0151d\u00e9sem, hogy a most l\u00e9trej\u00f6v\u0151 partners\u00e9gek \u00faj szintre emelik kapcsolatainkat\u201d \u2013 fogalmazott.<\/p>\n<p>A f\u00f3rum lehet\u0151s\u00e9get teremtett arra is, hogy a r\u00e9szt vev\u0151 egyetemek \u00faj egy\u00fcttm\u0171k\u00f6d\u00e9si meg\u00e1llapod\u00e1sokat k\u00f6ssenek. A Semmelweis Egyetem n\u00e9gy \u00fczb\u00e9g fels\u0151oktat\u00e1si int\u00e9zm\u00e9nnyel \u00edrt al\u00e1 meg\u00e1llapod\u00e1st: a Samarkand State Medical University-vel, a Tashkent State Medical University-vel, a Navoi State University-vel \u00e9s az International University of Turkic States egyetemmel. A partners\u00e9gek c\u00e9lja az oktat\u00e1si \u00e9s kutat\u00e1si egy\u00fcttm\u0171k\u00f6d\u00e9sek b\u0151v\u00edt\u00e9se, a hallgat\u00f3i \u00e9s oktat\u00f3i mobilit\u00e1s er\u0151s\u00edt\u00e9se, valamint k\u00f6z\u00f6s tudom\u00e1nyos projektek \u00e9s k\u00e9pz\u00e9si programok ind\u00edt\u00e1sa. A deleg\u00e1ci\u00f3 a f\u00f3rumhoz kapcsol\u00f3d\u00f3an szakmai l\u00e1togat\u00e1st tett a Samarkand State Medical University-n \u00e9s a Tashkent State Medical University-n is, ahol az int\u00e9zm\u00e9nyek vezet\u0151ivel a j\u00f6v\u0151beli oktat\u00e1si \u00e9s kutat\u00e1si egy\u00fcttm\u0171k\u00f6d\u00e9sek konkr\u00e9t lehet\u0151s\u00e9geir\u0151l egyeztettek.<\/p>\n\r\n        [slb_exclude]\r\n        <div class=\"row galeria-wrapper mx-0 h-auto\">\r\n            <div class=\"col-9 pl-0 pr-2\">\r\n            <span class=\"gallery-item frame\">\r\n\t\t\t\t<div class=\"galeria-left-img\"><a href=\"https:\/\/semmelweis.hu\/hirek\/files\/2026\/03\/IMG_9821-scaled.jpg\"><img src=https:\/\/semmelweis.hu\/hirek\/files\/2026\/03\/IMG_9821-scaled.jpg  \r\n                            alt=\"\" \r\n                            class=\"attachment-sote-gallery-big size-sote-gallery-big\" \r\n                            srcset=\"https:\/\/semmelweis.hu\/hirek\/files\/2026\/03\/IMG_9821-400x267.jpg 400w, https:\/\/semmelweis.hu\/hirek\/files\/2026\/03\/IMG_9821-900x600.jpg 900w, https:\/\/semmelweis.hu\/hirek\/files\/2026\/03\/IMG_9821-768x512.jpg 768w, https:\/\/semmelweis.hu\/hirek\/files\/2026\/03\/IMG_9821-1536x1024.jpg 1536w, https:\/\/semmelweis.hu\/hirek\/files\/2026\/03\/IMG_9821-2048x1365.jpg 2048w, https:\/\/semmelweis.hu\/hirek\/files\/2026\/03\/IMG_9821-753x502.jpg 753w, https:\/\/semmelweis.hu\/hirek\/files\/2026\/03\/IMG_9821-203x135.jpg 203w\" ><\/a><\/div>\r\n            <\/span>\r\n\r\n            <\/div>\r\n\r\n\t\t\t<div class=\"col-3 pl-0 pr-0\">\r\n\t\t\t\t<div class=\"galeria-right-img d-flex justify-content-between flex-column h-100 w-100 px-0 mx-0 \">\r\n                <div class=\"galeria-box\">\r\n\t\t\t\t\t<h3 class=\"galeria-title\">Gal\u00e9ria<\/h3>\r\n\t\t\t\t\t<div class=\"galeria-subtitle\">\r\n\r\n\t\t\t\t\t\t<div class=\"galeria-page-counter\"><span>14<\/span>k\u00e9p<\/div>\r\n                    <\/div> <\/div>\r\n                    <span class=\"gallery-item frame d-none d-md-flex\">\r\n\t\t\t\t\t<div class=\"galeria-small-img mt-0\"><a href=\"https:\/\/semmelweis.hu\/hirek\/files\/2026\/03\/IMG_2441-scaled.jpg\"><img src=https:\/\/semmelweis.hu\/hirek\/files\/2026\/03\/IMG_2441-scaled.jpg \r\n                                alt=\"\"  \r\n                                class=\"attachment-sote-gallery-small size-sote-gallery-small\" \r\n                                srcset=\"https:\/\/semmelweis.hu\/hirek\/files\/2026\/03\/IMG_2441-400x267.jpg 400w, https:\/\/semmelweis.hu\/hirek\/files\/2026\/03\/IMG_2441-900x600.jpg 900w, https:\/\/semmelweis.hu\/hirek\/files\/2026\/03\/IMG_2441-768x512.jpg 768w, https:\/\/semmelweis.hu\/hirek\/files\/2026\/03\/IMG_2441-1536x1024.jpg 1536w, https:\/\/semmelweis.hu\/hirek\/files\/2026\/03\/IMG_2441-2048x1365.jpg 2048w, https:\/\/semmelweis.hu\/hirek\/files\/2026\/03\/IMG_2441-753x502.jpg 753w, https:\/\/semmelweis.hu\/hirek\/files\/2026\/03\/IMG_2441-203x135.jpg 203w\" ><\/a><\/div>\r\n                    <\/span>\r\n                    <span class=\"gallery-item frame d-none d-md-flex\">\r\n\t\t\t\t\t<div class=\"galeria-small-img mt-0\"><a href=\"https:\/\/semmelweis.hu\/hirek\/files\/2026\/03\/6A3A7229-scaled.jpg\"><img src=https:\/\/semmelweis.hu\/hirek\/files\/2026\/03\/6A3A7229-scaled.jpg \r\n                                alt=\"\" \r\n                                class=\"attachment-sote-gallery-small size-sote-gallery-small\" \r\n                                srcset=\"https:\/\/semmelweis.hu\/hirek\/files\/2026\/03\/6A3A7229-400x267.jpg 400w, https:\/\/semmelweis.hu\/hirek\/files\/2026\/03\/6A3A7229-900x600.jpg 900w, https:\/\/semmelweis.hu\/hirek\/files\/2026\/03\/6A3A7229-768x512.jpg 768w, https:\/\/semmelweis.hu\/hirek\/files\/2026\/03\/6A3A7229-1536x1024.jpg 1536w, https:\/\/semmelweis.hu\/hirek\/files\/2026\/03\/6A3A7229-2048x1365.jpg 2048w, https:\/\/semmelweis.hu\/hirek\/files\/2026\/03\/6A3A7229-753x502.jpg 753w, https:\/\/semmelweis.hu\/hirek\/files\/2026\/03\/6A3A7229-203x135.jpg 203w\" ><\/a><\/div>\r\n                    <\/span>\r\n\r\n                <\/div>\r\n\r\n            <\/div>\r\n\r\n            <span class=\"gallery-item\"><div class=\"hidden\"><a href=\"https:\/\/semmelweis.hu\/hirek\/files\/2026\/03\/6A3A7206-scaled.jpg\">\r\n        <img src=https:\/\/semmelweis.hu\/hirek\/files\/2026\/03\/6A3A7206-scaled.jpg alt=\"\" class=\"attachment-sote-gallery-big size-sote-gallery-big\" srcset=\"https:\/\/semmelweis.hu\/hirek\/files\/2026\/03\/6A3A7206-400x267.jpg 400w, https:\/\/semmelweis.hu\/hirek\/files\/2026\/03\/6A3A7206-900x600.jpg 900w, https:\/\/semmelweis.hu\/hirek\/files\/2026\/03\/6A3A7206-768x512.jpg 768w, https:\/\/semmelweis.hu\/hirek\/files\/2026\/03\/6A3A7206-1536x1024.jpg 1536w, https:\/\/semmelweis.hu\/hirek\/files\/2026\/03\/6A3A7206-2048x1365.jpg 2048w, https:\/\/semmelweis.hu\/hirek\/files\/2026\/03\/6A3A7206-753x502.jpg 753w, https:\/\/semmelweis.hu\/hirek\/files\/2026\/03\/6A3A7206-203x135.jpg 203w\" >\r\n        <\/a><\/div><\/span><span class=\"gallery-item\"><div class=\"hidden\"><a href=\"https:\/\/semmelweis.hu\/hirek\/files\/2026\/03\/5Q5A9360-scaled.jpg\">\r\n        <img src=https:\/\/semmelweis.hu\/hirek\/files\/2026\/03\/5Q5A9360-scaled.jpg alt=\"\" class=\"attachment-sote-gallery-big size-sote-gallery-big\" srcset=\"https:\/\/semmelweis.hu\/hirek\/files\/2026\/03\/5Q5A9360-400x267.jpg 400w, https:\/\/semmelweis.hu\/hirek\/files\/2026\/03\/5Q5A9360-900x600.jpg 900w, https:\/\/semmelweis.hu\/hirek\/files\/2026\/03\/5Q5A9360-768x512.jpg 768w, https:\/\/semmelweis.hu\/hirek\/files\/2026\/03\/5Q5A9360-1536x1024.jpg 1536w, https:\/\/semmelweis.hu\/hirek\/files\/2026\/03\/5Q5A9360-2048x1365.jpg 2048w, https:\/\/semmelweis.hu\/hirek\/files\/2026\/03\/5Q5A9360-753x502.jpg 753w, https:\/\/semmelweis.hu\/hirek\/files\/2026\/03\/5Q5A9360-203x135.jpg 203w\" >\r\n        <\/a><\/div><\/span><span class=\"gallery-item\"><div class=\"hidden\"><a href=\"https:\/\/semmelweis.hu\/hirek\/files\/2026\/03\/2G5A9100-scaled.jpg\">\r\n        <img src=https:\/\/semmelweis.hu\/hirek\/files\/2026\/03\/2G5A9100-scaled.jpg alt=\"\" class=\"attachment-sote-gallery-big size-sote-gallery-big\" srcset=\"https:\/\/semmelweis.hu\/hirek\/files\/2026\/03\/2G5A9100-400x267.jpg 400w, https:\/\/semmelweis.hu\/hirek\/files\/2026\/03\/2G5A9100-900x600.jpg 900w, https:\/\/semmelweis.hu\/hirek\/files\/2026\/03\/2G5A9100-768x512.jpg 768w, https:\/\/semmelweis.hu\/hirek\/files\/2026\/03\/2G5A9100-1536x1024.jpg 1536w, https:\/\/semmelweis.hu\/hirek\/files\/2026\/03\/2G5A9100-2048x1365.jpg 2048w, https:\/\/semmelweis.hu\/hirek\/files\/2026\/03\/2G5A9100-753x502.jpg 753w, https:\/\/semmelweis.hu\/hirek\/files\/2026\/03\/2G5A9100-203x135.jpg 203w\" >\r\n        <\/a><\/div><\/span><span class=\"gallery-item\"><div class=\"hidden\"><a href=\"https:\/\/semmelweis.hu\/hirek\/files\/2026\/03\/134A3120.jpg\">\r\n        <img src=https:\/\/semmelweis.hu\/hirek\/files\/2026\/03\/134A3120.jpg alt=\"\" class=\"attachment-sote-gallery-big size-sote-gallery-big\" srcset=\"https:\/\/semmelweis.hu\/hirek\/files\/2026\/03\/134A3120-400x267.jpg 400w, https:\/\/semmelweis.hu\/hirek\/files\/2026\/03\/134A3120-900x600.jpg 900w, https:\/\/semmelweis.hu\/hirek\/files\/2026\/03\/134A3120-768x512.jpg 768w, https:\/\/semmelweis.hu\/hirek\/files\/2026\/03\/134A3120-1536x1024.jpg 1536w, https:\/\/semmelweis.hu\/hirek\/files\/2026\/03\/134A3120-2048x1365.jpg 2048w, https:\/\/semmelweis.hu\/hirek\/files\/2026\/03\/134A3120-753x502.jpg 753w, https:\/\/semmelweis.hu\/hirek\/files\/2026\/03\/134A3120-203x135.jpg 203w\" >\r\n        <\/a><\/div><\/span><span class=\"gallery-item\"><div class=\"hidden\"><a href=\"https:\/\/semmelweis.hu\/hirek\/files\/2026\/03\/134A2870.jpg\">\r\n        <img src=https:\/\/semmelweis.hu\/hirek\/files\/2026\/03\/134A2870.jpg alt=\"\" class=\"attachment-sote-gallery-big size-sote-gallery-big\" srcset=\"https:\/\/semmelweis.hu\/hirek\/files\/2026\/03\/134A2870-400x267.jpg 400w, https:\/\/semmelweis.hu\/hirek\/files\/2026\/03\/134A2870-900x600.jpg 900w, https:\/\/semmelweis.hu\/hirek\/files\/2026\/03\/134A2870-768x512.jpg 768w, https:\/\/semmelweis.hu\/hirek\/files\/2026\/03\/134A2870-1536x1024.jpg 1536w, https:\/\/semmelweis.hu\/hirek\/files\/2026\/03\/134A2870-2048x1365.jpg 2048w, https:\/\/semmelweis.hu\/hirek\/files\/2026\/03\/134A2870-753x502.jpg 753w, https:\/\/semmelweis.hu\/hirek\/files\/2026\/03\/134A2870-203x135.jpg 203w\" >\r\n        <\/a><\/div><\/span><span class=\"gallery-item\"><div class=\"hidden\"><a href=\"https:\/\/semmelweis.hu\/hirek\/files\/2026\/03\/134A2832-scaled.jpg\">\r\n        <img src=https:\/\/semmelweis.hu\/hirek\/files\/2026\/03\/134A2832-scaled.jpg alt=\"\" class=\"attachment-sote-gallery-big size-sote-gallery-big\" srcset=\"https:\/\/semmelweis.hu\/hirek\/files\/2026\/03\/134A2832-400x267.jpg 400w, https:\/\/semmelweis.hu\/hirek\/files\/2026\/03\/134A2832-900x600.jpg 900w, https:\/\/semmelweis.hu\/hirek\/files\/2026\/03\/134A2832-768x512.jpg 768w, https:\/\/semmelweis.hu\/hirek\/files\/2026\/03\/134A2832-1536x1025.jpg 1536w, https:\/\/semmelweis.hu\/hirek\/files\/2026\/03\/134A2832-2048x1366.jpg 2048w, https:\/\/semmelweis.hu\/hirek\/files\/2026\/03\/134A2832-753x502.jpg 753w, https:\/\/semmelweis.hu\/hirek\/files\/2026\/03\/134A2832-203x135.jpg 203w\" >\r\n        <\/a><\/div><\/span><span class=\"gallery-item\"><div class=\"hidden\"><a href=\"https:\/\/semmelweis.hu\/hirek\/files\/2026\/03\/134A2607-scaled.jpg\">\r\n        <img src=https:\/\/semmelweis.hu\/hirek\/files\/2026\/03\/134A2607-scaled.jpg alt=\"\" class=\"attachment-sote-gallery-big size-sote-gallery-big\" srcset=\"https:\/\/semmelweis.hu\/hirek\/files\/2026\/03\/134A2607-400x267.jpg 400w, https:\/\/semmelweis.hu\/hirek\/files\/2026\/03\/134A2607-900x600.jpg 900w, https:\/\/semmelweis.hu\/hirek\/files\/2026\/03\/134A2607-768x512.jpg 768w, https:\/\/semmelweis.hu\/hirek\/files\/2026\/03\/134A2607-1536x1025.jpg 1536w, https:\/\/semmelweis.hu\/hirek\/files\/2026\/03\/134A2607-2048x1366.jpg 2048w, https:\/\/semmelweis.hu\/hirek\/files\/2026\/03\/134A2607-753x502.jpg 753w, https:\/\/semmelweis.hu\/hirek\/files\/2026\/03\/134A2607-203x135.jpg 203w\" >\r\n        <\/a><\/div><\/span><span class=\"gallery-item\"><div class=\"hidden\"><a href=\"https:\/\/semmelweis.hu\/hirek\/files\/2026\/03\/134A2370-scaled.jpg\">\r\n        <img src=https:\/\/semmelweis.hu\/hirek\/files\/2026\/03\/134A2370-scaled.jpg alt=\"\" class=\"attachment-sote-gallery-big size-sote-gallery-big\" srcset=\"https:\/\/semmelweis.hu\/hirek\/files\/2026\/03\/134A2370-400x267.jpg 400w, https:\/\/semmelweis.hu\/hirek\/files\/2026\/03\/134A2370-900x600.jpg 900w, https:\/\/semmelweis.hu\/hirek\/files\/2026\/03\/134A2370-768x512.jpg 768w, https:\/\/semmelweis.hu\/hirek\/files\/2026\/03\/134A2370-1536x1025.jpg 1536w, https:\/\/semmelweis.hu\/hirek\/files\/2026\/03\/134A2370-2048x1366.jpg 2048w, https:\/\/semmelweis.hu\/hirek\/files\/2026\/03\/134A2370-753x502.jpg 753w, https:\/\/semmelweis.hu\/hirek\/files\/2026\/03\/134A2370-203x135.jpg 203w\" >\r\n        <\/a><\/div><\/span><span class=\"gallery-item\"><div class=\"hidden\"><a href=\"https:\/\/semmelweis.hu\/hirek\/files\/2026\/03\/PHOTO-2026-03-08-05-33-21.jpg\">\r\n        <img src=https:\/\/semmelweis.hu\/hirek\/files\/2026\/03\/PHOTO-2026-03-08-05-33-21.jpg alt=\"\" class=\"attachment-sote-gallery-big size-sote-gallery-big\" srcset=\"https:\/\/semmelweis.hu\/hirek\/files\/2026\/03\/PHOTO-2026-03-08-05-33-21-400x266.jpg 400w, https:\/\/semmelweis.hu\/hirek\/files\/2026\/03\/PHOTO-2026-03-08-05-33-21-900x599.jpg 900w, https:\/\/semmelweis.hu\/hirek\/files\/2026\/03\/PHOTO-2026-03-08-05-33-21-768x511.jpg 768w, https:\/\/semmelweis.hu\/hirek\/files\/2026\/03\/PHOTO-2026-03-08-05-33-21-753x501.jpg 753w, https:\/\/semmelweis.hu\/hirek\/files\/2026\/03\/PHOTO-2026-03-08-05-33-21-203x135.jpg 203w, https:\/\/semmelweis.hu\/hirek\/files\/2026\/03\/PHOTO-2026-03-08-05-33-21.jpg 1280w\" >\r\n        <\/a><\/div><\/span><span class=\"gallery-item\"><div class=\"hidden\"><a href=\"https:\/\/semmelweis.hu\/hirek\/files\/2026\/03\/PHOTO-2026-03-08-05-33-21-2.jpg\">\r\n        <img src=https:\/\/semmelweis.hu\/hirek\/files\/2026\/03\/PHOTO-2026-03-08-05-33-21-2.jpg alt=\"\" class=\"attachment-sote-gallery-big size-sote-gallery-big\" srcset=\"https:\/\/semmelweis.hu\/hirek\/files\/2026\/03\/PHOTO-2026-03-08-05-33-21-2-400x266.jpg 400w, https:\/\/semmelweis.hu\/hirek\/files\/2026\/03\/PHOTO-2026-03-08-05-33-21-2-900x599.jpg 900w, https:\/\/semmelweis.hu\/hirek\/files\/2026\/03\/PHOTO-2026-03-08-05-33-21-2-768x511.jpg 768w, https:\/\/semmelweis.hu\/hirek\/files\/2026\/03\/PHOTO-2026-03-08-05-33-21-2-753x501.jpg 753w, https:\/\/semmelweis.hu\/hirek\/files\/2026\/03\/PHOTO-2026-03-08-05-33-21-2-203x135.jpg 203w, https:\/\/semmelweis.hu\/hirek\/files\/2026\/03\/PHOTO-2026-03-08-05-33-21-2.jpg 1280w\" >\r\n        <\/a><\/div><\/span><span class=\"gallery-item\"><div class=\"hidden\"><a href=\"https:\/\/semmelweis.hu\/hirek\/files\/2026\/03\/PHOTO-2026-03-08-05-33-22.jpg\">\r\n        <img src=https:\/\/semmelweis.hu\/hirek\/files\/2026\/03\/PHOTO-2026-03-08-05-33-22.jpg alt=\"\" class=\"attachment-sote-gallery-big size-sote-gallery-big\" srcset=\"https:\/\/semmelweis.hu\/hirek\/files\/2026\/03\/PHOTO-2026-03-08-05-33-22-400x266.jpg 400w, https:\/\/semmelweis.hu\/hirek\/files\/2026\/03\/PHOTO-2026-03-08-05-33-22-900x599.jpg 900w, https:\/\/semmelweis.hu\/hirek\/files\/2026\/03\/PHOTO-2026-03-08-05-33-22-768x511.jpg 768w, https:\/\/semmelweis.hu\/hirek\/files\/2026\/03\/PHOTO-2026-03-08-05-33-22-753x501.jpg 753w, https:\/\/semmelweis.hu\/hirek\/files\/2026\/03\/PHOTO-2026-03-08-05-33-22-203x135.jpg 203w, https:\/\/semmelweis.hu\/hirek\/files\/2026\/03\/PHOTO-2026-03-08-05-33-22.jpg 1280w\" >\r\n        <\/a><\/div><\/span>\r\n            <\/div>\r\n\r\n            [\/slb_exclude]\r\n\t\n<p>A rendezv\u00e9ny programja a m\u00e1sodik napon Jizzakh v\u00e1ros\u00e1ban folytat\u00f3dott, ahol a magyar \u00e9s \u00fczb\u00e9g deleg\u00e1ci\u00f3 r\u00e9szt vett az INNO Technopark megnyit\u00f3j\u00e1n, valamint betekint\u00e9st nyert a t\u00e9rs\u00e9g ipari \u00e9s innov\u00e1ci\u00f3s fejleszt\u00e9seibe. A technol\u00f3giai park c\u00e9lja, hogy el\u0151seg\u00edtse a kutat\u00e1si eredm\u00e9nyek ipari hasznos\u00edt\u00e1s\u00e1t, valamint t\u00e1mogassa az egyetemek \u00e9s a v\u00e1llalati szektor k\u00f6z\u00f6tti egy\u00fcttm\u0171k\u00f6d\u00e9seket. A h\u00e1rom napos program z\u00e1r\u00e1sak\u00e9nt m\u00e1rcius 7-\u00e9n a Semmelweis Egyetem deleg\u00e1ci\u00f3ja az \u00fczb\u00e9g olimpiai faluba l\u00e1togatott, ahol Adkham Ikramov sportminiszter \u00e9s Oybek Kasimov, az \u00dczb\u00e9g Olimpiai Bizotts\u00e1g f\u0151titk\u00e1ra fogadta a r\u00e9sztvev\u0151ket. A tal\u00e1lkoz\u00f3n egy\u00fcttm\u0171k\u00f6d\u00e9si meg\u00e1llapod\u00e1st \u00edrtak al\u00e1 a Semmelweis Egyetem \u00e9s az \u00dczb\u00e9g Sportminiszt\u00e9rium k\u00f6z\u00f6tt.<\/p>\n<p>A meg\u00e1llapod\u00e1s c\u00e9lja a sportmedicina, az \u0171rorvosl\u00e1s \u00e9s a rehabilit\u00e1ci\u00f3s medicina ter\u00fclet\u00e9n megval\u00f3sul\u00f3 k\u00f6z\u00f6s szakmai \u00e9s tudom\u00e1nyos egy\u00fcttm\u0171k\u00f6d\u00e9s er\u0151s\u00edt\u00e9se. A partners\u00e9g lehet\u0151s\u00e9get teremthet k\u00f6z\u00f6s kutat\u00e1si programok, k\u00e9pz\u00e9sek, valamint sporteg\u00e9szs\u00e9g\u00fcgyi projektek ind\u00edt\u00e1s\u00e1ra, amelyek hozz\u00e1j\u00e1rulhatnak a versenysport \u00e9s a sporttudom\u00e1ny fejl\u0151d\u00e9s\u00e9hez mindk\u00e9t orsz\u00e1gban.<\/p>\n<p>A Semmelweis Egyetemet a deleg\u00e1ci\u00f3ban dr. Merkely B\u00e9la rektor mellett dr. Heged\u00fcs Tam\u00e1s, a Nemzetk\u00f6zi Kapcsolatok \u00e9s Alumni Igazgat\u00f3s\u00e1g igazgat\u00f3ja, valamint dr. Nagy Klaudia Vivien, a V\u00e1rosmajori Sz\u00edv- \u00e9s \u00c9rgy\u00f3gy\u00e1szati Klinika Rep\u00fcl\u0151- \u00e9s \u0170rorvostani Tansz\u00e9k\u00e9nek klinikai f\u0151orvosa k\u00e9pviselte.<\/p>\n<p>Sz\u00f6veg \u00e9s fot\u00f3: Nemzetk\u00f6zi Kapcsolatok \u00e9s Alumni Igazgat\u00f3s\u00e1g<\/p>\n","protected":false},"excerpt":{"rendered":"<p>A Semmelweis Egyetem meg\u00e1llapod\u00e1st k\u00f6t\u00f6tt az \u00fczb\u00e9g sportminiszt\u00e9riummal, de t\u00f6bb \u00faj egyetemi partnerkapcsolat is l\u00e9trej\u00f6tt.<\/p>\n","protected":false},"author":101751,"featured_media":165817,"comment_status":"closed","ping_status":"closed","sticky":false,"template":"","format":"standard","meta":{"_acf_changed":false,"footnotes":""},"categories":[157,168],"tags":[2836],"class_list":["post-165815","post","type-post","status-publish","format-standard","has-post-thumbnail","hentry","category-semmelweis-vilag","category-kiemelt","tag-nemzetkozi-kapcsolatok"],"acf":[],"_links":{"self":[{"href":"https:\/\/semmelweis.hu\/hirek\/wp-json\/wp\/v2\/posts\/165815","targetHints":{"allow":["GET"]}}],"collection":[{"href":"https:\/\/semmelweis.hu\/hirek\/wp-json\/wp\/v2\/posts"}],"about":[{"href":"https:\/\/semmelweis.hu\/hirek\/wp-json\/wp\/v2\/types\/post"}],"author":[{"embeddable":true,"href":"https:\/\/semmelweis.hu\/hirek\/wp-json\/wp\/v2\/users\/101751"}],"replies":[{"embeddable":true,"href":"https:\/\/semmelweis.hu\/hirek\/wp-json\/wp\/v2\/comments?post=165815"}],"version-history":[{"count":10,"href":"https:\/\/semmelweis.hu\/hirek\/wp-json\/wp\/v2\/posts\/165815\/revisions"}],"predecessor-version":[{"id":166398,"href":"https:\/\/semmelweis.hu\/hirek\/wp-json\/wp\/v2\/posts\/165815\/revisions\/166398"}],"wp:featuredmedia":[{"embeddable":true,"href":"https:\/\/semmelweis.hu\/hirek\/wp-json\/wp\/v2\/media\/165817"}],"wp:attachment":[{"href":"https:\/\/semmelweis.hu\/hirek\/wp-json\/wp\/v2\/media?parent=165815"}],"wp:term":[{"taxonomy":"category","embeddable":true,"href":"https:\/\/semmelweis.hu\/hirek\/wp-json\/wp\/v2\/categories?post=165815"},{"taxonomy":"post_tag","embeddable":true,"href":"https:\/\/semmelweis.hu\/hirek\/wp-json\/wp\/v2\/tags?post=165815"}],"curies":[{"name":"wp","href":"https:\/\/api.w.org\/{rel}","templated":true}]}}