{"id":165781,"date":"2026-03-14T06:00:12","date_gmt":"2026-03-14T05:00:12","guid":{"rendered":"https:\/\/semmelweis.hu\/hirek\/?p=165781"},"modified":"2026-03-13T15:22:49","modified_gmt":"2026-03-13T14:22:49","slug":"szenior-akademia-fokuszban-a-csaladi-kapcsolatok","status":"publish","type":"post","link":"https:\/\/semmelweis.hu\/hirek\/2026\/03\/14\/szenior-akademia-fokuszban-a-csaladi-kapcsolatok\/","title":{"rendered":"Szenior Akad\u00e9mia \u2013 f\u00f3kuszban a csal\u00e1di kapcsolatok"},"content":{"rendered":"<div class=\"lead\">A Szenior Akad\u00e9mia 14. \u00e9vad\u00e1nak harmadik el\u0151ad\u00e1s\u00e1t dr. Albert Fruzsina, az Eg\u00e9szs\u00e9g\u00fcgyi K\u00f6zszolg\u00e1lati Kar (EKK) Ment\u00e1lhigi\u00e9n\u00e9 Int\u00e9zet\u00e9nek professzora tartotta A csal\u00e1di kapcsolatok v\u00e1ltoz\u00e1sa Magyarorsz\u00e1gon c\u00edmmel.<\/div>\n<p>Dr. Albert Fruzsina el\u0151ad\u00e1s\u00e1ban hangs\u00falyozta, hogy a csal\u00e1d defin\u00edci\u00f3ja egy olyan t\u00e1rsadalmi konstrukci\u00f3, ami id\u0151ben \u00e9s t\u00e9rben v\u00e1ltozik, emellett kontextusf\u00fcgg\u0151 is. Kit\u00e9rt a statisztikai meghat\u00e1roz\u00e1sra \u00e9s az Alapt\u00f6rv\u00e9ny csal\u00e1dfogalm\u00e1ra, \u00e9s kutat\u00e1sok alapj\u00e1n ismertette, hogy a magyarorsz\u00e1gi lakoss\u00e1g a k\u00fcl\u00f6nf\u00e9le egy\u00fctt\u00e9l\u00e9si form\u00e1kat milyen ar\u00e1nyban tekinti csal\u00e1dnak. Kiemelte, hogy a t\u00e1rsadalom csal\u00e1dfogalm\u00e1nak k\u00f6zponti eleme a lesz\u00e1rmaz\u00e1s, a sz\u00fcl\u0151-gyermek alap\u00fa csal\u00e1dfogalomban az egy\u00fcttlak\u00e1s m\u00e1sodlagosnak t\u0171nik. A p\u00e1rkapcsolati elk\u00f6telez\u0151d\u00e9s \u00f6nmag\u00e1ban is el\u00e9gs\u00e9ges a csal\u00e1dd\u00e1 nyilv\u00e1n\u00edt\u00e1shoz, ak\u00e1r h\u00e1zass\u00e1gr\u00f3l, ak\u00e1r \u00e9lett\u00e1rsi kapcsolatr\u00f3l van sz\u00f3 \u2013 tette hozz\u00e1.<\/p>\n<p><iframe loading=\"lazy\" title=\"Dr. Albert Fruzsina: A csal\u00e1di kapcsolatok v\u00e1ltoz\u00e1sa Magyarorsz\u00e1gon\" width=\"753\" height=\"424\" src=\"https:\/\/www.youtube.com\/embed\/_kwAnOj3alM?feature=oembed\" frameborder=\"0\" allow=\"accelerometer; autoplay; clipboard-write; encrypted-media; gyroscope; picture-in-picture; web-share\" referrerpolicy=\"strict-origin-when-cross-origin\" allowfullscreen><\/iframe><\/p>\n<p>A demogr\u00e1fiai viszonyok csal\u00e1dokkal val\u00f3 \u00f6sszef\u00fcgg\u00e9seir\u0151l elmondta, hogy az id\u0151s n\u0151k, mivel j\u00f3val nagyobb ar\u00e1nyban \u00e9lnek egyed\u00fcl, fokozottan t\u00e1maszkodnak gyerekeikre vagy egy\u00e9b rokonaikra. Az id\u0151s\u00f6d\u0151 magyar n\u00e9pess\u00e9g bizalmas kapcsolath\u00e1l\u00f3zataira a kisebb kapcsolath\u00e1l\u00f3 jellemz\u0151, a t\u00e1rs \u00e9s gyermek bizalmasok fokozottabban, a bar\u00e1tok alacsonyabb szinten vannak jelen \u2013 emelte ki. Kit\u00e9rt az id\u0151s korban jellemz\u0151 kapcsolatveszt\u00e9sre, az id\u0151s csal\u00e1dtagok gondoz\u00e1s\u00e1nak feladat\u00e1ra \u00e9s a nagysz\u00fcl\u0151k gyereknevel\u00e9sben j\u00e1tszott szerep\u00e9re is.<\/p>\n<p>Dr. Albert Fruzsina az elm\u00falt 50 \u00e9v h\u00e1ztart\u00e1sszerkezeti v\u00e1ltoz\u00e1saival kapcsolatban elmondta, hogy a p\u00e1rkapcsolaton alapul\u00f3 egy\u00fctt\u00e9l\u00e9si form\u00e1k ar\u00e1nya cs\u00f6kken\u0151 tendenci\u00e1t mutat, m\u00edg az egyed\u00fcl \u00e9l\u0151k ar\u00e1nya n\u0151 \u2013 \u00e9s ez a fiatalabb koroszt\u00e1lyokra is igaz. Sz\u00f3lt az \u00e9lvesz\u00fcl\u00e9sek sz\u00e1m\u00e1nak \u00e9s a teljes term\u00e9kenys\u00e9gi ar\u00e1nysz\u00e1m v\u00e1ltoz\u00e1s\u00e1r\u00f3l az elm\u00falt 25 \u00e9vben, kit\u00e9rve a h\u00e1zass\u00e1gk\u00f6t\u00e9sek \u00e9s a v\u00e1l\u00e1sok sz\u00e1m\u00e1nak v\u00e1ltoz\u00e1saira is. \u00d6sszefoglal\u00e1sk\u00e9nt elmondta, hogy az \u00e1tlagos h\u00e1ztart\u00e1sm\u00e9ret \u00e9s a gyereksz\u00e1m cs\u00f6kken, a h\u00e1rom- vagy t\u00f6bbgener\u00e1ci\u00f3s egy\u00fctt\u00e9l\u00e9si form\u00e1k visszaszorulnak, a h\u00e1zass\u00e1gon k\u00edv\u00fcli egy\u00e9b egy\u00fctt\u00e9l\u00e9si form\u00e1k, k\u00fcl\u00f6n\u00f6sen az \u00e9lett\u00e1rsi kapcsolat ar\u00e1nya n\u00f6vekszik. Az el\u0151ad\u00e1sban kit\u00e9rt a csal\u00e1dok kapcsolath\u00e1l\u00f3zati megk\u00f6zel\u00edt\u00e9s\u00e9re, a gyermektelens\u00e9g k\u00e9rd\u00e9sk\u00f6r\u00e9re, valamint a csal\u00e1ddal kapcsolatos \u00e9rt\u00e9krendek, attit\u0171d\u00f6k, szerepek v\u00e1ltoz\u00e1saira is.<\/p>\n<p class=\"w-100 keretes\"><span style=\"font-family: Montserrat;font-size: 18pt\">N\u00e9vjegy<\/span><br \/>\nDr. Albert Fruzsina 1992-ben szerzett diplom\u00e1t az E\u00f6tv\u00f6s Lor\u00e1nd Tudom\u00e1nyegyetemen (ELTE) szociol\u00f3gusk\u00e9nt, illetve angol nyelv \u00e9s irodalom szakos tan\u00e1rk\u00e9nt. 2000-ben PhD-fokozatot szerzett szociol\u00f3gi\u00e1b\u00f3l, t\u00f6bb egyetemen is volt tansz\u00e9kvezet\u0151, majd 2020-t\u00f3l a Semmelweis Egyetem Ment\u00e1lhigi\u00e9n\u00e9 Int\u00e9zet\u00e9nek egyetemi tan\u00e1ra. T\u00f6bb mint 30 \u00e9ves tapasztalattal rendelkezik a szem\u00e9lyk\u00f6zi h\u00e1l\u00f3zatok k\u00fcl\u00f6nb\u00f6z\u0151 aspektusainak empirikus kutat\u00e1s\u00e1ban, els\u0151sorban a bar\u00e1ti \u00e9s csal\u00e1di kapcsolatokra \u00f6sszpontos\u00edtva. Kutat\u00e1sainak m\u00e1s ter\u00fcletei a t\u00e1rsadalmi befogad\u00e1ssal, az eg\u00e9szs\u00e9ggel \u00e9s a j\u00f3l\u00e9ttel kapcsolatosak.<\/p>\n<p>Pogr\u00e1nyi P\u00e9ter<br \/>\nFot\u00f3: dr. Albert Fruzsina<\/p>\n","protected":false},"excerpt":{"rendered":"<p>Az el\u0151ad\u00e1st dr. Albert Fruzsina, az Eg\u00e9szs\u00e9g\u00fcgyi K\u00f6zszolg\u00e1lati Kar Ment\u00e1lhigi\u00e9n\u00e9 Int\u00e9zet\u00e9nek professzora tartotta.<\/p>\n","protected":false},"author":101081,"featured_media":165788,"comment_status":"closed","ping_status":"closed","sticky":false,"template":"","format":"standard","meta":{"_acf_changed":false,"footnotes":""},"categories":[154,168],"tags":[4249],"class_list":["post-165781","post","type-post","status-publish","format-standard","has-post-thumbnail","hentry","category-egeszseg","category-kiemelt","tag-szenior-akademia"],"acf":[],"_links":{"self":[{"href":"https:\/\/semmelweis.hu\/hirek\/wp-json\/wp\/v2\/posts\/165781","targetHints":{"allow":["GET"]}}],"collection":[{"href":"https:\/\/semmelweis.hu\/hirek\/wp-json\/wp\/v2\/posts"}],"about":[{"href":"https:\/\/semmelweis.hu\/hirek\/wp-json\/wp\/v2\/types\/post"}],"author":[{"embeddable":true,"href":"https:\/\/semmelweis.hu\/hirek\/wp-json\/wp\/v2\/users\/101081"}],"replies":[{"embeddable":true,"href":"https:\/\/semmelweis.hu\/hirek\/wp-json\/wp\/v2\/comments?post=165781"}],"version-history":[{"count":8,"href":"https:\/\/semmelweis.hu\/hirek\/wp-json\/wp\/v2\/posts\/165781\/revisions"}],"predecessor-version":[{"id":166462,"href":"https:\/\/semmelweis.hu\/hirek\/wp-json\/wp\/v2\/posts\/165781\/revisions\/166462"}],"wp:featuredmedia":[{"embeddable":true,"href":"https:\/\/semmelweis.hu\/hirek\/wp-json\/wp\/v2\/media\/165788"}],"wp:attachment":[{"href":"https:\/\/semmelweis.hu\/hirek\/wp-json\/wp\/v2\/media?parent=165781"}],"wp:term":[{"taxonomy":"category","embeddable":true,"href":"https:\/\/semmelweis.hu\/hirek\/wp-json\/wp\/v2\/categories?post=165781"},{"taxonomy":"post_tag","embeddable":true,"href":"https:\/\/semmelweis.hu\/hirek\/wp-json\/wp\/v2\/tags?post=165781"}],"curies":[{"name":"wp","href":"https:\/\/api.w.org\/{rel}","templated":true}]}}