{"id":163164,"date":"2025-12-19T06:00:49","date_gmt":"2025-12-19T05:00:49","guid":{"rendered":"https:\/\/semmelweis.hu\/hirek\/?p=163164"},"modified":"2026-02-11T16:47:40","modified_gmt":"2026-02-11T15:47:40","slug":"a-magyarorszagi-tudotranszplantacio-10-eves-jubileumat-unnepeltek-a-mellkassebeszeti-klinikan","status":"publish","type":"post","link":"https:\/\/semmelweis.hu\/hirek\/2025\/12\/19\/a-magyarorszagi-tudotranszplantacio-10-eves-jubileumat-unnepeltek-a-mellkassebeszeti-klinikan\/","title":{"rendered":"A magyarorsz\u00e1gi t\u00fcd\u0151transzplant\u00e1ci\u00f3 10 \u00e9ves jubileum\u00e1t \u00fcnnepelt\u00e9k a Mellkasseb\u00e9szeti Klinik\u00e1n"},"content":{"rendered":"<div class=\"lead\">A magyarorsz\u00e1gi t\u00fcd\u0151transzplant\u00e1ci\u00f3 10 \u00e9ves jubileum\u00e1ra az els\u0151 beavatkoz\u00e1sr\u00f3l k\u00e9sz\u00fclt film vet\u00edt\u00e9s\u00e9vel \u00e9s tort\u00e1val is megeml\u00e9keztek a Semmelweis Egyetem Mellkasseb\u00e9szeti Klinik\u00e1j\u00e1n, amely az Orsz\u00e1gos Onkol\u00f3giai Int\u00e9zet b\u00e1zis\u00e1n m\u0171k\u00f6dik. Az \u00fcnnepi esem\u00e9nyen dr. Pint\u00e9r S\u00e1ndor bel\u00fcgyminiszter egy k\u00f6z\u00e9p-eur\u00f3pai t\u00fcd\u0151transzplant\u00e1ci\u00f3s k\u00e9pz\u0151k\u00f6zpont l\u00e9trehoz\u00e1s\u00e1r\u00f3l besz\u00e9lt, dr. R\u00e9nyi-V\u00e1mos Ferenc klinikaigazgat\u00f3 pedig Pro Universitate \u00e9rdemrend kit\u00fcntet\u00e9st vehetett \u00e1t a magyarorsz\u00e1gi t\u00fcd\u0151transzplant\u00e1ci\u00f3 megteremt\u00e9se \u00e9rdek\u00e9ben v\u00e9gzett p\u00e9lda\u00e9rt\u00e9k\u0171, elhivatott \u00e9s nemzetk\u00f6zi m\u00e9rc\u00e9vel is kiemelked\u0151 munk\u00e1j\u00e1\u00e9rt dr. Merkely B\u00e9l\u00e1t\u00f3l, a Semmelweis Egyetem rektor\u00e1t\u00f3l.<\/div>\n<p><a href=\"https:\/\/semmelweis.hu\/hirek\/files\/2025\/12\/RS230133_0E1A7625_scl-2.jpg\"><img loading=\"lazy\" decoding=\"async\" class=\"aligncenter wp-image-163451 size-full\" src=\"https:\/\/semmelweis.hu\/hirek\/files\/2025\/12\/RS230133_0E1A7625_scl-2.jpg\" alt=\"\" width=\"1200\" height=\"800\" srcset=\"https:\/\/semmelweis.hu\/hirek\/files\/2025\/12\/RS230133_0E1A7625_scl-2.jpg 1200w, https:\/\/semmelweis.hu\/hirek\/files\/2025\/12\/RS230133_0E1A7625_scl-2-400x267.jpg 400w, https:\/\/semmelweis.hu\/hirek\/files\/2025\/12\/RS230133_0E1A7625_scl-2-900x600.jpg 900w, https:\/\/semmelweis.hu\/hirek\/files\/2025\/12\/RS230133_0E1A7625_scl-2-768x512.jpg 768w, https:\/\/semmelweis.hu\/hirek\/files\/2025\/12\/RS230133_0E1A7625_scl-2-753x502.jpg 753w, https:\/\/semmelweis.hu\/hirek\/files\/2025\/12\/RS230133_0E1A7625_scl-2-203x135.jpg 203w\" sizes=\"auto, (max-width: 1200px) 100vw, 1200px\" \/><\/a><\/p>\n<p>Az \u00fcnneps\u00e9g, amelyen t\u00f6bb, az elm\u00falt\u00a0 id\u0151szakban itt a klinik\u00e1n t\u00fcd\u0151transzplant\u00e1ci\u00f3n \u00e1tesett beteg is r\u00e9szt vett, a <a href=\"https:\/\/semmelweis.hu\/hirek\/2016\/03\/18\/tortenelmet-irtunk-bemutatjuk-az-elso-hazai-tudotranszplantaciot-elvegzo-csapatot\/\" target=\"_blank\" rel=\"noopener\">10 \u00e9vvel ezel\u0151tti els\u0151 t\u00fcd\u0151transzplant\u00e1ci\u00f3r\u00f3l<\/a> sz\u00f3l\u00f3 kisfilm vet\u00edt\u00e9s\u00e9vel kezd\u0151d\u00f6tt, majd dr. Pint\u00e9r S\u00e1ndor bel\u00fcgyminiszter a t\u00e1rca vezet\u00e9se nev\u00e9ben gratul\u00e1lt a klinika t\u00fcd\u0151transzplant\u00e1ci\u00f3s csapat\u00e1nak elm\u00falt 10 \u00e9ves teljes\u00edtm\u00e9nyhez. Az eredm\u00e9nyek elismer\u00e9se mellett a bel\u00fcgyminiszter r\u00e1mutatott, a c\u00e9l a tov\u00e1bbi fejl\u0151d\u00e9s \u00e9s a jelenlegi eg\u00e9szs\u00e9g\u00fcgyi gondolkod\u00e1s \u00e1talak\u00edt\u00e1sa.<\/p>\n<p><a href=\"https:\/\/semmelweis.hu\/hirek\/files\/2025\/12\/RS230146_0E1A7707_scr.jpg\"><img loading=\"lazy\" decoding=\"async\" class=\"alignright size-medium wp-image-163172\" src=\"https:\/\/semmelweis.hu\/hirek\/files\/2025\/12\/RS230146_0E1A7707_scr-400x267.jpg\" alt=\"\" width=\"400\" height=\"267\" srcset=\"https:\/\/semmelweis.hu\/hirek\/files\/2025\/12\/RS230146_0E1A7707_scr-400x267.jpg 400w, https:\/\/semmelweis.hu\/hirek\/files\/2025\/12\/RS230146_0E1A7707_scr-900x600.jpg 900w, https:\/\/semmelweis.hu\/hirek\/files\/2025\/12\/RS230146_0E1A7707_scr-768x512.jpg 768w, https:\/\/semmelweis.hu\/hirek\/files\/2025\/12\/RS230146_0E1A7707_scr-753x502.jpg 753w, https:\/\/semmelweis.hu\/hirek\/files\/2025\/12\/RS230146_0E1A7707_scr-203x135.jpg 203w, https:\/\/semmelweis.hu\/hirek\/files\/2025\/12\/RS230146_0E1A7707_scr.jpg 1200w\" sizes=\"auto, (max-width: 400px) 100vw, 400px\" \/><\/a>Mint kifejtette, azt szeretn\u00e9 el\u00e9rni, hogy l\u00e9trej\u00f6jj\u00f6n Magyarorsz\u00e1gon egy posztgradu\u00e1lis t\u00fcd\u0151transzplant\u00e1ci\u00f3s eur\u00f3pai k\u00e9pz\u00e9si k\u00f6zpont, ahova a szomsz\u00e9dos orsz\u00e1gokb\u00f3l, vagy ak\u00e1r a vil\u00e1g minden t\u00e1j\u00e1r\u00f3l j\u00f6hetnek a tanulni v\u00e1gy\u00f3k. \u201eEzt beind\u00edtottuk egy konferenci\u00e1val, ami ut\u00e1n megjelentek a tanulni v\u00e1gy\u00f3, k\u00e9pzett seb\u00e9szek, \u00e9s ma m\u00e1r a F\u00fcl\u00f6p-szigetekt\u0151l kezdve az amerikai \u00e9s \u00e1zsiai kontinensig vannak jelentkez\u0151k, akik ezt a tud\u00e1st itt, Magyarorsz\u00e1gon akarj\u00e1k elsaj\u00e1t\u00edtani. Ezt a l\u00e9p\u00e9sv\u00e1lt\u00e1st akkor tudjuk megtenni az eg\u00e9szs\u00e9g\u00fcgyben, ha van olyan sz\u00ednvonal\u00fa orvosprofesszorunk, olyan sz\u00ednvonal\u00fa ell\u00e1totts\u00e1g, ami ezt biztos\u00edtja\u201d \u2013 fogalmazott a bel\u00fcgyminiszter. Dr. Pint\u00e9r S\u00e1ndor \u00fagy v\u00e9lte, hogy a vil\u00e1gsz\u00ednvonal\u00fa magyarorsz\u00e1gi sz\u00edv\u00e1t\u00fcltet\u00e9sek mellett a k\u00f6vetkez\u0151 lehet\u0151s\u00e9g a nemzetk\u00f6zi elismer\u00e9sre a t\u00fcd\u0151transzplant\u00e1ci\u00f3s k\u00e9pz\u0151k\u00f6zpont l\u00e9trehoz\u00e1sa, amihez fel is k\u00e9rte dr. Merkely B\u00e9la rektort a szakmai k\u00f6zrem\u0171k\u00f6d\u00e9sre.<\/p>\n<p><a href=\"https:\/\/semmelweis.hu\/hirek\/files\/2025\/12\/RS230148_0E1A7769_scr.jpg\"><img loading=\"lazy\" decoding=\"async\" class=\"alignleft size-medium wp-image-163173\" src=\"https:\/\/semmelweis.hu\/hirek\/files\/2025\/12\/RS230148_0E1A7769_scr-400x267.jpg\" alt=\"\" width=\"400\" height=\"267\" srcset=\"https:\/\/semmelweis.hu\/hirek\/files\/2025\/12\/RS230148_0E1A7769_scr-400x267.jpg 400w, https:\/\/semmelweis.hu\/hirek\/files\/2025\/12\/RS230148_0E1A7769_scr-900x600.jpg 900w, https:\/\/semmelweis.hu\/hirek\/files\/2025\/12\/RS230148_0E1A7769_scr-768x512.jpg 768w, https:\/\/semmelweis.hu\/hirek\/files\/2025\/12\/RS230148_0E1A7769_scr-753x502.jpg 753w, https:\/\/semmelweis.hu\/hirek\/files\/2025\/12\/RS230148_0E1A7769_scr-203x135.jpg 203w, https:\/\/semmelweis.hu\/hirek\/files\/2025\/12\/RS230148_0E1A7769_scr.jpg 1200w\" sizes=\"auto, (max-width: 400px) 100vw, 400px\" \/><\/a>Dr. R\u00e9v\u00e9sz J\u00e1nos, az Orsz\u00e1gos K\u00f3rh\u00e1zi F\u0151igazgat\u00f3s\u00e1g f\u0151igazgat\u00f3ja a magyarorsz\u00e1gi t\u00fcd\u0151transzplant\u00e1ci\u00f3 melletti \u00e9rveket sorakoztatta fel \u00fcnnepi k\u00f6sz\u00f6nt\u0151j\u00e9ben. Szavai szerint sz\u00fcks\u00e9g van olyan int\u00e9zm\u00e9nyekre \u00e9s szem\u00e9lyekre, amelyek \u00e9s akik \u00e9lenj\u00e1rnak az eg\u00e9szs\u00e9g\u00fcgyben \u00e9s 100 sz\u00e1zal\u00e9kos teljes\u00edtm\u00e9ny\u00fckkel p\u00e9ldak\u00e9nt szolg\u00e1lhatnak. Kiemelte emellett a komprehenzivit\u00e1s k\u00e9rd\u00e9s\u00e9t, mivel a t\u00fcd\u0151transzplant\u00e1ci\u00f3 elv\u00e9gz\u00e9s\u00e9hez sz\u00e1mos szakma egy\u00fcttm\u0171k\u00f6d\u00e9se, mintegy 180 f\u0151s team \u00f6sszehangolt munk\u00e1ja sz\u00fcks\u00e9ges, en\u00e9lk\u00fcl a folyamat el sem tud indulni. E p\u00e9lda\u00e9rt\u00e9k\u0171, multidiszciplin\u00e1ris szeml\u00e9let ment\u00e9n l\u00e9trej\u00f6v\u0151 orvosi m\u0171helyekr\u0151l sz\u00f3lva megjegyezte, a transzplant\u00e1ci\u00f3s teamben nagyon sok a fiatal, \u00edgy egy olyan gener\u00e1ci\u00f3 n\u0151het f\u00f6l, amelyik ezt a szakmai sz\u00ednvonalat fogja majd k\u00e9pviselni a k\u00f6vetkez\u0151 \u00e9vtizedekben. Besz\u00e9de v\u00e9g\u00e9n nemzeti \u00e9rt\u00e9knek nevezte a magyarorsz\u00e1gi t\u00fcd\u0151transzplant\u00e1ci\u00f3s munk\u00e1t.<\/p>\n<p><a href=\"https:\/\/semmelweis.hu\/hirek\/files\/2025\/12\/RS230152_0E1A7866_scr-1.jpg\"><img loading=\"lazy\" decoding=\"async\" class=\"alignright size-medium wp-image-163175\" src=\"https:\/\/semmelweis.hu\/hirek\/files\/2025\/12\/RS230152_0E1A7866_scr-1-400x267.jpg\" alt=\"\" width=\"400\" height=\"267\" srcset=\"https:\/\/semmelweis.hu\/hirek\/files\/2025\/12\/RS230152_0E1A7866_scr-1-400x267.jpg 400w, https:\/\/semmelweis.hu\/hirek\/files\/2025\/12\/RS230152_0E1A7866_scr-1-900x600.jpg 900w, https:\/\/semmelweis.hu\/hirek\/files\/2025\/12\/RS230152_0E1A7866_scr-1-768x512.jpg 768w, https:\/\/semmelweis.hu\/hirek\/files\/2025\/12\/RS230152_0E1A7866_scr-1-753x502.jpg 753w, https:\/\/semmelweis.hu\/hirek\/files\/2025\/12\/RS230152_0E1A7866_scr-1-203x135.jpg 203w, https:\/\/semmelweis.hu\/hirek\/files\/2025\/12\/RS230152_0E1A7866_scr-1.jpg 1200w\" sizes=\"auto, (max-width: 400px) 100vw, 400px\" \/><\/a>A kerek \u00e9vfordul\u00f3k tagolj\u00e1k az id\u0151t, m\u00e9rf\u00f6ldk\u00f6vet jelentenek \u00e9s lehet\u0151s\u00e9get ny\u00fajtanak sz\u00e1munkra, hogy vissza- \u00e9s el\u0151re tekints\u00fcnk \u2013 kezdte \u00fcnnepi k\u00f6sz\u00f6nt\u0151j\u00e9t dr. Merkely B\u00e9la hozz\u00e1t\u00e9ve, hogy \u00f6r\u00f6m visszaeml\u00e9kezni a t\u00fcd\u0151transzplant\u00e1ci\u00f3 hazai bevezet\u00e9se \u00f3ta eltelt 10 \u00e9vre, amely sz\u00e1mos betegnek adott \u00faj lehet\u0151s\u00e9get, \u00faj \u00e9letet. Ebben a Semmelweis Egyetem \u00e9s az Orsz\u00e1gos Onkol\u00f3giai Int\u00e9zet egy\u00fctt dolgozott, hiszen a Mellkasseb\u00e9szeti Klinika egyben az egyetem tansz\u00e9ke, klinik\u00e1ja \u00e9s az OOI b\u00e1zis\u00e1n is m\u0171k\u00f6dik \u2013 tette hozz\u00e1 a rektor.<\/p>\n\r\n        [slb_exclude]\r\n        <div class=\"row galeria-wrapper mx-0 h-auto\">\r\n            <div class=\"col-9 pl-0 pr-2\">\r\n            <span class=\"gallery-item frame\">\r\n\t\t\t\t<div class=\"galeria-left-img\"><a href=\"https:\/\/semmelweis.hu\/hirek\/files\/2025\/12\/RS230158_0E1A7961_scr.jpg\"><img src=https:\/\/semmelweis.hu\/hirek\/files\/2025\/12\/RS230158_0E1A7961_scr.jpg  \r\n                            alt=\"\" \r\n                            class=\"attachment-sote-gallery-big size-sote-gallery-big\" \r\n                            srcset=\"https:\/\/semmelweis.hu\/hirek\/files\/2025\/12\/RS230158_0E1A7961_scr-400x267.jpg 400w, https:\/\/semmelweis.hu\/hirek\/files\/2025\/12\/RS230158_0E1A7961_scr-900x600.jpg 900w, https:\/\/semmelweis.hu\/hirek\/files\/2025\/12\/RS230158_0E1A7961_scr-768x512.jpg 768w, https:\/\/semmelweis.hu\/hirek\/files\/2025\/12\/RS230158_0E1A7961_scr-753x502.jpg 753w, https:\/\/semmelweis.hu\/hirek\/files\/2025\/12\/RS230158_0E1A7961_scr-203x135.jpg 203w, https:\/\/semmelweis.hu\/hirek\/files\/2025\/12\/RS230158_0E1A7961_scr.jpg 1200w\" ><\/a><\/div>\r\n            <\/span>\r\n\r\n            <\/div>\r\n\r\n\t\t\t<div class=\"col-3 pl-0 pr-0\">\r\n\t\t\t\t<div class=\"galeria-right-img d-flex justify-content-between flex-column h-100 w-100 px-0 mx-0 \">\r\n                <div class=\"galeria-box\">\r\n\t\t\t\t\t<h3 class=\"galeria-title\">Gal\u00e9ria<\/h3>\r\n\t\t\t\t\t<div class=\"galeria-subtitle\">\r\n\r\n\t\t\t\t\t\t<div class=\"galeria-page-counter\"><span>7<\/span>k\u00e9p<\/div>\r\n                    <\/div> <\/div>\r\n                    <span class=\"gallery-item frame d-none d-md-flex\">\r\n\t\t\t\t\t<div class=\"galeria-small-img mt-0\"><a href=\"https:\/\/semmelweis.hu\/hirek\/files\/2025\/12\/RS230157_0E1A7950_scr.jpg\"><img src=https:\/\/semmelweis.hu\/hirek\/files\/2025\/12\/RS230157_0E1A7950_scr.jpg \r\n                                alt=\"\"  \r\n                                class=\"attachment-sote-gallery-small size-sote-gallery-small\" \r\n                                srcset=\"https:\/\/semmelweis.hu\/hirek\/files\/2025\/12\/RS230157_0E1A7950_scr-400x267.jpg 400w, https:\/\/semmelweis.hu\/hirek\/files\/2025\/12\/RS230157_0E1A7950_scr-900x600.jpg 900w, https:\/\/semmelweis.hu\/hirek\/files\/2025\/12\/RS230157_0E1A7950_scr-768x512.jpg 768w, https:\/\/semmelweis.hu\/hirek\/files\/2025\/12\/RS230157_0E1A7950_scr-753x502.jpg 753w, https:\/\/semmelweis.hu\/hirek\/files\/2025\/12\/RS230157_0E1A7950_scr-203x135.jpg 203w, https:\/\/semmelweis.hu\/hirek\/files\/2025\/12\/RS230157_0E1A7950_scr.jpg 1200w\" ><\/a><\/div>\r\n                    <\/span>\r\n                    <span class=\"gallery-item frame d-none d-md-flex\">\r\n\t\t\t\t\t<div class=\"galeria-small-img mt-0\"><a href=\"https:\/\/semmelweis.hu\/hirek\/files\/2025\/12\/RS230137_0E1A7657_scr.jpg\"><img src=https:\/\/semmelweis.hu\/hirek\/files\/2025\/12\/RS230137_0E1A7657_scr.jpg \r\n                                alt=\"\" \r\n                                class=\"attachment-sote-gallery-small size-sote-gallery-small\" \r\n                                srcset=\"https:\/\/semmelweis.hu\/hirek\/files\/2025\/12\/RS230137_0E1A7657_scr-400x267.jpg 400w, https:\/\/semmelweis.hu\/hirek\/files\/2025\/12\/RS230137_0E1A7657_scr-900x600.jpg 900w, https:\/\/semmelweis.hu\/hirek\/files\/2025\/12\/RS230137_0E1A7657_scr-768x512.jpg 768w, https:\/\/semmelweis.hu\/hirek\/files\/2025\/12\/RS230137_0E1A7657_scr-753x502.jpg 753w, https:\/\/semmelweis.hu\/hirek\/files\/2025\/12\/RS230137_0E1A7657_scr-203x135.jpg 203w, https:\/\/semmelweis.hu\/hirek\/files\/2025\/12\/RS230137_0E1A7657_scr.jpg 1200w\" ><\/a><\/div>\r\n                    <\/span>\r\n\r\n                <\/div>\r\n\r\n            <\/div>\r\n\r\n            <span class=\"gallery-item\"><div class=\"hidden\"><a href=\"https:\/\/semmelweis.hu\/hirek\/files\/2025\/12\/RS230153_0E1A7901_scr.jpg\">\r\n        <img src=https:\/\/semmelweis.hu\/hirek\/files\/2025\/12\/RS230153_0E1A7901_scr.jpg alt=\"\" class=\"attachment-sote-gallery-big size-sote-gallery-big\" srcset=\"https:\/\/semmelweis.hu\/hirek\/files\/2025\/12\/RS230153_0E1A7901_scr-400x267.jpg 400w, https:\/\/semmelweis.hu\/hirek\/files\/2025\/12\/RS230153_0E1A7901_scr-900x600.jpg 900w, https:\/\/semmelweis.hu\/hirek\/files\/2025\/12\/RS230153_0E1A7901_scr-768x512.jpg 768w, https:\/\/semmelweis.hu\/hirek\/files\/2025\/12\/RS230153_0E1A7901_scr-753x502.jpg 753w, https:\/\/semmelweis.hu\/hirek\/files\/2025\/12\/RS230153_0E1A7901_scr-203x135.jpg 203w, https:\/\/semmelweis.hu\/hirek\/files\/2025\/12\/RS230153_0E1A7901_scr.jpg 1200w\" >\r\n        <\/a><\/div><\/span><span class=\"gallery-item\"><div class=\"hidden\"><a href=\"https:\/\/semmelweis.hu\/hirek\/files\/2025\/12\/RS230143_0E1A7697_scr.jpg\">\r\n        <img src=https:\/\/semmelweis.hu\/hirek\/files\/2025\/12\/RS230143_0E1A7697_scr.jpg alt=\"\" class=\"attachment-sote-gallery-big size-sote-gallery-big\" srcset=\"https:\/\/semmelweis.hu\/hirek\/files\/2025\/12\/RS230143_0E1A7697_scr-400x267.jpg 400w, https:\/\/semmelweis.hu\/hirek\/files\/2025\/12\/RS230143_0E1A7697_scr-900x600.jpg 900w, https:\/\/semmelweis.hu\/hirek\/files\/2025\/12\/RS230143_0E1A7697_scr-768x512.jpg 768w, https:\/\/semmelweis.hu\/hirek\/files\/2025\/12\/RS230143_0E1A7697_scr-753x502.jpg 753w, https:\/\/semmelweis.hu\/hirek\/files\/2025\/12\/RS230143_0E1A7697_scr-203x135.jpg 203w, https:\/\/semmelweis.hu\/hirek\/files\/2025\/12\/RS230143_0E1A7697_scr.jpg 1200w\" >\r\n        <\/a><\/div><\/span><span class=\"gallery-item\"><div class=\"hidden\"><a href=\"https:\/\/semmelweis.hu\/hirek\/files\/2025\/12\/RS230132_0E1A7613_scr.jpg\">\r\n        <img src=https:\/\/semmelweis.hu\/hirek\/files\/2025\/12\/RS230132_0E1A7613_scr.jpg alt=\"\" class=\"attachment-sote-gallery-big size-sote-gallery-big\" srcset=\"https:\/\/semmelweis.hu\/hirek\/files\/2025\/12\/RS230132_0E1A7613_scr-400x267.jpg 400w, https:\/\/semmelweis.hu\/hirek\/files\/2025\/12\/RS230132_0E1A7613_scr-900x600.jpg 900w, https:\/\/semmelweis.hu\/hirek\/files\/2025\/12\/RS230132_0E1A7613_scr-768x512.jpg 768w, https:\/\/semmelweis.hu\/hirek\/files\/2025\/12\/RS230132_0E1A7613_scr-753x502.jpg 753w, https:\/\/semmelweis.hu\/hirek\/files\/2025\/12\/RS230132_0E1A7613_scr-203x135.jpg 203w, https:\/\/semmelweis.hu\/hirek\/files\/2025\/12\/RS230132_0E1A7613_scr.jpg 1200w\" >\r\n        <\/a><\/div><\/span><span class=\"gallery-item\"><div class=\"hidden\"><a href=\"https:\/\/semmelweis.hu\/hirek\/files\/2025\/12\/RS230138_0E1A7647_scr.jpg\">\r\n        <img src=https:\/\/semmelweis.hu\/hirek\/files\/2025\/12\/RS230138_0E1A7647_scr.jpg alt=\"\" class=\"attachment-sote-gallery-big size-sote-gallery-big\" srcset=\"https:\/\/semmelweis.hu\/hirek\/files\/2025\/12\/RS230138_0E1A7647_scr-400x267.jpg 400w, https:\/\/semmelweis.hu\/hirek\/files\/2025\/12\/RS230138_0E1A7647_scr-900x600.jpg 900w, https:\/\/semmelweis.hu\/hirek\/files\/2025\/12\/RS230138_0E1A7647_scr-768x512.jpg 768w, https:\/\/semmelweis.hu\/hirek\/files\/2025\/12\/RS230138_0E1A7647_scr-753x502.jpg 753w, https:\/\/semmelweis.hu\/hirek\/files\/2025\/12\/RS230138_0E1A7647_scr-203x135.jpg 203w, https:\/\/semmelweis.hu\/hirek\/files\/2025\/12\/RS230138_0E1A7647_scr.jpg 1200w\" >\r\n        <\/a><\/div><\/span>\r\n            <\/div>\r\n\r\n            [\/slb_exclude]\r\n\t\n<p>Mint fogalmazott: a transzplant\u00e1ci\u00f3 egy rendk\u00edv\u00fcl \u00f6sszetett, magas sz\u00ednvonal\u00fa \u00e9s nagyon sok t\u00e1rszakma egy\u00fcttm\u0171k\u00f6d\u00e9s\u00e9t ig\u00e9nyl\u0151 tev\u00e9kenys\u00e9g. Eml\u00e9keztetett arra, hogy a Semmelweis Egyetem k\u00f6zismerten K\u00f6z\u00e9p-Kelet-Eur\u00f3pa legnagyobb transzplant\u00e1ci\u00f3s centruma. Itt t\u00f6rt\u00e9nik Magyarorsz\u00e1gon a transzplant\u00e1ci\u00f3k 70 sz\u00e1zal\u00e9ka, az elm\u00falt \u00e9vek \u00e1tlag\u00e1ban 50 sz\u00edv, 20 t\u00fcd\u0151, 140 vese, 70 m\u00e1j \u00e9s 8 hasny\u00e1lmirigy \u00e1t\u00fcltet\u00e9ssel, r\u00e9gi\u00f3s, s\u0151t eur\u00f3pai vezet\u0151 szerepe m\u00f6g\u00f6tt komoly teljes\u00edtm\u00e9ny \u00e1ll \u2013 hangs\u00falyozta a rektor, aki ezt k\u00f6vet\u0151en Pro Universitate \u00e9rdemrendet adom\u00e1nyozott a jubileum alkalm\u00e1b\u00f3l dr. R\u00e9nyi-V\u00e1mos Ferencnek, a magyarorsz\u00e1gi t\u00fcd\u0151transzplant\u00e1ci\u00f3 kezdem\u00e9nyez\u0151j\u00e9nek \u00e9s meghat\u00e1roz\u00f3 alakj\u00e1nak a magyarorsz\u00e1gi t\u00fcd\u0151transzplant\u00e1ci\u00f3 megteremt\u00e9se \u00e9rdek\u00e9ben v\u00e9gzett p\u00e9lda\u00e9rt\u00e9k\u0171, elhivatott \u00e9s nemzetk\u00f6zi m\u00e9rc\u00e9vel is kiemelked\u0151 munk\u00e1j\u00e1\u00e9rt, amellyel jelent\u0151sen hozz\u00e1j\u00e1rult Semmelweis Egyetem \u00e9rt\u00e9keinek gyarap\u00edt\u00e1s\u00e1hoz is.<\/p>\n<p><a href=\"https:\/\/semmelweis.hu\/hirek\/files\/2025\/12\/RS230174_0E1A7931_scr.jpg\"><img loading=\"lazy\" decoding=\"async\" class=\"aligncenter size-full wp-image-163177\" src=\"https:\/\/semmelweis.hu\/hirek\/files\/2025\/12\/RS230174_0E1A7931_scr.jpg\" alt=\"\" width=\"1200\" height=\"800\" srcset=\"https:\/\/semmelweis.hu\/hirek\/files\/2025\/12\/RS230174_0E1A7931_scr.jpg 1200w, https:\/\/semmelweis.hu\/hirek\/files\/2025\/12\/RS230174_0E1A7931_scr-400x267.jpg 400w, https:\/\/semmelweis.hu\/hirek\/files\/2025\/12\/RS230174_0E1A7931_scr-900x600.jpg 900w, https:\/\/semmelweis.hu\/hirek\/files\/2025\/12\/RS230174_0E1A7931_scr-768x512.jpg 768w, https:\/\/semmelweis.hu\/hirek\/files\/2025\/12\/RS230174_0E1A7931_scr-753x502.jpg 753w, https:\/\/semmelweis.hu\/hirek\/files\/2025\/12\/RS230174_0E1A7931_scr-203x135.jpg 203w\" sizes=\"auto, (max-width: 1200px) 100vw, 1200px\" \/><\/a><br \/>\nDr. R\u00e9nyi-V\u00e1mos Ferenc a kit\u00fcntet\u00e9st megk\u00f6sz\u00f6nve csapat\u00e1nak \u00e9rdemeit is kiemelve \u00edgy fogalmazott: \u201eAzt gondolom, hogy az eg\u00e9sz csapat meg\u00e9rdemli ezt.&#8221; A k\u00f6sz\u00f6nt\u0151k ut\u00e1n felv\u00e1gt\u00e1k a jubileumi \u00fcnnepi tort\u00e1t, amelyb\u0151l az els\u0151 szeleteket a jelenl\u00e9v\u0151 transzplant\u00e1lt betegeknek ny\u00fajtott\u00e1k \u00e1t.<br \/>\nRiportfilm\u00fcnk az els\u0151 t\u00fcd\u0151transzplant\u00e1ci\u00f3r\u00f3l <a href=\"https:\/\/www.youtube.com\/watch?v=FEnPuTo1ge4\" target=\"_blank\" rel=\"noopener\">a linkre kattintva el\u00e9rhet\u0151<\/a>.\u00a0<\/p>\n<p>Szepesi Anita<br \/>\nFot\u00f3: Barta B\u00e1lint &#8211; Semmelweis Egyetem<\/p>\n","protected":false},"excerpt":{"rendered":"<p>Az \u00fcnneps\u00e9gen t\u00f6bb, az elm\u00falt\u00a0 id\u0151szakban itt a klinik\u00e1n \u00faj t\u00fcd\u0151t kapott beteg is r\u00e9szt vett.<\/p>\n","protected":false},"author":102067,"featured_media":163167,"comment_status":"closed","ping_status":"closed","sticky":false,"template":"","format":"standard","meta":{"_acf_changed":false,"footnotes":""},"categories":[157,168],"tags":[156,2759],"class_list":["post-163164","post","type-post","status-publish","format-standard","has-post-thumbnail","hentry","category-semmelweis-vilag","category-kiemelt","tag-gyogyitas","tag-tudotranszplantacio"],"acf":[],"_links":{"self":[{"href":"https:\/\/semmelweis.hu\/hirek\/wp-json\/wp\/v2\/posts\/163164","targetHints":{"allow":["GET"]}}],"collection":[{"href":"https:\/\/semmelweis.hu\/hirek\/wp-json\/wp\/v2\/posts"}],"about":[{"href":"https:\/\/semmelweis.hu\/hirek\/wp-json\/wp\/v2\/types\/post"}],"author":[{"embeddable":true,"href":"https:\/\/semmelweis.hu\/hirek\/wp-json\/wp\/v2\/users\/102067"}],"replies":[{"embeddable":true,"href":"https:\/\/semmelweis.hu\/hirek\/wp-json\/wp\/v2\/comments?post=163164"}],"version-history":[{"count":11,"href":"https:\/\/semmelweis.hu\/hirek\/wp-json\/wp\/v2\/posts\/163164\/revisions"}],"predecessor-version":[{"id":164728,"href":"https:\/\/semmelweis.hu\/hirek\/wp-json\/wp\/v2\/posts\/163164\/revisions\/164728"}],"wp:featuredmedia":[{"embeddable":true,"href":"https:\/\/semmelweis.hu\/hirek\/wp-json\/wp\/v2\/media\/163167"}],"wp:attachment":[{"href":"https:\/\/semmelweis.hu\/hirek\/wp-json\/wp\/v2\/media?parent=163164"}],"wp:term":[{"taxonomy":"category","embeddable":true,"href":"https:\/\/semmelweis.hu\/hirek\/wp-json\/wp\/v2\/categories?post=163164"},{"taxonomy":"post_tag","embeddable":true,"href":"https:\/\/semmelweis.hu\/hirek\/wp-json\/wp\/v2\/tags?post=163164"}],"curies":[{"name":"wp","href":"https:\/\/api.w.org\/{rel}","templated":true}]}}