{"id":162594,"date":"2025-12-15T06:00:33","date_gmt":"2025-12-15T05:00:33","guid":{"rendered":"https:\/\/semmelweis.hu\/hirek\/?p=162594"},"modified":"2025-12-15T09:29:44","modified_gmt":"2025-12-15T08:29:44","slug":"a-szivmotoros-egy-napja-bepillantas-a-kardiotechnikusok-munkajaba","status":"publish","type":"post","link":"https:\/\/semmelweis.hu\/hirek\/2025\/12\/15\/a-szivmotoros-egy-napja-bepillantas-a-kardiotechnikusok-munkajaba\/","title":{"rendered":"A \u201esz\u00edvmotoros\u201d egy napja \u2013 bepillant\u00e1s a kardiotechnikusok munk\u00e1j\u00e1ba"},"content":{"rendered":"<div class=\"lead\">A sz\u00edvseb\u00e9szet vil\u00e1g\u00e1ban vannak olyan folyamatok, amelyek csendben zajlanak, m\u00e9gis n\u00e9lk\u00fcl\u00f6zhetetlenek. Merkl Zolt\u00e1n, a V\u00e1rosmajori Sz\u00edv- \u00e9s \u00c9rgy\u00f3gy\u00e1szati Klinika diplom\u00e1s \u00e1pol\u00f3ja ilyen h\u00e1tt\u00e9rszerepet t\u00f6lt be: a sz\u00edv-t\u00fcd\u0151 motorok \u00e9s az ECMO-rendszerek m\u0171k\u00f6dtet\u00e9s\u00e9\u00e9rt felel. Ezek a g\u00e9pek kritikus \u00e1llapotokban, valamint sz\u00edv- \u00e9s ritk\u00e1bban \u00e9rm\u0171t\u00e9tek alatt helyettes\u00edtik a beteg kering\u00e9s\u00e9t, \u00edgy Zolt\u00e1n munk\u00e1ja nagy koncentr\u00e1ci\u00f3t \u00e9s technikai felk\u00e9sz\u00fclts\u00e9get ig\u00e9nyel. Egy nap cikksorozatunkban ez\u00fattal egy kardiotechnikus, azaz egy \u201esz\u00edvmotoros\u201d munk\u00e1j\u00e1t mutatjuk be k\u00f6zelebbr\u0151l. A Semmelweis Egyetemen hamarosan egyed\u00fcl\u00e1ll\u00f3 szakk\u00e9pz\u00e9s is indulhat ezen a ter\u00fcleten.<\/div>\n<p><em>Fot\u00f3riportunk a k\u00e9pekre kattintva olvashat\u00f3.<\/em><\/p>\n[slb_exclude]<div data-carousel-extra='{\"blog_id\":2,\"permalink\":\"https:\\\/\\\/semmelweis.hu\\\/hirek\\\/2025\\\/12\\\/15\\\/a-szivmotoros-egy-napja-bepillantas-a-kardiotechnikusok-munkajaba\\\/\"}' class=\"tiled-gallery type-rectangular\" data-original-width=\"753\"><div class=\"gallery-row\" style=\"width: 748px; height: 330px;\"><div class=\"gallery-group images-1\" style=\"width: 499px; height: 334px;\"><div class=\"tiled-gallery-item tiled-gallery-item-large\"><a href=\"https:\/\/semmelweis.hu\/hirek\/files\/2025\/12\/RS229060_GV5A9184_scl.jpg\"><img loading=\"lazy\" decoding=\"async\" data-attachment-id=\"162613\" data-orig-file=\"https:\/\/semmelweis.hu\/hirek\/files\/2025\/12\/RS229060_GV5A9184_scl.jpg\" data-orig-size=\"1200,800\" data-comments-opened=\"0\" data-image-meta=\"{&quot;aperture&quot;:&quot;0&quot;,&quot;credit&quot;:&quot;&quot;,&quot;camera&quot;:&quot;&quot;,&quot;caption&quot;:&quot;&quot;,&quot;created_timestamp&quot;:&quot;0&quot;,&quot;copyright&quot;:&quot;&quot;,&quot;focal_length&quot;:&quot;0&quot;,&quot;iso&quot;:&quot;0&quot;,&quot;shutter_speed&quot;:&quot;0&quot;,&quot;title&quot;:&quot;&quot;,&quot;orientation&quot;:&quot;0&quot;}\" data-image-title=\"RS229060_GV5A9184_scl\" data-image-description=\"\" data-medium-file=\"https:\/\/semmelweis.hu\/hirek\/files\/2025\/12\/RS229060_GV5A9184_scl-400x267.jpg\" data-large-file=\"https:\/\/semmelweis.hu\/hirek\/files\/2025\/12\/RS229060_GV5A9184_scl-900x600.jpg\" src=\"https:\/\/semmelweis.hu\/hirek\/files\/2025\/12\/RS229060_GV5A9184_scl-495x330.jpg\" width=\"495\" height=\"330\" align=\"left\" title=\"Merkl Zolt\u00e1n 35 \u00e9ves diplom\u00e1s \u00e1pol\u00f3, nyolc \u00e9ve dolgozik kardiotechnikusk\u00e9nt \u2013 vagy ahogy a klinik\u00e1n egym\u00e1s k\u00f6z\u00f6tt h\u00edvj\u00e1k, \u201emotorosk\u00e9nt\u201d \u2013 a V\u00e1rosmajori Sz\u00edv- \u00e9s \u00c9rgy\u00f3gy\u00e1szati Klinik\u00e1n. A kardiotechnikusok feladata a sz\u00edv-t\u00fcd\u0151 motor m\u0171k\u00f6dtet\u00e9se sz\u00edv- \u00e9s nagy\u00e9rm\u0171t\u00e9tek sor\u00e1n, valamint k\u00fcl\u00f6nb\u00f6z\u0151 kering\u00e9st\u00e1mogat\u00f3 eszk\u00f6z\u00f6k kezel\u00e9se az intenz\u00edv oszt\u00e1lyon. \" \/><\/a><div class=\"tiled-gallery-caption\">Merkl Zolt\u00e1n 35 \u00e9ves diplom\u00e1s \u00e1pol\u00f3, nyolc \u00e9ve dolgozik kardiotechnikusk\u00e9nt \u2013 vagy ahogy a klinik\u00e1n egym\u00e1s k\u00f6z\u00f6tt h\u00edvj\u00e1k, \u201emotorosk\u00e9nt\u201d \u2013 a V\u00e1rosmajori Sz\u00edv- \u00e9s \u00c9rgy\u00f3gy\u00e1szati Klinik\u00e1n. A kardiotechnikusok feladata a sz\u00edv-t\u00fcd\u0151 motor m\u0171k\u00f6dtet\u00e9se sz\u00edv- \u00e9s nagy\u00e9rm\u0171t\u00e9tek sor\u00e1n, valamint k\u00fcl\u00f6nb\u00f6z\u0151 kering\u00e9st\u00e1mogat\u00f3 eszk\u00f6z\u00f6k kezel\u00e9se az intenz\u00edv oszt\u00e1lyon. <\/div><\/div><\/div><div class=\"gallery-group images-2\" style=\"width: 249px; height: 334px;\"><div class=\"tiled-gallery-item tiled-gallery-item-small\"><a href=\"https:\/\/semmelweis.hu\/hirek\/files\/2025\/12\/RS228964_GV5A8588_scl.jpg\"><img loading=\"lazy\" decoding=\"async\" data-attachment-id=\"162598\" data-orig-file=\"https:\/\/semmelweis.hu\/hirek\/files\/2025\/12\/RS228964_GV5A8588_scl.jpg\" data-orig-size=\"1200,800\" data-comments-opened=\"0\" data-image-meta=\"{&quot;aperture&quot;:&quot;0&quot;,&quot;credit&quot;:&quot;&quot;,&quot;camera&quot;:&quot;&quot;,&quot;caption&quot;:&quot;&quot;,&quot;created_timestamp&quot;:&quot;0&quot;,&quot;copyright&quot;:&quot;&quot;,&quot;focal_length&quot;:&quot;0&quot;,&quot;iso&quot;:&quot;0&quot;,&quot;shutter_speed&quot;:&quot;0&quot;,&quot;title&quot;:&quot;&quot;,&quot;orientation&quot;:&quot;0&quot;}\" data-image-title=\"RS228964_GV5A8588_scl\" data-image-description=\"\" data-medium-file=\"https:\/\/semmelweis.hu\/hirek\/files\/2025\/12\/RS228964_GV5A8588_scl-400x267.jpg\" data-large-file=\"https:\/\/semmelweis.hu\/hirek\/files\/2025\/12\/RS228964_GV5A8588_scl-900x600.jpg\" src=\"https:\/\/semmelweis.hu\/hirek\/files\/2025\/12\/RS228964_GV5A8588_scl-245x163.jpg\" width=\"245\" height=\"163\" align=\"left\" title=\"A 12 (vagy \u00fcgyelet eset\u00e9n 24) \u00f3r\u00e1s munkanap intenz\u00edv oszt\u00e1lyos vizitekkel indul, \u00e9s itt is z\u00e1rul: Zolt\u00e1n ellen\u0151rzi az ECMO-t\u00e1mogat\u00e1sban r\u00e9szes\u00fcl\u0151 betegek \u00e1llapot\u00e1t \u00e9s a g\u00e9pek m\u0171k\u00f6d\u00e9s\u00e9t. Szerinte a munk\u00e1j\u00e1ban az a legfontosabb, hogy mindig legyen benne figyelem \u00e9s j\u00f3zans\u00e1g, mert a betegek sokszor teljes m\u00e9rt\u00e9kben a g\u00e9pekre vannak utalva.\" \/><\/a><div class=\"tiled-gallery-caption\">A 12 (vagy \u00fcgyelet eset\u00e9n 24) \u00f3r\u00e1s munkanap intenz\u00edv oszt\u00e1lyos vizitekkel indul, \u00e9s itt is z\u00e1rul: Zolt\u00e1n ellen\u0151rzi az ECMO-t\u00e1mogat\u00e1sban r\u00e9szes\u00fcl\u0151 betegek \u00e1llapot\u00e1t \u00e9s a g\u00e9pek m\u0171k\u00f6d\u00e9s\u00e9t. Szerinte a munk\u00e1j\u00e1ban az a legfontosabb, hogy mindig legyen benne figyelem \u00e9s j\u00f3zans\u00e1g, mert a betegek sokszor teljes m\u00e9rt\u00e9kben a g\u00e9pekre vannak utalva.<\/div><\/div><div class=\"tiled-gallery-item tiled-gallery-item-small\"><a href=\"https:\/\/semmelweis.hu\/hirek\/files\/2025\/12\/RS228953_GV5A8526_scl.jpg\"><img loading=\"lazy\" decoding=\"async\" data-attachment-id=\"162595\" data-orig-file=\"https:\/\/semmelweis.hu\/hirek\/files\/2025\/12\/RS228953_GV5A8526_scl.jpg\" data-orig-size=\"1200,800\" data-comments-opened=\"0\" data-image-meta=\"{&quot;aperture&quot;:&quot;0&quot;,&quot;credit&quot;:&quot;&quot;,&quot;camera&quot;:&quot;&quot;,&quot;caption&quot;:&quot;&quot;,&quot;created_timestamp&quot;:&quot;0&quot;,&quot;copyright&quot;:&quot;&quot;,&quot;focal_length&quot;:&quot;0&quot;,&quot;iso&quot;:&quot;0&quot;,&quot;shutter_speed&quot;:&quot;0&quot;,&quot;title&quot;:&quot;&quot;,&quot;orientation&quot;:&quot;0&quot;}\" data-image-title=\"RS228953_GV5A8526_scl\" data-image-description=\"\" data-medium-file=\"https:\/\/semmelweis.hu\/hirek\/files\/2025\/12\/RS228953_GV5A8526_scl-400x267.jpg\" data-large-file=\"https:\/\/semmelweis.hu\/hirek\/files\/2025\/12\/RS228953_GV5A8526_scl-900x600.jpg\" src=\"https:\/\/semmelweis.hu\/hirek\/files\/2025\/12\/RS228953_GV5A8526_scl-245x163.jpg\" width=\"245\" height=\"163\" align=\"left\" title=\"A mechanikus kering\u00e9st\u00e1mogat\u00f3 eszk\u00f6z\u00f6ket rendszerint a sz\u00edvm\u0171t\u0151ben, a haemodinamikai laborban vagy az intenz\u00edv oszt\u00e1lyon haszn\u00e1lj\u00e1k, ahol a kardiotechnikus akt\u00edv r\u00e9sztvev\u0151je a munkafolyamatnak. Feladata a kan\u00fcl\u00f6k megv\u00e1laszt\u00e1sa, a k\u00e9sz\u00fcl\u00e9k el\u0151k\u00e9sz\u00edt\u00e9se, elind\u00edt\u00e1sa, majd a g\u00e9p funkci\u00f3inak, integrit\u00e1s\u00e1nak fel\u00fcgyelete. Amikor intenz\u00edv oszt\u00e1lyon dolgozik, a kardiotechnikus a kritikus \u00e1llapot\u00fa betegek kering\u00e9st\u00e1mogat\u00f3 g\u00e9peinek m\u0171k\u00f6dtet\u00e9s\u00e9ben \u00e9s fel\u00fcgyelet\u00e9ben vesz r\u00e9szt. \" \/><\/a><div class=\"tiled-gallery-caption\">A mechanikus kering\u00e9st\u00e1mogat\u00f3 eszk\u00f6z\u00f6ket rendszerint a sz\u00edvm\u0171t\u0151ben, a haemodinamikai laborban vagy az intenz\u00edv oszt\u00e1lyon haszn\u00e1lj\u00e1k, ahol a kardiotechnikus akt\u00edv r\u00e9sztvev\u0151je a munkafolyamatnak. Feladata a kan\u00fcl\u00f6k megv\u00e1laszt\u00e1sa, a k\u00e9sz\u00fcl\u00e9k el\u0151k\u00e9sz\u00edt\u00e9se, elind\u00edt\u00e1sa, majd a g\u00e9p funkci\u00f3inak, integrit\u00e1s\u00e1nak fel\u00fcgyelete. Amikor intenz\u00edv oszt\u00e1lyon dolgozik, a kardiotechnikus a kritikus \u00e1llapot\u00fa betegek kering\u00e9st\u00e1mogat\u00f3 g\u00e9peinek m\u0171k\u00f6dtet\u00e9s\u00e9ben \u00e9s fel\u00fcgyelet\u00e9ben vesz r\u00e9szt. <\/div><\/div><\/div><\/div><div class=\"gallery-row\" style=\"width: 748px; height: 164px;\"><div class=\"gallery-group images-1\" style=\"width: 250px; height: 168px;\"><div class=\"tiled-gallery-item tiled-gallery-item-small\"><a href=\"https:\/\/semmelweis.hu\/hirek\/files\/2025\/12\/RS228966_GV5A8598_scl.jpg\"><img loading=\"lazy\" decoding=\"async\" data-attachment-id=\"162599\" data-orig-file=\"https:\/\/semmelweis.hu\/hirek\/files\/2025\/12\/RS228966_GV5A8598_scl.jpg\" data-orig-size=\"1200,800\" data-comments-opened=\"0\" data-image-meta=\"{&quot;aperture&quot;:&quot;0&quot;,&quot;credit&quot;:&quot;&quot;,&quot;camera&quot;:&quot;&quot;,&quot;caption&quot;:&quot;&quot;,&quot;created_timestamp&quot;:&quot;0&quot;,&quot;copyright&quot;:&quot;&quot;,&quot;focal_length&quot;:&quot;0&quot;,&quot;iso&quot;:&quot;0&quot;,&quot;shutter_speed&quot;:&quot;0&quot;,&quot;title&quot;:&quot;&quot;,&quot;orientation&quot;:&quot;0&quot;}\" data-image-title=\"RS228966_GV5A8598_scl\" data-image-description=\"\" data-medium-file=\"https:\/\/semmelweis.hu\/hirek\/files\/2025\/12\/RS228966_GV5A8598_scl-400x267.jpg\" data-large-file=\"https:\/\/semmelweis.hu\/hirek\/files\/2025\/12\/RS228966_GV5A8598_scl-900x600.jpg\" src=\"https:\/\/semmelweis.hu\/hirek\/files\/2025\/12\/RS228966_GV5A8598_scl-246x164.jpg\" width=\"246\" height=\"164\" align=\"left\" title=\"Az extrakorpor\u00e1lis membr\u00e1n oxigeniz\u00e1ci\u00f3 (ECMO) a s\u00falyos kering\u00e9si- vagy l\u00e9gz\u00e9si el\u00e9gtelens\u00e9gben szenved\u0151 betegek \u00e9letben tart\u00e1s\u00e1nak egyik form\u00e1ja az intenz\u00edv oszt\u00e1lyon. Ez a k\u00e9sz\u00fcl\u00e9k a p\u00e1ciens v\u00e9r\u00e9t a test\u00e9n k\u00edv\u00fcl oxig\u00e9nnel l\u00e1tja el \u00e9s visszajuttatja azt a szervezet\u00e9be. \u201eAz elj\u00e1r\u00e1ssal id\u0151t nyer\u00fcnk (bridge ter\u00e1pia), hogy a helyettes\u00edteni k\u00edv\u00e1nt szerv (sz\u00edv, t\u00fcd\u0151) nyugalomban regener\u00e1l\u00f3djon, elv\u00e9gezz\u00fcnk vizsg\u00e1latokat, egy\u00e9b hosszabb t\u00e1v\u00fa kering\u00e9st\u00e1mogat\u00f3 eszk\u00f6z\u00f6k vagy sz\u00edv\u00e1t\u00fcltet\u00e9s mellett d\u00f6ntsenek orvosaink\u201d \u2013 ismertette Merkl Zolt\u00e1n. \" \/><\/a><div class=\"tiled-gallery-caption\">Az extrakorpor\u00e1lis membr\u00e1n oxigeniz\u00e1ci\u00f3 (ECMO) a s\u00falyos kering\u00e9si- vagy l\u00e9gz\u00e9si el\u00e9gtelens\u00e9gben szenved\u0151 betegek \u00e9letben tart\u00e1s\u00e1nak egyik form\u00e1ja az intenz\u00edv oszt\u00e1lyon. Ez a k\u00e9sz\u00fcl\u00e9k a p\u00e1ciens v\u00e9r\u00e9t a test\u00e9n k\u00edv\u00fcl oxig\u00e9nnel l\u00e1tja el \u00e9s visszajuttatja azt a szervezet\u00e9be. \u201eAz elj\u00e1r\u00e1ssal id\u0151t nyer\u00fcnk (bridge ter\u00e1pia), hogy a helyettes\u00edteni k\u00edv\u00e1nt szerv (sz\u00edv, t\u00fcd\u0151) nyugalomban regener\u00e1l\u00f3djon, elv\u00e9gezz\u00fcnk vizsg\u00e1latokat, egy\u00e9b hosszabb t\u00e1v\u00fa kering\u00e9st\u00e1mogat\u00f3 eszk\u00f6z\u00f6k vagy sz\u00edv\u00e1t\u00fcltet\u00e9s mellett d\u00f6ntsenek orvosaink\u201d \u2013 ismertette Merkl Zolt\u00e1n. <\/div><\/div><\/div><div class=\"gallery-group images-1\" style=\"width: 249px; height: 168px;\"><div class=\"tiled-gallery-item tiled-gallery-item-small\"><a href=\"https:\/\/semmelweis.hu\/hirek\/files\/2025\/12\/RS228958_GV5A8580_scl.jpg\"><img loading=\"lazy\" decoding=\"async\" data-attachment-id=\"162596\" data-orig-file=\"https:\/\/semmelweis.hu\/hirek\/files\/2025\/12\/RS228958_GV5A8580_scl.jpg\" data-orig-size=\"1200,800\" data-comments-opened=\"0\" data-image-meta=\"{&quot;aperture&quot;:&quot;0&quot;,&quot;credit&quot;:&quot;&quot;,&quot;camera&quot;:&quot;&quot;,&quot;caption&quot;:&quot;&quot;,&quot;created_timestamp&quot;:&quot;0&quot;,&quot;copyright&quot;:&quot;&quot;,&quot;focal_length&quot;:&quot;0&quot;,&quot;iso&quot;:&quot;0&quot;,&quot;shutter_speed&quot;:&quot;0&quot;,&quot;title&quot;:&quot;&quot;,&quot;orientation&quot;:&quot;0&quot;}\" data-image-title=\"RS228958_GV5A8580_scl\" data-image-description=\"\" data-medium-file=\"https:\/\/semmelweis.hu\/hirek\/files\/2025\/12\/RS228958_GV5A8580_scl-400x267.jpg\" data-large-file=\"https:\/\/semmelweis.hu\/hirek\/files\/2025\/12\/RS228958_GV5A8580_scl-900x600.jpg\" src=\"https:\/\/semmelweis.hu\/hirek\/files\/2025\/12\/RS228958_GV5A8580_scl-245x164.jpg\" width=\"245\" height=\"164\" align=\"left\" title=\"A pand\u00e9mia idej\u00e9n a kardiol\u00f3giai intenz\u00edv oszt\u00e1ly komplex COVID-ell\u00e1t\u00f3helly\u00e9 alakult \u00e1t, a lehet\u0151 legnagyobb sz\u00e1mban v\u00e9geztek ECMO-kezel\u00e9st, seg\u00edtve ezzel legs\u00falyosabb \u00e1llapot\u00fa, m\u00e1r g\u00e9pi l\u00e9legeztet\u00e9ssel sem tarthat\u00f3 betegek ell\u00e1t\u00e1s\u00e1t. Merkl Zolt\u00e1n felid\u00e9zte, hogy ez az id\u0151szak fizikailag \u00e9s lelkileg is megterhel\u0151 volt, hiszen az eg\u00e9szs\u00e9g\u00fcgyi dolgoz\u00f3k is tartottak a megfert\u0151z\u0151d\u00e9st\u0151l, m\u00e1sfel\u0151l a legmodernebb technol\u00f3gia \u00e9s leggondosabb \u00e1pol\u00e1s ellen\u00e9re is sok vesztes\u00e9get \u00e1t kellett \u00e9lni.\" \/><\/a><div class=\"tiled-gallery-caption\">A pand\u00e9mia idej\u00e9n a kardiol\u00f3giai intenz\u00edv oszt\u00e1ly komplex COVID-ell\u00e1t\u00f3helly\u00e9 alakult \u00e1t, a lehet\u0151 legnagyobb sz\u00e1mban v\u00e9geztek ECMO-kezel\u00e9st, seg\u00edtve ezzel legs\u00falyosabb \u00e1llapot\u00fa, m\u00e1r g\u00e9pi l\u00e9legeztet\u00e9ssel sem tarthat\u00f3 betegek ell\u00e1t\u00e1s\u00e1t. Merkl Zolt\u00e1n felid\u00e9zte, hogy ez az id\u0151szak fizikailag \u00e9s lelkileg is megterhel\u0151 volt, hiszen az eg\u00e9szs\u00e9g\u00fcgyi dolgoz\u00f3k is tartottak a megfert\u0151z\u0151d\u00e9st\u0151l, m\u00e1sfel\u0151l a legmodernebb technol\u00f3gia \u00e9s leggondosabb \u00e1pol\u00e1s ellen\u00e9re is sok vesztes\u00e9get \u00e1t kellett \u00e9lni.<\/div><\/div><\/div><div class=\"gallery-group images-1\" style=\"width: 249px; height: 168px;\"><div class=\"tiled-gallery-item tiled-gallery-item-small\"><a href=\"https:\/\/semmelweis.hu\/hirek\/files\/2025\/12\/RS228969_GV5A8613_scl.jpg\"><img loading=\"lazy\" decoding=\"async\" data-attachment-id=\"162600\" data-orig-file=\"https:\/\/semmelweis.hu\/hirek\/files\/2025\/12\/RS228969_GV5A8613_scl.jpg\" data-orig-size=\"1200,800\" data-comments-opened=\"0\" data-image-meta=\"{&quot;aperture&quot;:&quot;0&quot;,&quot;credit&quot;:&quot;&quot;,&quot;camera&quot;:&quot;&quot;,&quot;caption&quot;:&quot;&quot;,&quot;created_timestamp&quot;:&quot;0&quot;,&quot;copyright&quot;:&quot;&quot;,&quot;focal_length&quot;:&quot;0&quot;,&quot;iso&quot;:&quot;0&quot;,&quot;shutter_speed&quot;:&quot;0&quot;,&quot;title&quot;:&quot;&quot;,&quot;orientation&quot;:&quot;0&quot;}\" data-image-title=\"RS228969_GV5A8613_scl\" data-image-description=\"\" data-medium-file=\"https:\/\/semmelweis.hu\/hirek\/files\/2025\/12\/RS228969_GV5A8613_scl-400x267.jpg\" data-large-file=\"https:\/\/semmelweis.hu\/hirek\/files\/2025\/12\/RS228969_GV5A8613_scl-900x600.jpg\" src=\"https:\/\/semmelweis.hu\/hirek\/files\/2025\/12\/RS228969_GV5A8613_scl-245x164.jpg\" width=\"245\" height=\"164\" align=\"left\" title=\"A v\u00e1rosmajori klinik\u00e1n k\u00e9t sz\u00edvm\u0171t\u0151 m\u0171k\u00f6dik egyszerre, mindk\u00e9t helyre sz\u00fcks\u00e9ges egy-egy kardiotechnikus. A sz\u00edv-t\u00fcd\u0151 motor egy kering\u00e9st \u00e9s l\u00e9gz\u00e9st helyettes\u00edt\u0151 berendez\u00e9s, mellyel a sz\u00edvm\u0171t\u00e9tek idej\u00e9re fenntartj\u00e1k a p\u00e1ciens kering\u00e9s\u00e9t \u00e9s sz\u00f6veti oxigeniz\u00e1ci\u00f3j\u00e1t. Ezen m\u0171t\u00e9tek nagy r\u00e9sz\u00e9n\u00e9l a sz\u00edvet meg\u00e1ll\u00edtj\u00e1k, \u00edgy annak funkci\u00f3j\u00e1t helyettes\u00edteni kell. Ilyen m\u0171t\u00e9t p\u00e9ld\u00e1ul a sz\u00edvkoszor\u00fa\u00e9r-\u00e1thidal\u00e1s, a sz\u00edvbillenty\u0171 plasztika vagy -csere, a f\u0151ver\u0151\u00e9r-csere vagy a sz\u00edv\u00e1t\u00fcltet\u00e9s. \" \/><\/a><div class=\"tiled-gallery-caption\">A v\u00e1rosmajori klinik\u00e1n k\u00e9t sz\u00edvm\u0171t\u0151 m\u0171k\u00f6dik egyszerre, mindk\u00e9t helyre sz\u00fcks\u00e9ges egy-egy kardiotechnikus. A sz\u00edv-t\u00fcd\u0151 motor egy kering\u00e9st \u00e9s l\u00e9gz\u00e9st helyettes\u00edt\u0151 berendez\u00e9s, mellyel a sz\u00edvm\u0171t\u00e9tek idej\u00e9re fenntartj\u00e1k a p\u00e1ciens kering\u00e9s\u00e9t \u00e9s sz\u00f6veti oxigeniz\u00e1ci\u00f3j\u00e1t. Ezen m\u0171t\u00e9tek nagy r\u00e9sz\u00e9n\u00e9l a sz\u00edvet meg\u00e1ll\u00edtj\u00e1k, \u00edgy annak funkci\u00f3j\u00e1t helyettes\u00edteni kell. Ilyen m\u0171t\u00e9t p\u00e9ld\u00e1ul a sz\u00edvkoszor\u00fa\u00e9r-\u00e1thidal\u00e1s, a sz\u00edvbillenty\u0171 plasztika vagy -csere, a f\u0151ver\u0151\u00e9r-csere vagy a sz\u00edv\u00e1t\u00fcltet\u00e9s. <\/div><\/div><\/div><\/div><div class=\"gallery-row\" style=\"width: 748px; height: 330px;\"><div class=\"gallery-group images-2\" style=\"width: 249px; height: 334px;\"><div class=\"tiled-gallery-item tiled-gallery-item-small\"><a href=\"https:\/\/semmelweis.hu\/hirek\/files\/2025\/12\/RS228978_GV5A8711_scl.jpg\"><img loading=\"lazy\" decoding=\"async\" data-attachment-id=\"162601\" data-orig-file=\"https:\/\/semmelweis.hu\/hirek\/files\/2025\/12\/RS228978_GV5A8711_scl.jpg\" data-orig-size=\"1200,800\" data-comments-opened=\"0\" data-image-meta=\"{&quot;aperture&quot;:&quot;0&quot;,&quot;credit&quot;:&quot;&quot;,&quot;camera&quot;:&quot;&quot;,&quot;caption&quot;:&quot;&quot;,&quot;created_timestamp&quot;:&quot;0&quot;,&quot;copyright&quot;:&quot;&quot;,&quot;focal_length&quot;:&quot;0&quot;,&quot;iso&quot;:&quot;0&quot;,&quot;shutter_speed&quot;:&quot;0&quot;,&quot;title&quot;:&quot;&quot;,&quot;orientation&quot;:&quot;0&quot;}\" data-image-title=\"RS228978_GV5A8711_scl\" data-image-description=\"\" data-medium-file=\"https:\/\/semmelweis.hu\/hirek\/files\/2025\/12\/RS228978_GV5A8711_scl-400x267.jpg\" data-large-file=\"https:\/\/semmelweis.hu\/hirek\/files\/2025\/12\/RS228978_GV5A8711_scl-900x600.jpg\" src=\"https:\/\/semmelweis.hu\/hirek\/files\/2025\/12\/RS228978_GV5A8711_scl-245x163.jpg\" width=\"245\" height=\"163\" align=\"left\" title=\"A kardiotechnikus feladata a m\u0171t\u00e9t el\u0151tt a sz\u00edv-t\u00fcd\u0151 motor el\u0151k\u00e9sz\u00edt\u00e9se, az egyszerhaszn\u00e1latos cs\u0151k\u00e9szlet aszeptikus (fert\u0151z\u00e9s n\u00e9lk\u00fcli) felszerel\u00e9se, inf\u00fazi\u00f3s oldattal val\u00f3 felt\u00f6lt\u00e9se, l\u00e9gtelen\u00edt\u00e9se. \u201eMegfelel\u0151 alvad\u00e1sg\u00e1tl\u00e1s mellett a seb\u00e9sz v\u00e9n\u00e1s \u00e9s art\u00e9ri\u00e1s kan\u00fcl\u00f6ket helyez be (ez az \u00e9rrendszer vagy a sz\u00edv t\u00f6bb pontj\u00e1n lehets\u00e9ges), melyhez a motor cs\u0151k\u00e9szlet\u00e9t illesztj\u00fck\u201d \u2013 sz\u00e1molt be a folyamatokr\u00f3l Merkl Zolt\u00e1n. Az elj\u00e1r\u00e1s biztons\u00e1g\u00e1t t\u00f6bb biztons\u00e1gi funkci\u00f3 seg\u00edti, mint p\u00e9ld\u00e1ul v\u00e9rszint-, bubor\u00e9k-, nyom\u00e1s- vagy \u00e1raml\u00e1s\u00e9rz\u00e9kel\u0151. A k\u00e9pen Zolt\u00e1n egy szint\u00e9rz\u00e9kel\u0151t helyez fel a v\u00e9n\u00e1s tart\u00e1lyra.\" \/><\/a><div class=\"tiled-gallery-caption\">A kardiotechnikus feladata a m\u0171t\u00e9t el\u0151tt a sz\u00edv-t\u00fcd\u0151 motor el\u0151k\u00e9sz\u00edt\u00e9se, az egyszerhaszn\u00e1latos cs\u0151k\u00e9szlet aszeptikus (fert\u0151z\u00e9s n\u00e9lk\u00fcli) felszerel\u00e9se, inf\u00fazi\u00f3s oldattal val\u00f3 felt\u00f6lt\u00e9se, l\u00e9gtelen\u00edt\u00e9se. \u201eMegfelel\u0151 alvad\u00e1sg\u00e1tl\u00e1s mellett a seb\u00e9sz v\u00e9n\u00e1s \u00e9s art\u00e9ri\u00e1s kan\u00fcl\u00f6ket helyez be (ez az \u00e9rrendszer vagy a sz\u00edv t\u00f6bb pontj\u00e1n lehets\u00e9ges), melyhez a motor cs\u0151k\u00e9szlet\u00e9t illesztj\u00fck\u201d \u2013 sz\u00e1molt be a folyamatokr\u00f3l Merkl Zolt\u00e1n. Az elj\u00e1r\u00e1s biztons\u00e1g\u00e1t t\u00f6bb biztons\u00e1gi funkci\u00f3 seg\u00edti, mint p\u00e9ld\u00e1ul v\u00e9rszint-, bubor\u00e9k-, nyom\u00e1s- vagy \u00e1raml\u00e1s\u00e9rz\u00e9kel\u0151. A k\u00e9pen Zolt\u00e1n egy szint\u00e9rz\u00e9kel\u0151t helyez fel a v\u00e9n\u00e1s tart\u00e1lyra.<\/div><\/div><div class=\"tiled-gallery-item tiled-gallery-item-small\"><a href=\"https:\/\/semmelweis.hu\/hirek\/files\/2025\/12\/RS229004_GV5A8888_scl.jpg\"><img loading=\"lazy\" decoding=\"async\" data-attachment-id=\"162605\" data-orig-file=\"https:\/\/semmelweis.hu\/hirek\/files\/2025\/12\/RS229004_GV5A8888_scl.jpg\" data-orig-size=\"1200,800\" data-comments-opened=\"0\" data-image-meta=\"{&quot;aperture&quot;:&quot;0&quot;,&quot;credit&quot;:&quot;&quot;,&quot;camera&quot;:&quot;&quot;,&quot;caption&quot;:&quot;&quot;,&quot;created_timestamp&quot;:&quot;0&quot;,&quot;copyright&quot;:&quot;&quot;,&quot;focal_length&quot;:&quot;0&quot;,&quot;iso&quot;:&quot;0&quot;,&quot;shutter_speed&quot;:&quot;0&quot;,&quot;title&quot;:&quot;&quot;,&quot;orientation&quot;:&quot;0&quot;}\" data-image-title=\"RS229004_GV5A8888_scl\" data-image-description=\"\" data-medium-file=\"https:\/\/semmelweis.hu\/hirek\/files\/2025\/12\/RS229004_GV5A8888_scl-400x267.jpg\" data-large-file=\"https:\/\/semmelweis.hu\/hirek\/files\/2025\/12\/RS229004_GV5A8888_scl-900x600.jpg\" src=\"https:\/\/semmelweis.hu\/hirek\/files\/2025\/12\/RS229004_GV5A8888_scl-245x163.jpg\" width=\"245\" height=\"163\" align=\"left\" title=\"\" \/><\/a><\/div><\/div><div class=\"gallery-group images-1\" style=\"width: 499px; height: 334px;\"><div class=\"tiled-gallery-item tiled-gallery-item-large\"><a href=\"https:\/\/semmelweis.hu\/hirek\/files\/2025\/12\/RS229003_GV5A8877_scl.jpg\"><img loading=\"lazy\" decoding=\"async\" data-attachment-id=\"162604\" data-orig-file=\"https:\/\/semmelweis.hu\/hirek\/files\/2025\/12\/RS229003_GV5A8877_scl.jpg\" data-orig-size=\"1200,800\" data-comments-opened=\"0\" data-image-meta=\"{&quot;aperture&quot;:&quot;0&quot;,&quot;credit&quot;:&quot;&quot;,&quot;camera&quot;:&quot;&quot;,&quot;caption&quot;:&quot;&quot;,&quot;created_timestamp&quot;:&quot;0&quot;,&quot;copyright&quot;:&quot;&quot;,&quot;focal_length&quot;:&quot;0&quot;,&quot;iso&quot;:&quot;0&quot;,&quot;shutter_speed&quot;:&quot;0&quot;,&quot;title&quot;:&quot;&quot;,&quot;orientation&quot;:&quot;0&quot;}\" data-image-title=\"RS229003_GV5A8877_scl\" data-image-description=\"\" data-medium-file=\"https:\/\/semmelweis.hu\/hirek\/files\/2025\/12\/RS229003_GV5A8877_scl-400x267.jpg\" data-large-file=\"https:\/\/semmelweis.hu\/hirek\/files\/2025\/12\/RS229003_GV5A8877_scl-900x600.jpg\" src=\"https:\/\/semmelweis.hu\/hirek\/files\/2025\/12\/RS229003_GV5A8877_scl-495x330.jpg\" width=\"495\" height=\"330\" align=\"left\" title=\"A motor indul\u00e1s\u00e1t k\u00f6vet\u0151en a seb\u00e9szek kirekesztik az ekkor m\u00e1r a sz\u00edv-t\u00fcd\u0151 motor \u00e1ltal biztos\u00edtott kering\u00e9sb\u0151l a sz\u00edvet, majd speci\u00e1lis oldatokkal meg\u00e1ll\u00edtj\u00e1k annak m\u0171k\u00f6d\u00e9s\u00e9t.\" \/><\/a><div class=\"tiled-gallery-caption\">A motor indul\u00e1s\u00e1t k\u00f6vet\u0151en a seb\u00e9szek kirekesztik az ekkor m\u00e1r a sz\u00edv-t\u00fcd\u0151 motor \u00e1ltal biztos\u00edtott kering\u00e9sb\u0151l a sz\u00edvet, majd speci\u00e1lis oldatokkal meg\u00e1ll\u00edtj\u00e1k annak m\u0171k\u00f6d\u00e9s\u00e9t.<\/div><\/div><\/div><\/div><div class=\"gallery-row\" style=\"width: 748px; height: 164px;\"><div class=\"gallery-group images-1\" style=\"width: 250px; height: 168px;\"><div class=\"tiled-gallery-item tiled-gallery-item-small\"><a href=\"https:\/\/semmelweis.hu\/hirek\/files\/2025\/12\/RS229011_GV5A8914_scl.jpg\"><img loading=\"lazy\" decoding=\"async\" data-attachment-id=\"162607\" data-orig-file=\"https:\/\/semmelweis.hu\/hirek\/files\/2025\/12\/RS229011_GV5A8914_scl.jpg\" data-orig-size=\"1200,800\" data-comments-opened=\"0\" data-image-meta=\"{&quot;aperture&quot;:&quot;0&quot;,&quot;credit&quot;:&quot;&quot;,&quot;camera&quot;:&quot;&quot;,&quot;caption&quot;:&quot;&quot;,&quot;created_timestamp&quot;:&quot;0&quot;,&quot;copyright&quot;:&quot;&quot;,&quot;focal_length&quot;:&quot;0&quot;,&quot;iso&quot;:&quot;0&quot;,&quot;shutter_speed&quot;:&quot;0&quot;,&quot;title&quot;:&quot;&quot;,&quot;orientation&quot;:&quot;0&quot;}\" data-image-title=\"RS229011_GV5A8914_scl\" data-image-description=\"\" data-medium-file=\"https:\/\/semmelweis.hu\/hirek\/files\/2025\/12\/RS229011_GV5A8914_scl-400x267.jpg\" data-large-file=\"https:\/\/semmelweis.hu\/hirek\/files\/2025\/12\/RS229011_GV5A8914_scl-900x600.jpg\" src=\"https:\/\/semmelweis.hu\/hirek\/files\/2025\/12\/RS229011_GV5A8914_scl-246x164.jpg\" width=\"246\" height=\"164\" align=\"left\" title=\"\" \/><\/a><\/div><\/div><div class=\"gallery-group images-1\" style=\"width: 249px; height: 168px;\"><div class=\"tiled-gallery-item tiled-gallery-item-small\"><a href=\"https:\/\/semmelweis.hu\/hirek\/files\/2025\/12\/RS228987_GV5A8792_scl.jpg\"><img loading=\"lazy\" decoding=\"async\" data-attachment-id=\"162602\" data-orig-file=\"https:\/\/semmelweis.hu\/hirek\/files\/2025\/12\/RS228987_GV5A8792_scl.jpg\" data-orig-size=\"1200,800\" data-comments-opened=\"0\" data-image-meta=\"{&quot;aperture&quot;:&quot;0&quot;,&quot;credit&quot;:&quot;&quot;,&quot;camera&quot;:&quot;&quot;,&quot;caption&quot;:&quot;&quot;,&quot;created_timestamp&quot;:&quot;0&quot;,&quot;copyright&quot;:&quot;&quot;,&quot;focal_length&quot;:&quot;0&quot;,&quot;iso&quot;:&quot;0&quot;,&quot;shutter_speed&quot;:&quot;0&quot;,&quot;title&quot;:&quot;&quot;,&quot;orientation&quot;:&quot;0&quot;}\" data-image-title=\"RS228987_GV5A8792_scl\" data-image-description=\"\" data-medium-file=\"https:\/\/semmelweis.hu\/hirek\/files\/2025\/12\/RS228987_GV5A8792_scl-400x267.jpg\" data-large-file=\"https:\/\/semmelweis.hu\/hirek\/files\/2025\/12\/RS228987_GV5A8792_scl-900x600.jpg\" src=\"https:\/\/semmelweis.hu\/hirek\/files\/2025\/12\/RS228987_GV5A8792_scl-245x164.jpg\" width=\"245\" height=\"164\" align=\"left\" title=\"Ezut\u00e1n \u00e1ll\u00f3 \u00e9s v\u00e9rtelen sz\u00edven tudnak oper\u00e1lni, mik\u00f6zben a beteg kering\u00e9s\u00e9t a motor tartja fent, melyet a \u201emotoros\u201d ir\u00e1ny\u00edt. \" \/><\/a><div class=\"tiled-gallery-caption\">Ezut\u00e1n \u00e1ll\u00f3 \u00e9s v\u00e9rtelen sz\u00edven tudnak oper\u00e1lni, mik\u00f6zben a beteg kering\u00e9s\u00e9t a motor tartja fent, melyet a \u201emotoros\u201d ir\u00e1ny\u00edt. <\/div><\/div><\/div><div class=\"gallery-group images-1\" style=\"width: 249px; height: 168px;\"><div class=\"tiled-gallery-item tiled-gallery-item-small\"><a href=\"https:\/\/semmelweis.hu\/hirek\/files\/2025\/12\/RS229032_GV5A9002_scl.jpg\"><img loading=\"lazy\" decoding=\"async\" data-attachment-id=\"162608\" data-orig-file=\"https:\/\/semmelweis.hu\/hirek\/files\/2025\/12\/RS229032_GV5A9002_scl.jpg\" data-orig-size=\"1200,800\" data-comments-opened=\"0\" data-image-meta=\"{&quot;aperture&quot;:&quot;0&quot;,&quot;credit&quot;:&quot;&quot;,&quot;camera&quot;:&quot;&quot;,&quot;caption&quot;:&quot;&quot;,&quot;created_timestamp&quot;:&quot;0&quot;,&quot;copyright&quot;:&quot;&quot;,&quot;focal_length&quot;:&quot;0&quot;,&quot;iso&quot;:&quot;0&quot;,&quot;shutter_speed&quot;:&quot;0&quot;,&quot;title&quot;:&quot;&quot;,&quot;orientation&quot;:&quot;0&quot;}\" data-image-title=\"RS229032_GV5A9002_scl\" data-image-description=\"\" data-medium-file=\"https:\/\/semmelweis.hu\/hirek\/files\/2025\/12\/RS229032_GV5A9002_scl-400x267.jpg\" data-large-file=\"https:\/\/semmelweis.hu\/hirek\/files\/2025\/12\/RS229032_GV5A9002_scl-900x600.jpg\" src=\"https:\/\/semmelweis.hu\/hirek\/files\/2025\/12\/RS229032_GV5A9002_scl-245x164.jpg\" width=\"245\" height=\"164\" align=\"left\" title=\"\u00cdgy n\u00e9z ki egy mesters\u00e9ges aortabillenty\u0171 a be\u00fcltet\u00e9s el\u0151tt.\" \/><\/a><div class=\"tiled-gallery-caption\">\u00cdgy n\u00e9z ki egy mesters\u00e9ges aortabillenty\u0171 a be\u00fcltet\u00e9s el\u0151tt.<\/div><\/div><\/div><\/div><div class=\"gallery-row\" style=\"width: 748px; height: 330px;\"><div class=\"gallery-group images-1\" style=\"width: 499px; height: 334px;\"><div class=\"tiled-gallery-item tiled-gallery-item-large\"><a href=\"https:\/\/semmelweis.hu\/hirek\/files\/2025\/12\/RS229037_GV5A9041_scl.jpg\"><img loading=\"lazy\" decoding=\"async\" data-attachment-id=\"162609\" data-orig-file=\"https:\/\/semmelweis.hu\/hirek\/files\/2025\/12\/RS229037_GV5A9041_scl.jpg\" data-orig-size=\"1200,800\" data-comments-opened=\"0\" data-image-meta=\"{&quot;aperture&quot;:&quot;0&quot;,&quot;credit&quot;:&quot;&quot;,&quot;camera&quot;:&quot;&quot;,&quot;caption&quot;:&quot;&quot;,&quot;created_timestamp&quot;:&quot;0&quot;,&quot;copyright&quot;:&quot;&quot;,&quot;focal_length&quot;:&quot;0&quot;,&quot;iso&quot;:&quot;0&quot;,&quot;shutter_speed&quot;:&quot;0&quot;,&quot;title&quot;:&quot;&quot;,&quot;orientation&quot;:&quot;0&quot;}\" data-image-title=\"RS229037_GV5A9041_scl\" data-image-description=\"\" data-medium-file=\"https:\/\/semmelweis.hu\/hirek\/files\/2025\/12\/RS229037_GV5A9041_scl-400x267.jpg\" data-large-file=\"https:\/\/semmelweis.hu\/hirek\/files\/2025\/12\/RS229037_GV5A9041_scl-900x600.jpg\" src=\"https:\/\/semmelweis.hu\/hirek\/files\/2025\/12\/RS229037_GV5A9041_scl-495x330.jpg\" width=\"495\" height=\"330\" align=\"left\" title=\"A k\u00e9pen a mesters\u00e9ges aortabillenty\u0171 l\u00e1that\u00f3 be\u00fcltet\u00e9s k\u00f6zben.\" \/><\/a><div class=\"tiled-gallery-caption\">A k\u00e9pen a mesters\u00e9ges aortabillenty\u0171 l\u00e1that\u00f3 be\u00fcltet\u00e9s k\u00f6zben.<\/div><\/div><\/div><div class=\"gallery-group images-2\" style=\"width: 249px; height: 334px;\"><div class=\"tiled-gallery-item tiled-gallery-item-small\"><a href=\"https:\/\/semmelweis.hu\/hirek\/files\/2025\/12\/RS229046_GV5A9087_scl.jpg\"><img loading=\"lazy\" decoding=\"async\" data-attachment-id=\"162611\" data-orig-file=\"https:\/\/semmelweis.hu\/hirek\/files\/2025\/12\/RS229046_GV5A9087_scl.jpg\" data-orig-size=\"1200,800\" data-comments-opened=\"0\" data-image-meta=\"{&quot;aperture&quot;:&quot;0&quot;,&quot;credit&quot;:&quot;&quot;,&quot;camera&quot;:&quot;&quot;,&quot;caption&quot;:&quot;&quot;,&quot;created_timestamp&quot;:&quot;0&quot;,&quot;copyright&quot;:&quot;&quot;,&quot;focal_length&quot;:&quot;0&quot;,&quot;iso&quot;:&quot;0&quot;,&quot;shutter_speed&quot;:&quot;0&quot;,&quot;title&quot;:&quot;&quot;,&quot;orientation&quot;:&quot;0&quot;}\" data-image-title=\"RS229046_GV5A9087_scl\" data-image-description=\"\" data-medium-file=\"https:\/\/semmelweis.hu\/hirek\/files\/2025\/12\/RS229046_GV5A9087_scl-400x267.jpg\" data-large-file=\"https:\/\/semmelweis.hu\/hirek\/files\/2025\/12\/RS229046_GV5A9087_scl-900x600.jpg\" src=\"https:\/\/semmelweis.hu\/hirek\/files\/2025\/12\/RS229046_GV5A9087_scl-245x163.jpg\" width=\"245\" height=\"163\" align=\"left\" title=\"\" \/><\/a><\/div><div class=\"tiled-gallery-item tiled-gallery-item-small\"><a href=\"https:\/\/semmelweis.hu\/hirek\/files\/2025\/12\/RS229058_GV5A9140_scl.jpg\"><img loading=\"lazy\" decoding=\"async\" data-attachment-id=\"162612\" data-orig-file=\"https:\/\/semmelweis.hu\/hirek\/files\/2025\/12\/RS229058_GV5A9140_scl.jpg\" data-orig-size=\"1200,800\" data-comments-opened=\"0\" data-image-meta=\"{&quot;aperture&quot;:&quot;0&quot;,&quot;credit&quot;:&quot;&quot;,&quot;camera&quot;:&quot;&quot;,&quot;caption&quot;:&quot;&quot;,&quot;created_timestamp&quot;:&quot;0&quot;,&quot;copyright&quot;:&quot;&quot;,&quot;focal_length&quot;:&quot;0&quot;,&quot;iso&quot;:&quot;0&quot;,&quot;shutter_speed&quot;:&quot;0&quot;,&quot;title&quot;:&quot;&quot;,&quot;orientation&quot;:&quot;0&quot;}\" data-image-title=\"RS229058_GV5A9140_scl\" data-image-description=\"\" data-medium-file=\"https:\/\/semmelweis.hu\/hirek\/files\/2025\/12\/RS229058_GV5A9140_scl-400x267.jpg\" data-large-file=\"https:\/\/semmelweis.hu\/hirek\/files\/2025\/12\/RS229058_GV5A9140_scl-900x600.jpg\" src=\"https:\/\/semmelweis.hu\/hirek\/files\/2025\/12\/RS229058_GV5A9140_scl-245x163.jpg\" width=\"245\" height=\"163\" align=\"left\" title=\"A kardiotechnikus szakember a m\u0171t\u00e9t teljes ideje alatt folyamatosan monitorozza a beteg kering\u00e9s\u00e9t, a v\u00e9rg\u00e1zszintet, az oxigeniz\u00e1ci\u00f3t, a h\u0151m\u00e9rs\u00e9klet\u00e9t \u00e9s egy\u00e9b \u00e9letfunkci\u00f3it, \u00e9s sz\u00fcks\u00e9g szerint finomhangolja a g\u00e9p m\u0171k\u00f6d\u00e9s\u00e9t.\" \/><\/a><div class=\"tiled-gallery-caption\">A kardiotechnikus szakember a m\u0171t\u00e9t teljes ideje alatt folyamatosan monitorozza a beteg kering\u00e9s\u00e9t, a v\u00e9rg\u00e1zszintet, az oxigeniz\u00e1ci\u00f3t, a h\u0151m\u00e9rs\u00e9klet\u00e9t \u00e9s egy\u00e9b \u00e9letfunkci\u00f3it, \u00e9s sz\u00fcks\u00e9g szerint finomhangolja a g\u00e9p m\u0171k\u00f6d\u00e9s\u00e9t.<\/div><\/div><\/div><\/div><div class=\"gallery-row\" style=\"width: 748px; height: 164px;\"><div class=\"gallery-group images-1\" style=\"width: 250px; height: 168px;\"><div class=\"tiled-gallery-item tiled-gallery-item-small\"><a href=\"https:\/\/semmelweis.hu\/hirek\/files\/2025\/12\/RS229010_GV5A8907_scl.jpg\"><img loading=\"lazy\" decoding=\"async\" data-attachment-id=\"162606\" data-orig-file=\"https:\/\/semmelweis.hu\/hirek\/files\/2025\/12\/RS229010_GV5A8907_scl.jpg\" data-orig-size=\"1200,800\" data-comments-opened=\"0\" data-image-meta=\"{&quot;aperture&quot;:&quot;0&quot;,&quot;credit&quot;:&quot;&quot;,&quot;camera&quot;:&quot;&quot;,&quot;caption&quot;:&quot;&quot;,&quot;created_timestamp&quot;:&quot;0&quot;,&quot;copyright&quot;:&quot;&quot;,&quot;focal_length&quot;:&quot;0&quot;,&quot;iso&quot;:&quot;0&quot;,&quot;shutter_speed&quot;:&quot;0&quot;,&quot;title&quot;:&quot;&quot;,&quot;orientation&quot;:&quot;0&quot;}\" data-image-title=\"RS229010_GV5A8907_scl\" data-image-description=\"\" data-medium-file=\"https:\/\/semmelweis.hu\/hirek\/files\/2025\/12\/RS229010_GV5A8907_scl-400x267.jpg\" data-large-file=\"https:\/\/semmelweis.hu\/hirek\/files\/2025\/12\/RS229010_GV5A8907_scl-900x600.jpg\" src=\"https:\/\/semmelweis.hu\/hirek\/files\/2025\/12\/RS229010_GV5A8907_scl-246x164.jpg\" width=\"246\" height=\"164\" align=\"left\" title=\"M\u0171t\u00e9t k\u00f6zben k\u00fcl\u00f6nb\u00f6z\u0151 gy\u00f3gyszereket (pl. a v\u00e9rnyom\u00e1s szab\u00e1lyoz\u00e1s\u00e1ra) is be tudnak adni a betegnek a sz\u00edv-t\u00fcd\u0151 motoron kereszt\u00fcl.\" \/><\/a><div class=\"tiled-gallery-caption\">M\u0171t\u00e9t k\u00f6zben k\u00fcl\u00f6nb\u00f6z\u0151 gy\u00f3gyszereket (pl. a v\u00e9rnyom\u00e1s szab\u00e1lyoz\u00e1s\u00e1ra) is be tudnak adni a betegnek a sz\u00edv-t\u00fcd\u0151 motoron kereszt\u00fcl.<\/div><\/div><\/div><div class=\"gallery-group images-1\" style=\"width: 249px; height: 168px;\"><div class=\"tiled-gallery-item tiled-gallery-item-small\"><a href=\"https:\/\/semmelweis.hu\/hirek\/files\/2025\/12\/RS228990_GV5A8828_scl.jpg\"><img loading=\"lazy\" decoding=\"async\" data-attachment-id=\"162603\" data-orig-file=\"https:\/\/semmelweis.hu\/hirek\/files\/2025\/12\/RS228990_GV5A8828_scl.jpg\" data-orig-size=\"1200,800\" data-comments-opened=\"0\" data-image-meta=\"{&quot;aperture&quot;:&quot;0&quot;,&quot;credit&quot;:&quot;&quot;,&quot;camera&quot;:&quot;&quot;,&quot;caption&quot;:&quot;&quot;,&quot;created_timestamp&quot;:&quot;0&quot;,&quot;copyright&quot;:&quot;&quot;,&quot;focal_length&quot;:&quot;0&quot;,&quot;iso&quot;:&quot;0&quot;,&quot;shutter_speed&quot;:&quot;0&quot;,&quot;title&quot;:&quot;&quot;,&quot;orientation&quot;:&quot;0&quot;}\" data-image-title=\"RS228990_GV5A8828_scl\" data-image-description=\"\" data-medium-file=\"https:\/\/semmelweis.hu\/hirek\/files\/2025\/12\/RS228990_GV5A8828_scl-400x267.jpg\" data-large-file=\"https:\/\/semmelweis.hu\/hirek\/files\/2025\/12\/RS228990_GV5A8828_scl-900x600.jpg\" src=\"https:\/\/semmelweis.hu\/hirek\/files\/2025\/12\/RS228990_GV5A8828_scl-245x164.jpg\" width=\"245\" height=\"164\" align=\"left\" title=\"Az oper\u00e1ci\u00f3 v\u00e9g\u00e9n a kardiotechnikus fokozatosan visszaadja a kering\u00e9st a beteg saj\u00e1t sz\u00edv\u00e9nek, majd le\u00e1ll\u00edtja a g\u00e9pet. V\u00e9g\u00fcl elv\u00e9gzi a sz\u00fcks\u00e9ges dokument\u00e1ci\u00f3t, megtiszt\u00edtja \u00e9s fert\u0151tlen\u00edt\u00e9sre el\u0151k\u00e9sz\u00edti az eszk\u00f6z\u00f6ket.\" \/><\/a><div class=\"tiled-gallery-caption\">Az oper\u00e1ci\u00f3 v\u00e9g\u00e9n a kardiotechnikus fokozatosan visszaadja a kering\u00e9st a beteg saj\u00e1t sz\u00edv\u00e9nek, majd le\u00e1ll\u00edtja a g\u00e9pet. V\u00e9g\u00fcl elv\u00e9gzi a sz\u00fcks\u00e9ges dokument\u00e1ci\u00f3t, megtiszt\u00edtja \u00e9s fert\u0151tlen\u00edt\u00e9sre el\u0151k\u00e9sz\u00edti az eszk\u00f6z\u00f6ket.<\/div><\/div><\/div><div class=\"gallery-group images-1\" style=\"width: 249px; height: 168px;\"><div class=\"tiled-gallery-item tiled-gallery-item-small\"><a href=\"https:\/\/semmelweis.hu\/hirek\/files\/2025\/12\/RS229045_GV5A9082_scl.jpg\"><img loading=\"lazy\" decoding=\"async\" data-attachment-id=\"162610\" data-orig-file=\"https:\/\/semmelweis.hu\/hirek\/files\/2025\/12\/RS229045_GV5A9082_scl.jpg\" data-orig-size=\"1200,800\" data-comments-opened=\"0\" data-image-meta=\"{&quot;aperture&quot;:&quot;0&quot;,&quot;credit&quot;:&quot;&quot;,&quot;camera&quot;:&quot;&quot;,&quot;caption&quot;:&quot;&quot;,&quot;created_timestamp&quot;:&quot;0&quot;,&quot;copyright&quot;:&quot;&quot;,&quot;focal_length&quot;:&quot;0&quot;,&quot;iso&quot;:&quot;0&quot;,&quot;shutter_speed&quot;:&quot;0&quot;,&quot;title&quot;:&quot;&quot;,&quot;orientation&quot;:&quot;0&quot;}\" data-image-title=\"RS229045_GV5A9082_scl\" data-image-description=\"\" data-medium-file=\"https:\/\/semmelweis.hu\/hirek\/files\/2025\/12\/RS229045_GV5A9082_scl-400x267.jpg\" data-large-file=\"https:\/\/semmelweis.hu\/hirek\/files\/2025\/12\/RS229045_GV5A9082_scl-900x600.jpg\" src=\"https:\/\/semmelweis.hu\/hirek\/files\/2025\/12\/RS229045_GV5A9082_scl-245x164.jpg\" width=\"245\" height=\"164\" align=\"left\" title=\"Magyarorsz\u00e1gon jelenleg nincs \u00f6n\u00e1ll\u00f3 kardiotechnikus szakk\u00e9pes\u00edt\u00e9s, Zolt\u00e1n diplom\u00e1s \u00e1pol\u00f3k\u00e9nt betan\u00edt\u00e1ssal saj\u00e1t\u00edtotta el a szaktud\u00e1s\u00e1t. Mivel a hozz\u00e1 hasonl\u00f3 szakemberekre nagy sz\u00fcks\u00e9g van a sz\u00edv- \u00e9s nagy\u00e9rm\u0171t\u00e9tek sor\u00e1n, a Semmelweis Egyetem Eg\u00e9szs\u00e9gtudom\u00e1nyi Kar\u00e1n v\u00e1rhat\u00f3an m\u00e1r 2026. szeptembert\u0151l elindulhat ez az egyed\u00fcl\u00e1ll\u00f3 szakk\u00e9pz\u00e9s, ami a biol\u00f3giai \u00e9s m\u0171szaki tud\u00e1st \u00f6tv\u00f6zi. \" \/><\/a><div class=\"tiled-gallery-caption\">Magyarorsz\u00e1gon jelenleg nincs \u00f6n\u00e1ll\u00f3 kardiotechnikus szakk\u00e9pes\u00edt\u00e9s, Zolt\u00e1n diplom\u00e1s \u00e1pol\u00f3k\u00e9nt betan\u00edt\u00e1ssal saj\u00e1t\u00edtotta el a szaktud\u00e1s\u00e1t. Mivel a hozz\u00e1 hasonl\u00f3 szakemberekre nagy sz\u00fcks\u00e9g van a sz\u00edv- \u00e9s nagy\u00e9rm\u0171t\u00e9tek sor\u00e1n, a Semmelweis Egyetem Eg\u00e9szs\u00e9gtudom\u00e1nyi Kar\u00e1n v\u00e1rhat\u00f3an m\u00e1r 2026. szeptembert\u0151l elindulhat ez az egyed\u00fcl\u00e1ll\u00f3 szakk\u00e9pz\u00e9s, ami a biol\u00f3giai \u00e9s m\u0171szaki tud\u00e1st \u00f6tv\u00f6zi. <\/div><\/div><\/div><\/div><div class=\"gallery-row\" style=\"width: 748px; height: 496px;\"><div class=\"gallery-group images-1\" style=\"width: 748px; height: 500px;\"><div class=\"tiled-gallery-item tiled-gallery-item-large\"><a href=\"https:\/\/semmelweis.hu\/hirek\/files\/2025\/12\/RS228959_GV5A8551_scl.jpg\"><img loading=\"lazy\" decoding=\"async\" data-attachment-id=\"162597\" data-orig-file=\"https:\/\/semmelweis.hu\/hirek\/files\/2025\/12\/RS228959_GV5A8551_scl.jpg\" data-orig-size=\"1200,800\" data-comments-opened=\"0\" data-image-meta=\"{&quot;aperture&quot;:&quot;0&quot;,&quot;credit&quot;:&quot;&quot;,&quot;camera&quot;:&quot;&quot;,&quot;caption&quot;:&quot;&quot;,&quot;created_timestamp&quot;:&quot;0&quot;,&quot;copyright&quot;:&quot;&quot;,&quot;focal_length&quot;:&quot;0&quot;,&quot;iso&quot;:&quot;0&quot;,&quot;shutter_speed&quot;:&quot;0&quot;,&quot;title&quot;:&quot;&quot;,&quot;orientation&quot;:&quot;0&quot;}\" data-image-title=\"RS228959_GV5A8551_scl\" data-image-description=\"\" data-medium-file=\"https:\/\/semmelweis.hu\/hirek\/files\/2025\/12\/RS228959_GV5A8551_scl-400x267.jpg\" data-large-file=\"https:\/\/semmelweis.hu\/hirek\/files\/2025\/12\/RS228959_GV5A8551_scl-900x600.jpg\" src=\"https:\/\/semmelweis.hu\/hirek\/files\/2025\/12\/RS228959_GV5A8551_scl-744x496.jpg\" width=\"744\" height=\"496\" align=\"left\" title=\"Merkl Zolt\u00e1n az\u00e9rt v\u00e1lasztotta a kardiotechnikusi p\u00e1ly\u00e1t, mert tetszett neki a biol\u00f3gia \u00e9s a technol\u00f3gia egyedi tal\u00e1lkoz\u00e1sa, \u00e9s mert szereti azt a fajta felel\u0151ss\u00e9gteljes, higgadt munk\u00e1t, amely a g\u00e9pek mellett sz\u00fcks\u00e9ges. \u00dagy l\u00e1tja, mindennapi munk\u00e1j\u00e1ban az apr\u00f3 el\u0151rel\u00e9p\u00e9sek a legfontosabbak: amikor egy beteg \u00e1llapota stabill\u00e1 v\u00e1lik, vagy amikor a m\u0171t\u00e9t v\u00e9g\u00e9n vissza\u00e1ll a term\u00e9szetes kering\u00e9s.\" \/><\/a><div class=\"tiled-gallery-caption\">Merkl Zolt\u00e1n az\u00e9rt v\u00e1lasztotta a kardiotechnikusi p\u00e1ly\u00e1t, mert tetszett neki a biol\u00f3gia \u00e9s a technol\u00f3gia egyedi tal\u00e1lkoz\u00e1sa, \u00e9s mert szereti azt a fajta felel\u0151ss\u00e9gteljes, higgadt munk\u00e1t, amely a g\u00e9pek mellett sz\u00fcks\u00e9ges. \u00dagy l\u00e1tja, mindennapi munk\u00e1j\u00e1ban az apr\u00f3 el\u0151rel\u00e9p\u00e9sek a legfontosabbak: amikor egy beteg \u00e1llapota stabill\u00e1 v\u00e1lik, vagy amikor a m\u0171t\u00e9t v\u00e9g\u00e9n vissza\u00e1ll a term\u00e9szetes kering\u00e9s.<\/div><\/div><\/div><\/div><\/div>[\/slb_exclude]\n<p>Keresztes Eszter<br \/>\nFot\u00f3: Zellei Bogl\u00e1rka &#8211; Semmelweis Egyetem<\/p>\n","protected":false},"excerpt":{"rendered":"<p>Merkl Zolt\u00e1n, a V\u00e1rosmajori Sz\u00edv- \u00e9s \u00c9rgy\u00f3gy\u00e1szati Klinika \u00e1pol\u00f3ja felel a sz\u00edv-t\u00fcd\u0151 motorok \u00e9s az ECMO-rendszerek m\u0171k\u00f6dtet\u00e9s\u00e9\u00e9rt.<\/p>\n","protected":false},"author":101132,"featured_media":162614,"comment_status":"closed","ping_status":"closed","sticky":false,"template":"","format":"standard","meta":{"_acf_changed":false,"footnotes":""},"categories":[154,168],"tags":[4331,4364],"class_list":["post-162594","post","type-post","status-publish","format-standard","has-post-thumbnail","hentry","category-egeszseg","category-kiemelt","tag-betegellatas","tag-egy-nap-sorozat"],"acf":[],"_links":{"self":[{"href":"https:\/\/semmelweis.hu\/hirek\/wp-json\/wp\/v2\/posts\/162594","targetHints":{"allow":["GET"]}}],"collection":[{"href":"https:\/\/semmelweis.hu\/hirek\/wp-json\/wp\/v2\/posts"}],"about":[{"href":"https:\/\/semmelweis.hu\/hirek\/wp-json\/wp\/v2\/types\/post"}],"author":[{"embeddable":true,"href":"https:\/\/semmelweis.hu\/hirek\/wp-json\/wp\/v2\/users\/101132"}],"replies":[{"embeddable":true,"href":"https:\/\/semmelweis.hu\/hirek\/wp-json\/wp\/v2\/comments?post=162594"}],"version-history":[{"count":2,"href":"https:\/\/semmelweis.hu\/hirek\/wp-json\/wp\/v2\/posts\/162594\/revisions"}],"predecessor-version":[{"id":162766,"href":"https:\/\/semmelweis.hu\/hirek\/wp-json\/wp\/v2\/posts\/162594\/revisions\/162766"}],"wp:featuredmedia":[{"embeddable":true,"href":"https:\/\/semmelweis.hu\/hirek\/wp-json\/wp\/v2\/media\/162614"}],"wp:attachment":[{"href":"https:\/\/semmelweis.hu\/hirek\/wp-json\/wp\/v2\/media?parent=162594"}],"wp:term":[{"taxonomy":"category","embeddable":true,"href":"https:\/\/semmelweis.hu\/hirek\/wp-json\/wp\/v2\/categories?post=162594"},{"taxonomy":"post_tag","embeddable":true,"href":"https:\/\/semmelweis.hu\/hirek\/wp-json\/wp\/v2\/tags?post=162594"}],"curies":[{"name":"wp","href":"https:\/\/api.w.org\/{rel}","templated":true}]}}