{"id":16117,"date":"2013-03-14T14:11:01","date_gmt":"2013-03-14T13:11:01","guid":{"rendered":"http:\/\/semmelweis-egyetem.hu\/hirek\/?p=16117"},"modified":"2013-03-14T14:11:01","modified_gmt":"2013-03-14T13:11:01","slug":"erasmus-riportereket-keresunk-palyazat","status":"publish","type":"post","link":"https:\/\/semmelweis.hu\/hirek\/2013\/03\/14\/erasmus-riportereket-keresunk-palyazat\/","title":{"rendered":"&#8222;Erasmus riportereket keres\u00fcnk&#8221; &#8211; p\u00e1ly\u00e1zat"},"content":{"rendered":"<p><span style=\"color: black;font-family: Arial;font-size: small\">Erasmus hallgat\u00f3kkal k\u00e9sz\u00fclt interj\u00fak \u00edr\u00e1s\u00e1ra hirdetett p\u00e1ly\u00e1zatot di\u00e1koknak a Tempus K\u00f6zalap\u00edtv\u00e1ny.<\/span><\/p>\n<p><span style=\"color: black;font-family: Arial;font-size: small\">Tov\u00e1bbi r\u00e9szletek:<a href=\"https:\/\/www.facebook.com\/Erasmus.osztondijjal.Europaban\">https:\/\/www.facebook.com\/Erasmus.osztondijjal.Europaban<\/a><\/span><\/p>\n<p><a href=\"https:\/\/semmelweis.hu\/hirek\/files\/2013\/03\/Erasmus_interju_felhivas.jpg\"><img loading=\"lazy\" decoding=\"async\" class=\"size-medium wp-image-16120 aligncenter\" alt=\"Erasmus_interju_felhivas\" src=\"https:\/\/semmelweis.hu\/hirek\/files\/2013\/03\/Erasmus_interju_felhivas-212x300.jpg\" width=\"212\" height=\"300\" srcset=\"https:\/\/semmelweis.hu\/hirek\/files\/2013\/03\/Erasmus_interju_felhivas-212x300.jpg 212w, https:\/\/semmelweis.hu\/hirek\/files\/2013\/03\/Erasmus_interju_felhivas-282x400.jpg 282w, https:\/\/semmelweis.hu\/hirek\/files\/2013\/03\/Erasmus_interju_felhivas-600x848.jpg 600w, https:\/\/semmelweis.hu\/hirek\/files\/2013\/03\/Erasmus_interju_felhivas.jpg 707w\" sizes=\"auto, (max-width: 212px) 100vw, 212px\" \/><\/a><\/p>\n","protected":false},"excerpt":{"rendered":"<p>Erasmus hallgat\u00f3kkal k\u00e9sz\u00fclt interj\u00fak \u00edr\u00e1s\u00e1ra hirdetett p\u00e1ly\u00e1zatot di\u00e1koknak a Tempus K\u00f6zalap\u00edtv\u00e1ny.<br \/>\nTov\u00e1bbi r\u00e9szletek:<a href=\"https:\/\/www.facebook.com\/Erasmus.osztondijjal.Europaban\">https:\/\/www.facebook.com\/Erasmus.osztondijjal.Europaban<\/a><br \/>\n<a href=\"https:\/\/semmelweis.hu\/hirek\/files\/2013\/03\/Erasmus_interju_felhivas.jpg\"><\/a><\/p>\n","protected":false},"author":169,"featured_media":8532,"comment_status":"closed","ping_status":"open","sticky":false,"template":"","format":"standard","meta":{"_acf_changed":false,"footnotes":""},"categories":[150],"tags":[68],"class_list":["post-16117","post","type-post","status-publish","format-standard","has-post-thumbnail","hentry","category-palyazatok","tag-erasmus"],"acf":[],"_links":{"self":[{"href":"https:\/\/semmelweis.hu\/hirek\/wp-json\/wp\/v2\/posts\/16117","targetHints":{"allow":["GET"]}}],"collection":[{"href":"https:\/\/semmelweis.hu\/hirek\/wp-json\/wp\/v2\/posts"}],"about":[{"href":"https:\/\/semmelweis.hu\/hirek\/wp-json\/wp\/v2\/types\/post"}],"author":[{"embeddable":true,"href":"https:\/\/semmelweis.hu\/hirek\/wp-json\/wp\/v2\/users\/169"}],"replies":[{"embeddable":true,"href":"https:\/\/semmelweis.hu\/hirek\/wp-json\/wp\/v2\/comments?post=16117"}],"version-history":[{"count":3,"href":"https:\/\/semmelweis.hu\/hirek\/wp-json\/wp\/v2\/posts\/16117\/revisions"}],"predecessor-version":[{"id":16124,"href":"https:\/\/semmelweis.hu\/hirek\/wp-json\/wp\/v2\/posts\/16117\/revisions\/16124"}],"wp:featuredmedia":[{"embeddable":true,"href":"https:\/\/semmelweis.hu\/hirek\/wp-json\/wp\/v2\/media\/8532"}],"wp:attachment":[{"href":"https:\/\/semmelweis.hu\/hirek\/wp-json\/wp\/v2\/media?parent=16117"}],"wp:term":[{"taxonomy":"category","embeddable":true,"href":"https:\/\/semmelweis.hu\/hirek\/wp-json\/wp\/v2\/categories?post=16117"},{"taxonomy":"post_tag","embeddable":true,"href":"https:\/\/semmelweis.hu\/hirek\/wp-json\/wp\/v2\/tags?post=16117"}],"curies":[{"name":"wp","href":"https:\/\/api.w.org\/{rel}","templated":true}]}}